{"id":159253,"date":"2025-10-30T11:00:00","date_gmt":"2025-10-30T11:00:00","guid":{"rendered":"https:\/\/all-car-news.com\/vendra-de-verdad-lexus-muestra-mas-del-nuevo-supercoche\/"},"modified":"2025-10-30T11:00:00","modified_gmt":"2025-10-30T11:00:00","slug":"vendra-de-verdad-lexus-muestra-mas-del-nuevo-supercoche","status":"publish","type":"post","link":"https:\/\/all-car-news.com\/es\/vendra-de-verdad-lexus-muestra-mas-del-nuevo-supercoche\/","title":{"rendered":"\u00bfVendr\u00e1 de verdad? Lexus muestra m\u00e1s del nuevo supercoche"},"content":{"rendered":"<h2 class=\"wp-block-heading\">Lexus Sport Concept<\/h2>\n<p>Todo indica que Lexus est\u00e1 trabajando en un nuevo supercoche. En el Sal\u00f3n de la Movilidad de Jap\u00f3n, la marca est\u00e1 mostrando m\u00e1s del Sport Concept, un modelo de estudio que cada vez se parece m\u00e1s a un coche listo para la producci\u00f3n. Ya vimos el exterior durante la Monterey Car Week, pero ahora por fin podemos echar un vistazo al interior. Que es de todo menos aburrido.   <\/p>\n<figure class=\"wp-block-image size-content\"><img loading=\"lazy\" decoding=\"async\" width=\"1140\" height=\"641\" src=\"https:\/\/autorai.nl\/wp-content\/uploads\/2025\/10\/lexus-sport-concept-2-1140x641.jpg\" alt=\"\" class=\"wp-image-211727\"><\/figure>\n<h2 class=\"wp-block-heading\">Un capullo  <\/h2>\n<p>El Sport Concept tiene un interior que se centra totalmente en el conductor. \u00c9ste est\u00e1 rodeado de pantallas, botones y un volante de yugo. Todo respira una cosa: concentraci\u00f3n. El propio Lexus lo llama un interior \u00abtipo capullo\u00bb. La separaci\u00f3n entre conductor y pasajero es literalmente palpable gracias a una consola central alta que divide en cierto modo el interior en dos.    <\/p>\n<figure class=\"wp-block-image size-content\"><img loading=\"lazy\" decoding=\"async\" width=\"1140\" height=\"641\" src=\"https:\/\/autorai.nl\/wp-content\/uploads\/2025\/10\/lexus-sport-concept-interior-2-1140x641.jpg\" alt=\"\" class=\"wp-image-211728\"><\/figure>\n<h2 class=\"wp-block-heading\">\u00bfCoraz\u00f3n h\u00edbrido?<\/h2>\n<p>Lexus sigue sin decir nada sobre lo que hay bajo el cap\u00f3, pero los contadores digitales ya est\u00e1n dando pistas. En la pantalla, vemos indicadores de \u00abPotencia\u00bb y \u00abCarga\u00bb, adem\u00e1s de un nivel de bater\u00eda del 70%. Si combinamos esto con una \u00abM\u00bb bien visible en la pantalla -supuestamente para el modo Manual-, tenemos la fuerte sospecha de que este supercoche tiene un sistema de propulsi\u00f3n h\u00edbrido. Queda por ver si ser\u00e1 un V8 con apoyo el\u00e9ctrico o una configuraci\u00f3n completamente nueva. Lo que es seguro es que Lexus quiere volver a fabricar un aut\u00e9ntico coche de conducci\u00f3n.    <\/p>\n<figure class=\"wp-block-image size-content\"><img loading=\"lazy\" decoding=\"async\" width=\"1140\" height=\"641\" src=\"https:\/\/autorai.nl\/wp-content\/uploads\/2025\/10\/lexus-sport-concept-1-1140x641.jpg\" alt=\"\" class=\"wp-image-211729\"><\/figure>\n<h2 class=\"wp-block-heading\">LC y LFA<\/h2>\n<p>En cuanto al aspecto, el Sport Concept parece una mezcla del <a href=\"https:\/\/autorai.nl\/lexus-lfa-en-lexus-lc-review-autorai\/\">Lexus LC y el LFA<\/a>. Un cap\u00f3 largo, caderas anchas, un aler\u00f3n trasero activo y prominentes luces LED le dan un aspecto brutal. No hay cambios en el exterior desde su debut en Monterey, lo que sugiere que Lexus quiere mantenerse fiel a este dise\u00f1o. A\u00fan no se ha confirmado oficialmente si este Lexus Sport Concept llegar\u00e1 a la producci\u00f3n, pero las posibilidades parecen altas.   <\/p>\n<p>V\u00e9ase tambi\u00e9n:  <a href=\"https:\/\/youtu.be\/9llUmndSceQ?si=TkEObC0qQjfsBRky\">Conducir el LEXUS LFA y el LEXUS LC: \u00a1disfrute atmosf\u00e9rico! &#8211; AutoRAI TV<\/a><\/p>\n<figure class=\"wp-block-embed is-type-video is-provider-youtube wp-block-embed-youtube wp-embed-aspect-16-9 wp-has-aspect-ratio\">\n<div class=\"wp-block-embed__wrapper\">\n<\/div>\n<\/figure>\n","protected":false},"excerpt":{"rendered":"Lexus Sport Concept Todo apunta a que Lexus est\u00e1 trabajando en un nuevo supercoche. En el Sal\u00f3n de la Movilidad&hellip;","protected":false},"author":0,"featured_media":159252,"comment_status":"","ping_status":"open","sticky":false,"template":"","format":"standard","meta":{"footnotes":""},"categories":[126],"tags":[],"class_list":["post-159253","post","type-post","status-publish","format-standard","has-post-thumbnail","hentry","category-noticias-de-autos"],"acf":[],"yoast_head":"<!-- This site is optimized with the Yoast SEO plugin v21.2 - https:\/\/yoast.com\/wordpress\/plugins\/seo\/ -->\n<title>\u00bfVendr\u00e1 de verdad? Lexus muestra m\u00e1s del nuevo supercoche - All cars news<\/title>\n<meta name=\"robots\" content=\"index, follow, max-snippet:-1, max-image-preview:large, max-video-preview:-1\" \/>\n<link rel=\"canonical\" href=\"https:\/\/all-car-news.com\/es\/vendra-de-verdad-lexus-muestra-mas-del-nuevo-supercoche\/\" \/>\n<meta property=\"og:locale\" content=\"es_ES\" \/>\n<meta property=\"og:type\" content=\"article\" \/>\n<meta property=\"og:title\" content=\"\u00bfVendr\u00e1 de verdad? Lexus muestra m\u00e1s del nuevo supercoche - All cars news\" \/>\n<meta property=\"og:description\" content=\"Lexus Sport Concept Todo apunta a que Lexus est\u00e1 trabajando en un nuevo supercoche. En el Sal\u00f3n de la Movilidad de Jap\u00f3n, la marca est\u00e1 mostrando m\u00e1s del Sport Concept, un modelo de estudio que cada vez se parece m\u00e1s a un coche listo para la producci\u00f3n. Ya vimos el exterior durante la Monterey Car Week, pero ahora por fin podemos echar un vistazo al interior [...]\" \/>\n<meta property=\"og:url\" content=\"https:\/\/all-car-news.com\/es\/vendra-de-verdad-lexus-muestra-mas-del-nuevo-supercoche\/\" \/>\n<meta property=\"og:site_name\" content=\"All cars news\" \/>\n<meta property=\"article:published_time\" content=\"2025-10-30T11:00:00+00:00\" \/>\n<meta property=\"og:image\" content=\"https:\/\/autorai.nl\/wp-content\/uploads\/2025\/10\/lexus-sport-concept-2-1140x641.jpg\" \/>\n<meta name=\"twitter:card\" content=\"summary_large_image\" \/>\n<meta name=\"twitter:label1\" content=\"Tiempo de lectura\" \/>\n\t<meta name=\"twitter:data1\" content=\"2 minutos\" \/>\n<script type=\"application\/ld+json\" class=\"yoast-schema-graph\">{\"@context\":\"https:\/\/schema.org\",\"@graph\":[{\"@type\":\"Article\",\"@id\":\"https:\/\/all-car-news.com\/es\/vendra-de-verdad-lexus-muestra-mas-del-nuevo-supercoche\/#article\",\"isPartOf\":{\"@id\":\"https:\/\/all-car-news.com\/es\/vendra-de-verdad-lexus-muestra-mas-del-nuevo-supercoche\/\"},\"author\":{\"name\":\"\",\"@id\":\"\"},\"headline\":\"\u00bfVendr\u00e1 de verdad? Lexus muestra m\u00e1s del nuevo supercoche\",\"datePublished\":\"2025-10-30T11:00:00+00:00\",\"dateModified\":\"2025-10-30T11:00:00+00:00\",\"mainEntityOfPage\":{\"@id\":\"https:\/\/all-car-news.com\/es\/vendra-de-verdad-lexus-muestra-mas-del-nuevo-supercoche\/\"},\"wordCount\":363,\"publisher\":{\"@id\":\"https:\/\/all-car-news.com\/es\/#organization\"},\"articleSection\":[\"noticias de autos\"],\"inLanguage\":\"es\"},{\"@type\":\"WebPage\",\"@id\":\"https:\/\/all-car-news.com\/es\/vendra-de-verdad-lexus-muestra-mas-del-nuevo-supercoche\/\",\"url\":\"https:\/\/all-car-news.com\/es\/vendra-de-verdad-lexus-muestra-mas-del-nuevo-supercoche\/\",\"name\":\"\u00bfVendr\u00e1 de verdad? Lexus muestra m\u00e1s del nuevo supercoche - All cars news\",\"isPartOf\":{\"@id\":\"https:\/\/all-car-news.com\/es\/#website\"},\"datePublished\":\"2025-10-30T11:00:00+00:00\",\"dateModified\":\"2025-10-30T11:00:00+00:00\",\"breadcrumb\":{\"@id\":\"https:\/\/all-car-news.com\/es\/vendra-de-verdad-lexus-muestra-mas-del-nuevo-supercoche\/#breadcrumb\"},\"inLanguage\":\"es\",\"potentialAction\":[{\"@type\":\"ReadAction\",\"target\":[\"https:\/\/all-car-news.com\/es\/vendra-de-verdad-lexus-muestra-mas-del-nuevo-supercoche\/\"]}]},{\"@type\":\"BreadcrumbList\",\"@id\":\"https:\/\/all-car-news.com\/es\/vendra-de-verdad-lexus-muestra-mas-del-nuevo-supercoche\/#breadcrumb\",\"itemListElement\":[{\"@type\":\"ListItem\",\"position\":1,\"name\":\"Home\",\"item\":\"https:\/\/all-car-news.com\/es\/\"},{\"@type\":\"ListItem\",\"position\":2,\"name\":\"\u00bfVendr\u00e1 de verdad? Lexus muestra m\u00e1s del nuevo supercoche\"}]},{\"@type\":\"WebSite\",\"@id\":\"https:\/\/all-car-news.com\/es\/#website\",\"url\":\"https:\/\/all-car-news.com\/es\/\",\"name\":\"All cars news\",\"description\":\"\",\"publisher\":{\"@id\":\"https:\/\/all-car-news.com\/es\/#organization\"},\"potentialAction\":[{\"@type\":\"SearchAction\",\"target\":{\"@type\":\"EntryPoint\",\"urlTemplate\":\"https:\/\/all-car-news.com\/es\/?s={search_term_string}\"},\"query-input\":\"required name=search_term_string\"}],\"inLanguage\":\"es\"},{\"@type\":\"Organization\",\"@id\":\"https:\/\/all-car-news.com\/es\/#organization\",\"name\":\"All cars news\",\"url\":\"https:\/\/all-car-news.com\/es\/\",\"logo\":{\"@type\":\"ImageObject\",\"inLanguage\":\"es\",\"@id\":\"https:\/\/all-car-news.com\/es\/#\/schema\/logo\/image\/\",\"url\":\"https:\/\/all-car-news.com\/wp-content\/uploads\/2022\/02\/CMYK-AllCarNews_LANDSCAPE_300px-1.png\",\"contentUrl\":\"https:\/\/all-car-news.com\/wp-content\/uploads\/2022\/02\/CMYK-AllCarNews_LANDSCAPE_300px-1.png\",\"width\":300,\"height\":100,\"caption\":\"All cars news\"},\"image\":{\"@id\":\"https:\/\/all-car-news.com\/es\/#\/schema\/logo\/image\/\"}}]}<\/script>\n<!-- \/ Yoast SEO plugin. -->","yoast_head_json":{"title":"\u00bfVendr\u00e1 de verdad? Lexus muestra m\u00e1s del nuevo supercoche - All cars news","robots":{"index":"index","follow":"follow","max-snippet":"max-snippet:-1","max-image-preview":"max-image-preview:large","max-video-preview":"max-video-preview:-1"},"canonical":"https:\/\/all-car-news.com\/es\/vendra-de-verdad-lexus-muestra-mas-del-nuevo-supercoche\/","og_locale":"es_ES","og_type":"article","og_title":"\u00bfVendr\u00e1 de verdad? Lexus muestra m\u00e1s del nuevo supercoche - All cars news","og_description":"Lexus Sport Concept Todo apunta a que Lexus est\u00e1 trabajando en un nuevo supercoche. En el Sal\u00f3n de la Movilidad de Jap\u00f3n, la marca est\u00e1 mostrando m\u00e1s del Sport Concept, un modelo de estudio que cada vez se parece m\u00e1s a un coche listo para la producci\u00f3n. Ya vimos el exterior durante la Monterey Car Week, pero ahora por fin podemos echar un vistazo al interior [...]","og_url":"https:\/\/all-car-news.com\/es\/vendra-de-verdad-lexus-muestra-mas-del-nuevo-supercoche\/","og_site_name":"All cars news","article_published_time":"2025-10-30T11:00:00+00:00","og_image":[{"url":"https:\/\/autorai.nl\/wp-content\/uploads\/2025\/10\/lexus-sport-concept-2-1140x641.jpg"}],"twitter_card":"summary_large_image","twitter_misc":{"Tiempo de lectura":"2 minutos"},"schema":{"@context":"https:\/\/schema.org","@graph":[{"@type":"Article","@id":"https:\/\/all-car-news.com\/es\/vendra-de-verdad-lexus-muestra-mas-del-nuevo-supercoche\/#article","isPartOf":{"@id":"https:\/\/all-car-news.com\/es\/vendra-de-verdad-lexus-muestra-mas-del-nuevo-supercoche\/"},"author":{"name":"","@id":""},"headline":"\u00bfVendr\u00e1 de verdad? Lexus muestra m\u00e1s del nuevo supercoche","datePublished":"2025-10-30T11:00:00+00:00","dateModified":"2025-10-30T11:00:00+00:00","mainEntityOfPage":{"@id":"https:\/\/all-car-news.com\/es\/vendra-de-verdad-lexus-muestra-mas-del-nuevo-supercoche\/"},"wordCount":363,"publisher":{"@id":"https:\/\/all-car-news.com\/es\/#organization"},"articleSection":["noticias de autos"],"inLanguage":"es"},{"@type":"WebPage","@id":"https:\/\/all-car-news.com\/es\/vendra-de-verdad-lexus-muestra-mas-del-nuevo-supercoche\/","url":"https:\/\/all-car-news.com\/es\/vendra-de-verdad-lexus-muestra-mas-del-nuevo-supercoche\/","name":"\u00bfVendr\u00e1 de verdad? Lexus muestra m\u00e1s del nuevo supercoche - All cars news","isPartOf":{"@id":"https:\/\/all-car-news.com\/es\/#website"},"datePublished":"2025-10-30T11:00:00+00:00","dateModified":"2025-10-30T11:00:00+00:00","breadcrumb":{"@id":"https:\/\/all-car-news.com\/es\/vendra-de-verdad-lexus-muestra-mas-del-nuevo-supercoche\/#breadcrumb"},"inLanguage":"es","potentialAction":[{"@type":"ReadAction","target":["https:\/\/all-car-news.com\/es\/vendra-de-verdad-lexus-muestra-mas-del-nuevo-supercoche\/"]}]},{"@type":"BreadcrumbList","@id":"https:\/\/all-car-news.com\/es\/vendra-de-verdad-lexus-muestra-mas-del-nuevo-supercoche\/#breadcrumb","itemListElement":[{"@type":"ListItem","position":1,"name":"Home","item":"https:\/\/all-car-news.com\/es\/"},{"@type":"ListItem","position":2,"name":"\u00bfVendr\u00e1 de verdad? Lexus muestra m\u00e1s del nuevo supercoche"}]},{"@type":"WebSite","@id":"https:\/\/all-car-news.com\/es\/#website","url":"https:\/\/all-car-news.com\/es\/","name":"All cars news","description":"","publisher":{"@id":"https:\/\/all-car-news.com\/es\/#organization"},"potentialAction":[{"@type":"SearchAction","target":{"@type":"EntryPoint","urlTemplate":"https:\/\/all-car-news.com\/es\/?s={search_term_string}"},"query-input":"required name=search_term_string"}],"inLanguage":"es"},{"@type":"Organization","@id":"https:\/\/all-car-news.com\/es\/#organization","name":"All cars news","url":"https:\/\/all-car-news.com\/es\/","logo":{"@type":"ImageObject","inLanguage":"es","@id":"https:\/\/all-car-news.com\/es\/#\/schema\/logo\/image\/","url":"https:\/\/all-car-news.com\/wp-content\/uploads\/2022\/02\/CMYK-AllCarNews_LANDSCAPE_300px-1.png","contentUrl":"https:\/\/all-car-news.com\/wp-content\/uploads\/2022\/02\/CMYK-AllCarNews_LANDSCAPE_300px-1.png","width":300,"height":100,"caption":"All cars news"},"image":{"@id":"https:\/\/all-car-news.com\/es\/#\/schema\/logo\/image\/"}}]}},"_links":{"self":[{"href":"https:\/\/all-car-news.com\/es\/wp-json\/wp\/v2\/posts\/159253","targetHints":{"allow":["GET"]}}],"collection":[{"href":"https:\/\/all-car-news.com\/es\/wp-json\/wp\/v2\/posts"}],"about":[{"href":"https:\/\/all-car-news.com\/es\/wp-json\/wp\/v2\/types\/post"}],"replies":[{"embeddable":true,"href":"https:\/\/all-car-news.com\/es\/wp-json\/wp\/v2\/comments?post=159253"}],"version-history":[{"count":0,"href":"https:\/\/all-car-news.com\/es\/wp-json\/wp\/v2\/posts\/159253\/revisions"}],"wp:featuredmedia":[{"embeddable":true,"href":"https:\/\/all-car-news.com\/es\/wp-json\/wp\/v2\/media\/159252"}],"wp:attachment":[{"href":"https:\/\/all-car-news.com\/es\/wp-json\/wp\/v2\/media?parent=159253"}],"wp:term":[{"taxonomy":"category","embeddable":true,"href":"https:\/\/all-car-news.com\/es\/wp-json\/wp\/v2\/categories?post=159253"},{"taxonomy":"post_tag","embeddable":true,"href":"https:\/\/all-car-news.com\/es\/wp-json\/wp\/v2\/tags?post=159253"}],"curies":[{"name":"wp","href":"https:\/\/api.w.org\/{rel}","templated":true}]}}