{"id":159135,"date":"2025-10-29T11:54:51","date_gmt":"2025-10-29T11:54:51","guid":{"rendered":"https:\/\/all-car-news.com\/por-que-es-inteligente-que-esta-conocida-aseguradora-comparta-datos-de-siniestros-con-el-gobierno\/"},"modified":"2025-10-29T11:54:51","modified_gmt":"2025-10-29T11:54:51","slug":"por-que-es-inteligente-que-esta-conocida-aseguradora-comparta-datos-de-siniestros-con-el-gobierno","status":"publish","type":"post","link":"https:\/\/all-car-news.com\/es\/por-que-es-inteligente-que-esta-conocida-aseguradora-comparta-datos-de-siniestros-con-el-gobierno\/","title":{"rendered":"Por qu\u00e9 es inteligente que esta conocida aseguradora comparta datos de siniestros con el gobierno"},"content":{"rendered":"<h2 class=\"wp-block-heading\"><strong>Accidentes desconocidos<\/strong><\/h2>\n<p>Cada a\u00f1o se producen en Brabante miles de colisiones leves y accidentes ciclistas que nunca llegan a la polic\u00eda ni a los ayuntamientos. Piensa en colisiones en aparcamientos o choques leves. Como no se suele llamar a los servicios de emergencia, estos incidentes desaparecen de la vista. Sin embargo, Interpolis dispone de esa informaci\u00f3n a trav\u00e9s de las reclamaciones y ahora la comparte con la provincia: unos 60.000 accidentes de los \u00faltimos cuatro a\u00f1os. Los primeros an\u00e1lisis muestran que una gran parte de ellos segu\u00edan siendo desconocidos para los municipios y las autoridades viarias.    <\/p>\n<h2 class=\"wp-block-heading\">Enfoque basado en datos<\/h2>\n<p>Con estos datos, la provincia puede ver exactamente d\u00f3nde se necesitan mejoras, por ejemplo, en las intersecciones, los cruces para bicicletas o las calles m\u00e1s transitadas de los pueblos. Gracias a estos datos, Brabante puede ver mucho mejor d\u00f3nde suelen ir mal las cosas en la carretera y hacer algo al respecto antes de que realmente vayan mal. \u00abCada accidente en nuestras carreteras de Brabante es uno de m\u00e1s\u00bb, dice el diputado Stijn Smeulders. \u00abGracias a estos datos, podemos invertir m\u00e1s espec\u00edficamente en la seguridad a pie de calle\u00bb.   <\/p>\n<h2 class=\"wp-block-heading\">La privacidad ante todo<\/h2>\n<p>La colaboraci\u00f3n comenz\u00f3 con una simple pregunta del consultor de datos de Interpolis, Twan Jansen: \u00bfqu\u00e9 ocurre realmente con todos esos lugares de reclamaci\u00f3n rellenados? Su iniciativa se convirti\u00f3 en un proyecto que vinculaba la informaci\u00f3n sobre reclamaciones con los datos gubernamentales. <\/p>\n<p>Los datos son totalmente an\u00f3nimos y no se puede rastrear a las personas. La provincia combina los datos con informaci\u00f3n sobre la intensidad del tr\u00e1fico e informes de los servicios de emergencia para llegar a planes de mejora reales. Si el proyecto tiene \u00e9xito, Interpolis y la provincia esperan que le sigan m\u00e1s aseguradoras.  <\/p>\n<p>Lee tambi\u00e9n: <a href=\"https:\/\/autorai.nl\/met-deze-vijf-autos-wordt-het-vaakst-schade-gereden\/\" target=\"_blank\" rel=\"noreferrer noopener\">Estos cinco coches sufren aver\u00edas con m\u00e1s frecuencia<\/a><\/p>\n<figure class=\"wp-block-embed is-type-wp-embed is-provider-autorai-nl wp-block-embed-autorai-nl\">\n<div class=\"wp-block-embed__wrapper\">\n<blockquote class=\"wp-embedded-content\" data-secret=\"HlKC8qJt8t\"><p><a href=\"https:\/\/autorai.nl\/met-deze-vijf-autos-wordt-het-vaakst-schade-gereden\/\">Estos cinco coches son los que sufren da\u00f1os con m\u00e1s frecuencia<\/a><\/p><\/blockquote>\n<\/div>\n<\/figure>\n","protected":false},"excerpt":{"rendered":"Accidentes desconocidos Cada a\u00f1o se producen en Brabante miles de colisiones leves y accidentes ciclistas que nunca llegan a la&hellip;","protected":false},"author":0,"featured_media":159094,"comment_status":"","ping_status":"open","sticky":false,"template":"","format":"standard","meta":{"footnotes":""},"categories":[126],"tags":[],"class_list":["post-159135","post","type-post","status-publish","format-standard","has-post-thumbnail","hentry","category-noticias-de-autos"],"acf":[],"yoast_head":"<!-- This site is optimized with the Yoast SEO plugin v21.2 - https:\/\/yoast.com\/wordpress\/plugins\/seo\/ -->\n<title>Por qu\u00e9 es inteligente que esta conocida aseguradora comparta datos de siniestros con el gobierno - All cars news<\/title>\n<meta name=\"robots\" content=\"index, follow, max-snippet:-1, max-image-preview:large, max-video-preview:-1\" \/>\n<link rel=\"canonical\" href=\"https:\/\/all-car-news.com\/es\/por-que-es-inteligente-que-esta-conocida-aseguradora-comparta-datos-de-siniestros-con-el-gobierno\/\" \/>\n<meta property=\"og:locale\" content=\"es_ES\" \/>\n<meta property=\"og:type\" content=\"article\" \/>\n<meta property=\"og:title\" content=\"Por qu\u00e9 es inteligente que esta conocida aseguradora comparta datos de siniestros con el gobierno - All cars news\" \/>\n<meta property=\"og:description\" content=\"Accidentes desconocidos Cada a\u00f1o se producen en Brabante miles de colisiones leves y accidentes ciclistas que nunca llegan a la polic\u00eda ni a los ayuntamientos. Piensa en colisiones en aparcamientos o choques leves. Como no se suele llamar a los servicios de emergencia, estos incidentes desaparecen de la vista. Sin embargo, Interpolis dispone de esa informaci\u00f3n a trav\u00e9s de reclamaciones y ahora la comparte con la provincia: algunos [...]\" \/>\n<meta property=\"og:url\" content=\"https:\/\/all-car-news.com\/es\/por-que-es-inteligente-que-esta-conocida-aseguradora-comparta-datos-de-siniestros-con-el-gobierno\/\" \/>\n<meta property=\"og:site_name\" content=\"All cars news\" \/>\n<meta property=\"article:published_time\" content=\"2025-10-29T11:54:51+00:00\" \/>\n<meta name=\"twitter:card\" content=\"summary_large_image\" \/>\n<meta name=\"twitter:label1\" content=\"Tiempo de lectura\" \/>\n\t<meta name=\"twitter:data1\" content=\"2 minutos\" \/>\n<script type=\"application\/ld+json\" class=\"yoast-schema-graph\">{\"@context\":\"https:\/\/schema.org\",\"@graph\":[{\"@type\":\"Article\",\"@id\":\"https:\/\/all-car-news.com\/es\/por-que-es-inteligente-que-esta-conocida-aseguradora-comparta-datos-de-siniestros-con-el-gobierno\/#article\",\"isPartOf\":{\"@id\":\"https:\/\/all-car-news.com\/es\/por-que-es-inteligente-que-esta-conocida-aseguradora-comparta-datos-de-siniestros-con-el-gobierno\/\"},\"author\":{\"name\":\"\",\"@id\":\"\"},\"headline\":\"Por qu\u00e9 es inteligente que esta conocida aseguradora comparta datos de siniestros con el gobierno\",\"datePublished\":\"2025-10-29T11:54:51+00:00\",\"dateModified\":\"2025-10-29T11:54:51+00:00\",\"mainEntityOfPage\":{\"@id\":\"https:\/\/all-car-news.com\/es\/por-que-es-inteligente-que-esta-conocida-aseguradora-comparta-datos-de-siniestros-con-el-gobierno\/\"},\"wordCount\":349,\"publisher\":{\"@id\":\"https:\/\/all-car-news.com\/es\/#organization\"},\"articleSection\":[\"noticias de autos\"],\"inLanguage\":\"es\"},{\"@type\":\"WebPage\",\"@id\":\"https:\/\/all-car-news.com\/es\/por-que-es-inteligente-que-esta-conocida-aseguradora-comparta-datos-de-siniestros-con-el-gobierno\/\",\"url\":\"https:\/\/all-car-news.com\/es\/por-que-es-inteligente-que-esta-conocida-aseguradora-comparta-datos-de-siniestros-con-el-gobierno\/\",\"name\":\"Por qu\u00e9 es inteligente que esta conocida aseguradora comparta datos de siniestros con el gobierno - All cars news\",\"isPartOf\":{\"@id\":\"https:\/\/all-car-news.com\/es\/#website\"},\"datePublished\":\"2025-10-29T11:54:51+00:00\",\"dateModified\":\"2025-10-29T11:54:51+00:00\",\"breadcrumb\":{\"@id\":\"https:\/\/all-car-news.com\/es\/por-que-es-inteligente-que-esta-conocida-aseguradora-comparta-datos-de-siniestros-con-el-gobierno\/#breadcrumb\"},\"inLanguage\":\"es\",\"potentialAction\":[{\"@type\":\"ReadAction\",\"target\":[\"https:\/\/all-car-news.com\/es\/por-que-es-inteligente-que-esta-conocida-aseguradora-comparta-datos-de-siniestros-con-el-gobierno\/\"]}]},{\"@type\":\"BreadcrumbList\",\"@id\":\"https:\/\/all-car-news.com\/es\/por-que-es-inteligente-que-esta-conocida-aseguradora-comparta-datos-de-siniestros-con-el-gobierno\/#breadcrumb\",\"itemListElement\":[{\"@type\":\"ListItem\",\"position\":1,\"name\":\"Home\",\"item\":\"https:\/\/all-car-news.com\/es\/\"},{\"@type\":\"ListItem\",\"position\":2,\"name\":\"Por qu\u00e9 es inteligente que esta conocida aseguradora comparta datos de siniestros con el gobierno\"}]},{\"@type\":\"WebSite\",\"@id\":\"https:\/\/all-car-news.com\/es\/#website\",\"url\":\"https:\/\/all-car-news.com\/es\/\",\"name\":\"All cars news\",\"description\":\"\",\"publisher\":{\"@id\":\"https:\/\/all-car-news.com\/es\/#organization\"},\"potentialAction\":[{\"@type\":\"SearchAction\",\"target\":{\"@type\":\"EntryPoint\",\"urlTemplate\":\"https:\/\/all-car-news.com\/es\/?s={search_term_string}\"},\"query-input\":\"required name=search_term_string\"}],\"inLanguage\":\"es\"},{\"@type\":\"Organization\",\"@id\":\"https:\/\/all-car-news.com\/es\/#organization\",\"name\":\"All cars news\",\"url\":\"https:\/\/all-car-news.com\/es\/\",\"logo\":{\"@type\":\"ImageObject\",\"inLanguage\":\"es\",\"@id\":\"https:\/\/all-car-news.com\/es\/#\/schema\/logo\/image\/\",\"url\":\"https:\/\/all-car-news.com\/wp-content\/uploads\/2022\/02\/CMYK-AllCarNews_LANDSCAPE_300px-1.png\",\"contentUrl\":\"https:\/\/all-car-news.com\/wp-content\/uploads\/2022\/02\/CMYK-AllCarNews_LANDSCAPE_300px-1.png\",\"width\":300,\"height\":100,\"caption\":\"All cars news\"},\"image\":{\"@id\":\"https:\/\/all-car-news.com\/es\/#\/schema\/logo\/image\/\"}}]}<\/script>\n<!-- \/ Yoast SEO plugin. -->","yoast_head_json":{"title":"Por qu\u00e9 es inteligente que esta conocida aseguradora comparta datos de siniestros con el gobierno - All cars news","robots":{"index":"index","follow":"follow","max-snippet":"max-snippet:-1","max-image-preview":"max-image-preview:large","max-video-preview":"max-video-preview:-1"},"canonical":"https:\/\/all-car-news.com\/es\/por-que-es-inteligente-que-esta-conocida-aseguradora-comparta-datos-de-siniestros-con-el-gobierno\/","og_locale":"es_ES","og_type":"article","og_title":"Por qu\u00e9 es inteligente que esta conocida aseguradora comparta datos de siniestros con el gobierno - All cars news","og_description":"Accidentes desconocidos Cada a\u00f1o se producen en Brabante miles de colisiones leves y accidentes ciclistas que nunca llegan a la polic\u00eda ni a los ayuntamientos. Piensa en colisiones en aparcamientos o choques leves. Como no se suele llamar a los servicios de emergencia, estos incidentes desaparecen de la vista. Sin embargo, Interpolis dispone de esa informaci\u00f3n a trav\u00e9s de reclamaciones y ahora la comparte con la provincia: algunos [...]","og_url":"https:\/\/all-car-news.com\/es\/por-que-es-inteligente-que-esta-conocida-aseguradora-comparta-datos-de-siniestros-con-el-gobierno\/","og_site_name":"All cars news","article_published_time":"2025-10-29T11:54:51+00:00","twitter_card":"summary_large_image","twitter_misc":{"Tiempo de lectura":"2 minutos"},"schema":{"@context":"https:\/\/schema.org","@graph":[{"@type":"Article","@id":"https:\/\/all-car-news.com\/es\/por-que-es-inteligente-que-esta-conocida-aseguradora-comparta-datos-de-siniestros-con-el-gobierno\/#article","isPartOf":{"@id":"https:\/\/all-car-news.com\/es\/por-que-es-inteligente-que-esta-conocida-aseguradora-comparta-datos-de-siniestros-con-el-gobierno\/"},"author":{"name":"","@id":""},"headline":"Por qu\u00e9 es inteligente que esta conocida aseguradora comparta datos de siniestros con el gobierno","datePublished":"2025-10-29T11:54:51+00:00","dateModified":"2025-10-29T11:54:51+00:00","mainEntityOfPage":{"@id":"https:\/\/all-car-news.com\/es\/por-que-es-inteligente-que-esta-conocida-aseguradora-comparta-datos-de-siniestros-con-el-gobierno\/"},"wordCount":349,"publisher":{"@id":"https:\/\/all-car-news.com\/es\/#organization"},"articleSection":["noticias de autos"],"inLanguage":"es"},{"@type":"WebPage","@id":"https:\/\/all-car-news.com\/es\/por-que-es-inteligente-que-esta-conocida-aseguradora-comparta-datos-de-siniestros-con-el-gobierno\/","url":"https:\/\/all-car-news.com\/es\/por-que-es-inteligente-que-esta-conocida-aseguradora-comparta-datos-de-siniestros-con-el-gobierno\/","name":"Por qu\u00e9 es inteligente que esta conocida aseguradora comparta datos de siniestros con el gobierno - All cars news","isPartOf":{"@id":"https:\/\/all-car-news.com\/es\/#website"},"datePublished":"2025-10-29T11:54:51+00:00","dateModified":"2025-10-29T11:54:51+00:00","breadcrumb":{"@id":"https:\/\/all-car-news.com\/es\/por-que-es-inteligente-que-esta-conocida-aseguradora-comparta-datos-de-siniestros-con-el-gobierno\/#breadcrumb"},"inLanguage":"es","potentialAction":[{"@type":"ReadAction","target":["https:\/\/all-car-news.com\/es\/por-que-es-inteligente-que-esta-conocida-aseguradora-comparta-datos-de-siniestros-con-el-gobierno\/"]}]},{"@type":"BreadcrumbList","@id":"https:\/\/all-car-news.com\/es\/por-que-es-inteligente-que-esta-conocida-aseguradora-comparta-datos-de-siniestros-con-el-gobierno\/#breadcrumb","itemListElement":[{"@type":"ListItem","position":1,"name":"Home","item":"https:\/\/all-car-news.com\/es\/"},{"@type":"ListItem","position":2,"name":"Por qu\u00e9 es inteligente que esta conocida aseguradora comparta datos de siniestros con el gobierno"}]},{"@type":"WebSite","@id":"https:\/\/all-car-news.com\/es\/#website","url":"https:\/\/all-car-news.com\/es\/","name":"All cars news","description":"","publisher":{"@id":"https:\/\/all-car-news.com\/es\/#organization"},"potentialAction":[{"@type":"SearchAction","target":{"@type":"EntryPoint","urlTemplate":"https:\/\/all-car-news.com\/es\/?s={search_term_string}"},"query-input":"required name=search_term_string"}],"inLanguage":"es"},{"@type":"Organization","@id":"https:\/\/all-car-news.com\/es\/#organization","name":"All cars news","url":"https:\/\/all-car-news.com\/es\/","logo":{"@type":"ImageObject","inLanguage":"es","@id":"https:\/\/all-car-news.com\/es\/#\/schema\/logo\/image\/","url":"https:\/\/all-car-news.com\/wp-content\/uploads\/2022\/02\/CMYK-AllCarNews_LANDSCAPE_300px-1.png","contentUrl":"https:\/\/all-car-news.com\/wp-content\/uploads\/2022\/02\/CMYK-AllCarNews_LANDSCAPE_300px-1.png","width":300,"height":100,"caption":"All cars news"},"image":{"@id":"https:\/\/all-car-news.com\/es\/#\/schema\/logo\/image\/"}}]}},"_links":{"self":[{"href":"https:\/\/all-car-news.com\/es\/wp-json\/wp\/v2\/posts\/159135","targetHints":{"allow":["GET"]}}],"collection":[{"href":"https:\/\/all-car-news.com\/es\/wp-json\/wp\/v2\/posts"}],"about":[{"href":"https:\/\/all-car-news.com\/es\/wp-json\/wp\/v2\/types\/post"}],"replies":[{"embeddable":true,"href":"https:\/\/all-car-news.com\/es\/wp-json\/wp\/v2\/comments?post=159135"}],"version-history":[{"count":0,"href":"https:\/\/all-car-news.com\/es\/wp-json\/wp\/v2\/posts\/159135\/revisions"}],"wp:featuredmedia":[{"embeddable":true,"href":"https:\/\/all-car-news.com\/es\/wp-json\/wp\/v2\/media\/159094"}],"wp:attachment":[{"href":"https:\/\/all-car-news.com\/es\/wp-json\/wp\/v2\/media?parent=159135"}],"wp:term":[{"taxonomy":"category","embeddable":true,"href":"https:\/\/all-car-news.com\/es\/wp-json\/wp\/v2\/categories?post=159135"},{"taxonomy":"post_tag","embeddable":true,"href":"https:\/\/all-car-news.com\/es\/wp-json\/wp\/v2\/tags?post=159135"}],"curies":[{"name":"wp","href":"https:\/\/api.w.org\/{rel}","templated":true}]}}