{"id":153257,"date":"2025-03-10T16:44:35","date_gmt":"2025-03-10T16:44:35","guid":{"rendered":"https:\/\/all-car-news.com\/el-pvv-quiere-menos-gasolineras-y-mas-estaciones-de-recarga-en-las-autopistas\/"},"modified":"2025-03-10T16:44:35","modified_gmt":"2025-03-10T16:44:35","slug":"el-pvv-quiere-menos-gasolineras-y-mas-estaciones-de-recarga-en-las-autopistas","status":"publish","type":"post","link":"https:\/\/all-car-news.com\/es\/el-pvv-quiere-menos-gasolineras-y-mas-estaciones-de-recarga-en-las-autopistas\/","title":{"rendered":"El PVV quiere menos gasolineras y m\u00e1s estaciones de recarga en las autopistas"},"content":{"rendered":"<h2>Puntos de suministro  <\/h2>\n<p>Dado que los coches el\u00e9ctricos son cada vez m\u00e1s populares y los conductores de di\u00e9sel ya son minor\u00eda, es necesario renovar las \u00e1reas de servicio de las autopistas, seg\u00fan el gobierno. Holanda tiene casi 300 de estos lugares, la mayor\u00eda de los cuales siguen dominados por las gasolineras tradicionales. Eso tiene que cambiar, opina el ministro del PVV Madlener. Quiere m\u00e1s estaciones de recarga, m\u00e1s plazas de aparcamiento (sobre todo para camiones) y menos espacio para las anticuadas gasolineras. En una <a href=\"https:\/\/www.tweedekamer.nl\/kamerstukken\/brieven_regering\/detail?id=2025Z04124&amp;did=2025D09437\" target=\"_blank\" rel=\"noreferrer noopener\">carta a la C\u00e1mara Baja<\/a>, explica: \u00abBas\u00e1ndonos en las previsiones actuales sobre las necesidades de los usuarios de la carretera, parece que pronto no habr\u00e1 necesidad de una gasolinera en cada estaci\u00f3n de servicio\u00bb.      <\/p>\n<h2>Licencias  <\/h2>\n<p>A partir de 2028, expirar\u00e1n las licencias de m\u00e1s de 160 estaciones de servicio. El gobierno quiere aprovechar ese momento para agitar las cosas. Mientras que antes las sorteaba, ahora quiere subastarlas. \u00bfLa idea? Conseguir la participaci\u00f3n de los mejores empresarios, para que las estaciones de recarga y las tiendas sean de mayor calidad y haya m\u00e1s competencia.    <\/p>\n<p>Tambi\u00e9n cambia la forma en que se conceden las licencias. Actualmente, las estaciones de recarga y las tiendas suelen ir juntas en un mismo paquete. Pronto, un empresario podr\u00e1 obtener un permiso independiente para una tienda, sin estar obligado a instalar tambi\u00e9n estaciones de recarga. Y viceversa.   <\/p>\n<h3>Mapa de carreteras<\/h3>\n<p>Para gestionar toda esta operaci\u00f3n, se est\u00e1 preparando una \u00abhoja de ruta\u00bb. En ella se indicar\u00e1 cu\u00e1ndo y d\u00f3nde se subastar\u00e1n los permisos. No todas las estaciones de servicio desaparecer\u00e1n inmediatamente; algunas permanecer\u00e1n intactas por el momento, dependiendo de la necesidad de estaciones de recarga. Tambi\u00e9n habr\u00e1 planes para hacer las estaciones de servicio m\u00e1s inteligentes y seguras. Piensa en mejores aparcamientos, carreteras m\u00e1s despejadas y espacio suficiente para los camiones.      <\/p>\n<h3>Lee tambi\u00e9n: <a href=\"https:\/\/autorai.nl\/zomerbandentest-2025-deze-zomerbanden-zijn-gevaarlijk-en-deze-zijn-juist-top\/\">Prueba de neum\u00e1ticos de verano 2025: Estos neum\u00e1ticos de verano son peligrosos (y estos son justo los mejores)<\/a><\/h3>\n<\/p>\n<figure class=\"wp-block-embed is-type-wp-embed is-provider-autorai-nl wp-block-embed-autorai-nl\">\n<div class=\"wp-block-embed__wrapper\">\n<blockquote class=\"wp-embedded-content\" data-secret=\"FP9xWddLiG\"><p><a href=\"https:\/\/autorai.nl\/zomerbandentest-2025-deze-zomerbanden-zijn-gevaarlijk-en-deze-zijn-juist-top\/\">Prueba de neum\u00e1ticos de verano 2025: Estos neum\u00e1ticos de verano son peligrosos (y estos son justo los mejores)<\/a><\/p><\/blockquote>\n<\/div>\n<\/figure>\n<h3><\/h3><\/p>\n","protected":false},"excerpt":{"rendered":"Estaciones de servicio Dado que los coches el\u00e9ctricos son cada vez m\u00e1s populares y que los conductores de diesel ya&hellip;","protected":false},"author":0,"featured_media":151557,"comment_status":"","ping_status":"open","sticky":false,"template":"","format":"standard","meta":{"footnotes":""},"categories":[126],"tags":[],"class_list":["post-153257","post","type-post","status-publish","format-standard","has-post-thumbnail","hentry","category-noticias-de-autos"],"acf":[],"yoast_head":"<!-- This site is optimized with the Yoast SEO plugin v21.2 - https:\/\/yoast.com\/wordpress\/plugins\/seo\/ -->\n<title>El PVV quiere menos gasolineras y m\u00e1s estaciones de recarga en las autopistas - All cars news<\/title>\n<meta name=\"robots\" content=\"index, follow, max-snippet:-1, max-image-preview:large, max-video-preview:-1\" \/>\n<link rel=\"canonical\" href=\"https:\/\/all-car-news.com\/es\/el-pvv-quiere-menos-gasolineras-y-mas-estaciones-de-recarga-en-las-autopistas\/\" \/>\n<meta property=\"og:locale\" content=\"es_ES\" \/>\n<meta property=\"og:type\" content=\"article\" \/>\n<meta property=\"og:title\" content=\"El PVV quiere menos gasolineras y m\u00e1s estaciones de recarga en las autopistas - All cars news\" \/>\n<meta property=\"og:description\" content=\"Estaciones de servicio Dado que los coches el\u00e9ctricos son cada vez m\u00e1s populares y que los conductores de diesel ya son minor\u00eda, el gobierno afirma que es necesario renovar las estaciones de servicio de las autopistas. Holanda tiene casi 300 de estos puntos, la mayor\u00eda de los cuales siguen dominados por las gasolineras tradicionales. Eso tiene que cambiar, opina el ministro del PVV Madlener. Quiere m\u00e1s estaciones de carga, m\u00e1s plazas de aparcamiento (sobre todo [...]\" \/>\n<meta property=\"og:url\" content=\"https:\/\/all-car-news.com\/es\/el-pvv-quiere-menos-gasolineras-y-mas-estaciones-de-recarga-en-las-autopistas\/\" \/>\n<meta property=\"og:site_name\" content=\"All cars news\" \/>\n<meta property=\"article:published_time\" content=\"2025-03-10T16:44:35+00:00\" \/>\n<meta name=\"twitter:card\" content=\"summary_large_image\" \/>\n<meta name=\"twitter:label1\" content=\"Tiempo de lectura\" \/>\n\t<meta name=\"twitter:data1\" content=\"2 minutos\" \/>\n<script type=\"application\/ld+json\" class=\"yoast-schema-graph\">{\"@context\":\"https:\/\/schema.org\",\"@graph\":[{\"@type\":\"Article\",\"@id\":\"https:\/\/all-car-news.com\/es\/el-pvv-quiere-menos-gasolineras-y-mas-estaciones-de-recarga-en-las-autopistas\/#article\",\"isPartOf\":{\"@id\":\"https:\/\/all-car-news.com\/es\/el-pvv-quiere-menos-gasolineras-y-mas-estaciones-de-recarga-en-las-autopistas\/\"},\"author\":{\"name\":\"\",\"@id\":\"\"},\"headline\":\"El PVV quiere menos gasolineras y m\u00e1s estaciones de recarga en las autopistas\",\"datePublished\":\"2025-03-10T16:44:35+00:00\",\"dateModified\":\"2025-03-10T16:44:35+00:00\",\"mainEntityOfPage\":{\"@id\":\"https:\/\/all-car-news.com\/es\/el-pvv-quiere-menos-gasolineras-y-mas-estaciones-de-recarga-en-las-autopistas\/\"},\"wordCount\":376,\"publisher\":{\"@id\":\"https:\/\/all-car-news.com\/es\/#organization\"},\"articleSection\":[\"noticias de autos\"],\"inLanguage\":\"es\"},{\"@type\":\"WebPage\",\"@id\":\"https:\/\/all-car-news.com\/es\/el-pvv-quiere-menos-gasolineras-y-mas-estaciones-de-recarga-en-las-autopistas\/\",\"url\":\"https:\/\/all-car-news.com\/es\/el-pvv-quiere-menos-gasolineras-y-mas-estaciones-de-recarga-en-las-autopistas\/\",\"name\":\"El PVV quiere menos gasolineras y m\u00e1s estaciones de recarga en las autopistas - All cars news\",\"isPartOf\":{\"@id\":\"https:\/\/all-car-news.com\/es\/#website\"},\"datePublished\":\"2025-03-10T16:44:35+00:00\",\"dateModified\":\"2025-03-10T16:44:35+00:00\",\"breadcrumb\":{\"@id\":\"https:\/\/all-car-news.com\/es\/el-pvv-quiere-menos-gasolineras-y-mas-estaciones-de-recarga-en-las-autopistas\/#breadcrumb\"},\"inLanguage\":\"es\",\"potentialAction\":[{\"@type\":\"ReadAction\",\"target\":[\"https:\/\/all-car-news.com\/es\/el-pvv-quiere-menos-gasolineras-y-mas-estaciones-de-recarga-en-las-autopistas\/\"]}]},{\"@type\":\"BreadcrumbList\",\"@id\":\"https:\/\/all-car-news.com\/es\/el-pvv-quiere-menos-gasolineras-y-mas-estaciones-de-recarga-en-las-autopistas\/#breadcrumb\",\"itemListElement\":[{\"@type\":\"ListItem\",\"position\":1,\"name\":\"Home\",\"item\":\"https:\/\/all-car-news.com\/es\/\"},{\"@type\":\"ListItem\",\"position\":2,\"name\":\"El PVV quiere menos gasolineras y m\u00e1s estaciones de recarga en las autopistas\"}]},{\"@type\":\"WebSite\",\"@id\":\"https:\/\/all-car-news.com\/es\/#website\",\"url\":\"https:\/\/all-car-news.com\/es\/\",\"name\":\"All cars news\",\"description\":\"\",\"publisher\":{\"@id\":\"https:\/\/all-car-news.com\/es\/#organization\"},\"potentialAction\":[{\"@type\":\"SearchAction\",\"target\":{\"@type\":\"EntryPoint\",\"urlTemplate\":\"https:\/\/all-car-news.com\/es\/?s={search_term_string}\"},\"query-input\":\"required name=search_term_string\"}],\"inLanguage\":\"es\"},{\"@type\":\"Organization\",\"@id\":\"https:\/\/all-car-news.com\/es\/#organization\",\"name\":\"All cars news\",\"url\":\"https:\/\/all-car-news.com\/es\/\",\"logo\":{\"@type\":\"ImageObject\",\"inLanguage\":\"es\",\"@id\":\"https:\/\/all-car-news.com\/es\/#\/schema\/logo\/image\/\",\"url\":\"https:\/\/all-car-news.com\/wp-content\/uploads\/2022\/02\/CMYK-AllCarNews_LANDSCAPE_300px-1.png\",\"contentUrl\":\"https:\/\/all-car-news.com\/wp-content\/uploads\/2022\/02\/CMYK-AllCarNews_LANDSCAPE_300px-1.png\",\"width\":300,\"height\":100,\"caption\":\"All cars news\"},\"image\":{\"@id\":\"https:\/\/all-car-news.com\/es\/#\/schema\/logo\/image\/\"}}]}<\/script>\n<!-- \/ Yoast SEO plugin. -->","yoast_head_json":{"title":"El PVV quiere menos gasolineras y m\u00e1s estaciones de recarga en las autopistas - All cars news","robots":{"index":"index","follow":"follow","max-snippet":"max-snippet:-1","max-image-preview":"max-image-preview:large","max-video-preview":"max-video-preview:-1"},"canonical":"https:\/\/all-car-news.com\/es\/el-pvv-quiere-menos-gasolineras-y-mas-estaciones-de-recarga-en-las-autopistas\/","og_locale":"es_ES","og_type":"article","og_title":"El PVV quiere menos gasolineras y m\u00e1s estaciones de recarga en las autopistas - All cars news","og_description":"Estaciones de servicio Dado que los coches el\u00e9ctricos son cada vez m\u00e1s populares y que los conductores de diesel ya son minor\u00eda, el gobierno afirma que es necesario renovar las estaciones de servicio de las autopistas. Holanda tiene casi 300 de estos puntos, la mayor\u00eda de los cuales siguen dominados por las gasolineras tradicionales. Eso tiene que cambiar, opina el ministro del PVV Madlener. Quiere m\u00e1s estaciones de carga, m\u00e1s plazas de aparcamiento (sobre todo [...]","og_url":"https:\/\/all-car-news.com\/es\/el-pvv-quiere-menos-gasolineras-y-mas-estaciones-de-recarga-en-las-autopistas\/","og_site_name":"All cars news","article_published_time":"2025-03-10T16:44:35+00:00","twitter_card":"summary_large_image","twitter_misc":{"Tiempo de lectura":"2 minutos"},"schema":{"@context":"https:\/\/schema.org","@graph":[{"@type":"Article","@id":"https:\/\/all-car-news.com\/es\/el-pvv-quiere-menos-gasolineras-y-mas-estaciones-de-recarga-en-las-autopistas\/#article","isPartOf":{"@id":"https:\/\/all-car-news.com\/es\/el-pvv-quiere-menos-gasolineras-y-mas-estaciones-de-recarga-en-las-autopistas\/"},"author":{"name":"","@id":""},"headline":"El PVV quiere menos gasolineras y m\u00e1s estaciones de recarga en las autopistas","datePublished":"2025-03-10T16:44:35+00:00","dateModified":"2025-03-10T16:44:35+00:00","mainEntityOfPage":{"@id":"https:\/\/all-car-news.com\/es\/el-pvv-quiere-menos-gasolineras-y-mas-estaciones-de-recarga-en-las-autopistas\/"},"wordCount":376,"publisher":{"@id":"https:\/\/all-car-news.com\/es\/#organization"},"articleSection":["noticias de autos"],"inLanguage":"es"},{"@type":"WebPage","@id":"https:\/\/all-car-news.com\/es\/el-pvv-quiere-menos-gasolineras-y-mas-estaciones-de-recarga-en-las-autopistas\/","url":"https:\/\/all-car-news.com\/es\/el-pvv-quiere-menos-gasolineras-y-mas-estaciones-de-recarga-en-las-autopistas\/","name":"El PVV quiere menos gasolineras y m\u00e1s estaciones de recarga en las autopistas - All cars news","isPartOf":{"@id":"https:\/\/all-car-news.com\/es\/#website"},"datePublished":"2025-03-10T16:44:35+00:00","dateModified":"2025-03-10T16:44:35+00:00","breadcrumb":{"@id":"https:\/\/all-car-news.com\/es\/el-pvv-quiere-menos-gasolineras-y-mas-estaciones-de-recarga-en-las-autopistas\/#breadcrumb"},"inLanguage":"es","potentialAction":[{"@type":"ReadAction","target":["https:\/\/all-car-news.com\/es\/el-pvv-quiere-menos-gasolineras-y-mas-estaciones-de-recarga-en-las-autopistas\/"]}]},{"@type":"BreadcrumbList","@id":"https:\/\/all-car-news.com\/es\/el-pvv-quiere-menos-gasolineras-y-mas-estaciones-de-recarga-en-las-autopistas\/#breadcrumb","itemListElement":[{"@type":"ListItem","position":1,"name":"Home","item":"https:\/\/all-car-news.com\/es\/"},{"@type":"ListItem","position":2,"name":"El PVV quiere menos gasolineras y m\u00e1s estaciones de recarga en las autopistas"}]},{"@type":"WebSite","@id":"https:\/\/all-car-news.com\/es\/#website","url":"https:\/\/all-car-news.com\/es\/","name":"All cars news","description":"","publisher":{"@id":"https:\/\/all-car-news.com\/es\/#organization"},"potentialAction":[{"@type":"SearchAction","target":{"@type":"EntryPoint","urlTemplate":"https:\/\/all-car-news.com\/es\/?s={search_term_string}"},"query-input":"required name=search_term_string"}],"inLanguage":"es"},{"@type":"Organization","@id":"https:\/\/all-car-news.com\/es\/#organization","name":"All cars news","url":"https:\/\/all-car-news.com\/es\/","logo":{"@type":"ImageObject","inLanguage":"es","@id":"https:\/\/all-car-news.com\/es\/#\/schema\/logo\/image\/","url":"https:\/\/all-car-news.com\/wp-content\/uploads\/2022\/02\/CMYK-AllCarNews_LANDSCAPE_300px-1.png","contentUrl":"https:\/\/all-car-news.com\/wp-content\/uploads\/2022\/02\/CMYK-AllCarNews_LANDSCAPE_300px-1.png","width":300,"height":100,"caption":"All cars news"},"image":{"@id":"https:\/\/all-car-news.com\/es\/#\/schema\/logo\/image\/"}}]}},"_links":{"self":[{"href":"https:\/\/all-car-news.com\/es\/wp-json\/wp\/v2\/posts\/153257","targetHints":{"allow":["GET"]}}],"collection":[{"href":"https:\/\/all-car-news.com\/es\/wp-json\/wp\/v2\/posts"}],"about":[{"href":"https:\/\/all-car-news.com\/es\/wp-json\/wp\/v2\/types\/post"}],"replies":[{"embeddable":true,"href":"https:\/\/all-car-news.com\/es\/wp-json\/wp\/v2\/comments?post=153257"}],"version-history":[{"count":0,"href":"https:\/\/all-car-news.com\/es\/wp-json\/wp\/v2\/posts\/153257\/revisions"}],"wp:featuredmedia":[{"embeddable":true,"href":"https:\/\/all-car-news.com\/es\/wp-json\/wp\/v2\/media\/151557"}],"wp:attachment":[{"href":"https:\/\/all-car-news.com\/es\/wp-json\/wp\/v2\/media?parent=153257"}],"wp:term":[{"taxonomy":"category","embeddable":true,"href":"https:\/\/all-car-news.com\/es\/wp-json\/wp\/v2\/categories?post=153257"},{"taxonomy":"post_tag","embeddable":true,"href":"https:\/\/all-car-news.com\/es\/wp-json\/wp\/v2\/tags?post=153257"}],"curies":[{"name":"wp","href":"https:\/\/api.w.org\/{rel}","templated":true}]}}