{"id":153190,"date":"2025-03-06T08:59:43","date_gmt":"2025-03-06T08:59:43","guid":{"rendered":"https:\/\/all-car-news.com\/volvo-avanza-el-nuevo-volvo-es90\/"},"modified":"2025-03-06T08:59:43","modified_gmt":"2025-03-06T08:59:43","slug":"volvo-avanza-el-nuevo-volvo-es90","status":"publish","type":"post","link":"https:\/\/all-car-news.com\/es\/volvo-avanza-el-nuevo-volvo-es90\/","title":{"rendered":"Volvo avanza: el nuevo Volvo ES90"},"content":{"rendered":"<h2><strong>Una plaza de aparcamiento llena<\/strong><\/h2>\n<p>Con una longitud de casi cinco metros y una distancia entre ejes de 3,1 metros, el Volvo ES90 pronto ser\u00e1 ineludible en las calles. El coche parece b\u00e1sicamente una berlina, pero la l\u00ednea inclinada del techo y el gran port\u00f3n trasero lo convierten en un fastback, un toque <a href=\"https:\/\/www.youtube.com\/watch?v=-tNqP8Nkbnw&amp;pp=ygUScG9sZXN0YXIgMiBhdXRvcmFp\" target=\"_blank\" rel=\"noreferrer noopener\">Polestar 2<\/a>. Adem\u00e1s, el ES90 es ligeramente m\u00e1s alto de patas, pero eso no lo convierte en un SUV en toda regla.  <\/p>\n<div class=\"galery galery-0\">\n<figure>\n\t\t\t\t\t<span style=\"cursor: pointer\" data-src=\"https:\/\/autorai.nl\/wp-content\/uploads\/2025\/03\/Volvo_ES90_AutoRAI25-1600x1067.jpg\" data-fancybox=\"galery-0\" title=\"\"><br \/>\n\t\t\t\t\t\t\t<img decoding=\"async\" width=\"360\" height=\"270\" src=\"https:\/\/autorai.nl\/wp-content\/uploads\/2025\/03\/Volvo_ES90_AutoRAI25-360x270.jpg\" class=\"attachment-small size-small\" alt=\"\" loading=\"lazy\"><i class=\"fa fa-search-plus\" aria-hidden=\"true\"><\/i><br \/>\n\t\t\t\t\t\t<\/span><br \/>\n\t\t\t\t\t<\/figure>\n<figure>\n\t\t\t\t\t<span style=\"cursor: pointer\" data-src=\"https:\/\/autorai.nl\/wp-content\/uploads\/2025\/03\/Volvo_ES90_AutoRAI24-1600x1067.jpg\" data-fancybox=\"galery-0\" title=\"\"><br \/>\n\t\t\t\t\t\t\t<img decoding=\"async\" width=\"360\" height=\"270\" src=\"https:\/\/autorai.nl\/wp-content\/uploads\/2025\/03\/Volvo_ES90_AutoRAI24-360x270.jpg\" class=\"attachment-small size-small\" alt=\"\" loading=\"lazy\"><i class=\"fa fa-search-plus\" aria-hidden=\"true\"><\/i><br \/>\n\t\t\t\t\t\t<\/span><br \/>\n\t\t\t\t\t<\/figure>\n<div class=\"clear\"><\/div>\n<\/div>\n<p>El dise\u00f1o del Volvo ES90 puede calificarse de elegante, con una l\u00ednea continua que atraviesa la carrocer\u00eda de delante a atr\u00e1s. La carrocer\u00eda aerodin\u00e1mica tiene un bajo coeficiente de resistencia aerodin\u00e1mica de 0,25, lo que contribuye a la eficiencia y la autonom\u00eda. Esa distancia entre ejes tambi\u00e9n se traduce en un generoso espacio interior. El maletero tiene entre 424 y 733 litros, dependiendo de la configuraci\u00f3n de los asientos traseros. Tambi\u00e9n hay un espacio de almacenamiento adicional de 22 litros en la parte delantera para el cable de carga.      <\/p>\n<div class=\"galery galery-1\">\n<figure>\n\t\t\t\t\t<span style=\"cursor: pointer\" data-src=\"https:\/\/autorai.nl\/wp-content\/uploads\/2025\/03\/Volvo_ES90_AutoRAI10-1-1600x1067.jpg\" data-fancybox=\"galery-1\" title=\"\"><br \/>\n\t\t\t\t\t\t\t<img decoding=\"async\" width=\"360\" height=\"270\" src=\"https:\/\/autorai.nl\/wp-content\/uploads\/2025\/03\/Volvo_ES90_AutoRAI10-1-360x270.jpg\" class=\"attachment-small size-small\" alt=\"\" loading=\"lazy\"><i class=\"fa fa-search-plus\" aria-hidden=\"true\"><\/i><br \/>\n\t\t\t\t\t\t<\/span><br \/>\n\t\t\t\t\t<\/figure>\n<figure>\n\t\t\t\t\t<span style=\"cursor: pointer\" data-src=\"https:\/\/autorai.nl\/wp-content\/uploads\/2025\/03\/Volvo_ES90_AutoRAI2-1-1600x1067.jpg\" data-fancybox=\"galery-1\" title=\"\"><br \/>\n\t\t\t\t\t\t\t<img decoding=\"async\" width=\"360\" height=\"270\" src=\"https:\/\/autorai.nl\/wp-content\/uploads\/2025\/03\/Volvo_ES90_AutoRAI2-1-360x270.jpg\" class=\"attachment-small size-small\" alt=\"\" loading=\"lazy\"><i class=\"fa fa-search-plus\" aria-hidden=\"true\"><\/i><br \/>\n\t\t\t\t\t\t<\/span><br \/>\n\t\t\t\t\t<\/figure>\n<div class=\"clear\"><\/div>\n<\/div>\n<h2><strong>Nueva tecnolog\u00eda \u00abemocionante\u00bb a bordo<\/strong><\/h2>\n<p>El ES90 es el primer Volvo que incorpora la tecnolog\u00eda 800V, que permite una carga r\u00e1pida de hasta 350 kW. En s\u00f3lo diez minutos, esto puede a\u00f1adir 300 kil\u00f3metros de autonom\u00eda. Hablando de paradas cortas en boxes.    <\/p>\n<p>Adem\u00e1s, los sistemas inform\u00e1ticos de a bordo son del siguiente nivel. El ES90 es el primer Volvo equipado con una configuraci\u00f3n dual Nvidia Drive AGX Orin. Es un trabalenguas, pero esto permite una potencia de c\u00e1lculo de 508 billones de operaciones por segundo. Esta avanzada arquitectura inform\u00e1tica gestiona funciones como la gesti\u00f3n eficiente de la bater\u00eda, las funciones de seguridad basadas en IA y los datos de los sensores.   <\/p>\n<p>Hablando de seguridad, no falta en el ES90. Los sistemas de seguridad activa est\u00e1n controlados por un sofisticado conjunto de sensores, que incluyen un lidar, cinco radares, siete c\u00e1maras y 12 sensores ultras\u00f3nicos.   <\/p>\n<div class=\"galery galery-2\">\n<figure>\n\t\t\t\t\t<span style=\"cursor: pointer\" data-src=\"https:\/\/autorai.nl\/wp-content\/uploads\/2025\/03\/Volvo_ES90_AutoRAI13-1-1600x1067.jpg\" data-fancybox=\"galery-2\" title=\"\"><br \/>\n\t\t\t\t\t\t\t<img decoding=\"async\" width=\"360\" height=\"270\" src=\"https:\/\/autorai.nl\/wp-content\/uploads\/2025\/03\/Volvo_ES90_AutoRAI13-1-360x270.jpg\" class=\"attachment-small size-small\" alt=\"\" loading=\"lazy\"><i class=\"fa fa-search-plus\" aria-hidden=\"true\"><\/i><br \/>\n\t\t\t\t\t\t<\/span><br \/>\n\t\t\t\t\t<\/figure>\n<figure>\n\t\t\t\t\t<span style=\"cursor: pointer\" data-src=\"https:\/\/autorai.nl\/wp-content\/uploads\/2025\/03\/Volvo_ES90_AutoRAI17-1-1600x1067.jpg\" data-fancybox=\"galery-2\" title=\"\"><br \/>\n\t\t\t\t\t\t\t<img decoding=\"async\" width=\"360\" height=\"270\" src=\"https:\/\/autorai.nl\/wp-content\/uploads\/2025\/03\/Volvo_ES90_AutoRAI17-1-360x270.jpg\" class=\"attachment-small size-small\" alt=\"\" loading=\"lazy\"><i class=\"fa fa-search-plus\" aria-hidden=\"true\"><\/i><br \/>\n\t\t\t\t\t\t<\/span><br \/>\n\t\t\t\t\t<\/figure>\n<div class=\"clear\"><\/div>\n<\/div>\n<h2><strong>Coche grande, bater\u00eda grande<\/strong><\/h2>\n<p>El Volvo ES90 se ofrece con tres cadenas cinem\u00e1ticas diferentes. La variante b\u00e1sica est\u00e1 propulsada por un \u00fanico motor el\u00e9ctrico en el eje trasero. La potencia es de 245 kW (333 CV) y 480 Nm de par, lo que permite acelerar de 0 a 100 km\/h en 6,9 segundos. Se utiliza un paquete de bater\u00edas de 92 kWh brutos, que permite una autonom\u00eda de 650 km (WLTP).     <\/p>\n<p>La variante de tracci\u00f3n total Twin Motor tiene un motor el\u00e9ctrico en el eje trasero de 200 kW y otro en el delantero de 130 kW. La potencia combinada asciende a 330 kW (449 CV) y el par motor a 670 Nm. La versi\u00f3n m\u00e1s potente, la Twin Motor Performance, tiene 280 kW en el eje trasero y 220 kW en el delantero, lo que da una potencia total de 500 kW (680 CV) y 870 Nm de par motor. Esta variante completa el sprint hasta 100 km\/h en s\u00f3lo 4,0 segundos. Como en otros modelos Volvo, la velocidad m\u00e1xima est\u00e1 limitada electr\u00f3nicamente a 180 km\/h, para controlar la seguridad.      <\/p>\n<p>Las variantes Twin Motor incorporan un mayor paquete de bater\u00edas de 106 kWh (102 kWh utilizables) y admiten una carga \u00fatil de hasta 350 kW. La autonom\u00eda estimada seg\u00fan el ciclo WLTP es de 700 kil\u00f3metros para ambas versiones con tracci\u00f3n a las cuatro ruedas. <\/p>\n<h2><strong>Precios y disponibilidad Volvo ES90<\/strong><\/h2>\n<p>El Volvo ES90 est\u00e1 disponible para pedidos en los Pa\u00edses Bajos y B\u00e9lgica con efecto inmediato. La versi\u00f3n de entrada, el Single Motor Extended Range con 333 CV y una autonom\u00eda de 650 kil\u00f3metros, tiene un precio de partida de 69.995 euros. Para la variante de doble motor, que ofrece una autonom\u00eda de 700 kil\u00f3metros, los precios empiezan en 85.995 euros.  <\/p>\n<p>Con la introducci\u00f3n del ES90, Volvo da un paso firme hacia un futuro totalmente el\u00e9ctrico, al tiempo que sigue haciendo hincapi\u00e9 en los valores fundamentales de la marca: seguridad, innovaci\u00f3n y dise\u00f1o escandinavo.<\/p>\n<div class=\"galery galery-3\">\n<figure>\n\t\t\t\t\t<span style=\"cursor: pointer\" data-src=\"https:\/\/autorai.nl\/wp-content\/uploads\/2025\/03\/Volvo_ES90_AutoRAI7-1-1600x1067.jpg\" data-fancybox=\"galery-3\" title=\"\"><br \/>\n\t\t\t\t\t\t\t<img decoding=\"async\" width=\"360\" height=\"270\" src=\"https:\/\/autorai.nl\/wp-content\/uploads\/2025\/03\/Volvo_ES90_AutoRAI7-1-360x270.jpg\" class=\"attachment-small size-small\" alt=\"\" loading=\"lazy\"><i class=\"fa fa-search-plus\" aria-hidden=\"true\"><\/i><br \/>\n\t\t\t\t\t\t<\/span><br \/>\n\t\t\t\t\t<\/figure>\n<figure>\n\t\t\t\t\t<span style=\"cursor: pointer\" data-src=\"https:\/\/autorai.nl\/wp-content\/uploads\/2025\/03\/Volvo_ES90_AutoRAI6-1-1600x1067.jpg\" data-fancybox=\"galery-3\" title=\"\"><br \/>\n\t\t\t\t\t\t\t<img decoding=\"async\" width=\"360\" height=\"270\" src=\"https:\/\/autorai.nl\/wp-content\/uploads\/2025\/03\/Volvo_ES90_AutoRAI6-1-360x270.jpg\" class=\"attachment-small size-small\" alt=\"\" loading=\"lazy\"><i class=\"fa fa-search-plus\" aria-hidden=\"true\"><\/i><br \/>\n\t\t\t\t\t\t<\/span><br \/>\n\t\t\t\t\t<\/figure>\n<figure>\n\t\t\t\t\t<span style=\"cursor: pointer\" data-src=\"https:\/\/autorai.nl\/wp-content\/uploads\/2025\/03\/Volvo_ES90_AutoRAI8-1-1600x1067.jpg\" data-fancybox=\"galery-3\" title=\"\"><br \/>\n\t\t\t\t\t\t\t<img decoding=\"async\" width=\"360\" height=\"270\" src=\"https:\/\/autorai.nl\/wp-content\/uploads\/2025\/03\/Volvo_ES90_AutoRAI8-1-360x270.jpg\" class=\"attachment-small size-small\" alt=\"\" loading=\"lazy\"><i class=\"fa fa-search-plus\" aria-hidden=\"true\"><\/i><br \/>\n\t\t\t\t\t\t<\/span><br \/>\n\t\t\t\t\t<\/figure>\n<figure>\n\t\t\t\t\t<span style=\"cursor: pointer\" data-src=\"https:\/\/autorai.nl\/wp-content\/uploads\/2025\/03\/Volvo_ES90_AutoRAI11-1-1600x1067.jpg\" data-fancybox=\"galery-3\" title=\"\"><br \/>\n\t\t\t\t\t\t\t<img decoding=\"async\" width=\"360\" height=\"270\" src=\"https:\/\/autorai.nl\/wp-content\/uploads\/2025\/03\/Volvo_ES90_AutoRAI11-1-360x270.jpg\" class=\"attachment-small size-small\" alt=\"\" loading=\"lazy\"><i class=\"fa fa-search-plus\" aria-hidden=\"true\"><\/i><br \/>\n\t\t\t\t\t\t<\/span><br \/>\n\t\t\t\t\t<\/figure>\n<figure>\n\t\t\t\t\t<span style=\"cursor: pointer\" data-src=\"https:\/\/autorai.nl\/wp-content\/uploads\/2025\/03\/Volvo_ES90_AutoRAI15-1600x1067.jpg\" data-fancybox=\"galery-3\" title=\"\"><br \/>\n\t\t\t\t\t\t\t<img decoding=\"async\" width=\"360\" height=\"270\" src=\"https:\/\/autorai.nl\/wp-content\/uploads\/2025\/03\/Volvo_ES90_AutoRAI15-360x270.jpg\" class=\"attachment-small size-small\" alt=\"\" loading=\"lazy\"><i class=\"fa fa-search-plus\" aria-hidden=\"true\"><\/i><br \/>\n\t\t\t\t\t\t<\/span><br \/>\n\t\t\t\t\t<\/figure>\n<figure>\n\t\t\t\t\t<span style=\"cursor: pointer\" data-src=\"https:\/\/autorai.nl\/wp-content\/uploads\/2025\/03\/Volvo_ES90_AutoRAI16-1600x1067.jpg\" data-fancybox=\"galery-3\" title=\"\"><br \/>\n\t\t\t\t\t\t\t<img decoding=\"async\" width=\"360\" height=\"270\" src=\"https:\/\/autorai.nl\/wp-content\/uploads\/2025\/03\/Volvo_ES90_AutoRAI16-360x270.jpg\" class=\"attachment-small size-small\" alt=\"\" loading=\"lazy\"><i class=\"fa fa-search-plus\" aria-hidden=\"true\"><\/i><br \/>\n\t\t\t\t\t\t<\/span><br \/>\n\t\t\t\t\t<\/figure>\n<figure>\n\t\t\t\t\t<span style=\"cursor: pointer\" data-src=\"https:\/\/autorai.nl\/wp-content\/uploads\/2025\/03\/Volvo_ES90_AutoRAI18-1600x1067.jpg\" data-fancybox=\"galery-3\" title=\"\"><br \/>\n\t\t\t\t\t\t\t<img decoding=\"async\" width=\"360\" height=\"270\" src=\"https:\/\/autorai.nl\/wp-content\/uploads\/2025\/03\/Volvo_ES90_AutoRAI18-360x270.jpg\" class=\"attachment-small size-small\" alt=\"\" loading=\"lazy\"><i class=\"fa fa-search-plus\" aria-hidden=\"true\"><\/i><br \/>\n\t\t\t\t\t\t<\/span><br \/>\n\t\t\t\t\t<\/figure>\n<figure>\n\t\t\t\t\t<span style=\"cursor: pointer\" data-src=\"https:\/\/autorai.nl\/wp-content\/uploads\/2025\/03\/Volvo_ES90_AutoRAI19-1600x1067.jpg\" data-fancybox=\"galery-3\" title=\"\"><br \/>\n\t\t\t\t\t\t\t<img decoding=\"async\" width=\"360\" height=\"270\" src=\"https:\/\/autorai.nl\/wp-content\/uploads\/2025\/03\/Volvo_ES90_AutoRAI19-360x270.jpg\" class=\"attachment-small size-small\" alt=\"\" loading=\"lazy\"><i class=\"fa fa-search-plus\" aria-hidden=\"true\"><\/i><br \/>\n\t\t\t\t\t\t<\/span><br \/>\n\t\t\t\t\t<\/figure>\n<figure>\n\t\t\t\t\t<span style=\"cursor: pointer\" data-src=\"https:\/\/autorai.nl\/wp-content\/uploads\/2025\/03\/Volvo_ES90_AutoRAI22-1600x1067.jpg\" data-fancybox=\"galery-3\" title=\"\"><br \/>\n\t\t\t\t\t\t\t<img decoding=\"async\" width=\"360\" height=\"270\" src=\"https:\/\/autorai.nl\/wp-content\/uploads\/2025\/03\/Volvo_ES90_AutoRAI22-360x270.jpg\" class=\"attachment-small size-small\" alt=\"\" loading=\"lazy\"><i class=\"fa fa-search-plus\" aria-hidden=\"true\"><\/i><br \/>\n\t\t\t\t\t\t<\/span><br \/>\n\t\t\t\t\t<\/figure>\n<figure>\n\t\t\t\t\t<span style=\"cursor: pointer\" data-src=\"https:\/\/autorai.nl\/wp-content\/uploads\/2025\/03\/Volvo_ES90_AutoRAI21-1600x1067.jpg\" data-fancybox=\"galery-3\" title=\"\"><br \/>\n\t\t\t\t\t\t\t<img decoding=\"async\" width=\"360\" height=\"270\" src=\"https:\/\/autorai.nl\/wp-content\/uploads\/2025\/03\/Volvo_ES90_AutoRAI21-360x270.jpg\" class=\"attachment-small size-small\" alt=\"\" loading=\"lazy\"><i class=\"fa fa-search-plus\" aria-hidden=\"true\"><\/i><br \/>\n\t\t\t\t\t\t<\/span><br \/>\n\t\t\t\t\t<\/figure>\n<div class=\"clear\"><\/div>\n<\/div>\n","protected":false},"excerpt":{"rendered":"Una plaza de aparcamiento llena Con una longitud de casi cinco metros y una distancia entre ejes de 3,1 metros,&hellip;","protected":false},"author":0,"featured_media":153174,"comment_status":"","ping_status":"open","sticky":false,"template":"","format":"standard","meta":{"footnotes":""},"categories":[126],"tags":[],"class_list":["post-153190","post","type-post","status-publish","format-standard","has-post-thumbnail","hentry","category-noticias-de-autos"],"acf":[],"yoast_head":"<!-- This site is optimized with the Yoast SEO plugin v21.2 - https:\/\/yoast.com\/wordpress\/plugins\/seo\/ -->\n<title>Volvo avanza: el nuevo Volvo ES90 - All cars news<\/title>\n<meta name=\"robots\" content=\"index, follow, max-snippet:-1, max-image-preview:large, max-video-preview:-1\" \/>\n<link rel=\"canonical\" href=\"https:\/\/all-car-news.com\/es\/volvo-avanza-el-nuevo-volvo-es90\/\" \/>\n<meta property=\"og:locale\" content=\"es_ES\" \/>\n<meta property=\"og:type\" content=\"article\" \/>\n<meta property=\"og:title\" content=\"Volvo avanza: el nuevo Volvo ES90 - All cars news\" \/>\n<meta property=\"og:description\" content=\"Una plaza de aparcamiento llena Con una longitud de casi cinco metros y una distancia entre ejes de 3,1 metros, el Volvo ES90 pronto ser\u00e1 ineludible en las calles. El coche parece b\u00e1sicamente una berlina, pero su l\u00ednea de techo inclinada y su gran port\u00f3n trasero lo convierten en un fastback, un toque Polestar 2. Adem\u00e1s, el ES90 [...]\" \/>\n<meta property=\"og:url\" content=\"https:\/\/all-car-news.com\/es\/volvo-avanza-el-nuevo-volvo-es90\/\" \/>\n<meta property=\"og:site_name\" content=\"All cars news\" \/>\n<meta property=\"article:published_time\" content=\"2025-03-06T08:59:43+00:00\" \/>\n<meta property=\"og:image\" content=\"https:\/\/autorai.nl\/wp-content\/uploads\/2025\/03\/Volvo_ES90_AutoRAI25-360x270.jpg\" \/>\n<meta name=\"twitter:card\" content=\"summary_large_image\" \/>\n<meta name=\"twitter:label1\" content=\"Tiempo de lectura\" \/>\n\t<meta name=\"twitter:data1\" content=\"3 minutos\" \/>\n<script type=\"application\/ld+json\" class=\"yoast-schema-graph\">{\"@context\":\"https:\/\/schema.org\",\"@graph\":[{\"@type\":\"Article\",\"@id\":\"https:\/\/all-car-news.com\/es\/volvo-avanza-el-nuevo-volvo-es90\/#article\",\"isPartOf\":{\"@id\":\"https:\/\/all-car-news.com\/es\/volvo-avanza-el-nuevo-volvo-es90\/\"},\"author\":{\"name\":\"\",\"@id\":\"\"},\"headline\":\"Volvo avanza: el nuevo Volvo ES90\",\"datePublished\":\"2025-03-06T08:59:43+00:00\",\"dateModified\":\"2025-03-06T08:59:43+00:00\",\"mainEntityOfPage\":{\"@id\":\"https:\/\/all-car-news.com\/es\/volvo-avanza-el-nuevo-volvo-es90\/\"},\"wordCount\":664,\"publisher\":{\"@id\":\"https:\/\/all-car-news.com\/es\/#organization\"},\"articleSection\":[\"noticias de autos\"],\"inLanguage\":\"es\"},{\"@type\":\"WebPage\",\"@id\":\"https:\/\/all-car-news.com\/es\/volvo-avanza-el-nuevo-volvo-es90\/\",\"url\":\"https:\/\/all-car-news.com\/es\/volvo-avanza-el-nuevo-volvo-es90\/\",\"name\":\"Volvo avanza: el nuevo Volvo ES90 - All cars news\",\"isPartOf\":{\"@id\":\"https:\/\/all-car-news.com\/es\/#website\"},\"datePublished\":\"2025-03-06T08:59:43+00:00\",\"dateModified\":\"2025-03-06T08:59:43+00:00\",\"breadcrumb\":{\"@id\":\"https:\/\/all-car-news.com\/es\/volvo-avanza-el-nuevo-volvo-es90\/#breadcrumb\"},\"inLanguage\":\"es\",\"potentialAction\":[{\"@type\":\"ReadAction\",\"target\":[\"https:\/\/all-car-news.com\/es\/volvo-avanza-el-nuevo-volvo-es90\/\"]}]},{\"@type\":\"BreadcrumbList\",\"@id\":\"https:\/\/all-car-news.com\/es\/volvo-avanza-el-nuevo-volvo-es90\/#breadcrumb\",\"itemListElement\":[{\"@type\":\"ListItem\",\"position\":1,\"name\":\"Home\",\"item\":\"https:\/\/all-car-news.com\/es\/\"},{\"@type\":\"ListItem\",\"position\":2,\"name\":\"Volvo avanza: el nuevo Volvo ES90\"}]},{\"@type\":\"WebSite\",\"@id\":\"https:\/\/all-car-news.com\/es\/#website\",\"url\":\"https:\/\/all-car-news.com\/es\/\",\"name\":\"All cars news\",\"description\":\"\",\"publisher\":{\"@id\":\"https:\/\/all-car-news.com\/es\/#organization\"},\"potentialAction\":[{\"@type\":\"SearchAction\",\"target\":{\"@type\":\"EntryPoint\",\"urlTemplate\":\"https:\/\/all-car-news.com\/es\/?s={search_term_string}\"},\"query-input\":\"required name=search_term_string\"}],\"inLanguage\":\"es\"},{\"@type\":\"Organization\",\"@id\":\"https:\/\/all-car-news.com\/es\/#organization\",\"name\":\"All cars news\",\"url\":\"https:\/\/all-car-news.com\/es\/\",\"logo\":{\"@type\":\"ImageObject\",\"inLanguage\":\"es\",\"@id\":\"https:\/\/all-car-news.com\/es\/#\/schema\/logo\/image\/\",\"url\":\"https:\/\/all-car-news.com\/wp-content\/uploads\/2022\/02\/CMYK-AllCarNews_LANDSCAPE_300px-1.png\",\"contentUrl\":\"https:\/\/all-car-news.com\/wp-content\/uploads\/2022\/02\/CMYK-AllCarNews_LANDSCAPE_300px-1.png\",\"width\":300,\"height\":100,\"caption\":\"All cars news\"},\"image\":{\"@id\":\"https:\/\/all-car-news.com\/es\/#\/schema\/logo\/image\/\"}}]}<\/script>\n<!-- \/ Yoast SEO plugin. -->","yoast_head_json":{"title":"Volvo avanza: el nuevo Volvo ES90 - All cars news","robots":{"index":"index","follow":"follow","max-snippet":"max-snippet:-1","max-image-preview":"max-image-preview:large","max-video-preview":"max-video-preview:-1"},"canonical":"https:\/\/all-car-news.com\/es\/volvo-avanza-el-nuevo-volvo-es90\/","og_locale":"es_ES","og_type":"article","og_title":"Volvo avanza: el nuevo Volvo ES90 - All cars news","og_description":"Una plaza de aparcamiento llena Con una longitud de casi cinco metros y una distancia entre ejes de 3,1 metros, el Volvo ES90 pronto ser\u00e1 ineludible en las calles. El coche parece b\u00e1sicamente una berlina, pero su l\u00ednea de techo inclinada y su gran port\u00f3n trasero lo convierten en un fastback, un toque Polestar 2. Adem\u00e1s, el ES90 [...]","og_url":"https:\/\/all-car-news.com\/es\/volvo-avanza-el-nuevo-volvo-es90\/","og_site_name":"All cars news","article_published_time":"2025-03-06T08:59:43+00:00","og_image":[{"url":"https:\/\/autorai.nl\/wp-content\/uploads\/2025\/03\/Volvo_ES90_AutoRAI25-360x270.jpg"}],"twitter_card":"summary_large_image","twitter_misc":{"Tiempo de lectura":"3 minutos"},"schema":{"@context":"https:\/\/schema.org","@graph":[{"@type":"Article","@id":"https:\/\/all-car-news.com\/es\/volvo-avanza-el-nuevo-volvo-es90\/#article","isPartOf":{"@id":"https:\/\/all-car-news.com\/es\/volvo-avanza-el-nuevo-volvo-es90\/"},"author":{"name":"","@id":""},"headline":"Volvo avanza: el nuevo Volvo ES90","datePublished":"2025-03-06T08:59:43+00:00","dateModified":"2025-03-06T08:59:43+00:00","mainEntityOfPage":{"@id":"https:\/\/all-car-news.com\/es\/volvo-avanza-el-nuevo-volvo-es90\/"},"wordCount":664,"publisher":{"@id":"https:\/\/all-car-news.com\/es\/#organization"},"articleSection":["noticias de autos"],"inLanguage":"es"},{"@type":"WebPage","@id":"https:\/\/all-car-news.com\/es\/volvo-avanza-el-nuevo-volvo-es90\/","url":"https:\/\/all-car-news.com\/es\/volvo-avanza-el-nuevo-volvo-es90\/","name":"Volvo avanza: el nuevo Volvo ES90 - All cars news","isPartOf":{"@id":"https:\/\/all-car-news.com\/es\/#website"},"datePublished":"2025-03-06T08:59:43+00:00","dateModified":"2025-03-06T08:59:43+00:00","breadcrumb":{"@id":"https:\/\/all-car-news.com\/es\/volvo-avanza-el-nuevo-volvo-es90\/#breadcrumb"},"inLanguage":"es","potentialAction":[{"@type":"ReadAction","target":["https:\/\/all-car-news.com\/es\/volvo-avanza-el-nuevo-volvo-es90\/"]}]},{"@type":"BreadcrumbList","@id":"https:\/\/all-car-news.com\/es\/volvo-avanza-el-nuevo-volvo-es90\/#breadcrumb","itemListElement":[{"@type":"ListItem","position":1,"name":"Home","item":"https:\/\/all-car-news.com\/es\/"},{"@type":"ListItem","position":2,"name":"Volvo avanza: el nuevo Volvo ES90"}]},{"@type":"WebSite","@id":"https:\/\/all-car-news.com\/es\/#website","url":"https:\/\/all-car-news.com\/es\/","name":"All cars news","description":"","publisher":{"@id":"https:\/\/all-car-news.com\/es\/#organization"},"potentialAction":[{"@type":"SearchAction","target":{"@type":"EntryPoint","urlTemplate":"https:\/\/all-car-news.com\/es\/?s={search_term_string}"},"query-input":"required name=search_term_string"}],"inLanguage":"es"},{"@type":"Organization","@id":"https:\/\/all-car-news.com\/es\/#organization","name":"All cars news","url":"https:\/\/all-car-news.com\/es\/","logo":{"@type":"ImageObject","inLanguage":"es","@id":"https:\/\/all-car-news.com\/es\/#\/schema\/logo\/image\/","url":"https:\/\/all-car-news.com\/wp-content\/uploads\/2022\/02\/CMYK-AllCarNews_LANDSCAPE_300px-1.png","contentUrl":"https:\/\/all-car-news.com\/wp-content\/uploads\/2022\/02\/CMYK-AllCarNews_LANDSCAPE_300px-1.png","width":300,"height":100,"caption":"All cars news"},"image":{"@id":"https:\/\/all-car-news.com\/es\/#\/schema\/logo\/image\/"}}]}},"_links":{"self":[{"href":"https:\/\/all-car-news.com\/es\/wp-json\/wp\/v2\/posts\/153190","targetHints":{"allow":["GET"]}}],"collection":[{"href":"https:\/\/all-car-news.com\/es\/wp-json\/wp\/v2\/posts"}],"about":[{"href":"https:\/\/all-car-news.com\/es\/wp-json\/wp\/v2\/types\/post"}],"replies":[{"embeddable":true,"href":"https:\/\/all-car-news.com\/es\/wp-json\/wp\/v2\/comments?post=153190"}],"version-history":[{"count":0,"href":"https:\/\/all-car-news.com\/es\/wp-json\/wp\/v2\/posts\/153190\/revisions"}],"wp:featuredmedia":[{"embeddable":true,"href":"https:\/\/all-car-news.com\/es\/wp-json\/wp\/v2\/media\/153174"}],"wp:attachment":[{"href":"https:\/\/all-car-news.com\/es\/wp-json\/wp\/v2\/media?parent=153190"}],"wp:term":[{"taxonomy":"category","embeddable":true,"href":"https:\/\/all-car-news.com\/es\/wp-json\/wp\/v2\/categories?post=153190"},{"taxonomy":"post_tag","embeddable":true,"href":"https:\/\/all-car-news.com\/es\/wp-json\/wp\/v2\/tags?post=153190"}],"curies":[{"name":"wp","href":"https:\/\/api.w.org\/{rel}","templated":true}]}}