{"id":153064,"date":"2025-03-01T10:36:00","date_gmt":"2025-03-01T10:36:00","guid":{"rendered":"https:\/\/all-car-news.com\/kia-pv5-el-primer-coche-de-empresa-electrico-de-kia\/"},"modified":"2025-03-01T10:36:00","modified_gmt":"2025-03-01T10:36:00","slug":"kia-pv5-el-primer-coche-de-empresa-electrico-de-kia","status":"publish","type":"post","link":"https:\/\/all-car-news.com\/es\/kia-pv5-el-primer-coche-de-empresa-electrico-de-kia\/","title":{"rendered":"Kia PV5: el primer \u00abcoche de empresa\u00bb el\u00e9ctrico de Kia"},"content":{"rendered":"<h2>Kia PV5:<strong>carrocer\u00eda<\/strong> mModular<strong>y varias variantes<\/strong><\/h2>\n<p>El Kia PV5 se ofrece en tres versiones b\u00e1sicas: Pasajero, Carga y Chasis Cabina. Gracias a la arquitectura de la plataforma E-GMP.S, Kia puede realizar f\u00e1cilmente diversas configuraciones del veh\u00edculo. Adem\u00e1s de las versiones est\u00e1ndar, los modelos de conversi\u00f3n incluyen el Crew, Drop Side, Box Van, Freezer Box, Prime y Light Camper. Tambi\u00e9n habr\u00e1 un Veh\u00edculo Accesible para Sillas de Ruedas (WAV), con el que Kia responde a la necesidad de transporte accesible.   <\/p>\n<h2><strong>Innovaciones en dise\u00f1o y producci\u00f3n<\/strong><\/h2>\n<p>La nueva estrategia de PBV de Kia se basa en tres pilares: producto, producci\u00f3n y software. La plataforma E-GMP.S utiliza una estructura de monopat\u00edn, que proporciona una base plana sobre la que se pueden construir diferentes carrocer\u00edas. La arquitectura modular integrada (IMA) garantiza la estandarizaci\u00f3n de los componentes de la bater\u00eda y el motor, lo que reduce el tiempo y los costes de desarrollo.  <\/p>\n<p>Para optimizar a\u00fan m\u00e1s la producci\u00f3n, Kia va a abrir una planta dedicada al PBV llamada Planta EVO. En ella se fabricar\u00e1n tanto modelos est\u00e1ndar como conversiones personalizadas. Kia tambi\u00e9n est\u00e1 desarrollando un centro de transformaci\u00f3n en el que se fabricar\u00e1n veh\u00edculos personalizados totalmente cubiertos por la garant\u00eda Kia.  <\/p>\n<h2><strong>Versiones del Kia PV5<\/strong><\/h2>\n<h3>Kia <strong>PV5 Pasajero<\/strong><\/h3>\n<p>El Kia PV5 Passenger est\u00e1 dise\u00f1ado tanto para uso privado como profesional. Las tres filas de asientos pueden configurarse como maletero o para acampar. En la disposici\u00f3n 2-3-0, las dos primeras filas act\u00faan como asientos, mientras que la tercera ofrece un espacioso maletero. El suelo de carga plano y los asientos plegables hacen que esta versi\u00f3n sea especialmente flexible.   <\/p>\n<p>Kia ha colaborado con Uber para adaptar de forma \u00f3ptima el PV5 a las necesidades de los servicios de taxi. Esto hace que el PV5 sea adecuado para diferentes categor\u00edas de Uber y ofrece soluciones a los retos diarios de conductores y pasajeros. <\/p>\n<h3>Kia <strong>PV5 Cargo<\/strong><\/h3>\n<p>El Kia PV5 Cargo est\u00e1 disponible en tres variantes: Est\u00e1ndar, Larga y Techo Alto. El Techo Alto tambi\u00e9n est\u00e1 disponible en versi\u00f3n Walk-Through, que aumenta la accesibilidad. El espacio m\u00e1ximo de carga es de 5,1 m\u00b3, suficiente para dos europalets. La baja altura de acceso de 419 mm facilita la carga y descarga.   <\/p>\n<p>Para una mayor flexibilidad, Kia ofrece un sistema opcional de amarre en L en el maletero. Este sistema permite sujetar la carga de forma segura. Tambi\u00e9n hay una funci\u00f3n de veh\u00edculo a carga (V2L) que permite alimentar dispositivos el\u00e9ctricos desde el interior del veh\u00edculo.  <\/p>\n<h3>Kia <strong>PV5 Chasis Cabina<\/strong><\/h3>\n<p>El Kia PV5 Chasis Cabina se desarroll\u00f3 como veh\u00edculo base para diversas conversiones, desde Drop Side hasta Freezer Box. Una estructura trasera plana con puntos de montaje adicionales permite instalar f\u00e1cilmente superestructuras. La longitud total de 4.525 mm proporciona un amplio espacio para modificaciones, lo que hace que esta variante sea ideal para diversas aplicaciones empresariales.  <\/p>\n<figure class=\"wp-block-image size-content\"><img decoding=\"async\" loading=\"lazy\" width=\"1140\" height=\"760\" src=\"https:\/\/autorai.nl\/wp-content\/uploads\/2025\/02\/kia-pv5-crew-ext-static-print-3600x2400-2-1140x760.jpg\" alt=\"Kia PV5 Tripulaci\u00f3n\" class=\"wp-image-194763\"><\/figure>\n<h2>Kia PV5: <strong>opciones de propulsi\u00f3n y bater\u00eda<\/strong><\/h2>\n<p>El Kia PV5 est\u00e1 propulsado por un motor el\u00e9ctrico de 120 kW y 250 Nm de par. Dependiendo de la versi\u00f3n, puedes elegir entre tres paquetes de bater\u00edas: <\/p>\n<ul>\n<li><strong>51,5 kWh<\/strong><\/li>\n<li><strong>71,2 kWh<\/strong><\/li>\n<li><strong>43,3 kWh (exclusivo para la variante Cargo)<\/strong><\/li>\n<\/ul>\n<p>Con la bater\u00eda m\u00e1s grande, el PV5 puede alcanzar una autonom\u00eda de hasta <strong>400 km<\/strong>. La carga r\u00e1pida del 10% al 80% s\u00f3lo lleva <strong>30 minutos<\/strong>, lo que garantiza un tiempo de inactividad m\u00ednimo. <\/p>\n<figure class=\"wp-block-image size-content\"><img decoding=\"async\" loading=\"lazy\" width=\"1140\" height=\"948\" src=\"https:\/\/autorai.nl\/wp-content\/uploads\/2025\/02\/kia-pv5-full-specs-2-1140x948.jpg\" alt=\"Kia PV5\" class=\"wp-image-194765\"><\/figure>\n<h2><strong>Tecnolog\u00eda y conectividad<\/strong><\/h2>\n<p>El Kia PV5 incorpora un <strong>cuadro de instrumentos digital de 7 pulgadas<\/strong> y <strong>una pantalla de navegaci\u00f3n de 12,9 pulgadas<\/strong>. El sistema de infoentretenimiento funciona con Android Automotive OS y es compatible con una amplia gama de aplicaciones empresariales. Las actualizaciones Over-the-Air (OTA) mantienen el sistema al d\u00eda, mientras que Digital Key 2.0 facilita el acceso mediante NFC, Bluetooth y tecnolog\u00eda Ultra-Wideband.  <\/p>\n<p>Adem\u00e1s, el PV5 incorpora un avanzado sistema de gesti\u00f3n de flotas. Kia recopila y analiza los datos del veh\u00edculo para permitir un mantenimiento predictivo, lo que aumenta el tiempo de actividad y reduce los costes de mantenimiento. <\/p>\n<h2><strong>Materiales duraderos<\/strong><\/h2>\n<p>El interior del PV5 combina <strong>materiales duraderos y f\u00e1ciles de limpiar<\/strong> con soluciones modulares de almacenamiento. Kia presenta \u00abKia AddGear\u00bb, un sistema que permite a los usuarios personalizar el espacio interior con accesorios modulares. Esto hace que el PV5 sea adecuado no s\u00f3lo para el transporte, sino tambi\u00e9n para uso recreativo y profesional.  <\/p>\n<p>Los asientos est\u00e1n tapizados en <strong>Poliuretano Bio (PU)<\/strong> y los suelos son de <strong>olefina termopl\u00e1stica (TPO)<\/strong>, una alternativa m\u00e1s duradera y de bajo mantenimiento que el PVC tradicional. Las opciones de color para el interior son <strong>Azul Marino, Gris Paloma, Marr\u00f3n Espresso, Marr\u00f3n Terracota<\/strong> y <strong>Verde Iceberg<\/strong>. <\/p>\n<h2><strong>Ventas y disponibilidad<\/strong> Kia EV5<\/h2>\n<p>El Kia PV5 se lanzar\u00e1 en <strong>Corea y Europa<\/strong> en el segundo semestre de 2025. El lanzamiento en otros mercados se producir\u00e1 en 2026. Los modelos de conversi\u00f3n entrar\u00e1n en producci\u00f3n por fases entre 2025 y 2026. Los pedidos anticipados para los mercados coreano y europeo se abrir\u00e1n en el primer semestre de 2025.   <\/p>\n<p>Con la introducci\u00f3n del PV5, Kia da un paso importante en la evoluci\u00f3n de los veh\u00edculos comerciales ligeros. Con su dise\u00f1o modular, su avanzada tecnolog\u00eda EV y sus inteligentes procesos de fabricaci\u00f3n, el PV5 ofrece una soluci\u00f3n flexible y preparada para el futuro para una gran variedad de necesidades de movilidad. <\/p>\n<div class=\"galery shuffle galery-0\">\n<figure>\n\t\t\t\t\t<span style=\"cursor: pointer\" data-src=\"https:\/\/autorai.nl\/wp-content\/uploads\/2025\/02\/kia-pv5-cargo-ext-static-digital-1920x1080-2-1600x900.jpg\" data-fancybox=\"galery-0\" title=\"\"><br \/>\n\t\t\t\t\t\t\t<img decoding=\"async\" width=\"640\" height=\"480\" src=\"https:\/\/autorai.nl\/wp-content\/uploads\/2025\/02\/kia-pv5-cargo-ext-static-digital-1920x1080-2-640x480.jpg\" class=\"attachment-medium size-medium\" alt=\"Kia PV5 Cargo\" loading=\"lazy\"><i class=\"fa fa-search-plus\" aria-hidden=\"true\"><\/i><br \/>\n\t\t\t\t\t\t<\/span><br \/>\n\t\t\t\t\t<\/figure>\n<figure>\n\t\t\t\t\t<span style=\"cursor: pointer\" data-src=\"https:\/\/autorai.nl\/wp-content\/uploads\/2025\/02\/kia-pv5-crew-ext-static-print-3600x2400-1-1600x1067.jpg\" data-fancybox=\"galery-0\" title=\"\"><br \/>\n\t\t\t\t\t\t\t<img decoding=\"async\" width=\"360\" height=\"270\" src=\"https:\/\/autorai.nl\/wp-content\/uploads\/2025\/02\/kia-pv5-crew-ext-static-print-3600x2400-1-360x270.jpg\" class=\"attachment-small size-small\" alt=\"\" loading=\"lazy\"><i class=\"fa fa-search-plus\" aria-hidden=\"true\"><\/i><br \/>\n\t\t\t\t\t\t<\/span><br \/>\n\t\t\t\t\t<\/figure>\n<figure>\n\t\t\t\t\t<span style=\"cursor: pointer\" data-src=\"https:\/\/autorai.nl\/wp-content\/uploads\/2025\/02\/kia-pv5-crew-ext-static-print-3600x2400-2-1600x1067.jpg\" data-fancybox=\"galery-0\" title=\"\"><br \/>\n\t\t\t\t\t\t\t<img decoding=\"async\" width=\"360\" height=\"270\" src=\"https:\/\/autorai.nl\/wp-content\/uploads\/2025\/02\/kia-pv5-crew-ext-static-print-3600x2400-2-360x270.jpg\" class=\"attachment-small size-small\" alt=\"Kia PV5 Tripulaci\u00f3n\" loading=\"lazy\"><i class=\"fa fa-search-plus\" aria-hidden=\"true\"><\/i><br \/>\n\t\t\t\t\t\t<\/span><br \/>\n\t\t\t\t\t<\/figure>\n<figure>\n\t\t\t\t\t<span style=\"cursor: pointer\" data-src=\"https:\/\/autorai.nl\/wp-content\/uploads\/2025\/02\/kia-pv5-passenger-ext-static-digital-1920x1080-3-1600x900.jpg\" data-fancybox=\"galery-0\" title=\"\"><br \/>\n\t\t\t\t\t\t\t<img decoding=\"async\" width=\"640\" height=\"480\" src=\"https:\/\/autorai.nl\/wp-content\/uploads\/2025\/02\/kia-pv5-passenger-ext-static-digital-1920x1080-3-640x480.jpg\" class=\"attachment-medium size-medium\" alt=\"\" loading=\"lazy\"><i class=\"fa fa-search-plus\" aria-hidden=\"true\"><\/i><br \/>\n\t\t\t\t\t\t<\/span><br \/>\n\t\t\t\t\t<\/figure>\n<figure>\n\t\t\t\t\t<span style=\"cursor: pointer\" data-src=\"https:\/\/autorai.nl\/wp-content\/uploads\/2025\/02\/kia-pv5-passenger-ext-static-print-3600x2400-5-1600x1067.jpg\" data-fancybox=\"galery-0\" title=\"\"><br \/>\n\t\t\t\t\t\t\t<img decoding=\"async\" width=\"360\" height=\"270\" src=\"https:\/\/autorai.nl\/wp-content\/uploads\/2025\/02\/kia-pv5-passenger-ext-static-print-3600x2400-5-360x270.jpg\" class=\"attachment-small size-small\" alt=\"\" loading=\"lazy\"><i class=\"fa fa-search-plus\" aria-hidden=\"true\"><\/i><br \/>\n\t\t\t\t\t\t<\/span><br \/>\n\t\t\t\t\t<\/figure>\n<figure>\n\t\t\t\t\t<span style=\"cursor: pointer\" data-src=\"https:\/\/autorai.nl\/wp-content\/uploads\/2025\/02\/kia-pv5-passenger-int-static-digital-1920x1080-1-1600x900.jpg\" data-fancybox=\"galery-0\" title=\"\"><br \/>\n\t\t\t\t\t\t\t<img decoding=\"async\" width=\"360\" height=\"270\" src=\"https:\/\/autorai.nl\/wp-content\/uploads\/2025\/02\/kia-pv5-passenger-int-static-digital-1920x1080-1-360x270.jpg\" class=\"attachment-small size-small\" alt=\"\" loading=\"lazy\"><i class=\"fa fa-search-plus\" aria-hidden=\"true\"><\/i><br \/>\n\t\t\t\t\t\t<\/span><br \/>\n\t\t\t\t\t<\/figure>\n<figure>\n\t\t\t\t\t<span style=\"cursor: pointer\" data-src=\"https:\/\/autorai.nl\/wp-content\/uploads\/2025\/02\/kia-pv5-passenger-ext-static-highres-3840x2160-2.png\" data-fancybox=\"galery-0\" title=\"\"><br \/>\n\t\t\t\t\t\t\t<img decoding=\"async\" width=\"640\" height=\"480\" src=\"https:\/\/autorai.nl\/wp-content\/uploads\/2025\/02\/kia-pv5-passenger-ext-static-highres-3840x2160-2-640x480.png\" class=\"attachment-medium size-medium\" alt=\"\" loading=\"lazy\"><i class=\"fa fa-search-plus\" aria-hidden=\"true\"><\/i><br \/>\n\t\t\t\t\t\t<\/span><br \/>\n\t\t\t\t\t<\/figure>\n<figure>\n\t\t\t\t\t<span style=\"cursor: pointer\" data-src=\"https:\/\/autorai.nl\/wp-content\/uploads\/2025\/02\/kia-pv5-crew-int-static-digital-1920x1080-2-1600x900.jpg\" data-fancybox=\"galery-0\" title=\"\"><br \/>\n\t\t\t\t\t\t\t<img decoding=\"async\" width=\"360\" height=\"270\" src=\"https:\/\/autorai.nl\/wp-content\/uploads\/2025\/02\/kia-pv5-crew-int-static-digital-1920x1080-2-360x270.jpg\" class=\"attachment-small size-small\" alt=\"\" loading=\"lazy\"><i class=\"fa fa-search-plus\" aria-hidden=\"true\"><\/i><br \/>\n\t\t\t\t\t\t<\/span><br \/>\n\t\t\t\t\t<\/figure>\n<figure>\n\t\t\t\t\t<span style=\"cursor: pointer\" data-src=\"https:\/\/autorai.nl\/wp-content\/uploads\/2025\/02\/kia-pv5-crew-int-static-print-3600x2400-1-1600x1067.jpg\" data-fancybox=\"galery-0\" title=\"\"><br \/>\n\t\t\t\t\t\t\t<img decoding=\"async\" width=\"360\" height=\"270\" src=\"https:\/\/autorai.nl\/wp-content\/uploads\/2025\/02\/kia-pv5-crew-int-static-print-3600x2400-1-360x270.jpg\" class=\"attachment-small size-small\" alt=\"\" loading=\"lazy\"><i class=\"fa fa-search-plus\" aria-hidden=\"true\"><\/i><br \/>\n\t\t\t\t\t\t<\/span><br \/>\n\t\t\t\t\t<\/figure>\n<figure>\n\t\t\t\t\t<span style=\"cursor: pointer\" data-src=\"https:\/\/autorai.nl\/wp-content\/uploads\/2025\/02\/kia-pv5-wav-int-static-digital-1920x1080-1-1600x900.jpg\" data-fancybox=\"galery-0\" title=\"\"><br \/>\n\t\t\t\t\t\t\t<img decoding=\"async\" width=\"640\" height=\"480\" src=\"https:\/\/autorai.nl\/wp-content\/uploads\/2025\/02\/kia-pv5-wav-int-static-digital-1920x1080-1-640x480.jpg\" class=\"attachment-medium size-medium\" alt=\"\" loading=\"lazy\"><i class=\"fa fa-search-plus\" aria-hidden=\"true\"><\/i><br \/>\n\t\t\t\t\t\t<\/span><br \/>\n\t\t\t\t\t<\/figure>\n<figure>\n\t\t\t\t\t<span style=\"cursor: pointer\" data-src=\"https:\/\/autorai.nl\/wp-content\/uploads\/2025\/02\/kia-pv5-wav-int-static-digital-1920x1080-3-1600x900.jpg\" data-fancybox=\"galery-0\" title=\"\"><br \/>\n\t\t\t\t\t\t\t<img decoding=\"async\" width=\"360\" height=\"270\" src=\"https:\/\/autorai.nl\/wp-content\/uploads\/2025\/02\/kia-pv5-wav-int-static-digital-1920x1080-3-360x270.jpg\" class=\"attachment-small size-small\" alt=\"\" loading=\"lazy\"><i class=\"fa fa-search-plus\" aria-hidden=\"true\"><\/i><br \/>\n\t\t\t\t\t\t<\/span><br \/>\n\t\t\t\t\t<\/figure>\n<figure>\n\t\t\t\t\t<span style=\"cursor: pointer\" data-src=\"https:\/\/autorai.nl\/wp-content\/uploads\/2025\/02\/kia-evday-all-lineup-digital-1920x1080-1-1600x900.jpg\" data-fancybox=\"galery-0\" title=\"\"><br \/>\n\t\t\t\t\t\t\t<img decoding=\"async\" width=\"360\" height=\"270\" src=\"https:\/\/autorai.nl\/wp-content\/uploads\/2025\/02\/kia-evday-all-lineup-digital-1920x1080-1-360x270.jpg\" class=\"attachment-small size-small\" alt=\"\" loading=\"lazy\"><i class=\"fa fa-search-plus\" aria-hidden=\"true\"><\/i><br \/>\n\t\t\t\t\t\t<\/span><br \/>\n\t\t\t\t\t<\/figure>\n<figure>\n\t\t\t\t\t<span style=\"cursor: pointer\" data-src=\"https:\/\/autorai.nl\/wp-content\/uploads\/2025\/02\/kia-evday-pv5-passenger-cargo-lineup-print-3600x2400-1-1600x1067.jpg\" data-fancybox=\"galery-0\" title=\"\"><br \/>\n\t\t\t\t\t\t\t<img decoding=\"async\" width=\"640\" height=\"480\" src=\"https:\/\/autorai.nl\/wp-content\/uploads\/2025\/02\/kia-evday-pv5-passenger-cargo-lineup-print-3600x2400-1-640x480.jpg\" class=\"attachment-medium size-medium\" alt=\"\" loading=\"lazy\"><i class=\"fa fa-search-plus\" aria-hidden=\"true\"><\/i><br \/>\n\t\t\t\t\t\t<\/span><br \/>\n\t\t\t\t\t<\/figure>\n<figure>\n\t\t\t\t\t<span style=\"cursor: pointer\" data-src=\"https:\/\/autorai.nl\/wp-content\/uploads\/2025\/02\/kia-pv5-passenger-int-static-digital-1920x1080-3-1600x900.jpg\" data-fancybox=\"galery-0\" title=\"\"><br \/>\n\t\t\t\t\t\t\t<img decoding=\"async\" width=\"360\" height=\"270\" src=\"https:\/\/autorai.nl\/wp-content\/uploads\/2025\/02\/kia-pv5-passenger-int-static-digital-1920x1080-3-360x270.jpg\" class=\"attachment-small size-small\" alt=\"\" loading=\"lazy\"><i class=\"fa fa-search-plus\" aria-hidden=\"true\"><\/i><br \/>\n\t\t\t\t\t\t<\/span><br \/>\n\t\t\t\t\t<\/figure>\n<figure>\n\t\t\t\t\t<span style=\"cursor: pointer\" data-src=\"https:\/\/autorai.nl\/wp-content\/uploads\/2025\/02\/kia-pv5-passenger-ext-static-digital-1920x1080-1-1600x900.jpg\" data-fancybox=\"galery-0\" title=\"\"><br \/>\n\t\t\t\t\t\t\t<img decoding=\"async\" width=\"360\" height=\"270\" src=\"https:\/\/autorai.nl\/wp-content\/uploads\/2025\/02\/kia-pv5-passenger-ext-static-digital-1920x1080-1-360x270.jpg\" class=\"attachment-small size-small\" alt=\"\" loading=\"lazy\"><i class=\"fa fa-search-plus\" aria-hidden=\"true\"><\/i><br \/>\n\t\t\t\t\t\t<\/span><br \/>\n\t\t\t\t\t<\/figure>\n<figure>\n\t\t\t\t\t<span style=\"cursor: pointer\" data-src=\"https:\/\/autorai.nl\/wp-content\/uploads\/2025\/02\/kia-pv5-passenger-int-static-digital-1920x1080-4-1600x900.jpg\" data-fancybox=\"galery-0\" title=\"\"><br \/>\n\t\t\t\t\t\t\t<img decoding=\"async\" width=\"640\" height=\"480\" src=\"https:\/\/autorai.nl\/wp-content\/uploads\/2025\/02\/kia-pv5-passenger-int-static-digital-1920x1080-4-640x480.jpg\" class=\"attachment-medium size-medium\" alt=\"\" loading=\"lazy\"><i class=\"fa fa-search-plus\" aria-hidden=\"true\"><\/i><br \/>\n\t\t\t\t\t\t<\/span><br \/>\n\t\t\t\t\t<\/figure>\n<figure>\n\t\t\t\t\t<span style=\"cursor: pointer\" data-src=\"https:\/\/autorai.nl\/wp-content\/uploads\/2025\/02\/kia-pv5-passenger-int-static-digital-1920x1080-5-1600x900.jpg\" data-fancybox=\"galery-0\" title=\"\"><br \/>\n\t\t\t\t\t\t\t<img decoding=\"async\" width=\"360\" height=\"270\" src=\"https:\/\/autorai.nl\/wp-content\/uploads\/2025\/02\/kia-pv5-passenger-int-static-digital-1920x1080-5-360x270.jpg\" class=\"attachment-small size-small\" alt=\"\" loading=\"lazy\"><i class=\"fa fa-search-plus\" aria-hidden=\"true\"><\/i><br \/>\n\t\t\t\t\t\t<\/span><br \/>\n\t\t\t\t\t<\/figure>\n<figure>\n\t\t\t\t\t<span style=\"cursor: pointer\" data-src=\"https:\/\/autorai.nl\/wp-content\/uploads\/2025\/02\/kia-pv5-cargo-int-static-print-3600x2400-3-1600x1067.jpg\" data-fancybox=\"galery-0\" title=\"\"><br \/>\n\t\t\t\t\t\t\t<img decoding=\"async\" width=\"360\" height=\"270\" src=\"https:\/\/autorai.nl\/wp-content\/uploads\/2025\/02\/kia-pv5-cargo-int-static-print-3600x2400-3-360x270.jpg\" class=\"attachment-small size-small\" alt=\"\" loading=\"lazy\"><i class=\"fa fa-search-plus\" aria-hidden=\"true\"><\/i><br \/>\n\t\t\t\t\t\t<\/span><br \/>\n\t\t\t\t\t<\/figure>\n<figure>\n\t\t\t\t\t<span style=\"cursor: pointer\" data-src=\"https:\/\/autorai.nl\/wp-content\/uploads\/2025\/02\/kia-pv5-cargo-int-static-print-3600x2400-1-1600x1067.jpg\" data-fancybox=\"galery-0\" title=\"\"><br \/>\n\t\t\t\t\t\t\t<img decoding=\"async\" width=\"640\" height=\"480\" src=\"https:\/\/autorai.nl\/wp-content\/uploads\/2025\/02\/kia-pv5-cargo-int-static-print-3600x2400-1-640x480.jpg\" class=\"attachment-medium size-medium\" alt=\"\" loading=\"lazy\"><i class=\"fa fa-search-plus\" aria-hidden=\"true\"><\/i><br \/>\n\t\t\t\t\t\t<\/span><br \/>\n\t\t\t\t\t<\/figure>\n<figure>\n\t\t\t\t\t<span style=\"cursor: pointer\" data-src=\"https:\/\/autorai.nl\/wp-content\/uploads\/2025\/02\/kia-pv5-cargo-ext-static-digital-1920x1080-1-1600x900.jpg\" data-fancybox=\"galery-0\" title=\"\"><br \/>\n\t\t\t\t\t\t\t<img decoding=\"async\" width=\"360\" height=\"270\" src=\"https:\/\/autorai.nl\/wp-content\/uploads\/2025\/02\/kia-pv5-cargo-ext-static-digital-1920x1080-1-360x270.jpg\" class=\"attachment-small size-small\" alt=\"\" loading=\"lazy\"><i class=\"fa fa-search-plus\" aria-hidden=\"true\"><\/i><br \/>\n\t\t\t\t\t\t<\/span><br \/>\n\t\t\t\t\t<\/figure>\n<figure>\n\t\t\t\t\t<span style=\"cursor: pointer\" data-src=\"https:\/\/autorai.nl\/wp-content\/uploads\/2025\/02\/kia-pv5-cargo-ext-static-digital-1920x1080-3-1600x900.jpg\" data-fancybox=\"galery-0\" title=\"\"><br \/>\n\t\t\t\t\t\t\t<img decoding=\"async\" width=\"360\" height=\"270\" src=\"https:\/\/autorai.nl\/wp-content\/uploads\/2025\/02\/kia-pv5-cargo-ext-static-digital-1920x1080-3-360x270.jpg\" class=\"attachment-small size-small\" alt=\"\" loading=\"lazy\"><i class=\"fa fa-search-plus\" aria-hidden=\"true\"><\/i><br \/>\n\t\t\t\t\t\t<\/span><br \/>\n\t\t\t\t\t<\/figure>\n<div class=\"clear\"><\/div>\n<\/div>\n","protected":false},"excerpt":{"rendered":"Kia PV5: carrocer\u00eda mModular y varias variantes El Kia PV5 se ofrece en tres versiones b\u00e1sicas: Pasajero, Carga y Chasis&hellip;","protected":false},"author":0,"featured_media":153044,"comment_status":"","ping_status":"open","sticky":false,"template":"","format":"standard","meta":{"footnotes":""},"categories":[126],"tags":[],"class_list":["post-153064","post","type-post","status-publish","format-standard","has-post-thumbnail","hentry","category-noticias-de-autos"],"acf":[],"yoast_head":"<!-- This site is optimized with the Yoast SEO plugin v21.2 - https:\/\/yoast.com\/wordpress\/plugins\/seo\/ -->\n<title>Kia PV5: el primer &quot;coche de empresa&quot; el\u00e9ctrico de Kia - All cars news<\/title>\n<meta name=\"robots\" content=\"index, follow, max-snippet:-1, max-image-preview:large, max-video-preview:-1\" \/>\n<link rel=\"canonical\" href=\"https:\/\/all-car-news.com\/es\/kia-pv5-el-primer-coche-de-empresa-electrico-de-kia\/\" \/>\n<meta property=\"og:locale\" content=\"es_ES\" \/>\n<meta property=\"og:type\" content=\"article\" \/>\n<meta property=\"og:title\" content=\"Kia PV5: el primer &quot;coche de empresa&quot; el\u00e9ctrico de Kia - All cars news\" \/>\n<meta property=\"og:description\" content=\"Kia PV5: carrocer\u00eda mModular y varias variantes El Kia PV5 se ofrece en tres versiones b\u00e1sicas: Pasajero, Carga y Chasis Cabina. Gracias a la arquitectura de la plataforma E-GMP.S, Kia puede realizar f\u00e1cilmente diversas configuraciones del veh\u00edculo. Adem\u00e1s de las versiones est\u00e1ndar, los modelos de conversi\u00f3n incluyen el Crew, Drop Side, Box Van, Freezer Box, Prime y Light Camper. Tambi\u00e9n habr\u00e1 un Veh\u00edculo Accesible para Sillas de Ruedas [...]\" \/>\n<meta property=\"og:url\" content=\"https:\/\/all-car-news.com\/es\/kia-pv5-el-primer-coche-de-empresa-electrico-de-kia\/\" \/>\n<meta property=\"og:site_name\" content=\"All cars news\" \/>\n<meta property=\"article:published_time\" content=\"2025-03-01T10:36:00+00:00\" \/>\n<meta property=\"og:image\" content=\"https:\/\/autorai.nl\/wp-content\/uploads\/2025\/02\/kia-pv5-crew-ext-static-print-3600x2400-2-1140x760.jpg\" \/>\n<meta name=\"twitter:card\" content=\"summary_large_image\" \/>\n<meta name=\"twitter:label1\" content=\"Tiempo de lectura\" \/>\n\t<meta name=\"twitter:data1\" content=\"5 minutos\" \/>\n<script type=\"application\/ld+json\" class=\"yoast-schema-graph\">{\"@context\":\"https:\/\/schema.org\",\"@graph\":[{\"@type\":\"Article\",\"@id\":\"https:\/\/all-car-news.com\/es\/kia-pv5-el-primer-coche-de-empresa-electrico-de-kia\/#article\",\"isPartOf\":{\"@id\":\"https:\/\/all-car-news.com\/es\/kia-pv5-el-primer-coche-de-empresa-electrico-de-kia\/\"},\"author\":{\"name\":\"\",\"@id\":\"\"},\"headline\":\"Kia PV5: el primer \u00abcoche de empresa\u00bb el\u00e9ctrico de Kia\",\"datePublished\":\"2025-03-01T10:36:00+00:00\",\"dateModified\":\"2025-03-01T10:36:00+00:00\",\"mainEntityOfPage\":{\"@id\":\"https:\/\/all-car-news.com\/es\/kia-pv5-el-primer-coche-de-empresa-electrico-de-kia\/\"},\"wordCount\":934,\"publisher\":{\"@id\":\"https:\/\/all-car-news.com\/es\/#organization\"},\"articleSection\":[\"noticias de autos\"],\"inLanguage\":\"es\"},{\"@type\":\"WebPage\",\"@id\":\"https:\/\/all-car-news.com\/es\/kia-pv5-el-primer-coche-de-empresa-electrico-de-kia\/\",\"url\":\"https:\/\/all-car-news.com\/es\/kia-pv5-el-primer-coche-de-empresa-electrico-de-kia\/\",\"name\":\"Kia PV5: el primer \\\"coche de empresa\\\" el\u00e9ctrico de Kia - All cars news\",\"isPartOf\":{\"@id\":\"https:\/\/all-car-news.com\/es\/#website\"},\"datePublished\":\"2025-03-01T10:36:00+00:00\",\"dateModified\":\"2025-03-01T10:36:00+00:00\",\"breadcrumb\":{\"@id\":\"https:\/\/all-car-news.com\/es\/kia-pv5-el-primer-coche-de-empresa-electrico-de-kia\/#breadcrumb\"},\"inLanguage\":\"es\",\"potentialAction\":[{\"@type\":\"ReadAction\",\"target\":[\"https:\/\/all-car-news.com\/es\/kia-pv5-el-primer-coche-de-empresa-electrico-de-kia\/\"]}]},{\"@type\":\"BreadcrumbList\",\"@id\":\"https:\/\/all-car-news.com\/es\/kia-pv5-el-primer-coche-de-empresa-electrico-de-kia\/#breadcrumb\",\"itemListElement\":[{\"@type\":\"ListItem\",\"position\":1,\"name\":\"Home\",\"item\":\"https:\/\/all-car-news.com\/es\/\"},{\"@type\":\"ListItem\",\"position\":2,\"name\":\"Kia PV5: el primer \u00abcoche de empresa\u00bb el\u00e9ctrico de Kia\"}]},{\"@type\":\"WebSite\",\"@id\":\"https:\/\/all-car-news.com\/es\/#website\",\"url\":\"https:\/\/all-car-news.com\/es\/\",\"name\":\"All cars news\",\"description\":\"\",\"publisher\":{\"@id\":\"https:\/\/all-car-news.com\/es\/#organization\"},\"potentialAction\":[{\"@type\":\"SearchAction\",\"target\":{\"@type\":\"EntryPoint\",\"urlTemplate\":\"https:\/\/all-car-news.com\/es\/?s={search_term_string}\"},\"query-input\":\"required name=search_term_string\"}],\"inLanguage\":\"es\"},{\"@type\":\"Organization\",\"@id\":\"https:\/\/all-car-news.com\/es\/#organization\",\"name\":\"All cars news\",\"url\":\"https:\/\/all-car-news.com\/es\/\",\"logo\":{\"@type\":\"ImageObject\",\"inLanguage\":\"es\",\"@id\":\"https:\/\/all-car-news.com\/es\/#\/schema\/logo\/image\/\",\"url\":\"https:\/\/all-car-news.com\/wp-content\/uploads\/2022\/02\/CMYK-AllCarNews_LANDSCAPE_300px-1.png\",\"contentUrl\":\"https:\/\/all-car-news.com\/wp-content\/uploads\/2022\/02\/CMYK-AllCarNews_LANDSCAPE_300px-1.png\",\"width\":300,\"height\":100,\"caption\":\"All cars news\"},\"image\":{\"@id\":\"https:\/\/all-car-news.com\/es\/#\/schema\/logo\/image\/\"}}]}<\/script>\n<!-- \/ Yoast SEO plugin. -->","yoast_head_json":{"title":"Kia PV5: el primer \"coche de empresa\" el\u00e9ctrico de Kia - All cars news","robots":{"index":"index","follow":"follow","max-snippet":"max-snippet:-1","max-image-preview":"max-image-preview:large","max-video-preview":"max-video-preview:-1"},"canonical":"https:\/\/all-car-news.com\/es\/kia-pv5-el-primer-coche-de-empresa-electrico-de-kia\/","og_locale":"es_ES","og_type":"article","og_title":"Kia PV5: el primer \"coche de empresa\" el\u00e9ctrico de Kia - All cars news","og_description":"Kia PV5: carrocer\u00eda mModular y varias variantes El Kia PV5 se ofrece en tres versiones b\u00e1sicas: Pasajero, Carga y Chasis Cabina. Gracias a la arquitectura de la plataforma E-GMP.S, Kia puede realizar f\u00e1cilmente diversas configuraciones del veh\u00edculo. Adem\u00e1s de las versiones est\u00e1ndar, los modelos de conversi\u00f3n incluyen el Crew, Drop Side, Box Van, Freezer Box, Prime y Light Camper. Tambi\u00e9n habr\u00e1 un Veh\u00edculo Accesible para Sillas de Ruedas [...]","og_url":"https:\/\/all-car-news.com\/es\/kia-pv5-el-primer-coche-de-empresa-electrico-de-kia\/","og_site_name":"All cars news","article_published_time":"2025-03-01T10:36:00+00:00","og_image":[{"url":"https:\/\/autorai.nl\/wp-content\/uploads\/2025\/02\/kia-pv5-crew-ext-static-print-3600x2400-2-1140x760.jpg"}],"twitter_card":"summary_large_image","twitter_misc":{"Tiempo de lectura":"5 minutos"},"schema":{"@context":"https:\/\/schema.org","@graph":[{"@type":"Article","@id":"https:\/\/all-car-news.com\/es\/kia-pv5-el-primer-coche-de-empresa-electrico-de-kia\/#article","isPartOf":{"@id":"https:\/\/all-car-news.com\/es\/kia-pv5-el-primer-coche-de-empresa-electrico-de-kia\/"},"author":{"name":"","@id":""},"headline":"Kia PV5: el primer \u00abcoche de empresa\u00bb el\u00e9ctrico de Kia","datePublished":"2025-03-01T10:36:00+00:00","dateModified":"2025-03-01T10:36:00+00:00","mainEntityOfPage":{"@id":"https:\/\/all-car-news.com\/es\/kia-pv5-el-primer-coche-de-empresa-electrico-de-kia\/"},"wordCount":934,"publisher":{"@id":"https:\/\/all-car-news.com\/es\/#organization"},"articleSection":["noticias de autos"],"inLanguage":"es"},{"@type":"WebPage","@id":"https:\/\/all-car-news.com\/es\/kia-pv5-el-primer-coche-de-empresa-electrico-de-kia\/","url":"https:\/\/all-car-news.com\/es\/kia-pv5-el-primer-coche-de-empresa-electrico-de-kia\/","name":"Kia PV5: el primer \"coche de empresa\" el\u00e9ctrico de Kia - All cars news","isPartOf":{"@id":"https:\/\/all-car-news.com\/es\/#website"},"datePublished":"2025-03-01T10:36:00+00:00","dateModified":"2025-03-01T10:36:00+00:00","breadcrumb":{"@id":"https:\/\/all-car-news.com\/es\/kia-pv5-el-primer-coche-de-empresa-electrico-de-kia\/#breadcrumb"},"inLanguage":"es","potentialAction":[{"@type":"ReadAction","target":["https:\/\/all-car-news.com\/es\/kia-pv5-el-primer-coche-de-empresa-electrico-de-kia\/"]}]},{"@type":"BreadcrumbList","@id":"https:\/\/all-car-news.com\/es\/kia-pv5-el-primer-coche-de-empresa-electrico-de-kia\/#breadcrumb","itemListElement":[{"@type":"ListItem","position":1,"name":"Home","item":"https:\/\/all-car-news.com\/es\/"},{"@type":"ListItem","position":2,"name":"Kia PV5: el primer \u00abcoche de empresa\u00bb el\u00e9ctrico de Kia"}]},{"@type":"WebSite","@id":"https:\/\/all-car-news.com\/es\/#website","url":"https:\/\/all-car-news.com\/es\/","name":"All cars news","description":"","publisher":{"@id":"https:\/\/all-car-news.com\/es\/#organization"},"potentialAction":[{"@type":"SearchAction","target":{"@type":"EntryPoint","urlTemplate":"https:\/\/all-car-news.com\/es\/?s={search_term_string}"},"query-input":"required name=search_term_string"}],"inLanguage":"es"},{"@type":"Organization","@id":"https:\/\/all-car-news.com\/es\/#organization","name":"All cars news","url":"https:\/\/all-car-news.com\/es\/","logo":{"@type":"ImageObject","inLanguage":"es","@id":"https:\/\/all-car-news.com\/es\/#\/schema\/logo\/image\/","url":"https:\/\/all-car-news.com\/wp-content\/uploads\/2022\/02\/CMYK-AllCarNews_LANDSCAPE_300px-1.png","contentUrl":"https:\/\/all-car-news.com\/wp-content\/uploads\/2022\/02\/CMYK-AllCarNews_LANDSCAPE_300px-1.png","width":300,"height":100,"caption":"All cars news"},"image":{"@id":"https:\/\/all-car-news.com\/es\/#\/schema\/logo\/image\/"}}]}},"_links":{"self":[{"href":"https:\/\/all-car-news.com\/es\/wp-json\/wp\/v2\/posts\/153064","targetHints":{"allow":["GET"]}}],"collection":[{"href":"https:\/\/all-car-news.com\/es\/wp-json\/wp\/v2\/posts"}],"about":[{"href":"https:\/\/all-car-news.com\/es\/wp-json\/wp\/v2\/types\/post"}],"replies":[{"embeddable":true,"href":"https:\/\/all-car-news.com\/es\/wp-json\/wp\/v2\/comments?post=153064"}],"version-history":[{"count":0,"href":"https:\/\/all-car-news.com\/es\/wp-json\/wp\/v2\/posts\/153064\/revisions"}],"wp:featuredmedia":[{"embeddable":true,"href":"https:\/\/all-car-news.com\/es\/wp-json\/wp\/v2\/media\/153044"}],"wp:attachment":[{"href":"https:\/\/all-car-news.com\/es\/wp-json\/wp\/v2\/media?parent=153064"}],"wp:term":[{"taxonomy":"category","embeddable":true,"href":"https:\/\/all-car-news.com\/es\/wp-json\/wp\/v2\/categories?post=153064"},{"taxonomy":"post_tag","embeddable":true,"href":"https:\/\/all-car-news.com\/es\/wp-json\/wp\/v2\/tags?post=153064"}],"curies":[{"name":"wp","href":"https:\/\/api.w.org\/{rel}","templated":true}]}}