{"id":152474,"date":"2024-12-02T07:39:17","date_gmt":"2024-12-02T07:39:17","guid":{"rendered":"https:\/\/all-car-news.com\/el-volvo-es90-ya-esta-incluido-en-la-gama-online\/"},"modified":"2024-12-02T07:39:17","modified_gmt":"2024-12-02T07:39:17","slug":"el-volvo-es90-ya-esta-incluido-en-la-gama-online","status":"publish","type":"post","link":"https:\/\/all-car-news.com\/es\/el-volvo-es90-ya-esta-incluido-en-la-gama-online\/","title":{"rendered":"El Volvo ES90 ya est\u00e1 incluido en la gama online"},"content":{"rendered":"<h2>Volvo ES90: una berlina premium el\u00e9ctrica<\/h2>\n<p>A\u00fan no se sabe mucho sobre el Volvo ES90. Volvo ya ha publicado un teaser en el que podemos ver la berlina premium el\u00e9ctrica en diagonal desde abajo. En t\u00e9rminos de dise\u00f1o, el modelo tiene obviamente grandes similitudes con los nuevos EX90 y EX30. As\u00ed que cuenta con una iluminaci\u00f3n pixelada y un ordenado interior dom\u00e9stico con grandes pantallas. El ES90 medir\u00e1 unos cinco metros de largo.    <\/p>\n<h2>Plataforma SPA2<\/h2>\n<p>El Volvo ES90 se basar\u00e1 en la plataforma SPA2. Sobre esta plataforma, Volvo produce exclusivamente coches totalmente el\u00e9ctricos. En cuanto a tecnolog\u00eda, cuenta tambi\u00e9n con similitudes con el Volvo EX90. Puedes pensar en un Motor Simple (205 kW (279 CV), 490 Nm), Motor Doble (300 kW (408 CV), 770 Nm) y Twin Performance (380 kW (517 CV), 910 Nm) y en paquetes de bater\u00edas de 104 a 111 kWh. El Volvo EX90 tiene una autonom\u00eda m\u00e1xima de 618 kil\u00f3metros (WLTP). El Volvo ES90, que tiene una l\u00ednea aerodin\u00e1mica mucho mejor, tendr\u00e1 una autonom\u00eda significativamente mayor. M\u00e1s detalles en la presentaci\u00f3n de marzo de 2025.      <\/p>\n<div class=\"galery galery-0\">\n<figure>\n\t\t\t\t\t<span style=\"cursor: pointer\" data-src=\"https:\/\/autorai.nl\/wp-content\/uploads\/2024\/12\/volvo-es90-teaser-1600x1000.jpg\" data-fancybox=\"galery-0\" title=\"\"><br \/>\n\t\t\t\t\t\t\t<img decoding=\"async\" width=\"360\" height=\"270\" src=\"https:\/\/autorai.nl\/wp-content\/uploads\/2024\/12\/volvo-es90-teaser-360x270.jpg\" class=\"attachment-small size-small\" alt=\"\" loading=\"lazy\"><i class=\"fa fa-search-plus\" aria-hidden=\"true\"><\/i><br \/>\n\t\t\t\t\t\t<\/span><br \/>\n\t\t\t\t\t<\/figure>\n<figure>\n\t\t\t\t\t<span style=\"cursor: pointer\" data-src=\"https:\/\/autorai.nl\/wp-content\/uploads\/2024\/12\/volvo-es90-teaser2-1600x1000.jpg\" data-fancybox=\"galery-0\" title=\"\"><br \/>\n\t\t\t\t\t\t\t<img decoding=\"async\" width=\"360\" height=\"270\" src=\"https:\/\/autorai.nl\/wp-content\/uploads\/2024\/12\/volvo-es90-teaser2-360x270.jpg\" class=\"attachment-small size-small\" alt=\"\" loading=\"lazy\"><i class=\"fa fa-search-plus\" aria-hidden=\"true\"><\/i><br \/>\n\t\t\t\t\t\t<\/span><br \/>\n\t\t\t\t\t<\/figure>\n<div class=\"clear\"><\/div>\n<\/div>\n<h2>Otros asuntos<\/h2>\n<p>Entre bastidores, Volvo Cars tambi\u00e9n est\u00e1 ocupada haciendo otras cosas. Por ejemplo, la marca ha vendido recientemente su participaci\u00f3n del 30% en Lynk &amp; Co a Zeekr. Se espera que esta transacci\u00f3n se cierre en el primer trimestre de 2025.  <\/p>\n<p>Volvo Cars ha sido accionista minoritario de Lynk &amp; Co desde la fundaci\u00f3n de la empresa en 2017. La desinversi\u00f3n est\u00e1 relacionada con una nueva fase de desarrollo de Lynk &amp; Co, que incluye una nueva estructura de propiedad de la empresa. Volvo Cars seguir\u00e1 centr\u00e1ndose en colaboraciones operativas con Lynk &amp; Co en mercados seleccionados en los que exista una ventaja estrat\u00e9gica para ambas empresas.  <\/p>\n","protected":false},"excerpt":{"rendered":"Volvo ES90: una berlina premium el\u00e9ctrica A\u00fan no se sabe mucho del Volvo ES90. Volvo ya ha publicado un teaser&hellip;","protected":false},"author":0,"featured_media":150413,"comment_status":"","ping_status":"open","sticky":false,"template":"","format":"standard","meta":{"footnotes":""},"categories":[126],"tags":[],"class_list":["post-152474","post","type-post","status-publish","format-standard","has-post-thumbnail","hentry","category-noticias-de-autos"],"acf":[],"yoast_head":"<!-- This site is optimized with the Yoast SEO plugin v21.2 - https:\/\/yoast.com\/wordpress\/plugins\/seo\/ -->\n<title>El Volvo ES90 ya est\u00e1 incluido en la gama online - All cars news<\/title>\n<meta name=\"robots\" content=\"index, follow, max-snippet:-1, max-image-preview:large, max-video-preview:-1\" \/>\n<link rel=\"canonical\" href=\"https:\/\/all-car-news.com\/es\/el-volvo-es90-ya-esta-incluido-en-la-gama-online\/\" \/>\n<meta property=\"og:locale\" content=\"es_ES\" \/>\n<meta property=\"og:type\" content=\"article\" \/>\n<meta property=\"og:title\" content=\"El Volvo ES90 ya est\u00e1 incluido en la gama online - All cars news\" \/>\n<meta property=\"og:description\" content=\"Volvo ES90: una berlina premium el\u00e9ctrica A\u00fan no se sabe mucho del Volvo ES90. Volvo ya ha publicado un teaser en el que podemos ver la berlina premium el\u00e9ctrica en diagonal desde abajo. En t\u00e9rminos de dise\u00f1o, el modelo tiene obviamente grandes similitudes con los nuevos EX90 y EX30. As\u00ed que cuenta con una iluminaci\u00f3n pixelada y un [...]\" \/>\n<meta property=\"og:url\" content=\"https:\/\/all-car-news.com\/es\/el-volvo-es90-ya-esta-incluido-en-la-gama-online\/\" \/>\n<meta property=\"og:site_name\" content=\"All cars news\" \/>\n<meta property=\"article:published_time\" content=\"2024-12-02T07:39:17+00:00\" \/>\n<meta property=\"og:image\" content=\"https:\/\/autorai.nl\/wp-content\/uploads\/2024\/12\/volvo-es90-teaser-360x270.jpg\" \/>\n<meta name=\"twitter:card\" content=\"summary_large_image\" \/>\n<meta name=\"twitter:label1\" content=\"Tiempo de lectura\" \/>\n\t<meta name=\"twitter:data1\" content=\"1 minuto\" \/>\n<script type=\"application\/ld+json\" class=\"yoast-schema-graph\">{\"@context\":\"https:\/\/schema.org\",\"@graph\":[{\"@type\":\"Article\",\"@id\":\"https:\/\/all-car-news.com\/es\/el-volvo-es90-ya-esta-incluido-en-la-gama-online\/#article\",\"isPartOf\":{\"@id\":\"https:\/\/all-car-news.com\/es\/el-volvo-es90-ya-esta-incluido-en-la-gama-online\/\"},\"author\":{\"name\":\"\",\"@id\":\"\"},\"headline\":\"El Volvo ES90 ya est\u00e1 incluido en la gama online\",\"datePublished\":\"2024-12-02T07:39:17+00:00\",\"dateModified\":\"2024-12-02T07:39:17+00:00\",\"mainEntityOfPage\":{\"@id\":\"https:\/\/all-car-news.com\/es\/el-volvo-es90-ya-esta-incluido-en-la-gama-online\/\"},\"wordCount\":307,\"publisher\":{\"@id\":\"https:\/\/all-car-news.com\/es\/#organization\"},\"articleSection\":[\"noticias de autos\"],\"inLanguage\":\"es\"},{\"@type\":\"WebPage\",\"@id\":\"https:\/\/all-car-news.com\/es\/el-volvo-es90-ya-esta-incluido-en-la-gama-online\/\",\"url\":\"https:\/\/all-car-news.com\/es\/el-volvo-es90-ya-esta-incluido-en-la-gama-online\/\",\"name\":\"El Volvo ES90 ya est\u00e1 incluido en la gama online - All cars news\",\"isPartOf\":{\"@id\":\"https:\/\/all-car-news.com\/es\/#website\"},\"datePublished\":\"2024-12-02T07:39:17+00:00\",\"dateModified\":\"2024-12-02T07:39:17+00:00\",\"breadcrumb\":{\"@id\":\"https:\/\/all-car-news.com\/es\/el-volvo-es90-ya-esta-incluido-en-la-gama-online\/#breadcrumb\"},\"inLanguage\":\"es\",\"potentialAction\":[{\"@type\":\"ReadAction\",\"target\":[\"https:\/\/all-car-news.com\/es\/el-volvo-es90-ya-esta-incluido-en-la-gama-online\/\"]}]},{\"@type\":\"BreadcrumbList\",\"@id\":\"https:\/\/all-car-news.com\/es\/el-volvo-es90-ya-esta-incluido-en-la-gama-online\/#breadcrumb\",\"itemListElement\":[{\"@type\":\"ListItem\",\"position\":1,\"name\":\"Home\",\"item\":\"https:\/\/all-car-news.com\/es\/\"},{\"@type\":\"ListItem\",\"position\":2,\"name\":\"El Volvo ES90 ya est\u00e1 incluido en la gama online\"}]},{\"@type\":\"WebSite\",\"@id\":\"https:\/\/all-car-news.com\/es\/#website\",\"url\":\"https:\/\/all-car-news.com\/es\/\",\"name\":\"All cars news\",\"description\":\"\",\"publisher\":{\"@id\":\"https:\/\/all-car-news.com\/es\/#organization\"},\"potentialAction\":[{\"@type\":\"SearchAction\",\"target\":{\"@type\":\"EntryPoint\",\"urlTemplate\":\"https:\/\/all-car-news.com\/es\/?s={search_term_string}\"},\"query-input\":\"required name=search_term_string\"}],\"inLanguage\":\"es\"},{\"@type\":\"Organization\",\"@id\":\"https:\/\/all-car-news.com\/es\/#organization\",\"name\":\"All cars news\",\"url\":\"https:\/\/all-car-news.com\/es\/\",\"logo\":{\"@type\":\"ImageObject\",\"inLanguage\":\"es\",\"@id\":\"https:\/\/all-car-news.com\/es\/#\/schema\/logo\/image\/\",\"url\":\"https:\/\/all-car-news.com\/wp-content\/uploads\/2022\/02\/CMYK-AllCarNews_LANDSCAPE_300px-1.png\",\"contentUrl\":\"https:\/\/all-car-news.com\/wp-content\/uploads\/2022\/02\/CMYK-AllCarNews_LANDSCAPE_300px-1.png\",\"width\":300,\"height\":100,\"caption\":\"All cars news\"},\"image\":{\"@id\":\"https:\/\/all-car-news.com\/es\/#\/schema\/logo\/image\/\"}}]}<\/script>\n<!-- \/ Yoast SEO plugin. -->","yoast_head_json":{"title":"El Volvo ES90 ya est\u00e1 incluido en la gama online - All cars news","robots":{"index":"index","follow":"follow","max-snippet":"max-snippet:-1","max-image-preview":"max-image-preview:large","max-video-preview":"max-video-preview:-1"},"canonical":"https:\/\/all-car-news.com\/es\/el-volvo-es90-ya-esta-incluido-en-la-gama-online\/","og_locale":"es_ES","og_type":"article","og_title":"El Volvo ES90 ya est\u00e1 incluido en la gama online - All cars news","og_description":"Volvo ES90: una berlina premium el\u00e9ctrica A\u00fan no se sabe mucho del Volvo ES90. Volvo ya ha publicado un teaser en el que podemos ver la berlina premium el\u00e9ctrica en diagonal desde abajo. En t\u00e9rminos de dise\u00f1o, el modelo tiene obviamente grandes similitudes con los nuevos EX90 y EX30. As\u00ed que cuenta con una iluminaci\u00f3n pixelada y un [...]","og_url":"https:\/\/all-car-news.com\/es\/el-volvo-es90-ya-esta-incluido-en-la-gama-online\/","og_site_name":"All cars news","article_published_time":"2024-12-02T07:39:17+00:00","og_image":[{"url":"https:\/\/autorai.nl\/wp-content\/uploads\/2024\/12\/volvo-es90-teaser-360x270.jpg"}],"twitter_card":"summary_large_image","twitter_misc":{"Tiempo de lectura":"1 minuto"},"schema":{"@context":"https:\/\/schema.org","@graph":[{"@type":"Article","@id":"https:\/\/all-car-news.com\/es\/el-volvo-es90-ya-esta-incluido-en-la-gama-online\/#article","isPartOf":{"@id":"https:\/\/all-car-news.com\/es\/el-volvo-es90-ya-esta-incluido-en-la-gama-online\/"},"author":{"name":"","@id":""},"headline":"El Volvo ES90 ya est\u00e1 incluido en la gama online","datePublished":"2024-12-02T07:39:17+00:00","dateModified":"2024-12-02T07:39:17+00:00","mainEntityOfPage":{"@id":"https:\/\/all-car-news.com\/es\/el-volvo-es90-ya-esta-incluido-en-la-gama-online\/"},"wordCount":307,"publisher":{"@id":"https:\/\/all-car-news.com\/es\/#organization"},"articleSection":["noticias de autos"],"inLanguage":"es"},{"@type":"WebPage","@id":"https:\/\/all-car-news.com\/es\/el-volvo-es90-ya-esta-incluido-en-la-gama-online\/","url":"https:\/\/all-car-news.com\/es\/el-volvo-es90-ya-esta-incluido-en-la-gama-online\/","name":"El Volvo ES90 ya est\u00e1 incluido en la gama online - All cars news","isPartOf":{"@id":"https:\/\/all-car-news.com\/es\/#website"},"datePublished":"2024-12-02T07:39:17+00:00","dateModified":"2024-12-02T07:39:17+00:00","breadcrumb":{"@id":"https:\/\/all-car-news.com\/es\/el-volvo-es90-ya-esta-incluido-en-la-gama-online\/#breadcrumb"},"inLanguage":"es","potentialAction":[{"@type":"ReadAction","target":["https:\/\/all-car-news.com\/es\/el-volvo-es90-ya-esta-incluido-en-la-gama-online\/"]}]},{"@type":"BreadcrumbList","@id":"https:\/\/all-car-news.com\/es\/el-volvo-es90-ya-esta-incluido-en-la-gama-online\/#breadcrumb","itemListElement":[{"@type":"ListItem","position":1,"name":"Home","item":"https:\/\/all-car-news.com\/es\/"},{"@type":"ListItem","position":2,"name":"El Volvo ES90 ya est\u00e1 incluido en la gama online"}]},{"@type":"WebSite","@id":"https:\/\/all-car-news.com\/es\/#website","url":"https:\/\/all-car-news.com\/es\/","name":"All cars news","description":"","publisher":{"@id":"https:\/\/all-car-news.com\/es\/#organization"},"potentialAction":[{"@type":"SearchAction","target":{"@type":"EntryPoint","urlTemplate":"https:\/\/all-car-news.com\/es\/?s={search_term_string}"},"query-input":"required name=search_term_string"}],"inLanguage":"es"},{"@type":"Organization","@id":"https:\/\/all-car-news.com\/es\/#organization","name":"All cars news","url":"https:\/\/all-car-news.com\/es\/","logo":{"@type":"ImageObject","inLanguage":"es","@id":"https:\/\/all-car-news.com\/es\/#\/schema\/logo\/image\/","url":"https:\/\/all-car-news.com\/wp-content\/uploads\/2022\/02\/CMYK-AllCarNews_LANDSCAPE_300px-1.png","contentUrl":"https:\/\/all-car-news.com\/wp-content\/uploads\/2022\/02\/CMYK-AllCarNews_LANDSCAPE_300px-1.png","width":300,"height":100,"caption":"All cars news"},"image":{"@id":"https:\/\/all-car-news.com\/es\/#\/schema\/logo\/image\/"}}]}},"_links":{"self":[{"href":"https:\/\/all-car-news.com\/es\/wp-json\/wp\/v2\/posts\/152474","targetHints":{"allow":["GET"]}}],"collection":[{"href":"https:\/\/all-car-news.com\/es\/wp-json\/wp\/v2\/posts"}],"about":[{"href":"https:\/\/all-car-news.com\/es\/wp-json\/wp\/v2\/types\/post"}],"replies":[{"embeddable":true,"href":"https:\/\/all-car-news.com\/es\/wp-json\/wp\/v2\/comments?post=152474"}],"version-history":[{"count":0,"href":"https:\/\/all-car-news.com\/es\/wp-json\/wp\/v2\/posts\/152474\/revisions"}],"wp:featuredmedia":[{"embeddable":true,"href":"https:\/\/all-car-news.com\/es\/wp-json\/wp\/v2\/media\/150413"}],"wp:attachment":[{"href":"https:\/\/all-car-news.com\/es\/wp-json\/wp\/v2\/media?parent=152474"}],"wp:term":[{"taxonomy":"category","embeddable":true,"href":"https:\/\/all-car-news.com\/es\/wp-json\/wp\/v2\/categories?post=152474"},{"taxonomy":"post_tag","embeddable":true,"href":"https:\/\/all-car-news.com\/es\/wp-json\/wp\/v2\/tags?post=152474"}],"curies":[{"name":"wp","href":"https:\/\/api.w.org\/{rel}","templated":true}]}}