{"id":152470,"date":"2024-12-09T08:13:09","date_gmt":"2024-12-09T08:13:09","guid":{"rendered":"https:\/\/all-car-news.com\/este-es-el-numero-de-ejemplares-que-se-fabricaran-del-mercedes-amg-purespeed\/"},"modified":"2024-12-09T08:13:09","modified_gmt":"2024-12-09T08:13:09","slug":"este-es-el-numero-de-ejemplares-que-se-fabricaran-del-mercedes-amg-purespeed","status":"publish","type":"post","link":"https:\/\/all-car-news.com\/es\/este-es-el-numero-de-ejemplares-que-se-fabricaran-del-mercedes-amg-purespeed\/","title":{"rendered":"Este es el n\u00famero de ejemplares que se fabricar\u00e1n del Mercedes-AMG PureSpeed"},"content":{"rendered":"<h2>Mercedes-AMG PureSpeed<\/h2>\n<p>Michael Schiebe, Presidente del Consejo de Administraci\u00f3n de Mercedes-AMG GmbH, afirma: \u00abCon el Mercedes-AMG PureSpeed, experimentas las prestaciones y la diversi\u00f3n al volante de la forma m\u00e1s directa. Gracias al dise\u00f1o radicalmente abierto del coche, sin techo ni parabrisas, nada separa al conductor y al pasajero de los elementos, permiti\u00e9ndoles experimentar plenamente el coche, la carretera y el paisaje con todos sus sentidos. El llamativo dise\u00f1o reinterpreta elementos de los legendarios coches de carreras y tiene una silueta fascinante y atemporal. El PureSpeed re\u00fane los puntos fuertes tradicionales de AMG: coches muy emocionales y muy potentes que inspiran, a primera vista y al volante\u00bb.<\/p>\n<h2>Gui\u00f1o al hipercoche Mercedes-AMG One<\/h2>\n<p>Con su amplia toma de aire, la inscripci\u00f3n \u00abAMG\u00bb y la estrella Mercedes oscura y cromada en el morro blando, el frontal se asemeja al del Mercedes-AMG One. El deportivo tambi\u00e9n presenta un cap\u00f3 optimizado aerodin\u00e1micamente. Los elementos aerodin\u00e1micos de carbono visible en la parte inferior de la carrocer\u00eda contrastan fuertemente con las formas sensuales y redondeadas de la parte superior. La tapa del maletero y el difusor trasero tambi\u00e9n se han optimizado aerodin\u00e1micamente. En el dise\u00f1o de ambos elementos se ha tenido en cuenta la ausencia de techo.    <\/p>\n<h2>Llantas de aluminio forjado de 21 pulgadas<\/h2>\n<p>El dise\u00f1o de las llantas de aluminio forjado de 21 pulgadas se caracteriza por cubiertas de carbono delante y detr\u00e1s. Las cubiertas traseras est\u00e1n totalmente cerradas para reducir la resistencia aerodin\u00e1mica. Las cubiertas delanteras est\u00e1n abiertas para optimizar el flujo de aire delantero y la refrigeraci\u00f3n de los frenos. El deportivo monta llantas de 9,5 J x 21 pulgadas con neum\u00e1ticos 275\/35 R21 delante y llantas de 11,0 J x 21 pulgadas con neum\u00e1ticos 305\/30 R21 detr\u00e1s.   <\/p>\n<figure class=\"wp-block-image size-content\"><img decoding=\"async\" loading=\"lazy\" width=\"1140\" height=\"855\" src=\"https:\/\/autorai.nl\/wp-content\/uploads\/2024\/12\/Mercedes-AMG-PureSpeed-2025-foto2-1140x855.jpg\" alt=\"Mercedes-AMG PureSpeed\" class=\"wp-image-190561\"><figcaption>Mercedes-AMG PureSpeed<\/figcaption><\/figure>\n<h2>Sistema halo en lugar de pilar A<\/h2>\n<p>Otro elemento destacado es el sistema de halo que sustituye al pilar A convencional. Inspirado en la m\u00e1xima categor\u00eda del automovilismo, este elemento forma parte de todos los coches de F\u00f3rmula 1 desde 2018. Protege la cabeza del conductor en caso de accidente. El sistema de seguridad del Mercedes-AMG PureSpeed consiste en una robusta barra tubular de acero. El \u00absistema de protecci\u00f3n antivuelco\u00bb tambi\u00e9n cuenta con dos barras antivuelco r\u00edgidas ocultas bajo las aletas aerodin\u00e1micas. Detalle interesante: el halo se ilumina indirectamente en la parte inferior mediante estrechas tiras de LED, llevando la iluminaci\u00f3n ambiental a un nuevo nivel.     <\/p>\n<h2>Mercedes-AMG PureSpeed: cascos incluidos<\/h2>\n<p>Tambi\u00e9n hay dos cascos aerodin\u00e1micamente optimizados, especialmente dise\u00f1ados y fabricados para el Mercedes-AMG PureSpeed. Est\u00e1n acabados en el color del coche e incorporan un sistema de intercomunicaci\u00f3n. Los cascos permiten al conductor y al pasajero hablar entre s\u00ed correctamente, incluso a altas velocidades. Los smartphones tambi\u00e9n pueden conectarse al sistema de intercomunicaci\u00f3n, lo que permite al conductor y al pasajero hacer llamadas y escuchar m\u00fasica a trav\u00e9s de los altavoces de los cascos.   <\/p>\n<h2>Homenaje a los modelos legendarios de Mercedes<\/h2>\n<p>Las dos palas situadas detr\u00e1s de los asientos llevan el emblema AMG y recuerdan a las de coches de carreras legendarios como el 300 SLR, el coche con el que Stirling Moss y Denis Jenkinson consiguieron la victoria en la Mille Miglia de 1955 (una carrera de 1.000 millas) en Italia. Como corresponde, el PureSpeed est\u00e1 acabado en la exclusiva pintura Silberpfeil mango plata m\u00edstica. <\/p>\n<figure class=\"wp-block-image size-content\"><img decoding=\"async\" loading=\"lazy\" width=\"1140\" height=\"855\" src=\"https:\/\/autorai.nl\/wp-content\/uploads\/2024\/12\/Mercedes-AMG-PureSpeed-2025-foto17-1140x855.jpg\" alt=\"Mercedes-AMG PureSpeed\" class=\"wp-image-190576\"><figcaption>Mercedes-AMG PureSpeed<\/figcaption><\/figure>\n<h2>Paquete opcional de estilo deportivo<\/h2>\n<p>El paquete opcional de estilo automovil\u00edstico incluye una pintura con un degradado de color que va del rojo Le Mans al gris grafito con un dibujo negro AMG. Este \u00faltimo rinde homenaje al color del Mercedes que gan\u00f3 la carrera Targa Florio en Sicilia hace exactamente 100 a\u00f1os. El coche de carreras estaba pintado de rojo, un color que entonces s\u00f3lo utilizaban los fabricantes italianos. Los coches de carreras alemanes, en cambio, eran tradicionalmente blancos. La pintura roja pretend\u00eda evitar que los tifosi del automovilismo italiano intentaran interferir en el coche de carreras alem\u00e1n. El plan funcion\u00f3: con Christian Werner al volante, el b\u00f3lido Mercedes de dos litros con el n\u00famero 10 cruz\u00f3 primero la l\u00ednea de meta. Para conmemorar esta victoria de hace 100 a\u00f1os, el paquete de estilo automovil\u00edstico incluye un \u00ab10\u00bb en los guardabarros delanteros.      <\/p>\n<h2>Concepto de color y equipamiento bicolor<\/h2>\n<p>Otro aspecto destacado del interior es el cl\u00e1sico concepto de color y equipamiento bitono en blanco cristal\/negro. Los asientos AMG Performance con tapicer\u00eda de cuero especial y costuras decorativas especiales ofrecen una sujeci\u00f3n lateral \u00f3ptima, adem\u00e1s de un aspecto exclusivo. El dise\u00f1o de los asientos con l\u00edneas fluidas se inspira en el aire que fluye alrededor del coche. Los asientos multicontorno y la ventilaci\u00f3n\/calefacci\u00f3n del asiento aumentan el confort. El respaldo de los asientos incorpora elementos de carbono. Las l\u00edneas fluidas tambi\u00e9n se aplican a las almohadillas de cuero integradas en la parte trasera de los asientos, mientras que las alfombrillas AMG de pelo largo reflejan el color, el dise\u00f1o y las costuras decorativas de los asientos. Los paneles de los umbrales de las puertas tambi\u00e9n est\u00e1n revestidos de cuero. El volante AMG Performance est\u00e1 acabado en dos colores.       <\/p>\n<h2>Reloj IWC Schaffhausen<\/h2>\n<p>Tambi\u00e9n llama la atenci\u00f3n en el interior el reloj anal\u00f3gico hecho a medida, dise\u00f1ado por IWC Schaffhausen. Ocupa un lugar destacado en el centro del salpicadero en una caja en forma de l\u00e1grima de color negro brillante sobre una base de carbono de visi\u00f3n. El atractivo cron\u00f3metro tiene una esfera espec\u00edfica PureSpeed con ventanillas AMG.  <\/p>\n<figure class=\"wp-block-image size-content\"><img decoding=\"async\" loading=\"lazy\" width=\"1140\" height=\"855\" src=\"https:\/\/autorai.nl\/wp-content\/uploads\/2024\/12\/Mercedes-AMG-PureSpeed-2025-foto14-1140x855.jpg\" alt=\"Mercedes-AMG PureSpeed con reloj IWC\" class=\"wp-image-190573\"><\/figure>\n<h2>Sonido envolvente 3D de alta gama Burmester<\/h2>\n<p>El sistema de sonido envolvente Burmester High-End 3D con 15 altavoces y 1.170 vatios de potencia del sistema proporciona una aut\u00e9ntica experiencia de sonido comparable a la de un festival veraniego al aire libre. La insignia \u00ab1 de 250\u00bb en la consola central deja claro que el deportivo forma parte de la serie Mythos, estrictamente limitada. <\/p>\n<h2>\u00bfY si llueve?<\/h2>\n<p>Para proteger el coche aparcado de las inclemencias del tiempo, como la lluvia o el viento, el PureSpeed incluye de serie una cubierta protectora. Se extiende sobre el interior, incluido el halo, de la forma tradicional y se fija a los pasos de rueda. Adem\u00e1s, cada cliente recibe una funda interior AMG espec\u00edfica para el PureSpeed hecha a medida. Con un exterior transpirable de fibras sint\u00e9ticas resistentes al desgarro y un interior antiest\u00e1tico de franela, protege el coche en el garaje del polvo y los ara\u00f1azos.   <\/p>\n<h2>Marco espacial de aluminio<\/h2>\n<p>El PureSpeed se basa en la arquitectura de coche deportivo de Mercedes-AMG. El chasis consiste en un bastidor espacial de aluminio con una estructura autoportante. Los materiales utilizados son aluminio, magnesio, compuestos de fibra y acero. Se utiliz\u00f3 carbono para los elementos aerodin\u00e1micos del fald\u00f3n delantero y trasero, las extensiones de los umbrales y el guarnecido detr\u00e1s de los asientos.   <\/p>\n<h2>Elementos aerodin\u00e1micos activos<\/h2>\n<p>El coche incorpora una serie de elementos aerodin\u00e1micos activos, como el aler\u00f3n trasero retr\u00e1ctil, perfectamente integrado en la tapa del maletero. Cambia de posici\u00f3n en funci\u00f3n de las condiciones de conducci\u00f3n. El software de direcci\u00f3n tiene en cuenta numerosos par\u00e1metros, como la velocidad de conducci\u00f3n, la aceleraci\u00f3n lateral y longitudinal y la velocidad de giro. El aler\u00f3n adopta cinco \u00e1ngulos diferentes a velocidades superiores a 80 km\/h, lo que le permite optimizar la estabilidad de conducci\u00f3n o reducir la resistencia aerodin\u00e1mica en funci\u00f3n de su posici\u00f3n.   <\/p>\n<p>El elemento aerodin\u00e1mico activo oculto en la placa inferior delante del motor tambi\u00e9n contribuye a una conducci\u00f3n segura y din\u00e1mica. Este perfil de carbono pesa unos 2 kg y responde a los programas de conducci\u00f3n AMG baj\u00e1ndolo autom\u00e1ticamente unos 40 mm a velocidades superiores a 80 km\/h. Esto crea el llamado efecto Venturi, que succiona el coche hacia la superficie de la carretera y reduce la elevaci\u00f3n del eje delantero. El conductor siente este efecto directamente en la direcci\u00f3n, ya que permite dirigir el PureSpeed con mayor precisi\u00f3n en las curvas y conducir con gran estabilidad en pista.   <\/p>\n<figure class=\"wp-block-image size-content\"><img decoding=\"async\" loading=\"lazy\" width=\"1140\" height=\"855\" src=\"https:\/\/autorai.nl\/wp-content\/uploads\/2024\/12\/Mercedes-AMG-PureSpeed-2025-foto20-1140x855.jpg\" alt=\"Visto de perfil\" class=\"wp-image-190579\"><\/figure>\n<h2>Motor V8-AMG biturbo de 4,0 litros<\/h2>\n<p>Lo propulsa un motor V8 AMG biturbo de 4,0 litros con una potencia m\u00e1xima de 430 kW (585 CV) y un par m\u00e1ximo de 800 Nm. El PureSpeed acelera de 0 a 100 km\/h en 3,6 segundos y alcanza una velocidad m\u00e1xima de 315 km\/h. Luego est\u00e1 el sabroso sonido del motor V8 AMG.  <\/p>\n<h2>Cambio AMG Speedshift MCT 9G<\/h2>\n<p>El cambio AMG Speedshift MCT 9G combina una experiencia de cambio emocional con tiempos de cambio extremadamente cortos. El convertidor de par se ha sustituido por un embrague h\u00famedo de arranque. Reduce el peso del coche y, gracias a una menor inercia, optimiza la respuesta a las \u00f3rdenes del acelerador, especialmente durante los sprints y los cambios de carga.  <\/p>\n<h2>Tracci\u00f3n total variable AMG Performance 4Matic+<\/h2>\n<p>El PureSpeed incorpora el sistema de tracci\u00f3n total AMG Performance 4Matic+. Este sistema inteligente combina las ventajas de diferentes conceptos de tracci\u00f3n. La distribuci\u00f3n totalmente variable del par entre los ejes delantero y trasero garantiza una tracci\u00f3n \u00f3ptima en los l\u00edmites f\u00edsicos, as\u00ed como una gran estabilidad y seguridad de conducci\u00f3n en todas las condiciones.  <\/p>\n<h2>Direcci\u00f3n activa del eje trasero<\/h2>\n<p>El PureSpeed est\u00e1 equipado con direcci\u00f3n activa del eje trasero. Dependiendo de la velocidad, las ruedas traseras giran en sentido contrario (por debajo de 100 km\/h) o en el mismo sentido (por encima de 100 km\/h) que las delanteras. Como resultado, el sistema ofrece una conducci\u00f3n \u00e1gil y estable. Otras ventajas son un control m\u00e1s f\u00e1cil del veh\u00edculo al l\u00edmite y un menor esfuerzo de direcci\u00f3n gracias a la relaci\u00f3n de direcci\u00f3n m\u00e1s directa en la parte delantera.   <\/p>\n<h2>Circulaci\u00f3n Mercedes-AMG PureSpeed<\/h2>\n<p>La peque\u00f1a serie exclusiva est\u00e1 estrictamente limitada a 250 ejemplares. A\u00fan no se conoce el precio de salida.<\/p>\n<div class=\"galery galery-0\">\n<figure>\n\t\t\t\t\t<span style=\"cursor: pointer\" data-src=\"https:\/\/autorai.nl\/wp-content\/uploads\/2024\/12\/Mercedes-AMG-PureSpeed-2025-foto1-1600x1200.jpg\" data-fancybox=\"galery-0\" title=\"2024 \/ Concepto Mercedes-AMG PureSpeed \/ Exterieurfarbe Le Mans Rot &amp; graphitgrau Metallic;(Energieverbrauch kombiniert: 13,7 l\/100 km | combined CO\u2082-Emissionen kombiniert: 312 g\/km | CO\u2082-Class: G)* 2024 \/ Concepto Mercedes-AMG PureSpeed \/ Exterieur color Le Mans red &amp; graphitgrey metallic;(Consumo de energ\u00eda combinado: 13.7 l\/100 km | Emisiones combinadas de CO\u2082: 312 g\/km | Clase de CO\u2082: G)*\"><br \/>\n\t\t\t\t\t\t\t<img decoding=\"async\" width=\"360\" height=\"270\" src=\"https:\/\/autorai.nl\/wp-content\/uploads\/2024\/12\/Mercedes-AMG-PureSpeed-2025-foto1-360x270.jpg\" class=\"attachment-small size-small\" alt=\"\" loading=\"lazy\"><i class=\"fa fa-search-plus\" aria-hidden=\"true\"><\/i><br \/>\n\t\t\t\t\t\t<\/span><br \/>\n\t\t\t\t\t<\/figure>\n<figure>\n\t\t\t\t\t<span style=\"cursor: pointer\" data-src=\"https:\/\/autorai.nl\/wp-content\/uploads\/2024\/12\/Mercedes-AMG-PureSpeed-2025-foto20-1600x1200.jpg\" data-fancybox=\"galery-0\" title=\"2024 \/ Concepto Mercedes-AMG PureSpeed \/ Exterieurfarbe Le Mans Rot &amp; graphitgrau Metallic;(Energieverbrauch kombiniert: 13,7 l\/100 km | combined CO\u2082-Emissionen kombiniert: 312 g\/km | CO\u2082-Class: G)* 2024 \/ Concepto Mercedes-AMG PureSpeed \/ Exterieur color Le Mans red &amp; graphitgrey metallic;(Consumo de energ\u00eda combinado: 13.7 l\/100 km | Emisiones combinadas de CO\u2082: 312 g\/km | Clase de CO\u2082: G)*\"><br \/>\n\t\t\t\t\t\t\t<img decoding=\"async\" width=\"360\" height=\"270\" src=\"https:\/\/autorai.nl\/wp-content\/uploads\/2024\/12\/Mercedes-AMG-PureSpeed-2025-foto20-360x270.jpg\" class=\"attachment-small size-small\" alt=\"Mercedes-AMG PureSpeed\" loading=\"lazy\"><i class=\"fa fa-search-plus\" aria-hidden=\"true\"><\/i><br \/>\n\t\t\t\t\t\t<\/span><br \/>\n\t\t\t\t\t<\/figure>\n<figure>\n\t\t\t\t\t<span style=\"cursor: pointer\" data-src=\"https:\/\/autorai.nl\/wp-content\/uploads\/2024\/12\/Mercedes-AMG-PureSpeed-2025-foto19-1600x1200.jpg\" data-fancybox=\"galery-0\" title=\"2024 \/ Concepto Mercedes-AMG PureSpeed \/ Exterieurfarbe Le Mans Rot &amp; graphitgreu Metallic;(Energieverbrauch kombiniert: 13,7 l\/100 km | combined CO\u2082-Emissionen kombiniert: 312 g\/km | CO\u2082-Class: G)* 2024 \/ Concepto Mercedes-AMG PureSpeed \/ Exterieur color Le Mans red &amp; graphitgrey metallic;(Consumo de energ\u00eda combinado: 13.7 l\/100 km | Emisiones combinadas de CO\u2082: 312 g\/km | Clase de CO\u2082: G)*\"><br \/>\n\t\t\t\t\t\t\t<img decoding=\"async\" width=\"360\" height=\"270\" src=\"https:\/\/autorai.nl\/wp-content\/uploads\/2024\/12\/Mercedes-AMG-PureSpeed-2025-foto19-360x270.jpg\" class=\"attachment-small size-small\" alt=\"\" loading=\"lazy\"><i class=\"fa fa-search-plus\" aria-hidden=\"true\"><\/i><br \/>\n\t\t\t\t\t\t<\/span><br \/>\n\t\t\t\t\t<\/figure>\n<figure>\n\t\t\t\t\t<span style=\"cursor: pointer\" data-src=\"https:\/\/autorai.nl\/wp-content\/uploads\/2024\/12\/Mercedes-AMG-PureSpeed-2025-foto18-1600x1200.jpg\" data-fancybox=\"galery-0\" title=\"2024 \/ Concepto Mercedes-AMG PureSpeed \/ Exterieurfarbe Le Mans Rot &amp; graphitgreu Metallic;(Energieverbrauch kombiniert: 13,7 l\/100 km | combined CO\u2082-Emissionen kombiniert: 312 g\/km | CO\u2082-Class: G)* 2024 \/ Concepto Mercedes-AMG PureSpeed \/ Exterieur color Le Mans red &amp; graphitgrey metallic;(Consumo de energ\u00eda combinado: 13.7 l\/100 km | Emisiones combinadas de CO\u2082: 312 g\/km | Clase de CO\u2082: G)*\"><br \/>\n\t\t\t\t\t\t\t<img decoding=\"async\" width=\"360\" height=\"270\" src=\"https:\/\/autorai.nl\/wp-content\/uploads\/2024\/12\/Mercedes-AMG-PureSpeed-2025-foto18-360x270.jpg\" class=\"attachment-small size-small\" alt=\"\" loading=\"lazy\"><i class=\"fa fa-search-plus\" aria-hidden=\"true\"><\/i><br \/>\n\t\t\t\t\t\t<\/span><br \/>\n\t\t\t\t\t<\/figure>\n<figure>\n\t\t\t\t\t<span style=\"cursor: pointer\" data-src=\"https:\/\/autorai.nl\/wp-content\/uploads\/2024\/12\/Mercedes-AMG-PureSpeed-2025-foto17-1600x1200.jpg\" data-fancybox=\"galery-0\" title=\"Mercedes-AMG PureSpeed\"><br \/>\n\t\t\t\t\t\t\t<img decoding=\"async\" width=\"360\" height=\"270\" src=\"https:\/\/autorai.nl\/wp-content\/uploads\/2024\/12\/Mercedes-AMG-PureSpeed-2025-foto17-360x270.jpg\" class=\"attachment-small size-small\" alt=\"Mercedes-AMG PureSpeed\" loading=\"lazy\"><i class=\"fa fa-search-plus\" aria-hidden=\"true\"><\/i><br \/>\n\t\t\t\t\t\t<\/span><br \/>\n\t\t\t\t\t<\/figure>\n<figure>\n\t\t\t\t\t<span style=\"cursor: pointer\" data-src=\"https:\/\/autorai.nl\/wp-content\/uploads\/2024\/12\/Mercedes-AMG-PureSpeed-2025-foto16-1600x1200.jpg\" data-fancybox=\"galery-0\" title=\"2024 \/ Concepto Mercedes-AMG PureSpeed \/ Exterieurfarbe Le Mans Rot &amp; graphitgreu Metallic;(Energieverbrauch kombiniert: 13,7 l\/100 km | combined CO\u2082-Emissionen kombiniert: 312 g\/km | CO\u2082-Class: G)* 2024 \/ Concepto Mercedes-AMG PureSpeed \/ Exterieur color Le Mans red &amp; graphitgrey metallic;(Consumo de energ\u00eda combinado: 13.7 l\/100 km | Emisiones combinadas de CO\u2082: 312 g\/km | Clase de CO\u2082: G)*\"><br \/>\n\t\t\t\t\t\t\t<img decoding=\"async\" width=\"360\" height=\"270\" src=\"https:\/\/autorai.nl\/wp-content\/uploads\/2024\/12\/Mercedes-AMG-PureSpeed-2025-foto16-360x270.jpg\" class=\"attachment-small size-small\" alt=\"\" loading=\"lazy\"><i class=\"fa fa-search-plus\" aria-hidden=\"true\"><\/i><br \/>\n\t\t\t\t\t\t<\/span><br \/>\n\t\t\t\t\t<\/figure>\n<figure>\n\t\t\t\t\t<span style=\"cursor: pointer\" data-src=\"https:\/\/autorai.nl\/wp-content\/uploads\/2024\/12\/Mercedes-AMG-PureSpeed-2025-foto15-1600x1200.jpg\" data-fancybox=\"galery-0\" title=\"2024 \/ Concepto Mercedes-AMG PureSpeed \/ Exterieurfarbe Le Mans Rot &amp; graphitgreu Metallic;(Energieverbrauch kombiniert: 13,7 l\/100 km | combined CO\u2082-Emissionen kombiniert: 312 g\/km | CO\u2082-Class: G)* 2024 \/ Concepto Mercedes-AMG PureSpeed \/ Exterieur color Le Mans red &amp; graphitgrey metallic;(Consumo de energ\u00eda combinado: 13.7 l\/100 km | Emisiones combinadas de CO\u2082: 312 g\/km | Clase de CO\u2082: G)*\"><br \/>\n\t\t\t\t\t\t\t<img decoding=\"async\" width=\"360\" height=\"270\" src=\"https:\/\/autorai.nl\/wp-content\/uploads\/2024\/12\/Mercedes-AMG-PureSpeed-2025-foto15-360x270.jpg\" class=\"attachment-small size-small\" alt=\"\" loading=\"lazy\"><i class=\"fa fa-search-plus\" aria-hidden=\"true\"><\/i><br \/>\n\t\t\t\t\t\t<\/span><br \/>\n\t\t\t\t\t<\/figure>\n<figure>\n\t\t\t\t\t<span style=\"cursor: pointer\" data-src=\"https:\/\/autorai.nl\/wp-content\/uploads\/2024\/12\/Mercedes-AMG-PureSpeed-2025-foto14-1600x1200.jpg\" data-fancybox=\"galery-0\" title=\"\"><br \/>\n\t\t\t\t\t\t\t<img decoding=\"async\" width=\"360\" height=\"270\" src=\"https:\/\/autorai.nl\/wp-content\/uploads\/2024\/12\/Mercedes-AMG-PureSpeed-2025-foto14-360x270.jpg\" class=\"attachment-small size-small\" alt=\"Mercedes-AMG PureSpeed con reloj IWC\" loading=\"lazy\"><i class=\"fa fa-search-plus\" aria-hidden=\"true\"><\/i><br \/>\n\t\t\t\t\t\t<\/span><br \/>\n\t\t\t\t\t<\/figure>\n<figure>\n\t\t\t\t\t<span style=\"cursor: pointer\" data-src=\"https:\/\/autorai.nl\/wp-content\/uploads\/2024\/12\/Mercedes-AMG-PureSpeed-2025-foto13-1600x1200.jpg\" data-fancybox=\"galery-0\" title=\"2024 \/ Concepto Mercedes-AMG PureSpeed \/ Exterieurfarbe Le Mans Rot &amp; graphitgreu Metallic;(Energieverbrauch kombiniert: 13,7 l\/100 km | combined CO\u2082-Emissionen kombiniert: 312 g\/km | CO\u2082-Class: G)* 2024 \/ Concepto Mercedes-AMG PureSpeed \/ Exterieur color Le Mans red &amp; graphitgrey metallic;(Consumo de energ\u00eda combinado: 13.7 l\/100 km | Emisiones combinadas de CO\u2082: 312 g\/km | Clase de CO\u2082: G)*\"><br \/>\n\t\t\t\t\t\t\t<img decoding=\"async\" width=\"360\" height=\"270\" src=\"https:\/\/autorai.nl\/wp-content\/uploads\/2024\/12\/Mercedes-AMG-PureSpeed-2025-foto13-360x270.jpg\" class=\"attachment-small size-small\" alt=\"\" loading=\"lazy\"><i class=\"fa fa-search-plus\" aria-hidden=\"true\"><\/i><br \/>\n\t\t\t\t\t\t<\/span><br \/>\n\t\t\t\t\t<\/figure>\n<figure>\n\t\t\t\t\t<span style=\"cursor: pointer\" data-src=\"https:\/\/autorai.nl\/wp-content\/uploads\/2024\/12\/Mercedes-AMG-PureSpeed-2025-foto12-1600x1200.jpg\" data-fancybox=\"galery-0\" title=\"2024 \/ Concepto Mercedes-AMG PureSpeed \/ Exterieurfarbe Le Mans Rot &amp; graphitgreu Metallic;(Energieverbrauch kombiniert: 13,7 l\/100 km | combined CO\u2082-Emissionen kombiniert: 312 g\/km | CO\u2082-Class: G)* 2024 \/ Concepto Mercedes-AMG PureSpeed \/ Exterieur color Le Mans red &amp; graphitgrey metallic;(Consumo de energ\u00eda combinado: 13.7 l\/100 km | Emisiones combinadas de CO\u2082: 312 g\/km | Clase de CO\u2082: G)*\"><br \/>\n\t\t\t\t\t\t\t<img decoding=\"async\" width=\"360\" height=\"270\" src=\"https:\/\/autorai.nl\/wp-content\/uploads\/2024\/12\/Mercedes-AMG-PureSpeed-2025-foto12-360x270.jpg\" class=\"attachment-small size-small\" alt=\"\" loading=\"lazy\"><i class=\"fa fa-search-plus\" aria-hidden=\"true\"><\/i><br \/>\n\t\t\t\t\t\t<\/span><br \/>\n\t\t\t\t\t<\/figure>\n<figure>\n\t\t\t\t\t<span style=\"cursor: pointer\" data-src=\"https:\/\/autorai.nl\/wp-content\/uploads\/2024\/12\/Mercedes-AMG-PureSpeed-2025-foto11-1600x1200.jpg\" data-fancybox=\"galery-0\" title=\"2024 \/ Concepto Mercedes-AMG PureSpeed \/ Exterieurfarbe Le Mans Rot &amp; graphitgreu Metallic;(Energieverbrauch kombiniert: 13,7 l\/100 km | combined CO\u2082-Emissionen kombiniert: 312 g\/km | CO\u2082-Class: G)* 2024 \/ Concepto Mercedes-AMG PureSpeed \/ Exterieur color Le Mans red &amp; graphitgrey metallic;(Consumo de energ\u00eda combinado: 13.7 l\/100 km | Emisiones combinadas de CO\u2082: 312 g\/km | Clase de CO\u2082: G)*\"><br \/>\n\t\t\t\t\t\t\t<img decoding=\"async\" width=\"360\" height=\"270\" src=\"https:\/\/autorai.nl\/wp-content\/uploads\/2024\/12\/Mercedes-AMG-PureSpeed-2025-foto11-360x270.jpg\" class=\"attachment-small size-small\" alt=\"\" loading=\"lazy\"><i class=\"fa fa-search-plus\" aria-hidden=\"true\"><\/i><br \/>\n\t\t\t\t\t\t<\/span><br \/>\n\t\t\t\t\t<\/figure>\n<figure>\n\t\t\t\t\t<span style=\"cursor: pointer\" data-src=\"https:\/\/autorai.nl\/wp-content\/uploads\/2024\/12\/Mercedes-AMG-PureSpeed-2025-foto10-1600x1200.jpg\" data-fancybox=\"galery-0\" title=\"2024 \/ Concepto Mercedes-AMG PureSpeed \/ Exterieurfarbe Le Mans Rot &amp; graphitgreu Metallic;(Energieverbrauch kombiniert: 13,7 l\/100 km | combined CO\u2082-Emissionen kombiniert: 312 g\/km | CO\u2082-Class: G)* 2024 \/ Concepto Mercedes-AMG PureSpeed \/ Exterieur color Le Mans red &amp; graphitgrey metallic;(Consumo de energ\u00eda combinado: 13.7 l\/100 km | Emisiones combinadas de CO\u2082: 312 g\/km | Clase de CO\u2082: G)*\"><br \/>\n\t\t\t\t\t\t\t<img decoding=\"async\" width=\"360\" height=\"270\" src=\"https:\/\/autorai.nl\/wp-content\/uploads\/2024\/12\/Mercedes-AMG-PureSpeed-2025-foto10-360x270.jpg\" class=\"attachment-small size-small\" alt=\"\" loading=\"lazy\"><i class=\"fa fa-search-plus\" aria-hidden=\"true\"><\/i><br \/>\n\t\t\t\t\t\t<\/span><br \/>\n\t\t\t\t\t<\/figure>\n<figure>\n\t\t\t\t\t<span style=\"cursor: pointer\" data-src=\"https:\/\/autorai.nl\/wp-content\/uploads\/2024\/12\/Mercedes-AMG-PureSpeed-2025-foto9-1600x1200.jpg\" data-fancybox=\"galery-0\" title=\"Mercedes-AMG PureSpeed\"><br \/>\n\t\t\t\t\t\t\t<img decoding=\"async\" width=\"360\" height=\"270\" src=\"https:\/\/autorai.nl\/wp-content\/uploads\/2024\/12\/Mercedes-AMG-PureSpeed-2025-foto9-360x270.jpg\" class=\"attachment-small size-small\" alt=\"Mercedes-AMG PureSpeed\" loading=\"lazy\"><i class=\"fa fa-search-plus\" aria-hidden=\"true\"><\/i><br \/>\n\t\t\t\t\t\t<\/span><br \/>\n\t\t\t\t\t<\/figure>\n<figure>\n\t\t\t\t\t<span style=\"cursor: pointer\" data-src=\"https:\/\/autorai.nl\/wp-content\/uploads\/2024\/12\/Mercedes-AMG-PureSpeed-2025-foto8-1600x1200.jpg\" data-fancybox=\"galery-0\" title=\"2024 \/ Concepto Mercedes-AMG PureSpeed \/ Exterieurfarbe Le Mans Rot &amp; graphitgreu Metallic;(Energieverbrauch kombiniert: 13,7 l\/100 km | combined CO\u2082-Emissionen kombiniert: 312 g\/km | CO\u2082-Class: G)* 2024 \/ Concepto Mercedes-AMG PureSpeed \/ Exterieur color Le Mans red &amp; graphitgrey metallic;(Consumo de energ\u00eda combinado: 13.7 l\/100 km | Emisiones combinadas de CO\u2082: 312 g\/km | Clase de CO\u2082: G)*\"><br \/>\n\t\t\t\t\t\t\t<img decoding=\"async\" width=\"360\" height=\"270\" src=\"https:\/\/autorai.nl\/wp-content\/uploads\/2024\/12\/Mercedes-AMG-PureSpeed-2025-foto8-360x270.jpg\" class=\"attachment-small size-small\" alt=\"\" loading=\"lazy\"><i class=\"fa fa-search-plus\" aria-hidden=\"true\"><\/i><br \/>\n\t\t\t\t\t\t<\/span><br \/>\n\t\t\t\t\t<\/figure>\n<figure>\n\t\t\t\t\t<span style=\"cursor: pointer\" data-src=\"https:\/\/autorai.nl\/wp-content\/uploads\/2024\/12\/Mercedes-AMG-PureSpeed-2025-foto7-1600x1200.jpg\" data-fancybox=\"galery-0\" title=\"2024 \/ Concepto Mercedes-AMG PureSpeed \/ Exterieurfarbe Le Mans Rot &amp; graphitgreu Metallic;(Energieverbrauch kombiniert: 13,7 l\/100 km | combined CO\u2082-Emissionen kombiniert: 312 g\/km | CO\u2082-Class: G)* 2024 \/ Concepto Mercedes-AMG PureSpeed \/ Exterieur color Le Mans red &amp; graphitgrey metallic;(Consumo de energ\u00eda combinado: 13.7 l\/100 km | Emisiones combinadas de CO\u2082: 312 g\/km | Clase de CO\u2082: G)*\"><br \/>\n\t\t\t\t\t\t\t<img decoding=\"async\" width=\"360\" height=\"270\" src=\"https:\/\/autorai.nl\/wp-content\/uploads\/2024\/12\/Mercedes-AMG-PureSpeed-2025-foto7-360x270.jpg\" class=\"attachment-small size-small\" alt=\"\" loading=\"lazy\"><i class=\"fa fa-search-plus\" aria-hidden=\"true\"><\/i><br \/>\n\t\t\t\t\t\t<\/span><br \/>\n\t\t\t\t\t<\/figure>\n<figure>\n\t\t\t\t\t<span style=\"cursor: pointer\" data-src=\"https:\/\/autorai.nl\/wp-content\/uploads\/2024\/12\/Mercedes-AMG-PureSpeed-2025-foto6-1600x1200.jpg\" data-fancybox=\"galery-0\" title=\"2024 \/ Concepto Mercedes-AMG PureSpeed \/ Exterieurfarbe Le Mans Rot &amp; graphitgrau Metallic;(Energieverbrauch kombiniert: 13,7 l\/100 km | combined CO\u2082-Emissionen kombiniert: 312 g\/km | CO\u2082-Class: G)* 2024 \/ Concepto Mercedes-AMG PureSpeed \/ Exterieur color Le Mans red &amp; graphitgrey metallic;(Consumo de energ\u00eda combinado: 13.7 l\/100 km | Emisiones combinadas de CO\u2082: 312 g\/km | Clase de CO\u2082: G)*\"><br \/>\n\t\t\t\t\t\t\t<img decoding=\"async\" width=\"360\" height=\"270\" src=\"https:\/\/autorai.nl\/wp-content\/uploads\/2024\/12\/Mercedes-AMG-PureSpeed-2025-foto6-360x270.jpg\" class=\"attachment-small size-small\" alt=\"\" loading=\"lazy\"><i class=\"fa fa-search-plus\" aria-hidden=\"true\"><\/i><br \/>\n\t\t\t\t\t\t<\/span><br \/>\n\t\t\t\t\t<\/figure>\n<figure>\n\t\t\t\t\t<span style=\"cursor: pointer\" data-src=\"https:\/\/autorai.nl\/wp-content\/uploads\/2024\/12\/Mercedes-AMG-PureSpeed-2025-foto5-1600x1200.jpg\" data-fancybox=\"galery-0\" title=\"2024 \/ Concepto Mercedes-AMG PureSpeed \/ Exterieurfarbe Le Mans Rot &amp; graphitgrau Metallic;(Energieverbrauch kombiniert: 13,7 l\/100 km | combined CO\u2082-Emissionen kombiniert: 312 g\/km | CO\u2082-Class: G)* 2024 \/ Concepto Mercedes-AMG PureSpeed \/ Exterieur color Le Mans red &amp; graphitgrey metallic;(Consumo de energ\u00eda combinado: 13.7 l\/100 km | Emisiones combinadas de CO\u2082: 312 g\/km | Clase de CO\u2082: G)*\"><br \/>\n\t\t\t\t\t\t\t<img decoding=\"async\" width=\"360\" height=\"270\" src=\"https:\/\/autorai.nl\/wp-content\/uploads\/2024\/12\/Mercedes-AMG-PureSpeed-2025-foto5-360x270.jpg\" class=\"attachment-small size-small\" alt=\"\" loading=\"lazy\"><i class=\"fa fa-search-plus\" aria-hidden=\"true\"><\/i><br \/>\n\t\t\t\t\t\t<\/span><br \/>\n\t\t\t\t\t<\/figure>\n<figure>\n\t\t\t\t\t<span style=\"cursor: pointer\" data-src=\"https:\/\/autorai.nl\/wp-content\/uploads\/2024\/12\/Mercedes-AMG-PureSpeed-2025-foto4-1600x1200.jpg\" data-fancybox=\"galery-0\" title=\"2024 \/ Concepto Mercedes-AMG PureSpeed \/ Exterieurfarbe Le Mans Rot &amp; graphitgrau Metallic;(Energieverbrauch kombiniert: 13,7 l\/100 km | combined CO\u2082-Emissionen kombiniert: 312 g\/km | CO\u2082-Class: G)* 2024 \/ Concepto Mercedes-AMG PureSpeed \/ Exterieur color Le Mans red &amp; graphitgrey metallic;(Consumo de energ\u00eda combinado: 13.7 l\/100 km | Emisiones combinadas de CO\u2082: 312 g\/km | Clase de CO\u2082: G)*\"><br \/>\n\t\t\t\t\t\t\t<img decoding=\"async\" width=\"360\" height=\"270\" src=\"https:\/\/autorai.nl\/wp-content\/uploads\/2024\/12\/Mercedes-AMG-PureSpeed-2025-foto4-360x270.jpg\" class=\"attachment-small size-small\" alt=\"\" loading=\"lazy\"><i class=\"fa fa-search-plus\" aria-hidden=\"true\"><\/i><br \/>\n\t\t\t\t\t\t<\/span><br \/>\n\t\t\t\t\t<\/figure>\n<figure>\n\t\t\t\t\t<span style=\"cursor: pointer\" data-src=\"https:\/\/autorai.nl\/wp-content\/uploads\/2024\/12\/Mercedes-AMG-PureSpeed-2025-foto3-1600x1200.jpg\" data-fancybox=\"galery-0\" title=\"2024 \/ Concepto Mercedes-AMG PureSpeed \/ Exterieurfarbe Le Mans Rot &amp; graphitgrau Metallic;(Energieverbrauch kombiniert: 13,7 l\/100 km | combined CO\u2082-Emissionen kombiniert: 312 g\/km | CO\u2082-Class: G)* 2024 \/ Concepto Mercedes-AMG PureSpeed \/ Exterieur color Le Mans red &amp; graphitgrey metallic;(Consumo de energ\u00eda combinado: 13.7 l\/100 km | Emisiones combinadas de CO\u2082: 312 g\/km | Clase de CO\u2082: G)*\"><br \/>\n\t\t\t\t\t\t\t<img decoding=\"async\" width=\"360\" height=\"270\" src=\"https:\/\/autorai.nl\/wp-content\/uploads\/2024\/12\/Mercedes-AMG-PureSpeed-2025-foto3-360x270.jpg\" class=\"attachment-small size-small\" alt=\"\" loading=\"lazy\"><i class=\"fa fa-search-plus\" aria-hidden=\"true\"><\/i><br \/>\n\t\t\t\t\t\t<\/span><br \/>\n\t\t\t\t\t<\/figure>\n<figure>\n\t\t\t\t\t<span style=\"cursor: pointer\" data-src=\"https:\/\/autorai.nl\/wp-content\/uploads\/2024\/12\/Mercedes-AMG-PureSpeed-2025-foto2-1600x1200.jpg\" data-fancybox=\"galery-0\" title=\"Mercedes-AMG PureSpeed\"><br \/>\n\t\t\t\t\t\t\t<img decoding=\"async\" width=\"360\" height=\"270\" src=\"https:\/\/autorai.nl\/wp-content\/uploads\/2024\/12\/Mercedes-AMG-PureSpeed-2025-foto2-360x270.jpg\" class=\"attachment-small size-small\" alt=\"Mercedes-AMG PureSpeed\" loading=\"lazy\"><i class=\"fa fa-search-plus\" aria-hidden=\"true\"><\/i><br \/>\n\t\t\t\t\t\t<\/span><br \/>\n\t\t\t\t\t<\/figure>\n<div class=\"clear\"><\/div>\n<\/div>\n","protected":false},"excerpt":{"rendered":"Mercedes-AMG PureSpeed Michael Schiebe, Presidente del Consejo de Direcci\u00f3n de Mercedes-AMG GmbH, afirma: \"Con el Mercedes-AMG PureSpeed, experimentas las prestaciones&hellip;","protected":false},"author":0,"featured_media":150565,"comment_status":"","ping_status":"open","sticky":false,"template":"","format":"standard","meta":{"footnotes":""},"categories":[126],"tags":[],"class_list":["post-152470","post","type-post","status-publish","format-standard","has-post-thumbnail","hentry","category-noticias-de-autos"],"acf":[],"yoast_head":"<!-- This site is optimized with the Yoast SEO plugin v21.2 - https:\/\/yoast.com\/wordpress\/plugins\/seo\/ -->\n<title>Este es el n\u00famero de ejemplares que se fabricar\u00e1n del Mercedes-AMG PureSpeed - All cars news<\/title>\n<meta name=\"robots\" content=\"index, follow, max-snippet:-1, max-image-preview:large, max-video-preview:-1\" \/>\n<link rel=\"canonical\" href=\"https:\/\/all-car-news.com\/es\/este-es-el-numero-de-ejemplares-que-se-fabricaran-del-mercedes-amg-purespeed\/\" \/>\n<meta property=\"og:locale\" content=\"es_ES\" \/>\n<meta property=\"og:type\" content=\"article\" \/>\n<meta property=\"og:title\" content=\"Este es el n\u00famero de ejemplares que se fabricar\u00e1n del Mercedes-AMG PureSpeed - All cars news\" \/>\n<meta property=\"og:description\" content=\"Mercedes-AMG PureSpeed Michael Schiebe, Presidente del Consejo de Direcci\u00f3n de Mercedes-AMG GmbH, afirma: &quot;Con el Mercedes-AMG PureSpeed, experimentas las prestaciones y la diversi\u00f3n al volante de la forma m\u00e1s directa. Gracias al dise\u00f1o radicalmente abierto del coche, sin techo ni parabrisas, nada separa al conductor y al pasajero de los elementos, d\u00e1ndoles [...]\" \/>\n<meta property=\"og:url\" content=\"https:\/\/all-car-news.com\/es\/este-es-el-numero-de-ejemplares-que-se-fabricaran-del-mercedes-amg-purespeed\/\" \/>\n<meta property=\"og:site_name\" content=\"All cars news\" \/>\n<meta property=\"article:published_time\" content=\"2024-12-09T08:13:09+00:00\" \/>\n<meta property=\"og:image\" content=\"https:\/\/autorai.nl\/wp-content\/uploads\/2024\/12\/Mercedes-AMG-PureSpeed-2025-foto2-1140x855.jpg\" \/>\n<meta name=\"twitter:card\" content=\"summary_large_image\" \/>\n<meta name=\"twitter:label1\" content=\"Tiempo de lectura\" \/>\n\t<meta name=\"twitter:data1\" content=\"8 minutos\" \/>\n<script type=\"application\/ld+json\" class=\"yoast-schema-graph\">{\"@context\":\"https:\/\/schema.org\",\"@graph\":[{\"@type\":\"Article\",\"@id\":\"https:\/\/all-car-news.com\/es\/este-es-el-numero-de-ejemplares-que-se-fabricaran-del-mercedes-amg-purespeed\/#article\",\"isPartOf\":{\"@id\":\"https:\/\/all-car-news.com\/es\/este-es-el-numero-de-ejemplares-que-se-fabricaran-del-mercedes-amg-purespeed\/\"},\"author\":{\"name\":\"\",\"@id\":\"\"},\"headline\":\"Este es el n\u00famero de ejemplares que se fabricar\u00e1n del Mercedes-AMG PureSpeed\",\"datePublished\":\"2024-12-09T08:13:09+00:00\",\"dateModified\":\"2024-12-09T08:13:09+00:00\",\"mainEntityOfPage\":{\"@id\":\"https:\/\/all-car-news.com\/es\/este-es-el-numero-de-ejemplares-que-se-fabricaran-del-mercedes-amg-purespeed\/\"},\"wordCount\":1703,\"publisher\":{\"@id\":\"https:\/\/all-car-news.com\/es\/#organization\"},\"articleSection\":[\"noticias de autos\"],\"inLanguage\":\"es\"},{\"@type\":\"WebPage\",\"@id\":\"https:\/\/all-car-news.com\/es\/este-es-el-numero-de-ejemplares-que-se-fabricaran-del-mercedes-amg-purespeed\/\",\"url\":\"https:\/\/all-car-news.com\/es\/este-es-el-numero-de-ejemplares-que-se-fabricaran-del-mercedes-amg-purespeed\/\",\"name\":\"Este es el n\u00famero de ejemplares que se fabricar\u00e1n del Mercedes-AMG PureSpeed - All cars news\",\"isPartOf\":{\"@id\":\"https:\/\/all-car-news.com\/es\/#website\"},\"datePublished\":\"2024-12-09T08:13:09+00:00\",\"dateModified\":\"2024-12-09T08:13:09+00:00\",\"breadcrumb\":{\"@id\":\"https:\/\/all-car-news.com\/es\/este-es-el-numero-de-ejemplares-que-se-fabricaran-del-mercedes-amg-purespeed\/#breadcrumb\"},\"inLanguage\":\"es\",\"potentialAction\":[{\"@type\":\"ReadAction\",\"target\":[\"https:\/\/all-car-news.com\/es\/este-es-el-numero-de-ejemplares-que-se-fabricaran-del-mercedes-amg-purespeed\/\"]}]},{\"@type\":\"BreadcrumbList\",\"@id\":\"https:\/\/all-car-news.com\/es\/este-es-el-numero-de-ejemplares-que-se-fabricaran-del-mercedes-amg-purespeed\/#breadcrumb\",\"itemListElement\":[{\"@type\":\"ListItem\",\"position\":1,\"name\":\"Home\",\"item\":\"https:\/\/all-car-news.com\/es\/\"},{\"@type\":\"ListItem\",\"position\":2,\"name\":\"Este es el n\u00famero de ejemplares que se fabricar\u00e1n del Mercedes-AMG PureSpeed\"}]},{\"@type\":\"WebSite\",\"@id\":\"https:\/\/all-car-news.com\/es\/#website\",\"url\":\"https:\/\/all-car-news.com\/es\/\",\"name\":\"All cars news\",\"description\":\"\",\"publisher\":{\"@id\":\"https:\/\/all-car-news.com\/es\/#organization\"},\"potentialAction\":[{\"@type\":\"SearchAction\",\"target\":{\"@type\":\"EntryPoint\",\"urlTemplate\":\"https:\/\/all-car-news.com\/es\/?s={search_term_string}\"},\"query-input\":\"required name=search_term_string\"}],\"inLanguage\":\"es\"},{\"@type\":\"Organization\",\"@id\":\"https:\/\/all-car-news.com\/es\/#organization\",\"name\":\"All cars news\",\"url\":\"https:\/\/all-car-news.com\/es\/\",\"logo\":{\"@type\":\"ImageObject\",\"inLanguage\":\"es\",\"@id\":\"https:\/\/all-car-news.com\/es\/#\/schema\/logo\/image\/\",\"url\":\"https:\/\/all-car-news.com\/wp-content\/uploads\/2022\/02\/CMYK-AllCarNews_LANDSCAPE_300px-1.png\",\"contentUrl\":\"https:\/\/all-car-news.com\/wp-content\/uploads\/2022\/02\/CMYK-AllCarNews_LANDSCAPE_300px-1.png\",\"width\":300,\"height\":100,\"caption\":\"All cars news\"},\"image\":{\"@id\":\"https:\/\/all-car-news.com\/es\/#\/schema\/logo\/image\/\"}}]}<\/script>\n<!-- \/ Yoast SEO plugin. -->","yoast_head_json":{"title":"Este es el n\u00famero de ejemplares que se fabricar\u00e1n del Mercedes-AMG PureSpeed - All cars news","robots":{"index":"index","follow":"follow","max-snippet":"max-snippet:-1","max-image-preview":"max-image-preview:large","max-video-preview":"max-video-preview:-1"},"canonical":"https:\/\/all-car-news.com\/es\/este-es-el-numero-de-ejemplares-que-se-fabricaran-del-mercedes-amg-purespeed\/","og_locale":"es_ES","og_type":"article","og_title":"Este es el n\u00famero de ejemplares que se fabricar\u00e1n del Mercedes-AMG PureSpeed - All cars news","og_description":"Mercedes-AMG PureSpeed Michael Schiebe, Presidente del Consejo de Direcci\u00f3n de Mercedes-AMG GmbH, afirma: \"Con el Mercedes-AMG PureSpeed, experimentas las prestaciones y la diversi\u00f3n al volante de la forma m\u00e1s directa. Gracias al dise\u00f1o radicalmente abierto del coche, sin techo ni parabrisas, nada separa al conductor y al pasajero de los elementos, d\u00e1ndoles [...]","og_url":"https:\/\/all-car-news.com\/es\/este-es-el-numero-de-ejemplares-que-se-fabricaran-del-mercedes-amg-purespeed\/","og_site_name":"All cars news","article_published_time":"2024-12-09T08:13:09+00:00","og_image":[{"url":"https:\/\/autorai.nl\/wp-content\/uploads\/2024\/12\/Mercedes-AMG-PureSpeed-2025-foto2-1140x855.jpg"}],"twitter_card":"summary_large_image","twitter_misc":{"Tiempo de lectura":"8 minutos"},"schema":{"@context":"https:\/\/schema.org","@graph":[{"@type":"Article","@id":"https:\/\/all-car-news.com\/es\/este-es-el-numero-de-ejemplares-que-se-fabricaran-del-mercedes-amg-purespeed\/#article","isPartOf":{"@id":"https:\/\/all-car-news.com\/es\/este-es-el-numero-de-ejemplares-que-se-fabricaran-del-mercedes-amg-purespeed\/"},"author":{"name":"","@id":""},"headline":"Este es el n\u00famero de ejemplares que se fabricar\u00e1n del Mercedes-AMG PureSpeed","datePublished":"2024-12-09T08:13:09+00:00","dateModified":"2024-12-09T08:13:09+00:00","mainEntityOfPage":{"@id":"https:\/\/all-car-news.com\/es\/este-es-el-numero-de-ejemplares-que-se-fabricaran-del-mercedes-amg-purespeed\/"},"wordCount":1703,"publisher":{"@id":"https:\/\/all-car-news.com\/es\/#organization"},"articleSection":["noticias de autos"],"inLanguage":"es"},{"@type":"WebPage","@id":"https:\/\/all-car-news.com\/es\/este-es-el-numero-de-ejemplares-que-se-fabricaran-del-mercedes-amg-purespeed\/","url":"https:\/\/all-car-news.com\/es\/este-es-el-numero-de-ejemplares-que-se-fabricaran-del-mercedes-amg-purespeed\/","name":"Este es el n\u00famero de ejemplares que se fabricar\u00e1n del Mercedes-AMG PureSpeed - All cars news","isPartOf":{"@id":"https:\/\/all-car-news.com\/es\/#website"},"datePublished":"2024-12-09T08:13:09+00:00","dateModified":"2024-12-09T08:13:09+00:00","breadcrumb":{"@id":"https:\/\/all-car-news.com\/es\/este-es-el-numero-de-ejemplares-que-se-fabricaran-del-mercedes-amg-purespeed\/#breadcrumb"},"inLanguage":"es","potentialAction":[{"@type":"ReadAction","target":["https:\/\/all-car-news.com\/es\/este-es-el-numero-de-ejemplares-que-se-fabricaran-del-mercedes-amg-purespeed\/"]}]},{"@type":"BreadcrumbList","@id":"https:\/\/all-car-news.com\/es\/este-es-el-numero-de-ejemplares-que-se-fabricaran-del-mercedes-amg-purespeed\/#breadcrumb","itemListElement":[{"@type":"ListItem","position":1,"name":"Home","item":"https:\/\/all-car-news.com\/es\/"},{"@type":"ListItem","position":2,"name":"Este es el n\u00famero de ejemplares que se fabricar\u00e1n del Mercedes-AMG PureSpeed"}]},{"@type":"WebSite","@id":"https:\/\/all-car-news.com\/es\/#website","url":"https:\/\/all-car-news.com\/es\/","name":"All cars news","description":"","publisher":{"@id":"https:\/\/all-car-news.com\/es\/#organization"},"potentialAction":[{"@type":"SearchAction","target":{"@type":"EntryPoint","urlTemplate":"https:\/\/all-car-news.com\/es\/?s={search_term_string}"},"query-input":"required name=search_term_string"}],"inLanguage":"es"},{"@type":"Organization","@id":"https:\/\/all-car-news.com\/es\/#organization","name":"All cars news","url":"https:\/\/all-car-news.com\/es\/","logo":{"@type":"ImageObject","inLanguage":"es","@id":"https:\/\/all-car-news.com\/es\/#\/schema\/logo\/image\/","url":"https:\/\/all-car-news.com\/wp-content\/uploads\/2022\/02\/CMYK-AllCarNews_LANDSCAPE_300px-1.png","contentUrl":"https:\/\/all-car-news.com\/wp-content\/uploads\/2022\/02\/CMYK-AllCarNews_LANDSCAPE_300px-1.png","width":300,"height":100,"caption":"All cars news"},"image":{"@id":"https:\/\/all-car-news.com\/es\/#\/schema\/logo\/image\/"}}]}},"_links":{"self":[{"href":"https:\/\/all-car-news.com\/es\/wp-json\/wp\/v2\/posts\/152470","targetHints":{"allow":["GET"]}}],"collection":[{"href":"https:\/\/all-car-news.com\/es\/wp-json\/wp\/v2\/posts"}],"about":[{"href":"https:\/\/all-car-news.com\/es\/wp-json\/wp\/v2\/types\/post"}],"replies":[{"embeddable":true,"href":"https:\/\/all-car-news.com\/es\/wp-json\/wp\/v2\/comments?post=152470"}],"version-history":[{"count":0,"href":"https:\/\/all-car-news.com\/es\/wp-json\/wp\/v2\/posts\/152470\/revisions"}],"wp:featuredmedia":[{"embeddable":true,"href":"https:\/\/all-car-news.com\/es\/wp-json\/wp\/v2\/media\/150565"}],"wp:attachment":[{"href":"https:\/\/all-car-news.com\/es\/wp-json\/wp\/v2\/media?parent=152470"}],"wp:term":[{"taxonomy":"category","embeddable":true,"href":"https:\/\/all-car-news.com\/es\/wp-json\/wp\/v2\/categories?post=152470"},{"taxonomy":"post_tag","embeddable":true,"href":"https:\/\/all-car-news.com\/es\/wp-json\/wp\/v2\/tags?post=152470"}],"curies":[{"name":"wp","href":"https:\/\/api.w.org\/{rel}","templated":true}]}}