{"id":152430,"date":"2024-11-28T09:58:08","date_gmt":"2024-11-28T09:58:08","guid":{"rendered":"https:\/\/all-car-news.com\/holanda-ya-tiene-200-000-autocaravanas\/"},"modified":"2024-11-28T09:58:08","modified_gmt":"2024-11-28T09:58:08","slug":"holanda-ya-tiene-200-000-autocaravanas","status":"publish","type":"post","link":"https:\/\/all-car-news.com\/es\/holanda-ya-tiene-200-000-autocaravanas\/","title":{"rendered":"\u00a1Holanda ya tiene 200.000 autocaravanas!"},"content":{"rendered":"<h2>Cifras de autocaravanas de los \u00faltimos a\u00f1os<\/h2>\n<p>En el verano de 2016 se contabiliz\u00f3 la autocaravana n\u00famero 100.000 y diez a\u00f1os antes (a finales de 2006) la n\u00famero 50.000. Con casi 33.500 unidades, el mayor n\u00famero se registr\u00f3 en la provincia de Brabante Septentrional el 1 de noviembre de 2024, seguida de Gelderland con 28.000 unidades y Holanda Septentrional y Meridional con casi 26.500 autocaravanas cada una. Desde el hito anterior, el mayor crecimiento se ha producido en Utrecht, con un 116%, mientras que el n\u00famero en Limburgo y Holanda Septentrional \u00abs\u00f3lo\u00bb ha aumentado un 85% en los \u00faltimos ocho a\u00f1os.  <\/p>\n<p><strong>Evoluci\u00f3n del n\u00famero de autocaravanas por provincia entre el 1 de agosto de 2016 y el 1 de noviembre de 2024.<\/strong><\/p>\n<\/p>\n<figure class=\"wp-block-table is-style-stripes\">\n<table>\n<tbody>\n<tr>\n<td><strong>PROVINCIA<\/strong><\/td>\n<td><strong>01-08-2016<\/strong><\/td>\n<td><strong>01-11-2024<\/strong><\/td>\n<td><strong>Crecimiento<\/strong><\/td>\n<\/tr>\n<tr>\n<td>Brabante Septentrional<\/td>\n<td>16.820<\/td>\n<td>33.374<\/td>\n<td>98,40%<\/td>\n<\/tr>\n<tr>\n<td>G\u00fceldres<\/td>\n<td>13.582<\/td>\n<td>27.929<\/td>\n<td>105,60%<\/td>\n<\/tr>\n<tr>\n<td>Holanda Septentrional<\/td>\n<td>14.351<\/td>\n<td>26.463<\/td>\n<td>84,40%<\/td>\n<\/tr>\n<tr>\n<td>Holanda Meridional<\/td>\n<td>13.138<\/td>\n<td>26.420<\/td>\n<td>101,10%<\/td>\n<\/tr>\n<tr>\n<td>Overijssel<\/td>\n<td>8.462<\/td>\n<td>17.189<\/td>\n<td>103,10%<\/td>\n<\/tr>\n<tr>\n<td>Frisia<\/td>\n<td>6.467<\/td>\n<td>13.272<\/td>\n<td>105,20%<\/td>\n<\/tr>\n<tr>\n<td>Limburgo<\/td>\n<td>6.360<\/td>\n<td>11.922<\/td>\n<td>87,50%<\/td>\n<\/tr>\n<tr>\n<td>Utrecht<\/td>\n<td>6.051<\/td>\n<td>13.082<\/td>\n<td>116,20%<\/td>\n<\/tr>\n<tr>\n<td>Drenthe<\/td>\n<td>5.185<\/td>\n<td>9.982<\/td>\n<td>92,50%<\/td>\n<\/tr>\n<tr>\n<td>Groninga<\/td>\n<td>4.570<\/td>\n<td>9.189<\/td>\n<td>101,10%<\/td>\n<\/tr>\n<tr>\n<td>Zelanda<\/td>\n<td>3.126<\/td>\n<td>5.984<\/td>\n<td>91,40%<\/td>\n<\/tr>\n<tr>\n<td>Flevoland<\/td>\n<td>2.160<\/td>\n<td>4.237<\/td>\n<td>96,20%<\/td>\n<\/tr>\n<\/tbody>\n<\/table>\n<\/figure>\n<h2>De furgonetas autoconstruidas a palacios de conducci\u00f3n<\/h2>\n<p>Hay autocaravanas de todas las formas y tama\u00f1os: desde furgonetas caseras hasta palacios de conducci\u00f3n. Seg\u00fan el presidente saliente de KCI, Leo Diepemaat, el espectacular crecimiento se observa en cada uno de estos segmentos: \u00abCualquiera que haya experimentado la libertad de viajar en una autocaravana no quiere otra cosa. Ya sea con una autocaravana \u00e1gil y compacta o con una autocaravana de lujo de tama\u00f1o completo. Adem\u00e1s, los fabricantes avanzan con los tiempos; la sostenibilidad y el uso de nuevas tecnolog\u00edas son primordiales. As\u00ed, por ejemplo, las autocaravanas son cada vez m\u00e1s autosuficientes\u00bb. <\/p>\n<h2>Tambi\u00e9n aumenta el n\u00famero de caravanas<\/h2>\n<p>Leo Diepemaat, que fue presidente de la KCI durante 14 a\u00f1os, afirma: \u00abEl sector est\u00e1 en su mejor momento y, en mi opini\u00f3n, el tramo est\u00e1 lejos de terminar. Cada vez m\u00e1s holandeses se est\u00e1n aficionando al camping y el n\u00famero de caravanas tambi\u00e9n est\u00e1 aumentando de nuevo, tras 20 a\u00f1os de descenso gradual. Los remolques plegables y las tiendas de campa\u00f1a de techo son populares, las parejas j\u00f3venes y las familias acuden en masa a los campings&#8230; Mientras que hace poco m\u00e1s de cuatro a\u00f1os todos nos qued\u00e1bamos sin palabras por culpa de los cierres corona. Nos lo vamos a pasar muy bien\u00bb.<\/p>\n","protected":false},"excerpt":{"rendered":"Las cifras de autocaravanas de los \u00faltimos a\u00f1os En el verano de 2016 se contabiliz\u00f3 la autocaravana n\u00famero 100.000 y&hellip;","protected":false},"author":0,"featured_media":150312,"comment_status":"","ping_status":"open","sticky":false,"template":"","format":"standard","meta":{"footnotes":""},"categories":[129,126],"tags":[],"class_list":["post-152430","post","type-post","status-publish","format-standard","has-post-thumbnail","hentry","category-fondo","category-noticias-de-autos"],"acf":[],"yoast_head":"<!-- This site is optimized with the Yoast SEO plugin v21.2 - https:\/\/yoast.com\/wordpress\/plugins\/seo\/ -->\n<title>\u00a1Holanda ya tiene 200.000 autocaravanas! - All cars news<\/title>\n<meta name=\"robots\" content=\"index, follow, max-snippet:-1, max-image-preview:large, max-video-preview:-1\" \/>\n<link rel=\"canonical\" href=\"https:\/\/all-car-news.com\/es\/holanda-ya-tiene-200-000-autocaravanas\/\" \/>\n<meta property=\"og:locale\" content=\"es_ES\" \/>\n<meta property=\"og:type\" content=\"article\" \/>\n<meta property=\"og:title\" content=\"\u00a1Holanda ya tiene 200.000 autocaravanas! - All cars news\" \/>\n<meta property=\"og:description\" content=\"Las cifras de autocaravanas de los \u00faltimos a\u00f1os En el verano de 2016 se contabiliz\u00f3 la autocaravana n\u00famero 100.000 y diez a\u00f1os antes (a finales de 2006) la n\u00famero 50.000. Con casi 33.500 unidades, la provincia de Brabante Septentrional fue la que m\u00e1s unidades matricul\u00f3 el 1 de noviembre de 2024, seguida de Gelderland con 28.000 unidades y Holanda Septentrional y Meridional con casi [...] cada una.\" \/>\n<meta property=\"og:url\" content=\"https:\/\/all-car-news.com\/es\/holanda-ya-tiene-200-000-autocaravanas\/\" \/>\n<meta property=\"og:site_name\" content=\"All cars news\" \/>\n<meta property=\"article:published_time\" content=\"2024-11-28T09:58:08+00:00\" \/>\n<meta name=\"twitter:card\" content=\"summary_large_image\" \/>\n<meta name=\"twitter:label1\" content=\"Tiempo de lectura\" \/>\n\t<meta name=\"twitter:data1\" content=\"2 minutos\" \/>\n<script type=\"application\/ld+json\" class=\"yoast-schema-graph\">{\"@context\":\"https:\/\/schema.org\",\"@graph\":[{\"@type\":\"Article\",\"@id\":\"https:\/\/all-car-news.com\/es\/holanda-ya-tiene-200-000-autocaravanas\/#article\",\"isPartOf\":{\"@id\":\"https:\/\/all-car-news.com\/es\/holanda-ya-tiene-200-000-autocaravanas\/\"},\"author\":{\"name\":\"\",\"@id\":\"\"},\"headline\":\"\u00a1Holanda ya tiene 200.000 autocaravanas!\",\"datePublished\":\"2024-11-28T09:58:08+00:00\",\"dateModified\":\"2024-11-28T09:58:08+00:00\",\"mainEntityOfPage\":{\"@id\":\"https:\/\/all-car-news.com\/es\/holanda-ya-tiene-200-000-autocaravanas\/\"},\"wordCount\":373,\"publisher\":{\"@id\":\"https:\/\/all-car-news.com\/es\/#organization\"},\"articleSection\":[\"Fondo\",\"noticias de autos\"],\"inLanguage\":\"es\"},{\"@type\":\"WebPage\",\"@id\":\"https:\/\/all-car-news.com\/es\/holanda-ya-tiene-200-000-autocaravanas\/\",\"url\":\"https:\/\/all-car-news.com\/es\/holanda-ya-tiene-200-000-autocaravanas\/\",\"name\":\"\u00a1Holanda ya tiene 200.000 autocaravanas! - All cars news\",\"isPartOf\":{\"@id\":\"https:\/\/all-car-news.com\/es\/#website\"},\"datePublished\":\"2024-11-28T09:58:08+00:00\",\"dateModified\":\"2024-11-28T09:58:08+00:00\",\"breadcrumb\":{\"@id\":\"https:\/\/all-car-news.com\/es\/holanda-ya-tiene-200-000-autocaravanas\/#breadcrumb\"},\"inLanguage\":\"es\",\"potentialAction\":[{\"@type\":\"ReadAction\",\"target\":[\"https:\/\/all-car-news.com\/es\/holanda-ya-tiene-200-000-autocaravanas\/\"]}]},{\"@type\":\"BreadcrumbList\",\"@id\":\"https:\/\/all-car-news.com\/es\/holanda-ya-tiene-200-000-autocaravanas\/#breadcrumb\",\"itemListElement\":[{\"@type\":\"ListItem\",\"position\":1,\"name\":\"Home\",\"item\":\"https:\/\/all-car-news.com\/es\/\"},{\"@type\":\"ListItem\",\"position\":2,\"name\":\"\u00a1Holanda ya tiene 200.000 autocaravanas!\"}]},{\"@type\":\"WebSite\",\"@id\":\"https:\/\/all-car-news.com\/es\/#website\",\"url\":\"https:\/\/all-car-news.com\/es\/\",\"name\":\"All cars news\",\"description\":\"\",\"publisher\":{\"@id\":\"https:\/\/all-car-news.com\/es\/#organization\"},\"potentialAction\":[{\"@type\":\"SearchAction\",\"target\":{\"@type\":\"EntryPoint\",\"urlTemplate\":\"https:\/\/all-car-news.com\/es\/?s={search_term_string}\"},\"query-input\":\"required name=search_term_string\"}],\"inLanguage\":\"es\"},{\"@type\":\"Organization\",\"@id\":\"https:\/\/all-car-news.com\/es\/#organization\",\"name\":\"All cars news\",\"url\":\"https:\/\/all-car-news.com\/es\/\",\"logo\":{\"@type\":\"ImageObject\",\"inLanguage\":\"es\",\"@id\":\"https:\/\/all-car-news.com\/es\/#\/schema\/logo\/image\/\",\"url\":\"https:\/\/all-car-news.com\/wp-content\/uploads\/2022\/02\/CMYK-AllCarNews_LANDSCAPE_300px-1.png\",\"contentUrl\":\"https:\/\/all-car-news.com\/wp-content\/uploads\/2022\/02\/CMYK-AllCarNews_LANDSCAPE_300px-1.png\",\"width\":300,\"height\":100,\"caption\":\"All cars news\"},\"image\":{\"@id\":\"https:\/\/all-car-news.com\/es\/#\/schema\/logo\/image\/\"}}]}<\/script>\n<!-- \/ Yoast SEO plugin. -->","yoast_head_json":{"title":"\u00a1Holanda ya tiene 200.000 autocaravanas! - All cars news","robots":{"index":"index","follow":"follow","max-snippet":"max-snippet:-1","max-image-preview":"max-image-preview:large","max-video-preview":"max-video-preview:-1"},"canonical":"https:\/\/all-car-news.com\/es\/holanda-ya-tiene-200-000-autocaravanas\/","og_locale":"es_ES","og_type":"article","og_title":"\u00a1Holanda ya tiene 200.000 autocaravanas! - All cars news","og_description":"Las cifras de autocaravanas de los \u00faltimos a\u00f1os En el verano de 2016 se contabiliz\u00f3 la autocaravana n\u00famero 100.000 y diez a\u00f1os antes (a finales de 2006) la n\u00famero 50.000. Con casi 33.500 unidades, la provincia de Brabante Septentrional fue la que m\u00e1s unidades matricul\u00f3 el 1 de noviembre de 2024, seguida de Gelderland con 28.000 unidades y Holanda Septentrional y Meridional con casi [...] cada una.","og_url":"https:\/\/all-car-news.com\/es\/holanda-ya-tiene-200-000-autocaravanas\/","og_site_name":"All cars news","article_published_time":"2024-11-28T09:58:08+00:00","twitter_card":"summary_large_image","twitter_misc":{"Tiempo de lectura":"2 minutos"},"schema":{"@context":"https:\/\/schema.org","@graph":[{"@type":"Article","@id":"https:\/\/all-car-news.com\/es\/holanda-ya-tiene-200-000-autocaravanas\/#article","isPartOf":{"@id":"https:\/\/all-car-news.com\/es\/holanda-ya-tiene-200-000-autocaravanas\/"},"author":{"name":"","@id":""},"headline":"\u00a1Holanda ya tiene 200.000 autocaravanas!","datePublished":"2024-11-28T09:58:08+00:00","dateModified":"2024-11-28T09:58:08+00:00","mainEntityOfPage":{"@id":"https:\/\/all-car-news.com\/es\/holanda-ya-tiene-200-000-autocaravanas\/"},"wordCount":373,"publisher":{"@id":"https:\/\/all-car-news.com\/es\/#organization"},"articleSection":["Fondo","noticias de autos"],"inLanguage":"es"},{"@type":"WebPage","@id":"https:\/\/all-car-news.com\/es\/holanda-ya-tiene-200-000-autocaravanas\/","url":"https:\/\/all-car-news.com\/es\/holanda-ya-tiene-200-000-autocaravanas\/","name":"\u00a1Holanda ya tiene 200.000 autocaravanas! - All cars news","isPartOf":{"@id":"https:\/\/all-car-news.com\/es\/#website"},"datePublished":"2024-11-28T09:58:08+00:00","dateModified":"2024-11-28T09:58:08+00:00","breadcrumb":{"@id":"https:\/\/all-car-news.com\/es\/holanda-ya-tiene-200-000-autocaravanas\/#breadcrumb"},"inLanguage":"es","potentialAction":[{"@type":"ReadAction","target":["https:\/\/all-car-news.com\/es\/holanda-ya-tiene-200-000-autocaravanas\/"]}]},{"@type":"BreadcrumbList","@id":"https:\/\/all-car-news.com\/es\/holanda-ya-tiene-200-000-autocaravanas\/#breadcrumb","itemListElement":[{"@type":"ListItem","position":1,"name":"Home","item":"https:\/\/all-car-news.com\/es\/"},{"@type":"ListItem","position":2,"name":"\u00a1Holanda ya tiene 200.000 autocaravanas!"}]},{"@type":"WebSite","@id":"https:\/\/all-car-news.com\/es\/#website","url":"https:\/\/all-car-news.com\/es\/","name":"All cars news","description":"","publisher":{"@id":"https:\/\/all-car-news.com\/es\/#organization"},"potentialAction":[{"@type":"SearchAction","target":{"@type":"EntryPoint","urlTemplate":"https:\/\/all-car-news.com\/es\/?s={search_term_string}"},"query-input":"required name=search_term_string"}],"inLanguage":"es"},{"@type":"Organization","@id":"https:\/\/all-car-news.com\/es\/#organization","name":"All cars news","url":"https:\/\/all-car-news.com\/es\/","logo":{"@type":"ImageObject","inLanguage":"es","@id":"https:\/\/all-car-news.com\/es\/#\/schema\/logo\/image\/","url":"https:\/\/all-car-news.com\/wp-content\/uploads\/2022\/02\/CMYK-AllCarNews_LANDSCAPE_300px-1.png","contentUrl":"https:\/\/all-car-news.com\/wp-content\/uploads\/2022\/02\/CMYK-AllCarNews_LANDSCAPE_300px-1.png","width":300,"height":100,"caption":"All cars news"},"image":{"@id":"https:\/\/all-car-news.com\/es\/#\/schema\/logo\/image\/"}}]}},"_links":{"self":[{"href":"https:\/\/all-car-news.com\/es\/wp-json\/wp\/v2\/posts\/152430","targetHints":{"allow":["GET"]}}],"collection":[{"href":"https:\/\/all-car-news.com\/es\/wp-json\/wp\/v2\/posts"}],"about":[{"href":"https:\/\/all-car-news.com\/es\/wp-json\/wp\/v2\/types\/post"}],"replies":[{"embeddable":true,"href":"https:\/\/all-car-news.com\/es\/wp-json\/wp\/v2\/comments?post=152430"}],"version-history":[{"count":0,"href":"https:\/\/all-car-news.com\/es\/wp-json\/wp\/v2\/posts\/152430\/revisions"}],"wp:featuredmedia":[{"embeddable":true,"href":"https:\/\/all-car-news.com\/es\/wp-json\/wp\/v2\/media\/150312"}],"wp:attachment":[{"href":"https:\/\/all-car-news.com\/es\/wp-json\/wp\/v2\/media?parent=152430"}],"wp:term":[{"taxonomy":"category","embeddable":true,"href":"https:\/\/all-car-news.com\/es\/wp-json\/wp\/v2\/categories?post=152430"},{"taxonomy":"post_tag","embeddable":true,"href":"https:\/\/all-car-news.com\/es\/wp-json\/wp\/v2\/tags?post=152430"}],"curies":[{"name":"wp","href":"https:\/\/api.w.org\/{rel}","templated":true}]}}