{"id":152245,"date":"2025-02-09T10:06:00","date_gmt":"2025-02-09T10:06:00","guid":{"rendered":"https:\/\/all-car-news.com\/ds-n8-libros-de-pedidos-abiertos-estos-son-los-precios\/"},"modified":"2025-02-09T10:06:00","modified_gmt":"2025-02-09T10:06:00","slug":"ds-n8-libros-de-pedidos-abiertos-estos-son-los-precios","status":"publish","type":"post","link":"https:\/\/all-car-news.com\/es\/ds-n8-libros-de-pedidos-abiertos-estos-son-los-precios\/","title":{"rendered":"DS N\u00b08: libros de pedidos abiertos, estos son los precios"},"content":{"rendered":"<h2>Tres cadenas cinem\u00e1ticas 100% el\u00e9ctricas para el DS n\u00ba 8<\/h2>\n<p>El DS N\u00b08 viene con tres cadenas cinem\u00e1ticas 100% el\u00e9ctricas de 230 CV, 245 CV y 350 CV, esta \u00faltima equipada con dos motores y tracci\u00f3n a las cuatro ruedas. Los motores el\u00e9ctricos del DS n\u00ba 8 son fabricados en Tr\u00e9mery por Emotors, una empresa conjunta de la que es accionista el Grupo Stellantis. <\/p>\n<h2>Las cifras<\/h2>\n<p>Todas las cadenas cinem\u00e1ticas tienen la opci\u00f3n de un aumento temporal de potencia. Esto proporciona temporalmente a la versi\u00f3n FWD 30 CV adicionales (260 CV), a la versi\u00f3n FWD Long Range 35 CV (280 CV) y a la versi\u00f3n AWD Long Range 25 CV (375 CV). El DS n\u00ba 8 ofrece una aceleraci\u00f3n c\u00f3moda y r\u00e1pida. La versi\u00f3n FWD acelera de 0 a 100 km\/h en s\u00f3lo 7,7 segundos. El FWD Long Range acelera de 0 a 100 km\/h en 7,8 segundos, mientras que el AWD Long Range s\u00f3lo necesita 5,4 segundos. Independientemente de la cadena cinem\u00e1tica, la velocidad m\u00e1xima del N\u00b08 est\u00e1 limitada a 190 km\/h.     <\/p>\n<\/p>\n<figure class=\"wp-block-embed is-type-video is-provider-youtube wp-block-embed-youtube wp-embed-aspect-16-9 wp-has-aspect-ratio\">\n<div class=\"wp-block-embed__wrapper\">\n<\/div>\n<\/figure>\n<h2>Dos capacidades de bater\u00eda<\/h2>\n<p>El DS n\u00ba 8 est\u00e1 disponible con dos capacidades de bater\u00eda, cuyas c\u00e9lulas NMC (N\u00edquel-Manganeso-Cobalto) se fabrican en Billy-Berclau Douvrin. La primera variante ofrece una capacidad utilizable de 73,7 kWh y est\u00e1 disponible en el N\u00b08 FWD (230 CV). La segunda variante, con una capacidad \u00fatil de 97,2 kWh, est\u00e1 disponible en las versiones FWD Long Range (245 CV) y AWD Long Range (350 CV). El FWD Long Range tiene una autonom\u00eda combinada de 750 km (WLTP) con un consumo de 15,9 kWh\/100 km. La autonom\u00eda urbana es de unos impresionantes 909 km (WLTP). Estas impresionantes cifras se deben al valor Cw notablemente bajo de 0,24.     <\/p>\n<h2>Subir<\/h2>\n<p>La autonom\u00eda combinada del DS N\u00b08 FWD y el DS N\u00b08 AWD Long Range es de 550 km y 688 km (WLTP) respectivamente. En viajes m\u00e1s largos, la capacidad de carga de 160 kW del DS N\u00b08 le permite pasar del 20 al 80% de carga de la bater\u00eda en s\u00f3lo 27 minutos. Esto equivale a una autonom\u00eda total de 600 km y en s\u00f3lo 10 minutos el N\u00b08 puede alcanzar otros 200 km de autonom\u00eda.  <\/p>\n<p>Para los desplazamientos diarios, la DS N\u00b08 est\u00e1 equipada a bordo con un cargador de CA de 11 kW (corriente alterna). El DS N\u00b08 puede cargarse del 20 al 80% en un tiempo de 8 horas y 50 minutos, dependiendo de la capacidad de la bater\u00eda y suponiendo una Wallbox de 7,4 kW (carga monof\u00e1sica). Esta duraci\u00f3n puede reducirse a 6 horas con una Wallbox de 11 kW (carga trif\u00e1sica).  <\/p>\n<h2>PALLAS y \u00c9TOILE<\/h2>\n<p>El DS n\u00ba 8 se ofrece con dos niveles de acabado: PALLAS y \u00c9TOILE.<\/p>\n<p>La versi\u00f3n PALLAS est\u00e1 disponible como FWD y FWD LONG RANGE. Esta versi\u00f3n cuenta con un amplio equipamiento. Piensa en el SISTEMA DS IRIS con navegaci\u00f3n conectada 3D, Android Auto y Apple CarPlay inal\u00e1mbricos y un cargador inal\u00e1mbrico para smartphone. Hay cuatro puertos USB, dos delante y dos detr\u00e1s. El acceso y arranque sin llave son de serie, al igual que los sensores de aparcamiento delanteros, laterales y traseros que funcionan conjuntamente con la c\u00e1mara de marcha atr\u00e1s. La frenada regenerativa se ajusta mediante levas de cambio en el volante, y hay un modo de un solo pedal. Adem\u00e1s, esta versi\u00f3n dispone de cristales laminados y ac\u00fasticos, cristales traseros de privacidad y climatizador autom\u00e1tico bizona. La iluminaci\u00f3n multiambiental, las alfombrillas delanteras y traseras y los listones de acero inoxidable en los umbrales de las puertas completan el aspecto.       <\/p>\n<p>La especificaci\u00f3n \u00c9TOILE ofrece un extra de lujo y tecnolog\u00eda y destaca por la parrilla DS LUMINASCREEN. Este acabado est\u00e1 disponible en los modelos FWD, FWD GAMA LARGA y AWD GAMA LARGA, e incluye una alarma de bloqueo de alto nivel, seguridad infantil el\u00e9ctrica y DS DRIVE ASSIST 2.0 con control de crucero predictivo. Tambi\u00e9n est\u00e1n presentes: DS PIXEL LED VISION, un retrovisor digital para el conductor, 360 Vision y un port\u00f3n trasero el\u00e9ctrico con acceso manos libres, as\u00ed como el DS EXTENDED HEAD UP DISPLAY .  <\/p>\n<h2>Dos paquetes<\/h2>\n<p>Adem\u00e1s de estos niveles de equipamiento, DS Automobiles ofrece dos paquetes para cada nivel de acabado. El equipamiento de alta tecnolog\u00eda ofrecido en cada nivel de acabado puede complementarse con el Pack Tech y el Pack Tech Absoluto, disponibles tanto en el PALLAS como en el \u00c9TOILE. Para aumentar a\u00fan m\u00e1s el confort de los asientos, la calefacci\u00f3n y la practicidad, se ofrecen opcionalmente el Pack Confort (en PALLAS) y el Pack Confort Absoluto (en \u00c9TOILE).  <\/p>\n<h2>Cinco colores<\/h2>\n<p>El n\u00ba 8 est\u00e1 disponible en cinco colores, tres de los cuales son nuevos: AZUL TOPAZ, GRIS PALADIO y BLANCO ALABASTER, complementados por PERLA CRISTAL y NEGRO PERLA NERA. Adem\u00e1s, hay disponible un techo negro opcional (incluidos los arcos del techo) y un esquema de color bitono ampliado que incluye el cap\u00f3. El esquema de color bicolor ampliado subraya el car\u00e1cter y acent\u00faa la elegancia de la silueta del DS n\u00ba 8.  <\/p>\n<h2>T\u00e9cnica de pulverizaci\u00f3n \u00abPaintjet<\/h2>\n<p>La t\u00e9cnica de pulverizaci\u00f3n denominada \u00abPaintjet\u00bb utilizada por DS Automobiles para pintar la superficie negra del cap\u00f3 es una primicia mundial en la producci\u00f3n en serie. El proceso no requiere fase de cocci\u00f3n y adem\u00e1s reduce las emisiones de gases de efecto invernadero. <\/p>\n<p>DS N\u00b08 ofrece una selecci\u00f3n de buen gusto de interiores armoniosos que se adaptan a las especificaciones de PALLAS y \u00c9TOILE. El nuevo interior Azul Eterno es el color interior caracter\u00edstico del DS n\u00ba 8. Los tipos de tapicer\u00eda Gris Perla DS, Lona Azul Eterno, Lona Negro Basalto DS y Alc\u00e1ntara\u00ae Azul Eterno no contienen animales y est\u00e1n fabricados principalmente con materiales reciclados. Las tapicer\u00edas de cuero napa Marr\u00f3n Alezan y cuero napa Negro Basalto son de cuero de primera calidad, suave y flexible, curtido vegetal con hoja de olivo.   <\/p>\n<p><strong>Precios en Holanda<\/strong><\/p>\n<ul>\n<li>DS N\u00b08 PALLAS FWD, desde 57.000 euros<\/li>\n<li>DS N\u00b08 PALLAS FWD Largo Alcance, desde 62.200 euros<\/li>\n<li>DS N\u00b08 \u00c9TOILE FWD, desde 64.000 euros<\/li>\n<li>DS N\u00b08 \u00c9TOILE FWD Largo Alcance, desde 69.600 euros<\/li>\n<li>DS N\u00b08 \u00c9TOILE AWD Larga Autonom\u00eda, desde 73.600 euros<\/li>\n<\/ul>\n<div class=\"galery shuffle galery-0\">\n<figure>\n\t\t\t\t\t<span style=\"cursor: pointer\" data-src=\"https:\/\/autorai.nl\/wp-content\/uploads\/2025\/02\/ds-n8-2025-lifestyle-prijzen-foto2-1600x1006.jpg\" data-fancybox=\"galery-0\" title=\"\"><br \/>\n\t\t\t\t\t\t\t<img decoding=\"async\" width=\"640\" height=\"480\" src=\"https:\/\/autorai.nl\/wp-content\/uploads\/2025\/02\/ds-n8-2025-lifestyle-prijzen-foto2-640x480.jpg\" class=\"attachment-medium size-medium\" alt=\"\" loading=\"lazy\"><i class=\"fa fa-search-plus\" aria-hidden=\"true\"><\/i><br \/>\n\t\t\t\t\t\t<\/span><br \/>\n\t\t\t\t\t<\/figure>\n<figure>\n\t\t\t\t\t<span style=\"cursor: pointer\" data-src=\"https:\/\/autorai.nl\/wp-content\/uploads\/2025\/02\/ds-n8-2025-lifestyle-prijzen-foto3-1600x1068.jpg\" data-fancybox=\"galery-0\" title=\"\"><br \/>\n\t\t\t\t\t\t\t<img decoding=\"async\" width=\"360\" height=\"270\" src=\"https:\/\/autorai.nl\/wp-content\/uploads\/2025\/02\/ds-n8-2025-lifestyle-prijzen-foto3-360x270.jpg\" class=\"attachment-small size-small\" alt=\"\" loading=\"lazy\"><i class=\"fa fa-search-plus\" aria-hidden=\"true\"><\/i><br \/>\n\t\t\t\t\t\t<\/span><br \/>\n\t\t\t\t\t<\/figure>\n<figure>\n\t\t\t\t\t<span style=\"cursor: pointer\" data-src=\"https:\/\/autorai.nl\/wp-content\/uploads\/2025\/02\/ds-n8-2025-lifestyle-prijzen-foto4-1600x1068.jpg\" data-fancybox=\"galery-0\" title=\"\"><br \/>\n\t\t\t\t\t\t\t<img decoding=\"async\" width=\"360\" height=\"270\" src=\"https:\/\/autorai.nl\/wp-content\/uploads\/2025\/02\/ds-n8-2025-lifestyle-prijzen-foto4-360x270.jpg\" class=\"attachment-small size-small\" alt=\"\" loading=\"lazy\"><i class=\"fa fa-search-plus\" aria-hidden=\"true\"><\/i><br \/>\n\t\t\t\t\t\t<\/span><br \/>\n\t\t\t\t\t<\/figure>\n<figure>\n\t\t\t\t\t<span style=\"cursor: pointer\" data-src=\"https:\/\/autorai.nl\/wp-content\/uploads\/2025\/02\/ds-n8-2025-lifestyle-prijzen-foto5-1600x1077.jpg\" data-fancybox=\"galery-0\" title=\"\"><br \/>\n\t\t\t\t\t\t\t<img decoding=\"async\" width=\"640\" height=\"480\" src=\"https:\/\/autorai.nl\/wp-content\/uploads\/2025\/02\/ds-n8-2025-lifestyle-prijzen-foto5-640x480.jpg\" class=\"attachment-medium size-medium\" alt=\"\" loading=\"lazy\"><i class=\"fa fa-search-plus\" aria-hidden=\"true\"><\/i><br \/>\n\t\t\t\t\t\t<\/span><br \/>\n\t\t\t\t\t<\/figure>\n<figure>\n\t\t\t\t\t<span style=\"cursor: pointer\" data-src=\"https:\/\/autorai.nl\/wp-content\/uploads\/2025\/02\/ds-n8-2025-lifestyle-prijzen-foto6-1600x1048.jpg\" data-fancybox=\"galery-0\" title=\"\"><br \/>\n\t\t\t\t\t\t\t<img decoding=\"async\" width=\"360\" height=\"270\" src=\"https:\/\/autorai.nl\/wp-content\/uploads\/2025\/02\/ds-n8-2025-lifestyle-prijzen-foto6-360x270.jpg\" class=\"attachment-small size-small\" alt=\"\" loading=\"lazy\"><i class=\"fa fa-search-plus\" aria-hidden=\"true\"><\/i><br \/>\n\t\t\t\t\t\t<\/span><br \/>\n\t\t\t\t\t<\/figure>\n<figure>\n\t\t\t\t\t<span style=\"cursor: pointer\" data-src=\"https:\/\/autorai.nl\/wp-content\/uploads\/2025\/02\/ds-n8-2025-lifestyle-prijzen-foto1-1600x1068.jpg\" data-fancybox=\"galery-0\" title=\"\"><br \/>\n\t\t\t\t\t\t\t<img decoding=\"async\" width=\"360\" height=\"270\" src=\"https:\/\/autorai.nl\/wp-content\/uploads\/2025\/02\/ds-n8-2025-lifestyle-prijzen-foto1-360x270.jpg\" class=\"attachment-small size-small\" alt=\"\" loading=\"lazy\"><i class=\"fa fa-search-plus\" aria-hidden=\"true\"><\/i><br \/>\n\t\t\t\t\t\t<\/span><br \/>\n\t\t\t\t\t<\/figure>\n<div class=\"clear\"><\/div>\n<\/div>\n","protected":false},"excerpt":{"rendered":"Tres cadenas cinem\u00e1ticas 100% el\u00e9ctricas para el DS n\u00ba 8 El DS n\u00ba 8 se presenta con tres cadenas cinem\u00e1ticas&hellip;","protected":false},"author":0,"featured_media":152231,"comment_status":"","ping_status":"open","sticky":false,"template":"","format":"standard","meta":{"footnotes":""},"categories":[126],"tags":[],"class_list":["post-152245","post","type-post","status-publish","format-standard","has-post-thumbnail","hentry","category-noticias-de-autos"],"acf":[],"yoast_head":"<!-- This site is optimized with the Yoast SEO plugin v21.2 - https:\/\/yoast.com\/wordpress\/plugins\/seo\/ -->\n<title>DS N\u00b08: libros de pedidos abiertos, estos son los precios - All cars news<\/title>\n<meta name=\"robots\" content=\"index, follow, max-snippet:-1, max-image-preview:large, max-video-preview:-1\" \/>\n<link rel=\"canonical\" href=\"https:\/\/all-car-news.com\/es\/ds-n8-libros-de-pedidos-abiertos-estos-son-los-precios\/\" \/>\n<meta property=\"og:locale\" content=\"es_ES\" \/>\n<meta property=\"og:type\" content=\"article\" \/>\n<meta property=\"og:title\" content=\"DS N\u00b08: libros de pedidos abiertos, estos son los precios - All cars news\" \/>\n<meta property=\"og:description\" content=\"Tres cadenas cinem\u00e1ticas 100% el\u00e9ctricas para el DS n\u00ba 8 El DS n\u00ba 8 se presenta con tres cadenas cinem\u00e1ticas 100% el\u00e9ctricas de 230 CV, 245 CV y 350 CV, esta \u00faltima equipada con dos motores y tracci\u00f3n a las cuatro ruedas. Los motores el\u00e9ctricos del DS n\u00ba 8 son fabricados en Tr\u00e9mery por Emotors, una empresa conjunta de la que el Grupo Stellantis es accionista [...].\" \/>\n<meta property=\"og:url\" content=\"https:\/\/all-car-news.com\/es\/ds-n8-libros-de-pedidos-abiertos-estos-son-los-precios\/\" \/>\n<meta property=\"og:site_name\" content=\"All cars news\" \/>\n<meta property=\"article:published_time\" content=\"2025-02-09T10:06:00+00:00\" \/>\n<meta property=\"og:image\" content=\"https:\/\/autorai.nl\/wp-content\/uploads\/2025\/02\/ds-n8-2025-lifestyle-prijzen-foto2-640x480.jpg\" \/>\n<meta name=\"twitter:card\" content=\"summary_large_image\" \/>\n<meta name=\"twitter:label1\" content=\"Tiempo de lectura\" \/>\n\t<meta name=\"twitter:data1\" content=\"5 minutos\" \/>\n<script type=\"application\/ld+json\" class=\"yoast-schema-graph\">{\"@context\":\"https:\/\/schema.org\",\"@graph\":[{\"@type\":\"Article\",\"@id\":\"https:\/\/all-car-news.com\/es\/ds-n8-libros-de-pedidos-abiertos-estos-son-los-precios\/#article\",\"isPartOf\":{\"@id\":\"https:\/\/all-car-news.com\/es\/ds-n8-libros-de-pedidos-abiertos-estos-son-los-precios\/\"},\"author\":{\"name\":\"\",\"@id\":\"\"},\"headline\":\"DS N\u00b08: libros de pedidos abiertos, estos son los precios\",\"datePublished\":\"2025-02-09T10:06:00+00:00\",\"dateModified\":\"2025-02-09T10:06:00+00:00\",\"mainEntityOfPage\":{\"@id\":\"https:\/\/all-car-news.com\/es\/ds-n8-libros-de-pedidos-abiertos-estos-son-los-precios\/\"},\"wordCount\":1037,\"publisher\":{\"@id\":\"https:\/\/all-car-news.com\/es\/#organization\"},\"articleSection\":[\"noticias de autos\"],\"inLanguage\":\"es\"},{\"@type\":\"WebPage\",\"@id\":\"https:\/\/all-car-news.com\/es\/ds-n8-libros-de-pedidos-abiertos-estos-son-los-precios\/\",\"url\":\"https:\/\/all-car-news.com\/es\/ds-n8-libros-de-pedidos-abiertos-estos-son-los-precios\/\",\"name\":\"DS N\u00b08: libros de pedidos abiertos, estos son los precios - All cars news\",\"isPartOf\":{\"@id\":\"https:\/\/all-car-news.com\/es\/#website\"},\"datePublished\":\"2025-02-09T10:06:00+00:00\",\"dateModified\":\"2025-02-09T10:06:00+00:00\",\"breadcrumb\":{\"@id\":\"https:\/\/all-car-news.com\/es\/ds-n8-libros-de-pedidos-abiertos-estos-son-los-precios\/#breadcrumb\"},\"inLanguage\":\"es\",\"potentialAction\":[{\"@type\":\"ReadAction\",\"target\":[\"https:\/\/all-car-news.com\/es\/ds-n8-libros-de-pedidos-abiertos-estos-son-los-precios\/\"]}]},{\"@type\":\"BreadcrumbList\",\"@id\":\"https:\/\/all-car-news.com\/es\/ds-n8-libros-de-pedidos-abiertos-estos-son-los-precios\/#breadcrumb\",\"itemListElement\":[{\"@type\":\"ListItem\",\"position\":1,\"name\":\"Home\",\"item\":\"https:\/\/all-car-news.com\/es\/\"},{\"@type\":\"ListItem\",\"position\":2,\"name\":\"DS N\u00b08: libros de pedidos abiertos, estos son los precios\"}]},{\"@type\":\"WebSite\",\"@id\":\"https:\/\/all-car-news.com\/es\/#website\",\"url\":\"https:\/\/all-car-news.com\/es\/\",\"name\":\"All cars news\",\"description\":\"\",\"publisher\":{\"@id\":\"https:\/\/all-car-news.com\/es\/#organization\"},\"potentialAction\":[{\"@type\":\"SearchAction\",\"target\":{\"@type\":\"EntryPoint\",\"urlTemplate\":\"https:\/\/all-car-news.com\/es\/?s={search_term_string}\"},\"query-input\":\"required name=search_term_string\"}],\"inLanguage\":\"es\"},{\"@type\":\"Organization\",\"@id\":\"https:\/\/all-car-news.com\/es\/#organization\",\"name\":\"All cars news\",\"url\":\"https:\/\/all-car-news.com\/es\/\",\"logo\":{\"@type\":\"ImageObject\",\"inLanguage\":\"es\",\"@id\":\"https:\/\/all-car-news.com\/es\/#\/schema\/logo\/image\/\",\"url\":\"https:\/\/all-car-news.com\/wp-content\/uploads\/2022\/02\/CMYK-AllCarNews_LANDSCAPE_300px-1.png\",\"contentUrl\":\"https:\/\/all-car-news.com\/wp-content\/uploads\/2022\/02\/CMYK-AllCarNews_LANDSCAPE_300px-1.png\",\"width\":300,\"height\":100,\"caption\":\"All cars news\"},\"image\":{\"@id\":\"https:\/\/all-car-news.com\/es\/#\/schema\/logo\/image\/\"}}]}<\/script>\n<!-- \/ Yoast SEO plugin. -->","yoast_head_json":{"title":"DS N\u00b08: libros de pedidos abiertos, estos son los precios - All cars news","robots":{"index":"index","follow":"follow","max-snippet":"max-snippet:-1","max-image-preview":"max-image-preview:large","max-video-preview":"max-video-preview:-1"},"canonical":"https:\/\/all-car-news.com\/es\/ds-n8-libros-de-pedidos-abiertos-estos-son-los-precios\/","og_locale":"es_ES","og_type":"article","og_title":"DS N\u00b08: libros de pedidos abiertos, estos son los precios - All cars news","og_description":"Tres cadenas cinem\u00e1ticas 100% el\u00e9ctricas para el DS n\u00ba 8 El DS n\u00ba 8 se presenta con tres cadenas cinem\u00e1ticas 100% el\u00e9ctricas de 230 CV, 245 CV y 350 CV, esta \u00faltima equipada con dos motores y tracci\u00f3n a las cuatro ruedas. Los motores el\u00e9ctricos del DS n\u00ba 8 son fabricados en Tr\u00e9mery por Emotors, una empresa conjunta de la que el Grupo Stellantis es accionista [...].","og_url":"https:\/\/all-car-news.com\/es\/ds-n8-libros-de-pedidos-abiertos-estos-son-los-precios\/","og_site_name":"All cars news","article_published_time":"2025-02-09T10:06:00+00:00","og_image":[{"url":"https:\/\/autorai.nl\/wp-content\/uploads\/2025\/02\/ds-n8-2025-lifestyle-prijzen-foto2-640x480.jpg"}],"twitter_card":"summary_large_image","twitter_misc":{"Tiempo de lectura":"5 minutos"},"schema":{"@context":"https:\/\/schema.org","@graph":[{"@type":"Article","@id":"https:\/\/all-car-news.com\/es\/ds-n8-libros-de-pedidos-abiertos-estos-son-los-precios\/#article","isPartOf":{"@id":"https:\/\/all-car-news.com\/es\/ds-n8-libros-de-pedidos-abiertos-estos-son-los-precios\/"},"author":{"name":"","@id":""},"headline":"DS N\u00b08: libros de pedidos abiertos, estos son los precios","datePublished":"2025-02-09T10:06:00+00:00","dateModified":"2025-02-09T10:06:00+00:00","mainEntityOfPage":{"@id":"https:\/\/all-car-news.com\/es\/ds-n8-libros-de-pedidos-abiertos-estos-son-los-precios\/"},"wordCount":1037,"publisher":{"@id":"https:\/\/all-car-news.com\/es\/#organization"},"articleSection":["noticias de autos"],"inLanguage":"es"},{"@type":"WebPage","@id":"https:\/\/all-car-news.com\/es\/ds-n8-libros-de-pedidos-abiertos-estos-son-los-precios\/","url":"https:\/\/all-car-news.com\/es\/ds-n8-libros-de-pedidos-abiertos-estos-son-los-precios\/","name":"DS N\u00b08: libros de pedidos abiertos, estos son los precios - All cars news","isPartOf":{"@id":"https:\/\/all-car-news.com\/es\/#website"},"datePublished":"2025-02-09T10:06:00+00:00","dateModified":"2025-02-09T10:06:00+00:00","breadcrumb":{"@id":"https:\/\/all-car-news.com\/es\/ds-n8-libros-de-pedidos-abiertos-estos-son-los-precios\/#breadcrumb"},"inLanguage":"es","potentialAction":[{"@type":"ReadAction","target":["https:\/\/all-car-news.com\/es\/ds-n8-libros-de-pedidos-abiertos-estos-son-los-precios\/"]}]},{"@type":"BreadcrumbList","@id":"https:\/\/all-car-news.com\/es\/ds-n8-libros-de-pedidos-abiertos-estos-son-los-precios\/#breadcrumb","itemListElement":[{"@type":"ListItem","position":1,"name":"Home","item":"https:\/\/all-car-news.com\/es\/"},{"@type":"ListItem","position":2,"name":"DS N\u00b08: libros de pedidos abiertos, estos son los precios"}]},{"@type":"WebSite","@id":"https:\/\/all-car-news.com\/es\/#website","url":"https:\/\/all-car-news.com\/es\/","name":"All cars news","description":"","publisher":{"@id":"https:\/\/all-car-news.com\/es\/#organization"},"potentialAction":[{"@type":"SearchAction","target":{"@type":"EntryPoint","urlTemplate":"https:\/\/all-car-news.com\/es\/?s={search_term_string}"},"query-input":"required name=search_term_string"}],"inLanguage":"es"},{"@type":"Organization","@id":"https:\/\/all-car-news.com\/es\/#organization","name":"All cars news","url":"https:\/\/all-car-news.com\/es\/","logo":{"@type":"ImageObject","inLanguage":"es","@id":"https:\/\/all-car-news.com\/es\/#\/schema\/logo\/image\/","url":"https:\/\/all-car-news.com\/wp-content\/uploads\/2022\/02\/CMYK-AllCarNews_LANDSCAPE_300px-1.png","contentUrl":"https:\/\/all-car-news.com\/wp-content\/uploads\/2022\/02\/CMYK-AllCarNews_LANDSCAPE_300px-1.png","width":300,"height":100,"caption":"All cars news"},"image":{"@id":"https:\/\/all-car-news.com\/es\/#\/schema\/logo\/image\/"}}]}},"_links":{"self":[{"href":"https:\/\/all-car-news.com\/es\/wp-json\/wp\/v2\/posts\/152245","targetHints":{"allow":["GET"]}}],"collection":[{"href":"https:\/\/all-car-news.com\/es\/wp-json\/wp\/v2\/posts"}],"about":[{"href":"https:\/\/all-car-news.com\/es\/wp-json\/wp\/v2\/types\/post"}],"replies":[{"embeddable":true,"href":"https:\/\/all-car-news.com\/es\/wp-json\/wp\/v2\/comments?post=152245"}],"version-history":[{"count":0,"href":"https:\/\/all-car-news.com\/es\/wp-json\/wp\/v2\/posts\/152245\/revisions"}],"wp:featuredmedia":[{"embeddable":true,"href":"https:\/\/all-car-news.com\/es\/wp-json\/wp\/v2\/media\/152231"}],"wp:attachment":[{"href":"https:\/\/all-car-news.com\/es\/wp-json\/wp\/v2\/media?parent=152245"}],"wp:term":[{"taxonomy":"category","embeddable":true,"href":"https:\/\/all-car-news.com\/es\/wp-json\/wp\/v2\/categories?post=152245"},{"taxonomy":"post_tag","embeddable":true,"href":"https:\/\/all-car-news.com\/es\/wp-json\/wp\/v2\/tags?post=152245"}],"curies":[{"name":"wp","href":"https:\/\/api.w.org\/{rel}","templated":true}]}}