{"id":152220,"date":"2025-02-07T15:37:00","date_gmt":"2025-02-07T15:37:00","guid":{"rendered":"https:\/\/all-car-news.com\/visto-un-dodge-charger-2014\/"},"modified":"2025-02-07T15:37:00","modified_gmt":"2025-02-07T15:37:00","slug":"visto-un-dodge-charger-2014","status":"publish","type":"post","link":"https:\/\/all-car-news.com\/es\/visto-un-dodge-charger-2014\/","title":{"rendered":"Visto: un Dodge Charger 2014"},"content":{"rendered":"<h2><strong>El esp\u00e9cimen manchado<\/strong><\/h2>\n<p>En el distrito Charlois de Rotterdam, hemos visto este Dodge Charger de 2014, que lleva en Holanda desde 2018. No dejes que la sutil personalizaci\u00f3n te enga\u00f1e: se trata \u00abs\u00f3lo\u00bb de una versi\u00f3n SE o SXT relativamente modesta. Con un potente V6 de 3,6 litros y 218 kW (297 CV), estos \u00abmodelos base\u00bb de la gama tampoco se equivocan. Este modelo b\u00e1sico ya alcanza los 100 km\/h en 6,4 segundos y llega hasta los 200 km\/h. Los faros y el rayado de \u00e9ste no son originales. Aunque no solemos ser fans del tuning, esta vez no parece fuera de lugar.     <\/p>\n<div class=\"galery galery-0\">\n<figure>\n\t\t\t\t\t<span style=\"cursor: pointer\" data-src=\"https:\/\/autorai.nl\/wp-content\/uploads\/2025\/02\/AutoRAI-Gespot-Dodge-Charger-1-1600x1200.jpg\" data-fancybox=\"galery-0\" title=\"\"><br \/>\n\t\t\t\t\t\t\t<img decoding=\"async\" width=\"360\" height=\"270\" src=\"https:\/\/autorai.nl\/wp-content\/uploads\/2025\/02\/AutoRAI-Gespot-Dodge-Charger-1-360x270.jpg\" class=\"attachment-small size-small\" alt=\"\" loading=\"lazy\"><i class=\"fa fa-search-plus\" aria-hidden=\"true\"><\/i><br \/>\n\t\t\t\t\t\t<\/span><br \/>\n\t\t\t\t\t<\/figure>\n<figure>\n\t\t\t\t\t<span style=\"cursor: pointer\" data-src=\"https:\/\/autorai.nl\/wp-content\/uploads\/2025\/02\/AutoRAI-Gespot-Dodge-Charger-2-1600x1200.jpg\" data-fancybox=\"galery-0\" title=\"\"><br \/>\n\t\t\t\t\t\t\t<img decoding=\"async\" width=\"360\" height=\"270\" src=\"https:\/\/autorai.nl\/wp-content\/uploads\/2025\/02\/AutoRAI-Gespot-Dodge-Charger-2-360x270.jpg\" class=\"attachment-small size-small\" alt=\"\" loading=\"lazy\"><i class=\"fa fa-search-plus\" aria-hidden=\"true\"><\/i><br \/>\n\t\t\t\t\t\t<\/span><br \/>\n\t\t\t\t\t<\/figure>\n<figure>\n\t\t\t\t\t<span style=\"cursor: pointer\" data-src=\"https:\/\/autorai.nl\/wp-content\/uploads\/2025\/02\/AutoRAI-Gespot-Dodge-Charger-3-1600x1200.jpg\" data-fancybox=\"galery-0\" title=\"\"><br \/>\n\t\t\t\t\t\t\t<img decoding=\"async\" width=\"360\" height=\"270\" src=\"https:\/\/autorai.nl\/wp-content\/uploads\/2025\/02\/AutoRAI-Gespot-Dodge-Charger-3-360x270.jpg\" class=\"attachment-small size-small\" alt=\"\" loading=\"lazy\"><i class=\"fa fa-search-plus\" aria-hidden=\"true\"><\/i><br \/>\n\t\t\t\t\t\t<\/span><br \/>\n\t\t\t\t\t<\/figure>\n<figure>\n\t\t\t\t\t<span style=\"cursor: pointer\" data-src=\"https:\/\/autorai.nl\/wp-content\/uploads\/2025\/02\/AutoRAI-Gespot-Dodge-Charger-4-1600x1200.jpg\" data-fancybox=\"galery-0\" title=\"\"><br \/>\n\t\t\t\t\t\t\t<img decoding=\"async\" width=\"360\" height=\"270\" src=\"https:\/\/autorai.nl\/wp-content\/uploads\/2025\/02\/AutoRAI-Gespot-Dodge-Charger-4-360x270.jpg\" class=\"attachment-small size-small\" alt=\"\" loading=\"lazy\"><i class=\"fa fa-search-plus\" aria-hidden=\"true\"><\/i><br \/>\n\t\t\t\t\t\t<\/span><br \/>\n\t\t\t\t\t<\/figure>\n<div class=\"clear\"><\/div>\n<\/div>\n<h2><strong>El Dodge Charger en Holanda<\/strong><\/h2>\n<p>Actualmente hay 536 ejemplares del Dodge Charger en las matr\u00edculas holandesas. A continuaci\u00f3n contamos todas las generaciones del modelo. Las m\u00e1s populares, con diferencia, son la segunda (1968-1970) y la sexta generaci\u00f3n (2006-2010). De la s\u00e9ptima generaci\u00f3n del modelo que vimos, se matricularon 73, o 45 si no contamos el dr\u00e1stico lavado de cara del a\u00f1o modelo 2015.   <\/p>\n<h2><strong>La s\u00e9ptima generaci\u00f3n del Dodge Charger<\/strong><\/h2>\n<p>La s\u00e9ptima generaci\u00f3n del Dodge Charger entr\u00f3 en el mercado para el a\u00f1o modelo 2011. Era una evoluci\u00f3n del modelo anterior y segu\u00eda compartiendo plataforma con el <a href=\"https:\/\/autorai.nl\/gespot-een-chrysler-300-uit-2012\/\" target=\"_blank\" rel=\"noreferrer noopener\">Chrysler 300<\/a> y el <a href=\"https:\/\/autorai.nl\/review-2023-dodge-challenger-srt-hellcat\/\" target=\"_blank\" rel=\"noreferrer noopener\">Dodge Challenger<\/a>. Aunque se mantuvieron las l\u00edneas b\u00e1sicas, el nuevo Charger recibi\u00f3 un dise\u00f1o ligeramente m\u00e1s elegante con algunas sutiles referencias a la ic\u00f3nica segunda generaci\u00f3n.  <\/p>\n<div class=\"galery shuffle galery-1\">\n<figure>\n\t\t\t\t\t<span style=\"cursor: pointer\" data-src=\"https:\/\/autorai.nl\/wp-content\/uploads\/2025\/02\/Dodge-Charger-1-1600x1200.jpg\" data-fancybox=\"galery-1\" title=\"\"><br \/>\n\t\t\t\t\t\t\t<img decoding=\"async\" width=\"640\" height=\"480\" src=\"https:\/\/autorai.nl\/wp-content\/uploads\/2025\/02\/Dodge-Charger-1-640x480.jpg\" class=\"attachment-medium size-medium\" alt=\"\" loading=\"lazy\"><i class=\"fa fa-search-plus\" aria-hidden=\"true\"><\/i><br \/>\n\t\t\t\t\t\t<\/span><br \/>\n\t\t\t\t\t<\/figure>\n<figure>\n\t\t\t\t\t<span style=\"cursor: pointer\" data-src=\"https:\/\/autorai.nl\/wp-content\/uploads\/2025\/02\/Dodge-Charger-2-1600x1200.jpg\" data-fancybox=\"galery-1\" title=\"\"><br \/>\n\t\t\t\t\t\t\t<img decoding=\"async\" width=\"360\" height=\"270\" src=\"https:\/\/autorai.nl\/wp-content\/uploads\/2025\/02\/Dodge-Charger-2-360x270.jpg\" class=\"attachment-small size-small\" alt=\"\" loading=\"lazy\"><i class=\"fa fa-search-plus\" aria-hidden=\"true\"><\/i><br \/>\n\t\t\t\t\t\t<\/span><br \/>\n\t\t\t\t\t<\/figure>\n<figure>\n\t\t\t\t\t<span style=\"cursor: pointer\" data-src=\"https:\/\/autorai.nl\/wp-content\/uploads\/2025\/02\/Dodge-Charger-3-1600x1200.jpg\" data-fancybox=\"galery-1\" title=\"\"><br \/>\n\t\t\t\t\t\t\t<img decoding=\"async\" width=\"360\" height=\"270\" src=\"https:\/\/autorai.nl\/wp-content\/uploads\/2025\/02\/Dodge-Charger-3-360x270.jpg\" class=\"attachment-small size-small\" alt=\"\" loading=\"lazy\"><i class=\"fa fa-search-plus\" aria-hidden=\"true\"><\/i><br \/>\n\t\t\t\t\t\t<\/span><br \/>\n\t\t\t\t\t<\/figure>\n<div class=\"clear\"><\/div>\n<\/div>\n<h2><strong>Motores Dodge Charger<\/strong><\/h2>\n<p>El V6 de serie del que vimos, combinado con el Paquete Performance opcional, produc\u00eda 220 kW. Por encima de \u00e9l hab\u00eda un V8 de 5,7 y 6,4 litros, con 280 y 350 kW (381 y 476 CV). Este \u00faltimo pertenece a la versi\u00f3n SRT8 que regres\u00f3 en 2012, que acelera hasta 100 km\/h en 4,3 segundos. Cada motor estaba acoplado de serie a un cambio autom\u00e1tico de cinco velocidades, pero el V6 tambi\u00e9n pod\u00eda acoplarse opcionalmente a uno de ocho velocidades, dise\u00f1ado principalmente para reducir el consumo de combustible.   <\/p>\n<h2><strong>Lifting dr\u00e1stico<\/strong><\/h2>\n<p>Para el a\u00f1o modelo 2015, el Dodge Charger sufri\u00f3 un importante lavado de cara. El coche recuper\u00f3 un dise\u00f1o m\u00e1s redondeado. Aunque las l\u00edneas b\u00e1sicas segu\u00edan siendo las mismas, casi creer\u00edas estar ante una nueva generaci\u00f3n del modelo. En el interior, sin embargo, los cambios fueron mucho m\u00e1s sutiles. En \u00e9l, consist\u00edan principalmente en materiales m\u00e1s agradables y un sistema de infoentretenimiento actualizado. Desde el punto de vista t\u00e9cnico, el V8 de 6,4 litros ofrec\u00eda ahora 362 kW (493 CV). Una novedad era el enorme V8 de 6,2 litros y 527 kW (717 CV), que incluso llegaba a los 594 kW (808 CV) en el Charger SRT Hellcat Redeye. Los motores V8 tambi\u00e9n se asociaban ahora a la transmisi\u00f3n autom\u00e1tica de ocho velocidades.       <\/p>\n<div class=\"galery shuffle galery-2\">\n<figure>\n\t\t\t\t\t<span style=\"cursor: pointer\" data-src=\"https:\/\/autorai.nl\/wp-content\/uploads\/2025\/02\/Dodge-Charger-4-1600x1200.jpg\" data-fancybox=\"galery-2\" title=\"\"><br \/>\n\t\t\t\t\t\t\t<img decoding=\"async\" width=\"640\" height=\"480\" src=\"https:\/\/autorai.nl\/wp-content\/uploads\/2025\/02\/Dodge-Charger-4-640x480.jpg\" class=\"attachment-medium size-medium\" alt=\"\" loading=\"lazy\"><i class=\"fa fa-search-plus\" aria-hidden=\"true\"><\/i><br \/>\n\t\t\t\t\t\t<\/span><br \/>\n\t\t\t\t\t<\/figure>\n<figure>\n\t\t\t\t\t<span style=\"cursor: pointer\" data-src=\"https:\/\/autorai.nl\/wp-content\/uploads\/2025\/02\/Dodge-Charger-5-1600x1199.jpg\" data-fancybox=\"galery-2\" title=\"\"><br \/>\n\t\t\t\t\t\t\t<img decoding=\"async\" width=\"360\" height=\"270\" src=\"https:\/\/autorai.nl\/wp-content\/uploads\/2025\/02\/Dodge-Charger-5-360x270.jpg\" class=\"attachment-small size-small\" alt=\"\" loading=\"lazy\"><i class=\"fa fa-search-plus\" aria-hidden=\"true\"><\/i><br \/>\n\t\t\t\t\t\t<\/span><br \/>\n\t\t\t\t\t<\/figure>\n<figure>\n\t\t\t\t\t<span style=\"cursor: pointer\" data-src=\"https:\/\/autorai.nl\/wp-content\/uploads\/2025\/02\/Dodge-Charger-6-1600x1200.jpg\" data-fancybox=\"galery-2\" title=\"\"><br \/>\n\t\t\t\t\t\t\t<img decoding=\"async\" width=\"360\" height=\"270\" src=\"https:\/\/autorai.nl\/wp-content\/uploads\/2025\/02\/Dodge-Charger-6-360x270.jpg\" class=\"attachment-small size-small\" alt=\"\" loading=\"lazy\"><i class=\"fa fa-search-plus\" aria-hidden=\"true\"><\/i><br \/>\n\t\t\t\t\t\t<\/span><br \/>\n\t\t\t\t\t<\/figure>\n<div class=\"clear\"><\/div>\n<\/div>\n<p>Al final, el Dodge Charger consigui\u00f3 durar hasta el a\u00f1o modelo <a href=\"https:\/\/autorai.nl\/doek-valt-voor-dodge-challenger-en-charger\/\" target=\"_blank\" rel=\"noreferrer noopener\">2023, un a\u00f1o modelo que a\u00fan se alargaba hasta diciembre de 2023<\/a>. Desde entonces, ha habido una <a href=\"https:\/\/autorai.nl\/dodge-charger-daytona-srt-concept-elektrisch-met-uitlaat\/\" target=\"_blank\" rel=\"noreferrer noopener\">generaci\u00f3n de modelos realmente nueva<\/a>, pero aborda algunas cosas de forma diferente. <\/p>\n<figure class=\"wp-block-image size-content\"><img decoding=\"async\" loading=\"lazy\" width=\"1140\" height=\"641\" src=\"https:\/\/autorai.nl\/wp-content\/uploads\/2025\/02\/Dodge-Charger-7-1140x641.jpg\" alt=\"\" class=\"wp-image-193877\"><\/figure>\n","protected":false},"excerpt":{"rendered":"En los eventos, todav\u00eda te cruzas a veces con un Dodge Charger, pero normalmente una versi\u00f3n cl\u00e1sica y\/o \"gorda\". Para&hellip;","protected":false},"author":0,"featured_media":152202,"comment_status":"","ping_status":"open","sticky":false,"template":"","format":"standard","meta":{"footnotes":""},"categories":[178,126],"tags":[],"class_list":["post-152220","post","type-post","status-publish","format-standard","has-post-thumbnail","hentry","category-diversion","category-noticias-de-autos"],"acf":[],"yoast_head":"<!-- This site is optimized with the Yoast SEO plugin v21.2 - https:\/\/yoast.com\/wordpress\/plugins\/seo\/ -->\n<title>Visto: un Dodge Charger 2014 - All cars news<\/title>\n<meta name=\"robots\" content=\"index, follow, max-snippet:-1, max-image-preview:large, max-video-preview:-1\" \/>\n<link rel=\"canonical\" href=\"https:\/\/all-car-news.com\/es\/visto-un-dodge-charger-2014\/\" \/>\n<meta property=\"og:locale\" content=\"es_ES\" \/>\n<meta property=\"og:type\" content=\"article\" \/>\n<meta property=\"og:title\" content=\"Visto: un Dodge Charger 2014 - All cars news\" \/>\n<meta property=\"og:description\" content=\"En los eventos, todav\u00eda te cruzas a veces con un Dodge Charger, pero normalmente una versi\u00f3n cl\u00e1sica y\/o &quot;gorda&quot;. Para variar, nos cruzamos con uno moderno en la v\u00eda p\u00fablica, tambi\u00e9n en una versi\u00f3n bastante modesta.\" \/>\n<meta property=\"og:url\" content=\"https:\/\/all-car-news.com\/es\/visto-un-dodge-charger-2014\/\" \/>\n<meta property=\"og:site_name\" content=\"All cars news\" \/>\n<meta property=\"article:published_time\" content=\"2025-02-07T15:37:00+00:00\" \/>\n<meta property=\"og:image\" content=\"https:\/\/autorai.nl\/wp-content\/uploads\/2025\/02\/AutoRAI-Gespot-Dodge-Charger-1-360x270.jpg\" \/>\n<meta name=\"twitter:card\" content=\"summary_large_image\" \/>\n<meta name=\"twitter:label1\" content=\"Tiempo de lectura\" \/>\n\t<meta name=\"twitter:data1\" content=\"3 minutos\" \/>\n<script type=\"application\/ld+json\" class=\"yoast-schema-graph\">{\"@context\":\"https:\/\/schema.org\",\"@graph\":[{\"@type\":\"Article\",\"@id\":\"https:\/\/all-car-news.com\/es\/visto-un-dodge-charger-2014\/#article\",\"isPartOf\":{\"@id\":\"https:\/\/all-car-news.com\/es\/visto-un-dodge-charger-2014\/\"},\"author\":{\"name\":\"\",\"@id\":\"\"},\"headline\":\"Visto: un Dodge Charger 2014\",\"datePublished\":\"2025-02-07T15:37:00+00:00\",\"dateModified\":\"2025-02-07T15:37:00+00:00\",\"mainEntityOfPage\":{\"@id\":\"https:\/\/all-car-news.com\/es\/visto-un-dodge-charger-2014\/\"},\"wordCount\":513,\"publisher\":{\"@id\":\"https:\/\/all-car-news.com\/es\/#organization\"},\"articleSection\":[\"Diversi\u00f3n\",\"noticias de autos\"],\"inLanguage\":\"es\"},{\"@type\":\"WebPage\",\"@id\":\"https:\/\/all-car-news.com\/es\/visto-un-dodge-charger-2014\/\",\"url\":\"https:\/\/all-car-news.com\/es\/visto-un-dodge-charger-2014\/\",\"name\":\"Visto: un Dodge Charger 2014 - All cars news\",\"isPartOf\":{\"@id\":\"https:\/\/all-car-news.com\/es\/#website\"},\"datePublished\":\"2025-02-07T15:37:00+00:00\",\"dateModified\":\"2025-02-07T15:37:00+00:00\",\"breadcrumb\":{\"@id\":\"https:\/\/all-car-news.com\/es\/visto-un-dodge-charger-2014\/#breadcrumb\"},\"inLanguage\":\"es\",\"potentialAction\":[{\"@type\":\"ReadAction\",\"target\":[\"https:\/\/all-car-news.com\/es\/visto-un-dodge-charger-2014\/\"]}]},{\"@type\":\"BreadcrumbList\",\"@id\":\"https:\/\/all-car-news.com\/es\/visto-un-dodge-charger-2014\/#breadcrumb\",\"itemListElement\":[{\"@type\":\"ListItem\",\"position\":1,\"name\":\"Home\",\"item\":\"https:\/\/all-car-news.com\/es\/\"},{\"@type\":\"ListItem\",\"position\":2,\"name\":\"Visto: un Dodge Charger 2014\"}]},{\"@type\":\"WebSite\",\"@id\":\"https:\/\/all-car-news.com\/es\/#website\",\"url\":\"https:\/\/all-car-news.com\/es\/\",\"name\":\"All cars news\",\"description\":\"\",\"publisher\":{\"@id\":\"https:\/\/all-car-news.com\/es\/#organization\"},\"potentialAction\":[{\"@type\":\"SearchAction\",\"target\":{\"@type\":\"EntryPoint\",\"urlTemplate\":\"https:\/\/all-car-news.com\/es\/?s={search_term_string}\"},\"query-input\":\"required name=search_term_string\"}],\"inLanguage\":\"es\"},{\"@type\":\"Organization\",\"@id\":\"https:\/\/all-car-news.com\/es\/#organization\",\"name\":\"All cars news\",\"url\":\"https:\/\/all-car-news.com\/es\/\",\"logo\":{\"@type\":\"ImageObject\",\"inLanguage\":\"es\",\"@id\":\"https:\/\/all-car-news.com\/es\/#\/schema\/logo\/image\/\",\"url\":\"https:\/\/all-car-news.com\/wp-content\/uploads\/2022\/02\/CMYK-AllCarNews_LANDSCAPE_300px-1.png\",\"contentUrl\":\"https:\/\/all-car-news.com\/wp-content\/uploads\/2022\/02\/CMYK-AllCarNews_LANDSCAPE_300px-1.png\",\"width\":300,\"height\":100,\"caption\":\"All cars news\"},\"image\":{\"@id\":\"https:\/\/all-car-news.com\/es\/#\/schema\/logo\/image\/\"}}]}<\/script>\n<!-- \/ Yoast SEO plugin. -->","yoast_head_json":{"title":"Visto: un Dodge Charger 2014 - All cars news","robots":{"index":"index","follow":"follow","max-snippet":"max-snippet:-1","max-image-preview":"max-image-preview:large","max-video-preview":"max-video-preview:-1"},"canonical":"https:\/\/all-car-news.com\/es\/visto-un-dodge-charger-2014\/","og_locale":"es_ES","og_type":"article","og_title":"Visto: un Dodge Charger 2014 - All cars news","og_description":"En los eventos, todav\u00eda te cruzas a veces con un Dodge Charger, pero normalmente una versi\u00f3n cl\u00e1sica y\/o \"gorda\". Para variar, nos cruzamos con uno moderno en la v\u00eda p\u00fablica, tambi\u00e9n en una versi\u00f3n bastante modesta.","og_url":"https:\/\/all-car-news.com\/es\/visto-un-dodge-charger-2014\/","og_site_name":"All cars news","article_published_time":"2025-02-07T15:37:00+00:00","og_image":[{"url":"https:\/\/autorai.nl\/wp-content\/uploads\/2025\/02\/AutoRAI-Gespot-Dodge-Charger-1-360x270.jpg"}],"twitter_card":"summary_large_image","twitter_misc":{"Tiempo de lectura":"3 minutos"},"schema":{"@context":"https:\/\/schema.org","@graph":[{"@type":"Article","@id":"https:\/\/all-car-news.com\/es\/visto-un-dodge-charger-2014\/#article","isPartOf":{"@id":"https:\/\/all-car-news.com\/es\/visto-un-dodge-charger-2014\/"},"author":{"name":"","@id":""},"headline":"Visto: un Dodge Charger 2014","datePublished":"2025-02-07T15:37:00+00:00","dateModified":"2025-02-07T15:37:00+00:00","mainEntityOfPage":{"@id":"https:\/\/all-car-news.com\/es\/visto-un-dodge-charger-2014\/"},"wordCount":513,"publisher":{"@id":"https:\/\/all-car-news.com\/es\/#organization"},"articleSection":["Diversi\u00f3n","noticias de autos"],"inLanguage":"es"},{"@type":"WebPage","@id":"https:\/\/all-car-news.com\/es\/visto-un-dodge-charger-2014\/","url":"https:\/\/all-car-news.com\/es\/visto-un-dodge-charger-2014\/","name":"Visto: un Dodge Charger 2014 - All cars news","isPartOf":{"@id":"https:\/\/all-car-news.com\/es\/#website"},"datePublished":"2025-02-07T15:37:00+00:00","dateModified":"2025-02-07T15:37:00+00:00","breadcrumb":{"@id":"https:\/\/all-car-news.com\/es\/visto-un-dodge-charger-2014\/#breadcrumb"},"inLanguage":"es","potentialAction":[{"@type":"ReadAction","target":["https:\/\/all-car-news.com\/es\/visto-un-dodge-charger-2014\/"]}]},{"@type":"BreadcrumbList","@id":"https:\/\/all-car-news.com\/es\/visto-un-dodge-charger-2014\/#breadcrumb","itemListElement":[{"@type":"ListItem","position":1,"name":"Home","item":"https:\/\/all-car-news.com\/es\/"},{"@type":"ListItem","position":2,"name":"Visto: un Dodge Charger 2014"}]},{"@type":"WebSite","@id":"https:\/\/all-car-news.com\/es\/#website","url":"https:\/\/all-car-news.com\/es\/","name":"All cars news","description":"","publisher":{"@id":"https:\/\/all-car-news.com\/es\/#organization"},"potentialAction":[{"@type":"SearchAction","target":{"@type":"EntryPoint","urlTemplate":"https:\/\/all-car-news.com\/es\/?s={search_term_string}"},"query-input":"required name=search_term_string"}],"inLanguage":"es"},{"@type":"Organization","@id":"https:\/\/all-car-news.com\/es\/#organization","name":"All cars news","url":"https:\/\/all-car-news.com\/es\/","logo":{"@type":"ImageObject","inLanguage":"es","@id":"https:\/\/all-car-news.com\/es\/#\/schema\/logo\/image\/","url":"https:\/\/all-car-news.com\/wp-content\/uploads\/2022\/02\/CMYK-AllCarNews_LANDSCAPE_300px-1.png","contentUrl":"https:\/\/all-car-news.com\/wp-content\/uploads\/2022\/02\/CMYK-AllCarNews_LANDSCAPE_300px-1.png","width":300,"height":100,"caption":"All cars news"},"image":{"@id":"https:\/\/all-car-news.com\/es\/#\/schema\/logo\/image\/"}}]}},"_links":{"self":[{"href":"https:\/\/all-car-news.com\/es\/wp-json\/wp\/v2\/posts\/152220","targetHints":{"allow":["GET"]}}],"collection":[{"href":"https:\/\/all-car-news.com\/es\/wp-json\/wp\/v2\/posts"}],"about":[{"href":"https:\/\/all-car-news.com\/es\/wp-json\/wp\/v2\/types\/post"}],"replies":[{"embeddable":true,"href":"https:\/\/all-car-news.com\/es\/wp-json\/wp\/v2\/comments?post=152220"}],"version-history":[{"count":0,"href":"https:\/\/all-car-news.com\/es\/wp-json\/wp\/v2\/posts\/152220\/revisions"}],"wp:featuredmedia":[{"embeddable":true,"href":"https:\/\/all-car-news.com\/es\/wp-json\/wp\/v2\/media\/152202"}],"wp:attachment":[{"href":"https:\/\/all-car-news.com\/es\/wp-json\/wp\/v2\/media?parent=152220"}],"wp:term":[{"taxonomy":"category","embeddable":true,"href":"https:\/\/all-car-news.com\/es\/wp-json\/wp\/v2\/categories?post=152220"},{"taxonomy":"post_tag","embeddable":true,"href":"https:\/\/all-car-news.com\/es\/wp-json\/wp\/v2\/tags?post=152220"}],"curies":[{"name":"wp","href":"https:\/\/api.w.org\/{rel}","templated":true}]}}