{"id":151405,"date":"2025-01-13T13:16:00","date_gmt":"2025-01-13T13:16:00","guid":{"rendered":"https:\/\/all-car-news.com\/el-renovado-porsche-911-carrera-s-alcanza-casi-los-500-cv\/"},"modified":"2025-01-13T13:16:00","modified_gmt":"2025-01-13T13:16:00","slug":"el-renovado-porsche-911-carrera-s-alcanza-casi-los-500-cv","status":"publish","type":"post","link":"https:\/\/all-car-news.com\/es\/el-renovado-porsche-911-carrera-s-alcanza-casi-los-500-cv\/","title":{"rendered":"El renovado Porsche 911 Carrera S alcanza casi los 500 CV"},"content":{"rendered":"<h2>Porsche 911 Carrera S  <\/h2>\n<p>Dentro de la gama Carrera, el Porsche 911 Carrera S actualizado cierra la brecha entre el Porsche 911 Carrera est\u00e1ndar y el Porsche 911 Carrera GTS m\u00e1s deportivo. La cadena cinem\u00e1tica del nuevo Porsche 911 Carrera S se ha mejorado significativamente y ahora ofrece unas prestaciones comparables a las de la generaci\u00f3n anterior del Porsche 911 Carrera GTS. <\/p>\n<h2>Como Coup\u00e9 y Cabriolet<\/h2>\n<p>Adem\u00e1s, el nuevo 911 Carrera S cuenta con un amplio equipamiento de serie y m\u00e1s opciones de personalizaci\u00f3n que el 911 Carrera normal. Esto convierte al nuevo modelo en una atractiva incorporaci\u00f3n a la gama de modelos. El 911 Carrera S est\u00e1 disponible en versiones Coup\u00e9 y Cabriolet.  <\/p>\n<figure class=\"wp-block-image size-content\"><img decoding=\"async\" loading=\"lazy\" width=\"1140\" height=\"889\" src=\"https:\/\/autorai.nl\/wp-content\/uploads\/2025\/01\/porsche-911-carrera-s-2025-foto4-1140x889.jpeg\" alt=\"Porsche 911 Carrera S 2025 disponible como Coup\u00e9 y Cabriolet\" class=\"wp-image-192226\"><\/figure>\n<h2>Cadena cinem\u00e1tica Porsche 911 Carrera S  <\/h2>\n<p>El motor b\u00f3xer de seis cilindros y 3,0 litros con doble turbocompresor se ha redise\u00f1ado a fondo para el nuevo 911 Carrera S. La potencia se ha incrementado hasta 353 kW (480 CV) con 530 Nm de par, lo que representa un aumento de 22 kW (30 CV) respecto a su predecesor. Al mismo tiempo, se han reducido las emisiones. Porsche lo ha conseguido instalando nuevos turbocompresores y mejorando significativamente la refrigeraci\u00f3n, entre otras cosas. El Coup\u00e9 acelera de 0 a 100 km\/h en s\u00f3lo 3,3 segundos y alcanza una velocidad m\u00e1xima de 308 km\/h. La potencia se transmite mediante una transmisi\u00f3n PDK (Porsche Doppelkupplung) de ocho velocidades.    <\/p>\n<h2>Equipo<\/h2>\n<p>El equipamiento de serie del 911 Carrera S se ha ampliado considerablemente. El modelo viene con faros Matrix LED, llantas Carrera S de 20\/21 pulgadas, un sistema de escape deportivo con tubos de escape plateados y Porsche Torque Vectoring Plus (PTV+), que no est\u00e1 disponible en el Carrera normal. El nuevo sistema de frenos, adoptado del 911 Carrera GTS, ofrece una mejora significativa de la din\u00e1mica de conducci\u00f3n. Este sistema, con pinzas rojas y discos de freno de 408 mm delante y 380 mm detr\u00e1s, ofrece un excelente rendimiento de frenado.     <\/p>\n<h2>Freno cer\u00e1mico compuesto Porsche<\/h2>\n<p>Para los que busquen m\u00e1s prestaciones, hay disponibles mejoras opcionales, como el sistema Porsche Ceramic Composite Brake (PCCB) y la suspensi\u00f3n deportiva PASM. Esta suspensi\u00f3n deportiva rebaja la altura de marcha 10 mil\u00edmetros y puede combinarse con direcci\u00f3n a las ruedas traseras. Tambi\u00e9n est\u00e1n disponibles opcionalmente un sistema de elevaci\u00f3n del eje delantero, faros LED HD-Matrix y el paquete Sport Chrono con la aplicaci\u00f3n Porsche Track Precision (ideal para uso en circuito).  <\/p>\n<h2>Sistema hidr\u00e1ulico de amortiguaci\u00f3n<\/h2>\n<p>El sistema de amortiguaci\u00f3n hidr\u00e1ulica del 911 Carrera S se ha optimizado a\u00fan m\u00e1s, lo que se traduce en un manejo mejorado, una mayor precisi\u00f3n y una capacidad de respuesta m\u00e1s refinada. La direcci\u00f3n, combinada con la direcci\u00f3n del eje trasero, es ahora m\u00e1s directa, y se ha ajustado la cinem\u00e1tica del eje delantero. Esto hace que el manejo sea m\u00e1s \u00e1gil y sensible, mientras que la estabilidad a altas velocidades tambi\u00e9n se ha mejorado significativamente.  <\/p>\n<h2>Interior Porsche 911 Carrera S  <\/h2>\n<p>El interior del 911 Carrera S refleja los altos niveles de calidad y exclusividad de Porsche. El equipamiento de serie incluye un paquete de cuero en color negro, con asientos, reposacabezas, salpicadero, paneles de las puertas y el sistema opcional de asientos traseros en el Coup\u00e9 tapizados en cuero negro de suave curtido. Los asientos traseros plegables est\u00e1n disponibles sin coste adicional como alternativa a la disposici\u00f3n de dos plazas de serie; el Cabriolet tiene un asiento trasero de 2 plazas de serie. Hay disponible opcionalmente un interior de cuero ampliado, con piezas adicionales como la guantera, los paneles laterales y la base de los asientos tapizados.     <\/p>\n<h2>Precioso<\/h2>\n<p>El nuevo Porsche 911 Carrera S puede encargarse inmediatamente como Coup\u00e9 o Cabriolet en los ocho Centros Porsche de Holanda. Las primeras entregas comenzar\u00e1n en la primavera de 2025. Los precios empiezan en 218.400 euros para el 911 Carrera S, el Cabriolet sale por 235.900 euros. Caro, eso seguro.   <\/p>\n<div class=\"galery shuffle galery-0\">\n<figure>\n\t\t\t\t\t<span style=\"cursor: pointer\" data-src=\"https:\/\/autorai.nl\/wp-content\/uploads\/2025\/01\/porsche-911-carrera-s-2025-foto9-1600x1354.jpeg\" data-fancybox=\"galery-0\" title=\"\"><br \/>\n\t\t\t\t\t\t\t<img decoding=\"async\" width=\"640\" height=\"480\" src=\"https:\/\/autorai.nl\/wp-content\/uploads\/2025\/01\/porsche-911-carrera-s-2025-foto9-640x480.jpeg\" class=\"attachment-medium size-medium\" alt=\"\" loading=\"lazy\"><i class=\"fa fa-search-plus\" aria-hidden=\"true\"><\/i><br \/>\n\t\t\t\t\t\t<\/span><br \/>\n\t\t\t\t\t<\/figure>\n<figure>\n\t\t\t\t\t<span style=\"cursor: pointer\" data-src=\"https:\/\/autorai.nl\/wp-content\/uploads\/2025\/01\/porsche-911-carrera-s-2025-foto8-1600x1244.jpeg\" data-fancybox=\"galery-0\" title=\"\"><br \/>\n\t\t\t\t\t\t\t<img decoding=\"async\" width=\"360\" height=\"270\" src=\"https:\/\/autorai.nl\/wp-content\/uploads\/2025\/01\/porsche-911-carrera-s-2025-foto8-360x270.jpeg\" class=\"attachment-small size-small\" alt=\"\" loading=\"lazy\"><i class=\"fa fa-search-plus\" aria-hidden=\"true\"><\/i><br \/>\n\t\t\t\t\t\t<\/span><br \/>\n\t\t\t\t\t<\/figure>\n<figure>\n\t\t\t\t\t<span style=\"cursor: pointer\" data-src=\"https:\/\/autorai.nl\/wp-content\/uploads\/2025\/01\/porsche-911-carrera-s-2025-foto7-1600x1057.jpeg\" data-fancybox=\"galery-0\" title=\"\"><br \/>\n\t\t\t\t\t\t\t<img decoding=\"async\" width=\"360\" height=\"270\" src=\"https:\/\/autorai.nl\/wp-content\/uploads\/2025\/01\/porsche-911-carrera-s-2025-foto7-360x270.jpeg\" class=\"attachment-small size-small\" alt=\"\" loading=\"lazy\"><i class=\"fa fa-search-plus\" aria-hidden=\"true\"><\/i><br \/>\n\t\t\t\t\t\t<\/span><br \/>\n\t\t\t\t\t<\/figure>\n<figure>\n\t\t\t\t\t<span style=\"cursor: pointer\" data-src=\"https:\/\/autorai.nl\/wp-content\/uploads\/2025\/01\/porsche-911-carrera-s-2025-foto6-1600x1154.jpeg\" data-fancybox=\"galery-0\" title=\"\"><br \/>\n\t\t\t\t\t\t\t<img decoding=\"async\" width=\"640\" height=\"480\" src=\"https:\/\/autorai.nl\/wp-content\/uploads\/2025\/01\/porsche-911-carrera-s-2025-foto6-640x480.jpeg\" class=\"attachment-medium size-medium\" alt=\"\" loading=\"lazy\"><i class=\"fa fa-search-plus\" aria-hidden=\"true\"><\/i><br \/>\n\t\t\t\t\t\t<\/span><br \/>\n\t\t\t\t\t<\/figure>\n<figure>\n\t\t\t\t\t<span style=\"cursor: pointer\" data-src=\"https:\/\/autorai.nl\/wp-content\/uploads\/2025\/01\/porsche-911-carrera-s-2025-foto5-1600x1506.jpeg\" data-fancybox=\"galery-0\" title=\"\"><br \/>\n\t\t\t\t\t\t\t<img decoding=\"async\" width=\"360\" height=\"270\" src=\"https:\/\/autorai.nl\/wp-content\/uploads\/2025\/01\/porsche-911-carrera-s-2025-foto5-360x270.jpeg\" class=\"attachment-small size-small\" alt=\"Porsche 911 Carrera S 2025\" loading=\"lazy\"><i class=\"fa fa-search-plus\" aria-hidden=\"true\"><\/i><br \/>\n\t\t\t\t\t\t<\/span><br \/>\n\t\t\t\t\t<\/figure>\n<figure>\n\t\t\t\t\t<span style=\"cursor: pointer\" data-src=\"https:\/\/autorai.nl\/wp-content\/uploads\/2025\/01\/porsche-911-carrera-s-2025-foto4-1600x1248.jpeg\" data-fancybox=\"galery-0\" title=\"\"><br \/>\n\t\t\t\t\t\t\t<img decoding=\"async\" width=\"360\" height=\"270\" src=\"https:\/\/autorai.nl\/wp-content\/uploads\/2025\/01\/porsche-911-carrera-s-2025-foto4-360x270.jpeg\" class=\"attachment-small size-small\" alt=\"Porsche 911 Carrera S 2025 disponible como Coup\u00e9 y Cabriolet\" loading=\"lazy\"><i class=\"fa fa-search-plus\" aria-hidden=\"true\"><\/i><br \/>\n\t\t\t\t\t\t<\/span><br \/>\n\t\t\t\t\t<\/figure>\n<figure>\n\t\t\t\t\t<span style=\"cursor: pointer\" data-src=\"https:\/\/autorai.nl\/wp-content\/uploads\/2025\/01\/porsche-911-carrera-s-2025-foto3-1600x1490.jpeg\" data-fancybox=\"galery-0\" title=\"\"><br \/>\n\t\t\t\t\t\t\t<img decoding=\"async\" width=\"640\" height=\"480\" src=\"https:\/\/autorai.nl\/wp-content\/uploads\/2025\/01\/porsche-911-carrera-s-2025-foto3-640x480.jpeg\" class=\"attachment-medium size-medium\" alt=\"\" loading=\"lazy\"><i class=\"fa fa-search-plus\" aria-hidden=\"true\"><\/i><br \/>\n\t\t\t\t\t\t<\/span><br \/>\n\t\t\t\t\t<\/figure>\n<figure>\n\t\t\t\t\t<span style=\"cursor: pointer\" data-src=\"https:\/\/autorai.nl\/wp-content\/uploads\/2025\/01\/porsche-911-carrera-s-2025-foto2-1600x653.jpeg\" data-fancybox=\"galery-0\" title=\"\"><br \/>\n\t\t\t\t\t\t\t<img decoding=\"async\" width=\"360\" height=\"270\" src=\"https:\/\/autorai.nl\/wp-content\/uploads\/2025\/01\/porsche-911-carrera-s-2025-foto2-360x270.jpeg\" class=\"attachment-small size-small\" alt=\"\" loading=\"lazy\"><i class=\"fa fa-search-plus\" aria-hidden=\"true\"><\/i><br \/>\n\t\t\t\t\t\t<\/span><br \/>\n\t\t\t\t\t<\/figure>\n<figure>\n\t\t\t\t\t<span style=\"cursor: pointer\" data-src=\"https:\/\/autorai.nl\/wp-content\/uploads\/2025\/01\/porsche-911-carrera-s-2025-foto1-1600x1068.jpg\" data-fancybox=\"galery-0\" title=\"\"><br \/>\n\t\t\t\t\t\t\t<img decoding=\"async\" width=\"360\" height=\"270\" src=\"https:\/\/autorai.nl\/wp-content\/uploads\/2025\/01\/porsche-911-carrera-s-2025-foto1-360x270.jpg\" class=\"attachment-small size-small\" alt=\"\" loading=\"lazy\"><i class=\"fa fa-search-plus\" aria-hidden=\"true\"><\/i><br \/>\n\t\t\t\t\t\t<\/span><br \/>\n\t\t\t\t\t<\/figure>\n<div class=\"clear\"><\/div>\n<\/div>\n","protected":false},"excerpt":{"rendered":"Porsche 911 Carrera S El Porsche 911 Carrera S actualizado cierra la brecha dentro de la gama Carrera entre el&hellip;","protected":false},"author":0,"featured_media":151368,"comment_status":"","ping_status":"open","sticky":false,"template":"","format":"standard","meta":{"footnotes":""},"categories":[126],"tags":[],"class_list":["post-151405","post","type-post","status-publish","format-standard","has-post-thumbnail","hentry","category-noticias-de-autos"],"acf":[],"yoast_head":"<!-- This site is optimized with the Yoast SEO plugin v21.2 - https:\/\/yoast.com\/wordpress\/plugins\/seo\/ -->\n<title>El renovado Porsche 911 Carrera S alcanza casi los 500 CV - All cars news<\/title>\n<meta name=\"robots\" content=\"index, follow, max-snippet:-1, max-image-preview:large, max-video-preview:-1\" \/>\n<link rel=\"canonical\" href=\"https:\/\/all-car-news.com\/es\/el-renovado-porsche-911-carrera-s-alcanza-casi-los-500-cv\/\" \/>\n<meta property=\"og:locale\" content=\"es_ES\" \/>\n<meta property=\"og:type\" content=\"article\" \/>\n<meta property=\"og:title\" content=\"El renovado Porsche 911 Carrera S alcanza casi los 500 CV - All cars news\" \/>\n<meta property=\"og:description\" content=\"Porsche 911 Carrera S El Porsche 911 Carrera S actualizado cierra la brecha dentro de la gama Carrera entre el Porsche 911 Carrera est\u00e1ndar y el Porsche 911 Carrera GTS m\u00e1s deportivo. La cadena cinem\u00e1tica del nuevo Porsche 911 Carrera S se ha mejorado significativamente y ahora ofrece unas prestaciones comparables a las de la generaci\u00f3n [...]\" \/>\n<meta property=\"og:url\" content=\"https:\/\/all-car-news.com\/es\/el-renovado-porsche-911-carrera-s-alcanza-casi-los-500-cv\/\" \/>\n<meta property=\"og:site_name\" content=\"All cars news\" \/>\n<meta property=\"article:published_time\" content=\"2025-01-13T13:16:00+00:00\" \/>\n<meta property=\"og:image\" content=\"https:\/\/autorai.nl\/wp-content\/uploads\/2025\/01\/porsche-911-carrera-s-2025-foto4-1140x889.jpeg\" \/>\n<meta name=\"twitter:card\" content=\"summary_large_image\" \/>\n<meta name=\"twitter:label1\" content=\"Tiempo de lectura\" \/>\n\t<meta name=\"twitter:data1\" content=\"3 minutos\" \/>\n<script type=\"application\/ld+json\" class=\"yoast-schema-graph\">{\"@context\":\"https:\/\/schema.org\",\"@graph\":[{\"@type\":\"Article\",\"@id\":\"https:\/\/all-car-news.com\/es\/el-renovado-porsche-911-carrera-s-alcanza-casi-los-500-cv\/#article\",\"isPartOf\":{\"@id\":\"https:\/\/all-car-news.com\/es\/el-renovado-porsche-911-carrera-s-alcanza-casi-los-500-cv\/\"},\"author\":{\"name\":\"\",\"@id\":\"\"},\"headline\":\"El renovado Porsche 911 Carrera S alcanza casi los 500 CV\",\"datePublished\":\"2025-01-13T13:16:00+00:00\",\"dateModified\":\"2025-01-13T13:16:00+00:00\",\"mainEntityOfPage\":{\"@id\":\"https:\/\/all-car-news.com\/es\/el-renovado-porsche-911-carrera-s-alcanza-casi-los-500-cv\/\"},\"wordCount\":658,\"publisher\":{\"@id\":\"https:\/\/all-car-news.com\/es\/#organization\"},\"articleSection\":[\"noticias de autos\"],\"inLanguage\":\"es\"},{\"@type\":\"WebPage\",\"@id\":\"https:\/\/all-car-news.com\/es\/el-renovado-porsche-911-carrera-s-alcanza-casi-los-500-cv\/\",\"url\":\"https:\/\/all-car-news.com\/es\/el-renovado-porsche-911-carrera-s-alcanza-casi-los-500-cv\/\",\"name\":\"El renovado Porsche 911 Carrera S alcanza casi los 500 CV - All cars news\",\"isPartOf\":{\"@id\":\"https:\/\/all-car-news.com\/es\/#website\"},\"datePublished\":\"2025-01-13T13:16:00+00:00\",\"dateModified\":\"2025-01-13T13:16:00+00:00\",\"breadcrumb\":{\"@id\":\"https:\/\/all-car-news.com\/es\/el-renovado-porsche-911-carrera-s-alcanza-casi-los-500-cv\/#breadcrumb\"},\"inLanguage\":\"es\",\"potentialAction\":[{\"@type\":\"ReadAction\",\"target\":[\"https:\/\/all-car-news.com\/es\/el-renovado-porsche-911-carrera-s-alcanza-casi-los-500-cv\/\"]}]},{\"@type\":\"BreadcrumbList\",\"@id\":\"https:\/\/all-car-news.com\/es\/el-renovado-porsche-911-carrera-s-alcanza-casi-los-500-cv\/#breadcrumb\",\"itemListElement\":[{\"@type\":\"ListItem\",\"position\":1,\"name\":\"Home\",\"item\":\"https:\/\/all-car-news.com\/es\/\"},{\"@type\":\"ListItem\",\"position\":2,\"name\":\"El renovado Porsche 911 Carrera S alcanza casi los 500 CV\"}]},{\"@type\":\"WebSite\",\"@id\":\"https:\/\/all-car-news.com\/es\/#website\",\"url\":\"https:\/\/all-car-news.com\/es\/\",\"name\":\"All cars news\",\"description\":\"\",\"publisher\":{\"@id\":\"https:\/\/all-car-news.com\/es\/#organization\"},\"potentialAction\":[{\"@type\":\"SearchAction\",\"target\":{\"@type\":\"EntryPoint\",\"urlTemplate\":\"https:\/\/all-car-news.com\/es\/?s={search_term_string}\"},\"query-input\":\"required name=search_term_string\"}],\"inLanguage\":\"es\"},{\"@type\":\"Organization\",\"@id\":\"https:\/\/all-car-news.com\/es\/#organization\",\"name\":\"All cars news\",\"url\":\"https:\/\/all-car-news.com\/es\/\",\"logo\":{\"@type\":\"ImageObject\",\"inLanguage\":\"es\",\"@id\":\"https:\/\/all-car-news.com\/es\/#\/schema\/logo\/image\/\",\"url\":\"https:\/\/all-car-news.com\/wp-content\/uploads\/2022\/02\/CMYK-AllCarNews_LANDSCAPE_300px-1.png\",\"contentUrl\":\"https:\/\/all-car-news.com\/wp-content\/uploads\/2022\/02\/CMYK-AllCarNews_LANDSCAPE_300px-1.png\",\"width\":300,\"height\":100,\"caption\":\"All cars news\"},\"image\":{\"@id\":\"https:\/\/all-car-news.com\/es\/#\/schema\/logo\/image\/\"}}]}<\/script>\n<!-- \/ Yoast SEO plugin. -->","yoast_head_json":{"title":"El renovado Porsche 911 Carrera S alcanza casi los 500 CV - All cars news","robots":{"index":"index","follow":"follow","max-snippet":"max-snippet:-1","max-image-preview":"max-image-preview:large","max-video-preview":"max-video-preview:-1"},"canonical":"https:\/\/all-car-news.com\/es\/el-renovado-porsche-911-carrera-s-alcanza-casi-los-500-cv\/","og_locale":"es_ES","og_type":"article","og_title":"El renovado Porsche 911 Carrera S alcanza casi los 500 CV - All cars news","og_description":"Porsche 911 Carrera S El Porsche 911 Carrera S actualizado cierra la brecha dentro de la gama Carrera entre el Porsche 911 Carrera est\u00e1ndar y el Porsche 911 Carrera GTS m\u00e1s deportivo. La cadena cinem\u00e1tica del nuevo Porsche 911 Carrera S se ha mejorado significativamente y ahora ofrece unas prestaciones comparables a las de la generaci\u00f3n [...]","og_url":"https:\/\/all-car-news.com\/es\/el-renovado-porsche-911-carrera-s-alcanza-casi-los-500-cv\/","og_site_name":"All cars news","article_published_time":"2025-01-13T13:16:00+00:00","og_image":[{"url":"https:\/\/autorai.nl\/wp-content\/uploads\/2025\/01\/porsche-911-carrera-s-2025-foto4-1140x889.jpeg"}],"twitter_card":"summary_large_image","twitter_misc":{"Tiempo de lectura":"3 minutos"},"schema":{"@context":"https:\/\/schema.org","@graph":[{"@type":"Article","@id":"https:\/\/all-car-news.com\/es\/el-renovado-porsche-911-carrera-s-alcanza-casi-los-500-cv\/#article","isPartOf":{"@id":"https:\/\/all-car-news.com\/es\/el-renovado-porsche-911-carrera-s-alcanza-casi-los-500-cv\/"},"author":{"name":"","@id":""},"headline":"El renovado Porsche 911 Carrera S alcanza casi los 500 CV","datePublished":"2025-01-13T13:16:00+00:00","dateModified":"2025-01-13T13:16:00+00:00","mainEntityOfPage":{"@id":"https:\/\/all-car-news.com\/es\/el-renovado-porsche-911-carrera-s-alcanza-casi-los-500-cv\/"},"wordCount":658,"publisher":{"@id":"https:\/\/all-car-news.com\/es\/#organization"},"articleSection":["noticias de autos"],"inLanguage":"es"},{"@type":"WebPage","@id":"https:\/\/all-car-news.com\/es\/el-renovado-porsche-911-carrera-s-alcanza-casi-los-500-cv\/","url":"https:\/\/all-car-news.com\/es\/el-renovado-porsche-911-carrera-s-alcanza-casi-los-500-cv\/","name":"El renovado Porsche 911 Carrera S alcanza casi los 500 CV - All cars news","isPartOf":{"@id":"https:\/\/all-car-news.com\/es\/#website"},"datePublished":"2025-01-13T13:16:00+00:00","dateModified":"2025-01-13T13:16:00+00:00","breadcrumb":{"@id":"https:\/\/all-car-news.com\/es\/el-renovado-porsche-911-carrera-s-alcanza-casi-los-500-cv\/#breadcrumb"},"inLanguage":"es","potentialAction":[{"@type":"ReadAction","target":["https:\/\/all-car-news.com\/es\/el-renovado-porsche-911-carrera-s-alcanza-casi-los-500-cv\/"]}]},{"@type":"BreadcrumbList","@id":"https:\/\/all-car-news.com\/es\/el-renovado-porsche-911-carrera-s-alcanza-casi-los-500-cv\/#breadcrumb","itemListElement":[{"@type":"ListItem","position":1,"name":"Home","item":"https:\/\/all-car-news.com\/es\/"},{"@type":"ListItem","position":2,"name":"El renovado Porsche 911 Carrera S alcanza casi los 500 CV"}]},{"@type":"WebSite","@id":"https:\/\/all-car-news.com\/es\/#website","url":"https:\/\/all-car-news.com\/es\/","name":"All cars news","description":"","publisher":{"@id":"https:\/\/all-car-news.com\/es\/#organization"},"potentialAction":[{"@type":"SearchAction","target":{"@type":"EntryPoint","urlTemplate":"https:\/\/all-car-news.com\/es\/?s={search_term_string}"},"query-input":"required name=search_term_string"}],"inLanguage":"es"},{"@type":"Organization","@id":"https:\/\/all-car-news.com\/es\/#organization","name":"All cars news","url":"https:\/\/all-car-news.com\/es\/","logo":{"@type":"ImageObject","inLanguage":"es","@id":"https:\/\/all-car-news.com\/es\/#\/schema\/logo\/image\/","url":"https:\/\/all-car-news.com\/wp-content\/uploads\/2022\/02\/CMYK-AllCarNews_LANDSCAPE_300px-1.png","contentUrl":"https:\/\/all-car-news.com\/wp-content\/uploads\/2022\/02\/CMYK-AllCarNews_LANDSCAPE_300px-1.png","width":300,"height":100,"caption":"All cars news"},"image":{"@id":"https:\/\/all-car-news.com\/es\/#\/schema\/logo\/image\/"}}]}},"_links":{"self":[{"href":"https:\/\/all-car-news.com\/es\/wp-json\/wp\/v2\/posts\/151405","targetHints":{"allow":["GET"]}}],"collection":[{"href":"https:\/\/all-car-news.com\/es\/wp-json\/wp\/v2\/posts"}],"about":[{"href":"https:\/\/all-car-news.com\/es\/wp-json\/wp\/v2\/types\/post"}],"replies":[{"embeddable":true,"href":"https:\/\/all-car-news.com\/es\/wp-json\/wp\/v2\/comments?post=151405"}],"version-history":[{"count":0,"href":"https:\/\/all-car-news.com\/es\/wp-json\/wp\/v2\/posts\/151405\/revisions"}],"wp:featuredmedia":[{"embeddable":true,"href":"https:\/\/all-car-news.com\/es\/wp-json\/wp\/v2\/media\/151368"}],"wp:attachment":[{"href":"https:\/\/all-car-news.com\/es\/wp-json\/wp\/v2\/media?parent=151405"}],"wp:term":[{"taxonomy":"category","embeddable":true,"href":"https:\/\/all-car-news.com\/es\/wp-json\/wp\/v2\/categories?post=151405"},{"taxonomy":"post_tag","embeddable":true,"href":"https:\/\/all-car-news.com\/es\/wp-json\/wp\/v2\/tags?post=151405"}],"curies":[{"name":"wp","href":"https:\/\/api.w.org\/{rel}","templated":true}]}}