{"id":150749,"date":"2024-12-16T10:57:27","date_gmt":"2024-12-16T10:57:27","guid":{"rendered":"https:\/\/all-car-news.com\/el-citroen-ami-ya-esta-oficialmente-a-la-venta-en-holanda\/"},"modified":"2024-12-16T10:57:27","modified_gmt":"2024-12-16T10:57:27","slug":"el-citroen-ami-ya-esta-oficialmente-a-la-venta-en-holanda","status":"publish","type":"post","link":"https:\/\/all-car-news.com\/es\/el-citroen-ami-ya-esta-oficialmente-a-la-venta-en-holanda\/","title":{"rendered":"El Citro\u00ebn Ami ya est\u00e1 oficialmente a la venta en Holanda"},"content":{"rendered":"<h2>Historia conocida<\/h2>\n<p>Ya es una historia conocida: al igual que el <a href=\"https:\/\/autorai.nl\/opel-rocks-electric-dit-mag-wel-en-dit-mag-niet\/\">Opel Rocks El\u00e9ctrico<\/a> y el <a href=\"https:\/\/autorai.nl\/fiat-topolino-2025-review-kleine-ev-groot-in-charme\/\">Fiat Topolino<\/a>, puedes conducir el Citro\u00ebn Ami a partir de los 16 a\u00f1os con un permiso AM (ciclomotor) o B. El motor el\u00e9ctrico proporciona una potencia de 6 kW (8,2 CV) y la velocidad m\u00e1xima es de 45 km\/h. La bater\u00eda ofrece una capacidad de 5,5 kWh, lo que deber\u00eda permitirte recorrer unos 75 kil\u00f3metros con una carga completa de energ\u00eda. La carga es igual de sencilla, ya que se tarda unas 4,5 horas en cargar completamente la bater\u00eda mediante un enchufe dom\u00e9stico. El cable de carga est\u00e1 integrado en el panel lateral del lado del pasajero. Tienes que guardarlo manualmente.     <\/p>\n<h2>Habr\u00e1 dos versiones del Citro\u00ebn Ami<\/h2>\n<p>El Citro\u00ebn Ami est\u00e1 disponible en dos acabados. La gama empieza con el Ami Mi Ami, que incluye techo panor\u00e1mico de cristal, luces LED en todo el contorno, calefacci\u00f3n y ventilaci\u00f3n manuales, toma USB y llantas de acero de 14 pulgadas. El exterior viene de serie en color Sepia Nocturno y el techo en Perla Nera.  <\/p>\n<p><strong>Paquete<\/strong> de accesorios Mi Ami Color: el Mi Ami Ami puede combinarse con el paquete de accesorios Mi Ami Color seg\u00fan se desee. En este caso, el Ami viene con detalles de color Gris, Azul o Naranja. El color elegido tambi\u00e9n se refleja en los extras de serie, como los tapacubos decorativos, las alfombrillas, el pr\u00e1ctico gancho para bolsas en el lado del acompa\u00f1ante, los compartimentos portaobjetos en el salpicadero y las redes portaobjetos en las puertas. Adem\u00e1s, el paquete Mi Ami Color incluye un soporte para el tel\u00e9fono, conectividad para smartphone mediante Bluetooth y Mi Ami Play con \u00abCitro\u00ebn Switch\u00bb.   <\/p>\n<figure class=\"wp-block-image size-content\"><img decoding=\"async\" loading=\"lazy\" width=\"1140\" height=\"641\" src=\"https:\/\/autorai.nl\/wp-content\/uploads\/2024\/12\/citroen-ami-officieel-in-nederland-te-koop-foto6-1140x641.jpg\" alt=\"Citro\u00ebn Ami 2024\" class=\"wp-image-191075\"><\/figure>\n<h2>Modelo superior: My Ami Peps<\/h2>\n<p>La segunda versi\u00f3n de la gama es el My Ami Peps. Tiene un aspecto distintivo gracias a sus ra\u00edles en el techo, el aler\u00f3n trasero y el embellecedor negro mate de las ruedas. Tambi\u00e9n se reconoce por sus parachoques negros, los bordes de los faros negros y el list\u00f3n embellecedor negro con detalles amarillos en la parte delantera. Por lo dem\u00e1s, el equipamiento del My Ami Peps es similar al del My Ami Ami, incluido el paquete My Ami Color, pero con detalles interiores en amarillo y naranja.   <\/p>\n<h2>Tambi\u00e9n hay una variante Cargo<\/h2>\n<p>Tanto el Mi Ami Ami como el Mi Ami Peps pueden combinarse tambi\u00e9n con el paquete de accesorios Mi Ami Cargo. Esto transforma el Citro\u00ebn Ami en un \u00abmicrocoche-empresa\u00bb con un espacio de carga flexible en lugar del asiento del pasajero. El espacio de carga est\u00e1 cubierto y es f\u00e1cilmente accesible desde la posici\u00f3n del conductor y a trav\u00e9s de la puerta derecha. En total, hay disponibles unos 340 litros de espacio de carga flexible. Esto hace que el My Ami Cargo sea ideal para servicios de reparto sin emisiones en zonas urbanas, por ejemplo.    <\/p>\n<h2>El precio de partida del Citro\u00ebn Ami<\/h2>\n<p>En Holanda, el Citro\u00ebn Ami tiene un precio al consumo desde 8.045 euros y la opci\u00f3n de financiaci\u00f3n desde unas decenas al mes.<\/p>\n<div class=\"galery galery-0\">\n<figure>\n\t\t\t\t\t<span style=\"cursor: pointer\" data-src=\"https:\/\/autorai.nl\/wp-content\/uploads\/2024\/12\/citroen-ami-officieel-in-nederland-te-koop-foto10-1600x1408.jpg\" data-fancybox=\"galery-0\" title=\"Postproducci\u00f3n : Astuce Productions\"><br \/>\n\t\t\t\t\t\t\t<img decoding=\"async\" width=\"360\" height=\"270\" src=\"https:\/\/autorai.nl\/wp-content\/uploads\/2024\/12\/citroen-ami-officieel-in-nederland-te-koop-foto10-360x270.jpg\" class=\"attachment-small size-small\" alt=\"\" loading=\"lazy\"><i class=\"fa fa-search-plus\" aria-hidden=\"true\"><\/i><br \/>\n\t\t\t\t\t\t<\/span><br \/>\n\t\t\t\t\t<\/figure>\n<figure>\n\t\t\t\t\t<span style=\"cursor: pointer\" data-src=\"https:\/\/autorai.nl\/wp-content\/uploads\/2024\/12\/citroen-ami-officieel-in-nederland-te-koop-foto9-1600x1408.jpg\" data-fancybox=\"galery-0\" title=\"Postproducci\u00f3n : Astuce Productions\"><br \/>\n\t\t\t\t\t\t\t<img decoding=\"async\" width=\"360\" height=\"270\" src=\"https:\/\/autorai.nl\/wp-content\/uploads\/2024\/12\/citroen-ami-officieel-in-nederland-te-koop-foto9-360x270.jpg\" class=\"attachment-small size-small\" alt=\"\" loading=\"lazy\"><i class=\"fa fa-search-plus\" aria-hidden=\"true\"><\/i><br \/>\n\t\t\t\t\t\t<\/span><br \/>\n\t\t\t\t\t<\/figure>\n<figure>\n\t\t\t\t\t<span style=\"cursor: pointer\" data-src=\"https:\/\/autorai.nl\/wp-content\/uploads\/2024\/12\/citroen-ami-officieel-in-nederland-te-koop-foto8-1600x1408.jpg\" data-fancybox=\"galery-0\" title=\"Postproducci\u00f3n : Astuce Productions\"><br \/>\n\t\t\t\t\t\t\t<img decoding=\"async\" width=\"360\" height=\"270\" src=\"https:\/\/autorai.nl\/wp-content\/uploads\/2024\/12\/citroen-ami-officieel-in-nederland-te-koop-foto8-360x270.jpg\" class=\"attachment-small size-small\" alt=\"\" loading=\"lazy\"><i class=\"fa fa-search-plus\" aria-hidden=\"true\"><\/i><br \/>\n\t\t\t\t\t\t<\/span><br \/>\n\t\t\t\t\t<\/figure>\n<figure>\n\t\t\t\t\t<span style=\"cursor: pointer\" data-src=\"https:\/\/autorai.nl\/wp-content\/uploads\/2024\/12\/citroen-ami-officieel-in-nederland-te-koop-foto7-1600x1408.jpg\" data-fancybox=\"galery-0\" title=\"Postproducci\u00f3n : Astuce Productions\"><br \/>\n\t\t\t\t\t\t\t<img decoding=\"async\" width=\"360\" height=\"270\" src=\"https:\/\/autorai.nl\/wp-content\/uploads\/2024\/12\/citroen-ami-officieel-in-nederland-te-koop-foto7-360x270.jpg\" class=\"attachment-small size-small\" alt=\"\" loading=\"lazy\"><i class=\"fa fa-search-plus\" aria-hidden=\"true\"><\/i><br \/>\n\t\t\t\t\t\t<\/span><br \/>\n\t\t\t\t\t<\/figure>\n<figure>\n\t\t\t\t\t<span style=\"cursor: pointer\" data-src=\"https:\/\/autorai.nl\/wp-content\/uploads\/2024\/12\/citroen-ami-officieel-in-nederland-te-koop-foto6-1600x900.jpg\" data-fancybox=\"galery-0\" title=\"\"><br \/>\n\t\t\t\t\t\t\t<img decoding=\"async\" width=\"360\" height=\"270\" src=\"https:\/\/autorai.nl\/wp-content\/uploads\/2024\/12\/citroen-ami-officieel-in-nederland-te-koop-foto6-360x270.jpg\" class=\"attachment-small size-small\" alt=\"Citro\u00ebn Ami 2024\" loading=\"lazy\"><i class=\"fa fa-search-plus\" aria-hidden=\"true\"><\/i><br \/>\n\t\t\t\t\t\t<\/span><br \/>\n\t\t\t\t\t<\/figure>\n<figure>\n\t\t\t\t\t<span style=\"cursor: pointer\" data-src=\"https:\/\/autorai.nl\/wp-content\/uploads\/2024\/12\/citroen-ami-officieel-in-nederland-te-koop-foto5-1600x900.jpg\" data-fancybox=\"galery-0\" title=\"\"><br \/>\n\t\t\t\t\t\t\t<img decoding=\"async\" width=\"360\" height=\"270\" src=\"https:\/\/autorai.nl\/wp-content\/uploads\/2024\/12\/citroen-ami-officieel-in-nederland-te-koop-foto5-360x270.jpg\" class=\"attachment-small size-small\" alt=\"\" loading=\"lazy\"><i class=\"fa fa-search-plus\" aria-hidden=\"true\"><\/i><br \/>\n\t\t\t\t\t\t<\/span><br \/>\n\t\t\t\t\t<\/figure>\n<figure>\n\t\t\t\t\t<span style=\"cursor: pointer\" data-src=\"https:\/\/autorai.nl\/wp-content\/uploads\/2024\/12\/citroen-ami-officieel-in-nederland-te-koop-foto4-1600x900.jpg\" data-fancybox=\"galery-0\" title=\"\"><br \/>\n\t\t\t\t\t\t\t<img decoding=\"async\" width=\"360\" height=\"270\" src=\"https:\/\/autorai.nl\/wp-content\/uploads\/2024\/12\/citroen-ami-officieel-in-nederland-te-koop-foto4-360x270.jpg\" class=\"attachment-small size-small\" alt=\"\" loading=\"lazy\"><i class=\"fa fa-search-plus\" aria-hidden=\"true\"><\/i><br \/>\n\t\t\t\t\t\t<\/span><br \/>\n\t\t\t\t\t<\/figure>\n<figure>\n\t\t\t\t\t<span style=\"cursor: pointer\" data-src=\"https:\/\/autorai.nl\/wp-content\/uploads\/2024\/12\/citroen-ami-officieel-in-nederland-te-koop-foto3-1600x900.jpg\" data-fancybox=\"galery-0\" title=\"\"><br \/>\n\t\t\t\t\t\t\t<img decoding=\"async\" width=\"360\" height=\"270\" src=\"https:\/\/autorai.nl\/wp-content\/uploads\/2024\/12\/citroen-ami-officieel-in-nederland-te-koop-foto3-360x270.jpg\" class=\"attachment-small size-small\" alt=\"\" loading=\"lazy\"><i class=\"fa fa-search-plus\" aria-hidden=\"true\"><\/i><br \/>\n\t\t\t\t\t\t<\/span><br \/>\n\t\t\t\t\t<\/figure>\n<figure>\n\t\t\t\t\t<span style=\"cursor: pointer\" data-src=\"https:\/\/autorai.nl\/wp-content\/uploads\/2024\/12\/citroen-ami-officieel-in-nederland-te-koop-foto2-1600x1067.jpg\" data-fancybox=\"galery-0\" title=\"Copyright Marc y David @ Continental Productiuons\"><br \/>\n\t\t\t\t\t\t\t<img decoding=\"async\" width=\"360\" height=\"270\" src=\"https:\/\/autorai.nl\/wp-content\/uploads\/2024\/12\/citroen-ami-officieel-in-nederland-te-koop-foto2-360x270.jpg\" class=\"attachment-small size-small\" alt=\"Citro\u00ebn Ami 2024\" loading=\"lazy\"><i class=\"fa fa-search-plus\" aria-hidden=\"true\"><\/i><br \/>\n\t\t\t\t\t\t<\/span><br \/>\n\t\t\t\t\t<\/figure>\n<figure>\n\t\t\t\t\t<span style=\"cursor: pointer\" data-src=\"https:\/\/autorai.nl\/wp-content\/uploads\/2024\/12\/citroen-ami-officieel-in-nederland-te-koop-foto1-1600x1067.jpg\" data-fancybox=\"galery-0\" title=\"Copyright Marc y David @ Continental Productiuons\"><br \/>\n\t\t\t\t\t\t\t<img decoding=\"async\" width=\"360\" height=\"270\" src=\"https:\/\/autorai.nl\/wp-content\/uploads\/2024\/12\/citroen-ami-officieel-in-nederland-te-koop-foto1-360x270.jpg\" class=\"attachment-small size-small\" alt=\"\" loading=\"lazy\"><i class=\"fa fa-search-plus\" aria-hidden=\"true\"><\/i><br \/>\n\t\t\t\t\t\t<\/span><br \/>\n\t\t\t\t\t<\/figure>\n<div class=\"clear\"><\/div>\n<\/div>\n","protected":false},"excerpt":{"rendered":"Historia conocida Ya es una historia conocida: al igual que el Opel Rocks El\u00e9ctrico y el Fiat Topolino, puedes conducir&hellip;","protected":false},"author":0,"featured_media":150725,"comment_status":"","ping_status":"open","sticky":false,"template":"","format":"standard","meta":{"footnotes":""},"categories":[126],"tags":[],"class_list":["post-150749","post","type-post","status-publish","format-standard","has-post-thumbnail","hentry","category-noticias-de-autos"],"acf":[],"yoast_head":"<!-- This site is optimized with the Yoast SEO plugin v21.2 - https:\/\/yoast.com\/wordpress\/plugins\/seo\/ -->\n<title>El Citro\u00ebn Ami ya est\u00e1 oficialmente a la venta en Holanda - All cars news<\/title>\n<meta name=\"robots\" content=\"index, follow, max-snippet:-1, max-image-preview:large, max-video-preview:-1\" \/>\n<link rel=\"canonical\" href=\"https:\/\/all-car-news.com\/es\/el-citroen-ami-ya-esta-oficialmente-a-la-venta-en-holanda\/\" \/>\n<meta property=\"og:locale\" content=\"es_ES\" \/>\n<meta property=\"og:type\" content=\"article\" \/>\n<meta property=\"og:title\" content=\"El Citro\u00ebn Ami ya est\u00e1 oficialmente a la venta en Holanda - All cars news\" \/>\n<meta property=\"og:description\" content=\"Historia conocida Ya es una historia conocida: al igual que el Opel Rocks El\u00e9ctrico y el Fiat Topolino, puedes conducir el Citro\u00ebn Ami a partir de los 16 a\u00f1os con un permiso AM (ciclomotor) o B. El motor el\u00e9ctrico proporciona una potencia de 6 kW (8,2 CV) y la velocidad m\u00e1xima es de 45 km\/h. La bater\u00eda ofrece una capacidad [...]\" \/>\n<meta property=\"og:url\" content=\"https:\/\/all-car-news.com\/es\/el-citroen-ami-ya-esta-oficialmente-a-la-venta-en-holanda\/\" \/>\n<meta property=\"og:site_name\" content=\"All cars news\" \/>\n<meta property=\"article:published_time\" content=\"2024-12-16T10:57:27+00:00\" \/>\n<meta property=\"og:image\" content=\"https:\/\/autorai.nl\/wp-content\/uploads\/2024\/12\/citroen-ami-officieel-in-nederland-te-koop-foto6-1140x641.jpg\" \/>\n<meta name=\"twitter:card\" content=\"summary_large_image\" \/>\n<meta name=\"twitter:label1\" content=\"Tiempo de lectura\" \/>\n\t<meta name=\"twitter:data1\" content=\"3 minutos\" \/>\n<script type=\"application\/ld+json\" class=\"yoast-schema-graph\">{\"@context\":\"https:\/\/schema.org\",\"@graph\":[{\"@type\":\"Article\",\"@id\":\"https:\/\/all-car-news.com\/es\/el-citroen-ami-ya-esta-oficialmente-a-la-venta-en-holanda\/#article\",\"isPartOf\":{\"@id\":\"https:\/\/all-car-news.com\/es\/el-citroen-ami-ya-esta-oficialmente-a-la-venta-en-holanda\/\"},\"author\":{\"name\":\"\",\"@id\":\"\"},\"headline\":\"El Citro\u00ebn Ami ya est\u00e1 oficialmente a la venta en Holanda\",\"datePublished\":\"2024-12-16T10:57:27+00:00\",\"dateModified\":\"2024-12-16T10:57:27+00:00\",\"mainEntityOfPage\":{\"@id\":\"https:\/\/all-car-news.com\/es\/el-citroen-ami-ya-esta-oficialmente-a-la-venta-en-holanda\/\"},\"wordCount\":545,\"publisher\":{\"@id\":\"https:\/\/all-car-news.com\/es\/#organization\"},\"articleSection\":[\"noticias de autos\"],\"inLanguage\":\"es\"},{\"@type\":\"WebPage\",\"@id\":\"https:\/\/all-car-news.com\/es\/el-citroen-ami-ya-esta-oficialmente-a-la-venta-en-holanda\/\",\"url\":\"https:\/\/all-car-news.com\/es\/el-citroen-ami-ya-esta-oficialmente-a-la-venta-en-holanda\/\",\"name\":\"El Citro\u00ebn Ami ya est\u00e1 oficialmente a la venta en Holanda - All cars news\",\"isPartOf\":{\"@id\":\"https:\/\/all-car-news.com\/es\/#website\"},\"datePublished\":\"2024-12-16T10:57:27+00:00\",\"dateModified\":\"2024-12-16T10:57:27+00:00\",\"breadcrumb\":{\"@id\":\"https:\/\/all-car-news.com\/es\/el-citroen-ami-ya-esta-oficialmente-a-la-venta-en-holanda\/#breadcrumb\"},\"inLanguage\":\"es\",\"potentialAction\":[{\"@type\":\"ReadAction\",\"target\":[\"https:\/\/all-car-news.com\/es\/el-citroen-ami-ya-esta-oficialmente-a-la-venta-en-holanda\/\"]}]},{\"@type\":\"BreadcrumbList\",\"@id\":\"https:\/\/all-car-news.com\/es\/el-citroen-ami-ya-esta-oficialmente-a-la-venta-en-holanda\/#breadcrumb\",\"itemListElement\":[{\"@type\":\"ListItem\",\"position\":1,\"name\":\"Home\",\"item\":\"https:\/\/all-car-news.com\/es\/\"},{\"@type\":\"ListItem\",\"position\":2,\"name\":\"El Citro\u00ebn Ami ya est\u00e1 oficialmente a la venta en Holanda\"}]},{\"@type\":\"WebSite\",\"@id\":\"https:\/\/all-car-news.com\/es\/#website\",\"url\":\"https:\/\/all-car-news.com\/es\/\",\"name\":\"All cars news\",\"description\":\"\",\"publisher\":{\"@id\":\"https:\/\/all-car-news.com\/es\/#organization\"},\"potentialAction\":[{\"@type\":\"SearchAction\",\"target\":{\"@type\":\"EntryPoint\",\"urlTemplate\":\"https:\/\/all-car-news.com\/es\/?s={search_term_string}\"},\"query-input\":\"required name=search_term_string\"}],\"inLanguage\":\"es\"},{\"@type\":\"Organization\",\"@id\":\"https:\/\/all-car-news.com\/es\/#organization\",\"name\":\"All cars news\",\"url\":\"https:\/\/all-car-news.com\/es\/\",\"logo\":{\"@type\":\"ImageObject\",\"inLanguage\":\"es\",\"@id\":\"https:\/\/all-car-news.com\/es\/#\/schema\/logo\/image\/\",\"url\":\"https:\/\/all-car-news.com\/wp-content\/uploads\/2022\/02\/CMYK-AllCarNews_LANDSCAPE_300px-1.png\",\"contentUrl\":\"https:\/\/all-car-news.com\/wp-content\/uploads\/2022\/02\/CMYK-AllCarNews_LANDSCAPE_300px-1.png\",\"width\":300,\"height\":100,\"caption\":\"All cars news\"},\"image\":{\"@id\":\"https:\/\/all-car-news.com\/es\/#\/schema\/logo\/image\/\"}}]}<\/script>\n<!-- \/ Yoast SEO plugin. -->","yoast_head_json":{"title":"El Citro\u00ebn Ami ya est\u00e1 oficialmente a la venta en Holanda - All cars news","robots":{"index":"index","follow":"follow","max-snippet":"max-snippet:-1","max-image-preview":"max-image-preview:large","max-video-preview":"max-video-preview:-1"},"canonical":"https:\/\/all-car-news.com\/es\/el-citroen-ami-ya-esta-oficialmente-a-la-venta-en-holanda\/","og_locale":"es_ES","og_type":"article","og_title":"El Citro\u00ebn Ami ya est\u00e1 oficialmente a la venta en Holanda - All cars news","og_description":"Historia conocida Ya es una historia conocida: al igual que el Opel Rocks El\u00e9ctrico y el Fiat Topolino, puedes conducir el Citro\u00ebn Ami a partir de los 16 a\u00f1os con un permiso AM (ciclomotor) o B. El motor el\u00e9ctrico proporciona una potencia de 6 kW (8,2 CV) y la velocidad m\u00e1xima es de 45 km\/h. La bater\u00eda ofrece una capacidad [...]","og_url":"https:\/\/all-car-news.com\/es\/el-citroen-ami-ya-esta-oficialmente-a-la-venta-en-holanda\/","og_site_name":"All cars news","article_published_time":"2024-12-16T10:57:27+00:00","og_image":[{"url":"https:\/\/autorai.nl\/wp-content\/uploads\/2024\/12\/citroen-ami-officieel-in-nederland-te-koop-foto6-1140x641.jpg"}],"twitter_card":"summary_large_image","twitter_misc":{"Tiempo de lectura":"3 minutos"},"schema":{"@context":"https:\/\/schema.org","@graph":[{"@type":"Article","@id":"https:\/\/all-car-news.com\/es\/el-citroen-ami-ya-esta-oficialmente-a-la-venta-en-holanda\/#article","isPartOf":{"@id":"https:\/\/all-car-news.com\/es\/el-citroen-ami-ya-esta-oficialmente-a-la-venta-en-holanda\/"},"author":{"name":"","@id":""},"headline":"El Citro\u00ebn Ami ya est\u00e1 oficialmente a la venta en Holanda","datePublished":"2024-12-16T10:57:27+00:00","dateModified":"2024-12-16T10:57:27+00:00","mainEntityOfPage":{"@id":"https:\/\/all-car-news.com\/es\/el-citroen-ami-ya-esta-oficialmente-a-la-venta-en-holanda\/"},"wordCount":545,"publisher":{"@id":"https:\/\/all-car-news.com\/es\/#organization"},"articleSection":["noticias de autos"],"inLanguage":"es"},{"@type":"WebPage","@id":"https:\/\/all-car-news.com\/es\/el-citroen-ami-ya-esta-oficialmente-a-la-venta-en-holanda\/","url":"https:\/\/all-car-news.com\/es\/el-citroen-ami-ya-esta-oficialmente-a-la-venta-en-holanda\/","name":"El Citro\u00ebn Ami ya est\u00e1 oficialmente a la venta en Holanda - All cars news","isPartOf":{"@id":"https:\/\/all-car-news.com\/es\/#website"},"datePublished":"2024-12-16T10:57:27+00:00","dateModified":"2024-12-16T10:57:27+00:00","breadcrumb":{"@id":"https:\/\/all-car-news.com\/es\/el-citroen-ami-ya-esta-oficialmente-a-la-venta-en-holanda\/#breadcrumb"},"inLanguage":"es","potentialAction":[{"@type":"ReadAction","target":["https:\/\/all-car-news.com\/es\/el-citroen-ami-ya-esta-oficialmente-a-la-venta-en-holanda\/"]}]},{"@type":"BreadcrumbList","@id":"https:\/\/all-car-news.com\/es\/el-citroen-ami-ya-esta-oficialmente-a-la-venta-en-holanda\/#breadcrumb","itemListElement":[{"@type":"ListItem","position":1,"name":"Home","item":"https:\/\/all-car-news.com\/es\/"},{"@type":"ListItem","position":2,"name":"El Citro\u00ebn Ami ya est\u00e1 oficialmente a la venta en Holanda"}]},{"@type":"WebSite","@id":"https:\/\/all-car-news.com\/es\/#website","url":"https:\/\/all-car-news.com\/es\/","name":"All cars news","description":"","publisher":{"@id":"https:\/\/all-car-news.com\/es\/#organization"},"potentialAction":[{"@type":"SearchAction","target":{"@type":"EntryPoint","urlTemplate":"https:\/\/all-car-news.com\/es\/?s={search_term_string}"},"query-input":"required name=search_term_string"}],"inLanguage":"es"},{"@type":"Organization","@id":"https:\/\/all-car-news.com\/es\/#organization","name":"All cars news","url":"https:\/\/all-car-news.com\/es\/","logo":{"@type":"ImageObject","inLanguage":"es","@id":"https:\/\/all-car-news.com\/es\/#\/schema\/logo\/image\/","url":"https:\/\/all-car-news.com\/wp-content\/uploads\/2022\/02\/CMYK-AllCarNews_LANDSCAPE_300px-1.png","contentUrl":"https:\/\/all-car-news.com\/wp-content\/uploads\/2022\/02\/CMYK-AllCarNews_LANDSCAPE_300px-1.png","width":300,"height":100,"caption":"All cars news"},"image":{"@id":"https:\/\/all-car-news.com\/es\/#\/schema\/logo\/image\/"}}]}},"_links":{"self":[{"href":"https:\/\/all-car-news.com\/es\/wp-json\/wp\/v2\/posts\/150749","targetHints":{"allow":["GET"]}}],"collection":[{"href":"https:\/\/all-car-news.com\/es\/wp-json\/wp\/v2\/posts"}],"about":[{"href":"https:\/\/all-car-news.com\/es\/wp-json\/wp\/v2\/types\/post"}],"replies":[{"embeddable":true,"href":"https:\/\/all-car-news.com\/es\/wp-json\/wp\/v2\/comments?post=150749"}],"version-history":[{"count":0,"href":"https:\/\/all-car-news.com\/es\/wp-json\/wp\/v2\/posts\/150749\/revisions"}],"wp:featuredmedia":[{"embeddable":true,"href":"https:\/\/all-car-news.com\/es\/wp-json\/wp\/v2\/media\/150725"}],"wp:attachment":[{"href":"https:\/\/all-car-news.com\/es\/wp-json\/wp\/v2\/media?parent=150749"}],"wp:term":[{"taxonomy":"category","embeddable":true,"href":"https:\/\/all-car-news.com\/es\/wp-json\/wp\/v2\/categories?post=150749"},{"taxonomy":"post_tag","embeddable":true,"href":"https:\/\/all-car-news.com\/es\/wp-json\/wp\/v2\/tags?post=150749"}],"curies":[{"name":"wp","href":"https:\/\/api.w.org\/{rel}","templated":true}]}}