{"id":150455,"date":"2024-12-04T09:47:00","date_gmt":"2024-12-04T09:47:00","guid":{"rendered":"https:\/\/all-car-news.com\/prueba-bmw-i7-m70-xdrive-sedan-2024-atico-sobre-ruedas\/"},"modified":"2024-12-04T09:47:00","modified_gmt":"2024-12-04T09:47:00","slug":"prueba-bmw-i7-m70-xdrive-sedan-2024-atico-sobre-ruedas","status":"publish","type":"post","link":"https:\/\/all-car-news.com\/es\/prueba-bmw-i7-m70-xdrive-sedan-2024-atico-sobre-ruedas\/","title":{"rendered":"Prueba &#8211; BMW i7 M70 xDrive Sed\u00e1n (2024), \u00e1tico sobre ruedas"},"content":{"rendered":"<h2>BMW i7 M70<\/h2>\n<p>BMW est\u00e1 dando que hablar, sobre todo \u00faltimamente. Esto se debe principalmente a su dise\u00f1o. Este BMW i7 M70 no es una excepci\u00f3n. Tiene unos \u00abri\u00f1ones\u00bb excepcionalmente grandes. A una persona le encanta eso, otra prefiere ver una modificaci\u00f3n. BMW dota al modelo de semejante dise\u00f1o frontal por una buena raz\u00f3n. Al fin y al cabo, en China se dan un fest\u00edn con \u00e9l. All\u00ed, el BMW i7 es un aut\u00e9ntico \u00e9xito de ventas. Te guste o no el BMW i7, al final se trata de la imagen global.        <\/p>\n<h2>Admirable<\/h2>\n<p>Para serte sincero, es admirable lo que hay en este BMW i7. Este coche te mima en todos los frentes posibles. Eso empieza en cuanto te acercas al coche, con los grupos \u00f3pticos superiores brillando como cristales. Si lo deseas, la puerta tambi\u00e9n se abre de forma totalmente autom\u00e1tica. \u00bfSe cierra la puerta sola? Pues no, el coche lo hace solo. Luego los asientos: tan suaves y c\u00f3modos. El interior tiene un aut\u00e9ntico ambiente de sal\u00f3n, pero de sal\u00f3n de \u00e1tico de lujo.       <\/p>\n<figure class=\"wp-block-image size-content\"><img decoding=\"async\" loading=\"lazy\" width=\"1140\" height=\"542\" src=\"https:\/\/autorai.nl\/wp-content\/uploads\/2024\/12\/bmw-i7-m70-review-2024-foto14-1140x542.jpg\" alt=\"BMW i7 M70\" class=\"wp-image-189949\"><\/figure>\n<h2>Iluminaci\u00f3n ambiental y SkyLounge<\/h2>\n<p>BMW tambi\u00e9n juega muy inteligentemente con la iluminaci\u00f3n ambiental. Nos atrevemos a decir que la iluminaci\u00f3n ambiental es sensacional. Incluso en el techo panor\u00e1mico SkyLounge opcional, las l\u00edneas de color recorren la superficie acristalada. El techo panor\u00e1mico SkyLounge tambi\u00e9n es funcional, ya que su construcci\u00f3n especial de cristal laminado proporciona protecci\u00f3n contra los rayos UV. El efecto de luz en el cristal se puede ajustar de varias formas: la luz es est\u00e1tica o din\u00e1mica y de distintos colores, seg\u00fan se desee. En la oscuridad se crea un efecto especialmente llamativo, pero el acento luminoso tambi\u00e9n es claramente visible a la luz del d\u00eda. Las personas sentadas detr\u00e1s son las que m\u00e1s se benefician.      <\/p>\n<h2>Cristal<\/h2>\n<p>La iluminaci\u00f3n ambiental est\u00e1 incorporada incluso en los altavoces de audio, pero llaman especialmente la atenci\u00f3n las tiras parecidas al \u00abcristal\u00bb en las puertas y en el salpicadero. Sin embargo, hay algunos comentarios sobre esto \u00faltimo. Cuando el sol est\u00e1 bajo en invierno, el material brillante provoca a veces reflejos molestos. S\u00f3lo en esos momentos preferir\u00edas no tenerlos. Por lo dem\u00e1s, se disfruta al m\u00e1ximo en este BMW i7, especialmente de noche, con toda la iluminaci\u00f3n ambiental del interior que crea una sensaci\u00f3n especial a bordo.    <\/p>\n<figure class=\"wp-block-image size-content\"><img decoding=\"async\" loading=\"lazy\" width=\"1140\" height=\"855\" src=\"https:\/\/autorai.nl\/wp-content\/uploads\/2024\/12\/bmw-i7-m70-review-2024-foto1-1140x855.jpg\" alt=\"Techo panor\u00e1mico BMW SkyLounge\" class=\"wp-image-189936\"><\/figure>\n<h2>Requiere acostumbrarse<\/h2>\n<p>\u00bfHay m\u00e1s comentarios? \u00a1Definitivamente! El mando iDrive -tambi\u00e9n de cristal- es un poco r\u00edgido, y a veces te obliga a hacer una acci\u00f3n que no quer\u00edas. Por cierto, cuesta acostumbrarse. El manejo del sistema de infoentretenimiento tambi\u00e9n es un poco engorroso a veces. Esto se debe principalmente a que BMW muestra un n\u00famero especialmente elevado de mosaicos de aplicaciones. Esto provoca inquietud y hace que buscar la aplicaci\u00f3n adecuada sea un reto al principio. Por supuesto, esto mejora a medida que te acostumbras al sistema, pero al principio cuesta mucho buscar. Si realmente no puedes averiguarlo, utiliza el asistente de voz inteligente.      <\/p>\n<h2>Puntos positivos<\/h2>\n<p>La posici\u00f3n del asiento delantero es muy agradable. El asiento puede ajustarse muy bajo y la regulaci\u00f3n de la columna de direcci\u00f3n tambi\u00e9n es muy buena. Las pantallas son n\u00edtidas y f\u00e1ciles de leer. Luego est\u00e1 el uso de los materiales: \u00a1guau! Aqu\u00ed se nota claramente por qu\u00e9 se paga un precio tan alto por un coche de este segmento.    <\/p>\n<figure class=\"wp-block-image size-content\"><img decoding=\"async\" loading=\"lazy\" width=\"1140\" height=\"855\" src=\"https:\/\/autorai.nl\/wp-content\/uploads\/2024\/12\/bmw-i7-m70-review-2024-foto11-1140x855.jpg\" alt=\"BMW i7 M70 xDrive\" class=\"wp-image-189946\"><\/figure>\n<h2>\u00bfDormir en la parte de atr\u00e1s? Sin problemas <\/h2>\n<p>Pero incluso sentarse atr\u00e1s en el BMW i7 es mimarse, especialmente en la configuraci\u00f3n como este acabado M70 con dos asientos separados con funci\u00f3n de reclinado. Los asientos tambi\u00e9n tienen modos de masaje, as\u00ed como calefacci\u00f3n y refrigeraci\u00f3n. Casi puedes dormir en ellos. O ver la televisi\u00f3n, ya que \u00e9ste en concreto est\u00e1 equipado con la opci\u00f3n Experiencia de Entretenimiento en los Asientos Traseros. M\u00e1s adelante, en este an\u00e1lisis del BMW i7 M70, hablaremos de lo que cuestan estas opciones.    <\/p>\n<h2>Experiencia de entretenimiento en los asientos traseros<\/h2>\n<p>Con el equipamiento Experiencia de Entretenimiento en los Asientos Traseros, los pasajeros de los asientos traseros disfrutan de una experiencia cinematogr\u00e1fica \u00fanica. El mensaje es claro: si\u00e9ntate y disfruta: en el Modo Teatro, la Pantalla de Teatro BMW de 31,3 pulgadas con Amazon Fire TV integrado se baja el\u00e9ctricamente desde el techo. Al mismo tiempo, el coche cierra los parasoles del techo panor\u00e1mico y las ventanillas laterales y aten\u00faa la iluminaci\u00f3n interior para crear un agradable ambiente de sal\u00f3n. La gran pantalla panor\u00e1mica (relaci\u00f3n 32:9) impresiona con su resoluci\u00f3n 8K. Un sistema de sonido envolvente de alta calidad proporciona el apoyo ac\u00fastico adecuado.    <\/p>\n<p>Una conexi\u00f3n HDMI abre a\u00fan m\u00e1s posibilidades al permitirte conectar dispositivos externos como smartphones y videoconsolas. Los ocupantes de las plazas traseras pueden controlar la pantalla directamente de forma t\u00e1ctil o a trav\u00e9s de los m\u00f3dulos de control de 5,5 pulgadas (BMW Touch Command) situados en las puertas traseras. No falta lujo. Pero, sobre todo, el sonido es alucinante. Una sala de teatro sobre ruedas, esa es la mejor forma de describir este BMW. \u00bfEsto tambi\u00e9n significa inmediatamente que siempre quieres sentarte atr\u00e1s? Si no te importa conducir, qu\u00e9date atr\u00e1s. Si te importa conducir, te aconsejamos que te pongas t\u00fa mismo al volante.       <\/p>\n<figure class=\"wp-block-image size-content\"><img decoding=\"async\" loading=\"lazy\" width=\"1140\" height=\"775\" src=\"https:\/\/autorai.nl\/wp-content\/uploads\/2024\/12\/bmw-i7-m70-review-2024-foto36-1140x775.jpg\" alt=\"BMW i7 M70 xDrive\" class=\"wp-image-189971\"><\/figure>\n<h2>Caracter\u00edsticas de conducci\u00f3n BMW i7 M70<\/h2>\n<p>Hay varias razones para ello. El BMW i7 M70 tiene una gran suspensi\u00f3n: maravillosamente suave, pero tambi\u00e9n castigadora a demanda cuando se conduce por un puerto de monta\u00f1a. Al igual que el <a href=\"https:\/\/autorai.nl\/review-bmw-i5-edrive40-g60-winter\/\">BMW i5<\/a> -que condujimos antes-, este i7 se siente excepcionalmente \u00e1gil. Muy inteligente, teniendo en cuenta que esta bestia pesa m\u00e1s de 2.700 kg. Luego, cuando aprovechas la potencia, todo es fiesta. Es incre\u00edble la cantidad de par que tiene este coche. Eso hace posible una aceleraci\u00f3n muy r\u00e1pida, incluso a 110 km\/h a todo gas hay una explosi\u00f3n de potencia. Pero toda esa potencia es especialmente agradable para una conducci\u00f3n c\u00f3moda, ya que en este i7 M70 se utiliza principalmente como reserva de potencia. Sobre todo, la sensaci\u00f3n es de suavidad.        <\/p>\n<h2>Especificaciones<\/h2>\n<p>Pero, \u00bfcu\u00e1nta potencia tiene este BMW? Estaremos encantados de enumerarte las especificaciones: <\/p>\n<ul>\n<li>Potencia del sistema: 485 kW (660 CV)<\/li>\n<li>Par: 1.015 Nm<\/li>\n<li>Tracci\u00f3n: tracci\u00f3n total xDrive<\/li>\n<li>0-100: 3,7 segundos<\/li>\n<li>Velocidad m\u00e1xima: 250 km\/h<\/li>\n<li>Autonom\u00eda: de 538 a 559 kil\u00f3metros (WLTP)<\/li>\n<li>Consumo medio: de 20,8 a 21,7 kWh\/100 km<\/li>\n<li>Carga r\u00e1pida CC: recarga 170 kil\u00f3metros de autonom\u00eda en 10 minutos<\/li>\n<li>Tiempo de carga DC 10-80%: 34 minutos<\/li>\n<li>Potencia de carga de CC: 195 kW<\/li>\n<li>Potencia de carga de CA: 11\/22 kW<\/li>\n<li>Bater\u00eda: 101,7 kWh<\/li>\n<li>Longitud: 5.391 mm<\/li>\n<li>Altura: 1.544 mm<\/li>\n<li>Anchura: 1.950 mm<\/li>\n<li>Distancia entre ejes: 3.215 mm<\/li>\n<li>Peso en vac\u00edo: 2.770 kilogramos<\/li>\n<li>Capacidad del maletero: 500 litros<\/li>\n<\/ul>\n<h2>Autonom\u00eda BMW i7<\/h2>\n<p>La autonom\u00eda del modelo depende mucho de c\u00f3mo conduzcas el coche. Nosotros salimos con la bater\u00eda llena con una autonom\u00eda de unos 380 kil\u00f3metros. Aunque eso fue con temperaturas de unos 2 grados cent\u00edgrados. As\u00ed que cuenta con m\u00e1s autonom\u00eda en verano de todos modos. El peso simplemente no ayuda, por no hablar de todos los consumidores de energ\u00eda del coche. Los masajes de los asientos tambi\u00e9n consumen energ\u00eda, al igual que las luces de ambiente. Cuando cargues en un punto de carga p\u00fablico, aseg\u00farate de que tienes espacio suficiente. Con una longitud de casi 5,40 metros, el i7 necesita algo de espacio. El precio de partida del BMW i7 M70 es de 189.880 euros en Holanda. A partir de ah\u00ed, puedes desmelenarte con la lista de opciones. Este BMW tiene las siguientes opciones:          <\/p>\n<p><strong>Opciones:<\/strong><\/p>\n<ul>\n<li>Puertas de apertura y cierre el\u00e9ctricos: 1.602<\/li>\n<li>Faros de cristal BMW Iconic Glow: 2.242 euros<\/li>\n<li>Aplicaci\u00f3n de vidrio \u00abCraftedClarity\u00bb para elementos interiores: 908 euros<\/li>\n<li>C\u00e1mara interior: 203 euros<\/li>\n<li>Techo panor\u00e1mico de cristal Sky Lounge: 1.014<\/li>\n<li>Sistema de sonido envolvente Bowers &amp; Wilkins Diamond: 6.353 euros<\/li>\n<li>Pack M Performance: 995 EUR<\/li>\n<li>BMW Individual Interior Gran Lusso: 11.495 euros<\/li>\n<li>Pack Innovaci\u00f3n: 2.190 euros<\/li>\n<li>Pack Ejecutivo: 4.600<\/li>\n<li>Sala exclusiva: 6.730<\/li>\n<li>Pack Conocedor: 2.050<\/li>\n<li>Pack Ac\u00fastica Clim\u00e1tica: 2.490 euros<\/li>\n<li><strong>Precio total del coche de pruebas: 232.524 euros<\/strong><\/li>\n<\/ul>\n<h2>\u00bfQu\u00e9 ofrecen estos paquetes?<\/h2>\n<p>El Pack M Performance consta de un spoiler trasero, embellecedores Shadow Line de alto brillo y un sistema de frenos M Sport. El Pack Clima Ac\u00fastico consta de cristales laminados y termorreflectantes adicionales, as\u00ed como confort t\u00e9rmico delante y detr\u00e1s. El Pack Connoisseur incluye una funci\u00f3n de masaje para los dos asientos delanteros, as\u00ed como ventilaci\u00f3n para ambos asientos delanteros. El Pack Ejecutivo, por su parte, consta de una consola trasera Executive Lounge, funci\u00f3n de masaje para ambos asientos traseros, asientos traseros multifuncionales y ventilaci\u00f3n de los asientos traseros.   <\/p>\n<h2>Conclusi\u00f3n examen BMW i7 M70<\/h2>\n<p>Por ahora, el BMW i7 M70 ofrece lo mejor que BMW puede ofrecer, en un paquete distinto. No importa si te sientas delante o detr\u00e1s, este coche impresiona por su lujo, confort y acabado. Y su precio. Si te lo puedes permitir, te est\u00e1s comprando nada menos que un capricho. Pero t\u00f3mate tu tiempo para explorar todas sus caracter\u00edsticas.    <\/p>\n<figure class=\"wp-block-image size-content\"><img decoding=\"async\" loading=\"lazy\" width=\"1140\" height=\"509\" src=\"https:\/\/autorai.nl\/wp-content\/uploads\/2024\/12\/bmw-i7-m70-review-2024-foto3-1140x509.jpg\" alt=\"BMW i7 M70\" class=\"wp-image-189938\"><\/figure>\n<\/p>\n<div class=\"galery shuffle galery-0\">\n<figure>\n\t\t\t\t\t<span style=\"cursor: pointer\" data-src=\"https:\/\/autorai.nl\/wp-content\/uploads\/2024\/12\/bmw-i7-m70-review-2024-foto1-1600x1200.jpg\" data-fancybox=\"galery-0\" title=\"\"><br \/>\n\t\t\t\t\t\t\t<img decoding=\"async\" width=\"640\" height=\"480\" src=\"https:\/\/autorai.nl\/wp-content\/uploads\/2024\/12\/bmw-i7-m70-review-2024-foto1-640x480.jpg\" class=\"attachment-medium size-medium\" alt=\"Techo panor\u00e1mico BMW SkyLounge\" loading=\"lazy\"><i class=\"fa fa-search-plus\" aria-hidden=\"true\"><\/i><br \/>\n\t\t\t\t\t\t<\/span><br \/>\n\t\t\t\t\t<\/figure>\n<figure>\n\t\t\t\t\t<span style=\"cursor: pointer\" data-src=\"https:\/\/autorai.nl\/wp-content\/uploads\/2024\/12\/bmw-i7-m70-review-2024-foto48-1600x1200.jpg\" data-fancybox=\"galery-0\" title=\"\"><br \/>\n\t\t\t\t\t\t\t<img decoding=\"async\" width=\"360\" height=\"270\" src=\"https:\/\/autorai.nl\/wp-content\/uploads\/2024\/12\/bmw-i7-m70-review-2024-foto48-360x270.jpg\" class=\"attachment-small size-small\" alt=\"\" loading=\"lazy\"><i class=\"fa fa-search-plus\" aria-hidden=\"true\"><\/i><br \/>\n\t\t\t\t\t\t<\/span><br \/>\n\t\t\t\t\t<\/figure>\n<figure>\n\t\t\t\t\t<span style=\"cursor: pointer\" data-src=\"https:\/\/autorai.nl\/wp-content\/uploads\/2024\/12\/bmw-i7-m70-review-2024-foto47-1600x1200.jpg\" data-fancybox=\"galery-0\" title=\"\"><br \/>\n\t\t\t\t\t\t\t<img decoding=\"async\" width=\"360\" height=\"270\" src=\"https:\/\/autorai.nl\/wp-content\/uploads\/2024\/12\/bmw-i7-m70-review-2024-foto47-360x270.jpg\" class=\"attachment-small size-small\" alt=\"\" loading=\"lazy\"><i class=\"fa fa-search-plus\" aria-hidden=\"true\"><\/i><br \/>\n\t\t\t\t\t\t<\/span><br \/>\n\t\t\t\t\t<\/figure>\n<figure>\n\t\t\t\t\t<span style=\"cursor: pointer\" data-src=\"https:\/\/autorai.nl\/wp-content\/uploads\/2024\/12\/bmw-i7-m70-review-2024-foto46-1600x1200.jpg\" data-fancybox=\"galery-0\" title=\"\"><br \/>\n\t\t\t\t\t\t\t<img decoding=\"async\" width=\"640\" height=\"480\" src=\"https:\/\/autorai.nl\/wp-content\/uploads\/2024\/12\/bmw-i7-m70-review-2024-foto46-640x480.jpg\" class=\"attachment-medium size-medium\" alt=\"\" loading=\"lazy\"><i class=\"fa fa-search-plus\" aria-hidden=\"true\"><\/i><br \/>\n\t\t\t\t\t\t<\/span><br \/>\n\t\t\t\t\t<\/figure>\n<figure>\n\t\t\t\t\t<span style=\"cursor: pointer\" data-src=\"https:\/\/autorai.nl\/wp-content\/uploads\/2024\/12\/bmw-i7-m70-review-2024-foto42-1600x1200.jpg\" data-fancybox=\"galery-0\" title=\"\"><br \/>\n\t\t\t\t\t\t\t<img decoding=\"async\" width=\"360\" height=\"270\" src=\"https:\/\/autorai.nl\/wp-content\/uploads\/2024\/12\/bmw-i7-m70-review-2024-foto42-360x270.jpg\" class=\"attachment-small size-small\" alt=\"\" loading=\"lazy\"><i class=\"fa fa-search-plus\" aria-hidden=\"true\"><\/i><br \/>\n\t\t\t\t\t\t<\/span><br \/>\n\t\t\t\t\t<\/figure>\n<figure>\n\t\t\t\t\t<span style=\"cursor: pointer\" data-src=\"https:\/\/autorai.nl\/wp-content\/uploads\/2024\/12\/bmw-i7-m70-review-2024-foto43-1600x1200.jpg\" data-fancybox=\"galery-0\" title=\"\"><br \/>\n\t\t\t\t\t\t\t<img decoding=\"async\" width=\"360\" height=\"270\" src=\"https:\/\/autorai.nl\/wp-content\/uploads\/2024\/12\/bmw-i7-m70-review-2024-foto43-360x270.jpg\" class=\"attachment-small size-small\" alt=\"\" loading=\"lazy\"><i class=\"fa fa-search-plus\" aria-hidden=\"true\"><\/i><br \/>\n\t\t\t\t\t\t<\/span><br \/>\n\t\t\t\t\t<\/figure>\n<figure>\n\t\t\t\t\t<span style=\"cursor: pointer\" data-src=\"https:\/\/autorai.nl\/wp-content\/uploads\/2024\/12\/bmw-i7-m70-review-2024-foto45-1600x1200.jpg\" data-fancybox=\"galery-0\" title=\"\"><br \/>\n\t\t\t\t\t\t\t<img decoding=\"async\" width=\"640\" height=\"480\" src=\"https:\/\/autorai.nl\/wp-content\/uploads\/2024\/12\/bmw-i7-m70-review-2024-foto45-640x480.jpg\" class=\"attachment-medium size-medium\" alt=\"\" loading=\"lazy\"><i class=\"fa fa-search-plus\" aria-hidden=\"true\"><\/i><br \/>\n\t\t\t\t\t\t<\/span><br \/>\n\t\t\t\t\t<\/figure>\n<figure>\n\t\t\t\t\t<span style=\"cursor: pointer\" data-src=\"https:\/\/autorai.nl\/wp-content\/uploads\/2024\/12\/bmw-i7-m70-review-2024-foto44-1600x1200.jpg\" data-fancybox=\"galery-0\" title=\"\"><br \/>\n\t\t\t\t\t\t\t<img decoding=\"async\" width=\"360\" height=\"270\" src=\"https:\/\/autorai.nl\/wp-content\/uploads\/2024\/12\/bmw-i7-m70-review-2024-foto44-360x270.jpg\" class=\"attachment-small size-small\" alt=\"\" loading=\"lazy\"><i class=\"fa fa-search-plus\" aria-hidden=\"true\"><\/i><br \/>\n\t\t\t\t\t\t<\/span><br \/>\n\t\t\t\t\t<\/figure>\n<figure>\n\t\t\t\t\t<span style=\"cursor: pointer\" data-src=\"https:\/\/autorai.nl\/wp-content\/uploads\/2024\/12\/bmw-i7-m70-review-2024-foto41-1600x1200.jpg\" data-fancybox=\"galery-0\" title=\"\"><br \/>\n\t\t\t\t\t\t\t<img decoding=\"async\" width=\"360\" height=\"270\" src=\"https:\/\/autorai.nl\/wp-content\/uploads\/2024\/12\/bmw-i7-m70-review-2024-foto41-360x270.jpg\" class=\"attachment-small size-small\" alt=\"\" loading=\"lazy\"><i class=\"fa fa-search-plus\" aria-hidden=\"true\"><\/i><br \/>\n\t\t\t\t\t\t<\/span><br \/>\n\t\t\t\t\t<\/figure>\n<figure>\n\t\t\t\t\t<span style=\"cursor: pointer\" data-src=\"https:\/\/autorai.nl\/wp-content\/uploads\/2024\/12\/bmw-i7-m70-review-2024-foto40-1600x1200.jpg\" data-fancybox=\"galery-0\" title=\"\"><br \/>\n\t\t\t\t\t\t\t<img decoding=\"async\" width=\"640\" height=\"480\" src=\"https:\/\/autorai.nl\/wp-content\/uploads\/2024\/12\/bmw-i7-m70-review-2024-foto40-640x480.jpg\" class=\"attachment-medium size-medium\" alt=\"\" loading=\"lazy\"><i class=\"fa fa-search-plus\" aria-hidden=\"true\"><\/i><br \/>\n\t\t\t\t\t\t<\/span><br \/>\n\t\t\t\t\t<\/figure>\n<figure>\n\t\t\t\t\t<span style=\"cursor: pointer\" data-src=\"https:\/\/autorai.nl\/wp-content\/uploads\/2024\/12\/bmw-i7-m70-review-2024-foto2-1600x1200.jpg\" data-fancybox=\"galery-0\" title=\"\"><br \/>\n\t\t\t\t\t\t\t<img decoding=\"async\" width=\"360\" height=\"270\" src=\"https:\/\/autorai.nl\/wp-content\/uploads\/2024\/12\/bmw-i7-m70-review-2024-foto2-360x270.jpg\" class=\"attachment-small size-small\" alt=\"\" loading=\"lazy\"><i class=\"fa fa-search-plus\" aria-hidden=\"true\"><\/i><br \/>\n\t\t\t\t\t\t<\/span><br \/>\n\t\t\t\t\t<\/figure>\n<figure>\n\t\t\t\t\t<span style=\"cursor: pointer\" data-src=\"https:\/\/autorai.nl\/wp-content\/uploads\/2024\/12\/bmw-i7-m70-review-2024-foto39-1600x1200.jpg\" data-fancybox=\"galery-0\" title=\"\"><br \/>\n\t\t\t\t\t\t\t<img decoding=\"async\" width=\"360\" height=\"270\" src=\"https:\/\/autorai.nl\/wp-content\/uploads\/2024\/12\/bmw-i7-m70-review-2024-foto39-360x270.jpg\" class=\"attachment-small size-small\" alt=\"\" loading=\"lazy\"><i class=\"fa fa-search-plus\" aria-hidden=\"true\"><\/i><br \/>\n\t\t\t\t\t\t<\/span><br \/>\n\t\t\t\t\t<\/figure>\n<figure>\n\t\t\t\t\t<span style=\"cursor: pointer\" data-src=\"https:\/\/autorai.nl\/wp-content\/uploads\/2024\/12\/bmw-i7-m70-review-2024-foto38-1600x1200.jpg\" data-fancybox=\"galery-0\" title=\"\"><br \/>\n\t\t\t\t\t\t\t<img decoding=\"async\" width=\"640\" height=\"480\" src=\"https:\/\/autorai.nl\/wp-content\/uploads\/2024\/12\/bmw-i7-m70-review-2024-foto38-640x480.jpg\" class=\"attachment-medium size-medium\" alt=\"\" loading=\"lazy\"><i class=\"fa fa-search-plus\" aria-hidden=\"true\"><\/i><br \/>\n\t\t\t\t\t\t<\/span><br \/>\n\t\t\t\t\t<\/figure>\n<figure>\n\t\t\t\t\t<span style=\"cursor: pointer\" data-src=\"https:\/\/autorai.nl\/wp-content\/uploads\/2024\/12\/bmw-i7-m70-review-2024-foto37-1600x1200.jpg\" data-fancybox=\"galery-0\" title=\"\"><br \/>\n\t\t\t\t\t\t\t<img decoding=\"async\" width=\"360\" height=\"270\" src=\"https:\/\/autorai.nl\/wp-content\/uploads\/2024\/12\/bmw-i7-m70-review-2024-foto37-360x270.jpg\" class=\"attachment-small size-small\" alt=\"\" loading=\"lazy\"><i class=\"fa fa-search-plus\" aria-hidden=\"true\"><\/i><br \/>\n\t\t\t\t\t\t<\/span><br \/>\n\t\t\t\t\t<\/figure>\n<figure>\n\t\t\t\t\t<span style=\"cursor: pointer\" data-src=\"https:\/\/autorai.nl\/wp-content\/uploads\/2024\/12\/bmw-i7-m70-review-2024-foto36-1600x1088.jpg\" data-fancybox=\"galery-0\" title=\"\"><br \/>\n\t\t\t\t\t\t\t<img decoding=\"async\" width=\"360\" height=\"270\" src=\"https:\/\/autorai.nl\/wp-content\/uploads\/2024\/12\/bmw-i7-m70-review-2024-foto36-360x270.jpg\" class=\"attachment-small size-small\" alt=\"BMW i7 M70 xDrive\" loading=\"lazy\"><i class=\"fa fa-search-plus\" aria-hidden=\"true\"><\/i><br \/>\n\t\t\t\t\t\t<\/span><br \/>\n\t\t\t\t\t<\/figure>\n<figure>\n\t\t\t\t\t<span style=\"cursor: pointer\" data-src=\"https:\/\/autorai.nl\/wp-content\/uploads\/2024\/12\/bmw-i7-m70-review-2024-foto35-1600x1200.jpg\" data-fancybox=\"galery-0\" title=\"\"><br \/>\n\t\t\t\t\t\t\t<img decoding=\"async\" width=\"640\" height=\"480\" src=\"https:\/\/autorai.nl\/wp-content\/uploads\/2024\/12\/bmw-i7-m70-review-2024-foto35-640x480.jpg\" class=\"attachment-medium size-medium\" alt=\"\" loading=\"lazy\"><i class=\"fa fa-search-plus\" aria-hidden=\"true\"><\/i><br \/>\n\t\t\t\t\t\t<\/span><br \/>\n\t\t\t\t\t<\/figure>\n<figure>\n\t\t\t\t\t<span style=\"cursor: pointer\" data-src=\"https:\/\/autorai.nl\/wp-content\/uploads\/2024\/12\/bmw-i7-m70-review-2024-foto34-1600x1200.jpg\" data-fancybox=\"galery-0\" title=\"\"><br \/>\n\t\t\t\t\t\t\t<img decoding=\"async\" width=\"360\" height=\"270\" src=\"https:\/\/autorai.nl\/wp-content\/uploads\/2024\/12\/bmw-i7-m70-review-2024-foto34-360x270.jpg\" class=\"attachment-small size-small\" alt=\"\" loading=\"lazy\"><i class=\"fa fa-search-plus\" aria-hidden=\"true\"><\/i><br \/>\n\t\t\t\t\t\t<\/span><br \/>\n\t\t\t\t\t<\/figure>\n<figure>\n\t\t\t\t\t<span style=\"cursor: pointer\" data-src=\"https:\/\/autorai.nl\/wp-content\/uploads\/2024\/12\/bmw-i7-m70-review-2024-foto33-1600x1200.jpg\" data-fancybox=\"galery-0\" title=\"\"><br \/>\n\t\t\t\t\t\t\t<img decoding=\"async\" width=\"360\" height=\"270\" src=\"https:\/\/autorai.nl\/wp-content\/uploads\/2024\/12\/bmw-i7-m70-review-2024-foto33-360x270.jpg\" class=\"attachment-small size-small\" alt=\"\" loading=\"lazy\"><i class=\"fa fa-search-plus\" aria-hidden=\"true\"><\/i><br \/>\n\t\t\t\t\t\t<\/span><br \/>\n\t\t\t\t\t<\/figure>\n<figure>\n\t\t\t\t\t<span style=\"cursor: pointer\" data-src=\"https:\/\/autorai.nl\/wp-content\/uploads\/2024\/12\/bmw-i7-m70-review-2024-foto32-1600x1200.jpg\" data-fancybox=\"galery-0\" title=\"\"><br \/>\n\t\t\t\t\t\t\t<img decoding=\"async\" width=\"640\" height=\"480\" src=\"https:\/\/autorai.nl\/wp-content\/uploads\/2024\/12\/bmw-i7-m70-review-2024-foto32-640x480.jpg\" class=\"attachment-medium size-medium\" alt=\"\" loading=\"lazy\"><i class=\"fa fa-search-plus\" aria-hidden=\"true\"><\/i><br \/>\n\t\t\t\t\t\t<\/span><br \/>\n\t\t\t\t\t<\/figure>\n<figure>\n\t\t\t\t\t<span style=\"cursor: pointer\" data-src=\"https:\/\/autorai.nl\/wp-content\/uploads\/2024\/12\/bmw-i7-m70-review-2024-foto31-1600x1200.jpg\" data-fancybox=\"galery-0\" title=\"\"><br \/>\n\t\t\t\t\t\t\t<img decoding=\"async\" width=\"360\" height=\"270\" src=\"https:\/\/autorai.nl\/wp-content\/uploads\/2024\/12\/bmw-i7-m70-review-2024-foto31-360x270.jpg\" class=\"attachment-small size-small\" alt=\"\" loading=\"lazy\"><i class=\"fa fa-search-plus\" aria-hidden=\"true\"><\/i><br \/>\n\t\t\t\t\t\t<\/span><br \/>\n\t\t\t\t\t<\/figure>\n<figure>\n\t\t\t\t\t<span style=\"cursor: pointer\" data-src=\"https:\/\/autorai.nl\/wp-content\/uploads\/2024\/12\/bmw-i7-m70-review-2024-foto30-1600x1200.jpg\" data-fancybox=\"galery-0\" title=\"\"><br \/>\n\t\t\t\t\t\t\t<img decoding=\"async\" width=\"360\" height=\"270\" src=\"https:\/\/autorai.nl\/wp-content\/uploads\/2024\/12\/bmw-i7-m70-review-2024-foto30-360x270.jpg\" class=\"attachment-small size-small\" alt=\"\" loading=\"lazy\"><i class=\"fa fa-search-plus\" aria-hidden=\"true\"><\/i><br \/>\n\t\t\t\t\t\t<\/span><br \/>\n\t\t\t\t\t<\/figure>\n<figure>\n\t\t\t\t\t<span style=\"cursor: pointer\" data-src=\"https:\/\/autorai.nl\/wp-content\/uploads\/2024\/12\/bmw-i7-m70-review-2024-foto29-1600x1200.jpg\" data-fancybox=\"galery-0\" title=\"\"><br \/>\n\t\t\t\t\t\t\t<img decoding=\"async\" width=\"640\" height=\"480\" src=\"https:\/\/autorai.nl\/wp-content\/uploads\/2024\/12\/bmw-i7-m70-review-2024-foto29-640x480.jpg\" class=\"attachment-medium size-medium\" alt=\"\" loading=\"lazy\"><i class=\"fa fa-search-plus\" aria-hidden=\"true\"><\/i><br \/>\n\t\t\t\t\t\t<\/span><br \/>\n\t\t\t\t\t<\/figure>\n<figure>\n\t\t\t\t\t<span style=\"cursor: pointer\" data-src=\"https:\/\/autorai.nl\/wp-content\/uploads\/2024\/12\/bmw-i7-m70-review-2024-foto28-1600x1200.jpg\" data-fancybox=\"galery-0\" title=\"\"><br \/>\n\t\t\t\t\t\t\t<img decoding=\"async\" width=\"360\" height=\"270\" src=\"https:\/\/autorai.nl\/wp-content\/uploads\/2024\/12\/bmw-i7-m70-review-2024-foto28-360x270.jpg\" class=\"attachment-small size-small\" alt=\"\" loading=\"lazy\"><i class=\"fa fa-search-plus\" aria-hidden=\"true\"><\/i><br \/>\n\t\t\t\t\t\t<\/span><br \/>\n\t\t\t\t\t<\/figure>\n<figure>\n\t\t\t\t\t<span style=\"cursor: pointer\" data-src=\"https:\/\/autorai.nl\/wp-content\/uploads\/2024\/12\/bmw-i7-m70-review-2024-foto27-1600x1089.jpg\" data-fancybox=\"galery-0\" title=\"\"><br \/>\n\t\t\t\t\t\t\t<img decoding=\"async\" width=\"360\" height=\"270\" src=\"https:\/\/autorai.nl\/wp-content\/uploads\/2024\/12\/bmw-i7-m70-review-2024-foto27-360x270.jpg\" class=\"attachment-small size-small\" alt=\"\" loading=\"lazy\"><i class=\"fa fa-search-plus\" aria-hidden=\"true\"><\/i><br \/>\n\t\t\t\t\t\t<\/span><br \/>\n\t\t\t\t\t<\/figure>\n<figure>\n\t\t\t\t\t<span style=\"cursor: pointer\" data-src=\"https:\/\/autorai.nl\/wp-content\/uploads\/2024\/12\/bmw-i7-m70-review-2024-foto26-1600x1200.jpg\" data-fancybox=\"galery-0\" title=\"\"><br \/>\n\t\t\t\t\t\t\t<img decoding=\"async\" width=\"640\" height=\"480\" src=\"https:\/\/autorai.nl\/wp-content\/uploads\/2024\/12\/bmw-i7-m70-review-2024-foto26-640x480.jpg\" class=\"attachment-medium size-medium\" alt=\"\" loading=\"lazy\"><i class=\"fa fa-search-plus\" aria-hidden=\"true\"><\/i><br \/>\n\t\t\t\t\t\t<\/span><br \/>\n\t\t\t\t\t<\/figure>\n<figure>\n\t\t\t\t\t<span style=\"cursor: pointer\" data-src=\"https:\/\/autorai.nl\/wp-content\/uploads\/2024\/12\/bmw-i7-m70-review-2024-foto25-1600x1200.jpg\" data-fancybox=\"galery-0\" title=\"\"><br \/>\n\t\t\t\t\t\t\t<img decoding=\"async\" width=\"360\" height=\"270\" src=\"https:\/\/autorai.nl\/wp-content\/uploads\/2024\/12\/bmw-i7-m70-review-2024-foto25-360x270.jpg\" class=\"attachment-small size-small\" alt=\"\" loading=\"lazy\"><i class=\"fa fa-search-plus\" aria-hidden=\"true\"><\/i><br \/>\n\t\t\t\t\t\t<\/span><br \/>\n\t\t\t\t\t<\/figure>\n<figure>\n\t\t\t\t\t<span style=\"cursor: pointer\" data-src=\"https:\/\/autorai.nl\/wp-content\/uploads\/2024\/12\/bmw-i7-m70-review-2024-foto24-1600x1200.jpg\" data-fancybox=\"galery-0\" title=\"\"><br \/>\n\t\t\t\t\t\t\t<img decoding=\"async\" width=\"360\" height=\"270\" src=\"https:\/\/autorai.nl\/wp-content\/uploads\/2024\/12\/bmw-i7-m70-review-2024-foto24-360x270.jpg\" class=\"attachment-small size-small\" alt=\"\" loading=\"lazy\"><i class=\"fa fa-search-plus\" aria-hidden=\"true\"><\/i><br \/>\n\t\t\t\t\t\t<\/span><br \/>\n\t\t\t\t\t<\/figure>\n<figure>\n\t\t\t\t\t<span style=\"cursor: pointer\" data-src=\"https:\/\/autorai.nl\/wp-content\/uploads\/2024\/12\/bmw-i7-m70-review-2024-foto23-1600x1200.jpg\" data-fancybox=\"galery-0\" title=\"\"><br \/>\n\t\t\t\t\t\t\t<img decoding=\"async\" width=\"640\" height=\"480\" src=\"https:\/\/autorai.nl\/wp-content\/uploads\/2024\/12\/bmw-i7-m70-review-2024-foto23-640x480.jpg\" class=\"attachment-medium size-medium\" alt=\"\" loading=\"lazy\"><i class=\"fa fa-search-plus\" aria-hidden=\"true\"><\/i><br \/>\n\t\t\t\t\t\t<\/span><br \/>\n\t\t\t\t\t<\/figure>\n<figure>\n\t\t\t\t\t<span style=\"cursor: pointer\" data-src=\"https:\/\/autorai.nl\/wp-content\/uploads\/2024\/12\/bmw-i7-m70-review-2024-foto22-1600x1200.jpg\" data-fancybox=\"galery-0\" title=\"\"><br \/>\n\t\t\t\t\t\t\t<img decoding=\"async\" width=\"360\" height=\"270\" src=\"https:\/\/autorai.nl\/wp-content\/uploads\/2024\/12\/bmw-i7-m70-review-2024-foto22-360x270.jpg\" class=\"attachment-small size-small\" alt=\"\" loading=\"lazy\"><i class=\"fa fa-search-plus\" aria-hidden=\"true\"><\/i><br \/>\n\t\t\t\t\t\t<\/span><br \/>\n\t\t\t\t\t<\/figure>\n<figure>\n\t\t\t\t\t<span style=\"cursor: pointer\" data-src=\"https:\/\/autorai.nl\/wp-content\/uploads\/2024\/12\/bmw-i7-m70-review-2024-foto21-1600x1200.jpg\" data-fancybox=\"galery-0\" title=\"\"><br \/>\n\t\t\t\t\t\t\t<img decoding=\"async\" width=\"360\" height=\"270\" src=\"https:\/\/autorai.nl\/wp-content\/uploads\/2024\/12\/bmw-i7-m70-review-2024-foto21-360x270.jpg\" class=\"attachment-small size-small\" alt=\"\" loading=\"lazy\"><i class=\"fa fa-search-plus\" aria-hidden=\"true\"><\/i><br \/>\n\t\t\t\t\t\t<\/span><br \/>\n\t\t\t\t\t<\/figure>\n<figure>\n\t\t\t\t\t<span style=\"cursor: pointer\" data-src=\"https:\/\/autorai.nl\/wp-content\/uploads\/2024\/12\/bmw-i7-m70-review-2024-foto20-1600x1200.jpg\" data-fancybox=\"galery-0\" title=\"\"><br \/>\n\t\t\t\t\t\t\t<img decoding=\"async\" width=\"640\" height=\"480\" src=\"https:\/\/autorai.nl\/wp-content\/uploads\/2024\/12\/bmw-i7-m70-review-2024-foto20-640x480.jpg\" class=\"attachment-medium size-medium\" alt=\"\" loading=\"lazy\"><i class=\"fa fa-search-plus\" aria-hidden=\"true\"><\/i><br \/>\n\t\t\t\t\t\t<\/span><br \/>\n\t\t\t\t\t<\/figure>\n<figure>\n\t\t\t\t\t<span style=\"cursor: pointer\" data-src=\"https:\/\/autorai.nl\/wp-content\/uploads\/2024\/12\/bmw-i7-m70-review-2024-foto19-1600x1200.jpg\" data-fancybox=\"galery-0\" title=\"\"><br \/>\n\t\t\t\t\t\t\t<img decoding=\"async\" width=\"360\" height=\"270\" src=\"https:\/\/autorai.nl\/wp-content\/uploads\/2024\/12\/bmw-i7-m70-review-2024-foto19-360x270.jpg\" class=\"attachment-small size-small\" alt=\"\" loading=\"lazy\"><i class=\"fa fa-search-plus\" aria-hidden=\"true\"><\/i><br \/>\n\t\t\t\t\t\t<\/span><br \/>\n\t\t\t\t\t<\/figure>\n<figure>\n\t\t\t\t\t<span style=\"cursor: pointer\" data-src=\"https:\/\/autorai.nl\/wp-content\/uploads\/2024\/12\/bmw-i7-m70-review-2024-foto18-1600x1200.jpg\" data-fancybox=\"galery-0\" title=\"\"><br \/>\n\t\t\t\t\t\t\t<img decoding=\"async\" width=\"360\" height=\"270\" src=\"https:\/\/autorai.nl\/wp-content\/uploads\/2024\/12\/bmw-i7-m70-review-2024-foto18-360x270.jpg\" class=\"attachment-small size-small\" alt=\"\" loading=\"lazy\"><i class=\"fa fa-search-plus\" aria-hidden=\"true\"><\/i><br \/>\n\t\t\t\t\t\t<\/span><br \/>\n\t\t\t\t\t<\/figure>\n<figure>\n\t\t\t\t\t<span style=\"cursor: pointer\" data-src=\"https:\/\/autorai.nl\/wp-content\/uploads\/2024\/12\/bmw-i7-m70-review-2024-foto17-1600x1200.jpg\" data-fancybox=\"galery-0\" title=\"\"><br \/>\n\t\t\t\t\t\t\t<img decoding=\"async\" width=\"640\" height=\"480\" src=\"https:\/\/autorai.nl\/wp-content\/uploads\/2024\/12\/bmw-i7-m70-review-2024-foto17-640x480.jpg\" class=\"attachment-medium size-medium\" alt=\"\" loading=\"lazy\"><i class=\"fa fa-search-plus\" aria-hidden=\"true\"><\/i><br \/>\n\t\t\t\t\t\t<\/span><br \/>\n\t\t\t\t\t<\/figure>\n<figure>\n\t\t\t\t\t<span style=\"cursor: pointer\" data-src=\"https:\/\/autorai.nl\/wp-content\/uploads\/2024\/12\/bmw-i7-m70-review-2024-foto16-1600x1200.jpg\" data-fancybox=\"galery-0\" title=\"\"><br \/>\n\t\t\t\t\t\t\t<img decoding=\"async\" width=\"360\" height=\"270\" src=\"https:\/\/autorai.nl\/wp-content\/uploads\/2024\/12\/bmw-i7-m70-review-2024-foto16-360x270.jpg\" class=\"attachment-small size-small\" alt=\"\" loading=\"lazy\"><i class=\"fa fa-search-plus\" aria-hidden=\"true\"><\/i><br \/>\n\t\t\t\t\t\t<\/span><br \/>\n\t\t\t\t\t<\/figure>\n<figure>\n\t\t\t\t\t<span style=\"cursor: pointer\" data-src=\"https:\/\/autorai.nl\/wp-content\/uploads\/2024\/12\/bmw-i7-m70-review-2024-foto15-1600x1200.jpg\" data-fancybox=\"galery-0\" title=\"\"><br \/>\n\t\t\t\t\t\t\t<img decoding=\"async\" width=\"360\" height=\"270\" src=\"https:\/\/autorai.nl\/wp-content\/uploads\/2024\/12\/bmw-i7-m70-review-2024-foto15-360x270.jpg\" class=\"attachment-small size-small\" alt=\"\" loading=\"lazy\"><i class=\"fa fa-search-plus\" aria-hidden=\"true\"><\/i><br \/>\n\t\t\t\t\t\t<\/span><br \/>\n\t\t\t\t\t<\/figure>\n<figure>\n\t\t\t\t\t<span style=\"cursor: pointer\" data-src=\"https:\/\/autorai.nl\/wp-content\/uploads\/2024\/12\/bmw-i7-m70-review-2024-foto10-1600x1200.jpg\" data-fancybox=\"galery-0\" title=\"\"><br \/>\n\t\t\t\t\t\t\t<img decoding=\"async\" width=\"640\" height=\"480\" src=\"https:\/\/autorai.nl\/wp-content\/uploads\/2024\/12\/bmw-i7-m70-review-2024-foto10-640x480.jpg\" class=\"attachment-medium size-medium\" alt=\"\" loading=\"lazy\"><i class=\"fa fa-search-plus\" aria-hidden=\"true\"><\/i><br \/>\n\t\t\t\t\t\t<\/span><br \/>\n\t\t\t\t\t<\/figure>\n<figure>\n\t\t\t\t\t<span style=\"cursor: pointer\" data-src=\"https:\/\/autorai.nl\/wp-content\/uploads\/2024\/12\/bmw-i7-m70-review-2024-foto13-1600x1200.jpg\" data-fancybox=\"galery-0\" title=\"\"><br \/>\n\t\t\t\t\t\t\t<img decoding=\"async\" width=\"360\" height=\"270\" src=\"https:\/\/autorai.nl\/wp-content\/uploads\/2024\/12\/bmw-i7-m70-review-2024-foto13-360x270.jpg\" class=\"attachment-small size-small\" alt=\"Vista frontal del BMW i7 M70 xDrive\" loading=\"lazy\"><i class=\"fa fa-search-plus\" aria-hidden=\"true\"><\/i><br \/>\n\t\t\t\t\t\t<\/span><br \/>\n\t\t\t\t\t<\/figure>\n<figure>\n\t\t\t\t\t<span style=\"cursor: pointer\" data-src=\"https:\/\/autorai.nl\/wp-content\/uploads\/2024\/12\/bmw-i7-m70-review-2024-foto12-1600x1200.jpg\" data-fancybox=\"galery-0\" title=\"\"><br \/>\n\t\t\t\t\t\t\t<img decoding=\"async\" width=\"360\" height=\"270\" src=\"https:\/\/autorai.nl\/wp-content\/uploads\/2024\/12\/bmw-i7-m70-review-2024-foto12-360x270.jpg\" class=\"attachment-small size-small\" alt=\"\" loading=\"lazy\"><i class=\"fa fa-search-plus\" aria-hidden=\"true\"><\/i><br \/>\n\t\t\t\t\t\t<\/span><br \/>\n\t\t\t\t\t<\/figure>\n<figure>\n\t\t\t\t\t<span style=\"cursor: pointer\" data-src=\"https:\/\/autorai.nl\/wp-content\/uploads\/2024\/12\/bmw-i7-m70-review-2024-foto11-1600x1200.jpg\" data-fancybox=\"galery-0\" title=\"\"><br \/>\n\t\t\t\t\t\t\t<img decoding=\"async\" width=\"640\" height=\"480\" src=\"https:\/\/autorai.nl\/wp-content\/uploads\/2024\/12\/bmw-i7-m70-review-2024-foto11-640x480.jpg\" class=\"attachment-medium size-medium\" alt=\"BMW i7 M70 xDrive\" loading=\"lazy\"><i class=\"fa fa-search-plus\" aria-hidden=\"true\"><\/i><br \/>\n\t\t\t\t\t\t<\/span><br \/>\n\t\t\t\t\t<\/figure>\n<figure>\n\t\t\t\t\t<span style=\"cursor: pointer\" data-src=\"https:\/\/autorai.nl\/wp-content\/uploads\/2024\/12\/bmw-i7-m70-review-2024-foto9-1600x1200.jpg\" data-fancybox=\"galery-0\" title=\"\"><br \/>\n\t\t\t\t\t\t\t<img decoding=\"async\" width=\"360\" height=\"270\" src=\"https:\/\/autorai.nl\/wp-content\/uploads\/2024\/12\/bmw-i7-m70-review-2024-foto9-360x270.jpg\" class=\"attachment-small size-small\" alt=\"\" loading=\"lazy\"><i class=\"fa fa-search-plus\" aria-hidden=\"true\"><\/i><br \/>\n\t\t\t\t\t\t<\/span><br \/>\n\t\t\t\t\t<\/figure>\n<figure>\n\t\t\t\t\t<span style=\"cursor: pointer\" data-src=\"https:\/\/autorai.nl\/wp-content\/uploads\/2024\/12\/bmw-i7-m70-review-2024-foto6-1600x1200.jpg\" data-fancybox=\"galery-0\" title=\"\"><br \/>\n\t\t\t\t\t\t\t<img decoding=\"async\" width=\"360\" height=\"270\" src=\"https:\/\/autorai.nl\/wp-content\/uploads\/2024\/12\/bmw-i7-m70-review-2024-foto6-360x270.jpg\" class=\"attachment-small size-small\" alt=\"\" loading=\"lazy\"><i class=\"fa fa-search-plus\" aria-hidden=\"true\"><\/i><br \/>\n\t\t\t\t\t\t<\/span><br \/>\n\t\t\t\t\t<\/figure>\n<figure>\n\t\t\t\t\t<span style=\"cursor: pointer\" data-src=\"https:\/\/autorai.nl\/wp-content\/uploads\/2024\/12\/bmw-i7-m70-review-2024-foto8-1600x923.jpg\" data-fancybox=\"galery-0\" title=\"\"><br \/>\n\t\t\t\t\t\t\t<img decoding=\"async\" width=\"640\" height=\"480\" src=\"https:\/\/autorai.nl\/wp-content\/uploads\/2024\/12\/bmw-i7-m70-review-2024-foto8-640x480.jpg\" class=\"attachment-medium size-medium\" alt=\"\" loading=\"lazy\"><i class=\"fa fa-search-plus\" aria-hidden=\"true\"><\/i><br \/>\n\t\t\t\t\t\t<\/span><br \/>\n\t\t\t\t\t<\/figure>\n<figure>\n\t\t\t\t\t<span style=\"cursor: pointer\" data-src=\"https:\/\/autorai.nl\/wp-content\/uploads\/2024\/12\/bmw-i7-m70-review-2024-foto4-1600x1200.jpg\" data-fancybox=\"galery-0\" title=\"\"><br \/>\n\t\t\t\t\t\t\t<img decoding=\"async\" width=\"360\" height=\"270\" src=\"https:\/\/autorai.nl\/wp-content\/uploads\/2024\/12\/bmw-i7-m70-review-2024-foto4-360x270.jpg\" class=\"attachment-small size-small\" alt=\"\" loading=\"lazy\"><i class=\"fa fa-search-plus\" aria-hidden=\"true\"><\/i><br \/>\n\t\t\t\t\t\t<\/span><br \/>\n\t\t\t\t\t<\/figure>\n<figure>\n\t\t\t\t\t<span style=\"cursor: pointer\" data-src=\"https:\/\/autorai.nl\/wp-content\/uploads\/2024\/12\/bmw-i7-m70-review-2024-foto5-1600x1200.jpg\" data-fancybox=\"galery-0\" title=\"\"><br \/>\n\t\t\t\t\t\t\t<img decoding=\"async\" width=\"360\" height=\"270\" src=\"https:\/\/autorai.nl\/wp-content\/uploads\/2024\/12\/bmw-i7-m70-review-2024-foto5-360x270.jpg\" class=\"attachment-small size-small\" alt=\"\" loading=\"lazy\"><i class=\"fa fa-search-plus\" aria-hidden=\"true\"><\/i><br \/>\n\t\t\t\t\t\t<\/span><br \/>\n\t\t\t\t\t<\/figure>\n<div class=\"clear\"><\/div>\n<\/div>\n","protected":false},"excerpt":{"rendered":"BMW i7 M70 BMW est\u00e1 dando que hablar, sobre todo \u00faltimamente. Esto se debe principalmente a su dise\u00f1o. Este BMW&hellip;","protected":false},"author":0,"featured_media":150447,"comment_status":"","ping_status":"open","sticky":false,"template":"","format":"standard","meta":{"footnotes":""},"categories":[126,145],"tags":[],"class_list":["post-150455","post","type-post","status-publish","format-standard","has-post-thumbnail","hentry","category-noticias-de-autos","category-pruebas-de-autos"],"acf":[],"yoast_head":"<!-- This site is optimized with the Yoast SEO plugin v21.2 - https:\/\/yoast.com\/wordpress\/plugins\/seo\/ -->\n<title>Prueba - BMW i7 M70 xDrive Sed\u00e1n (2024), \u00e1tico sobre ruedas - All cars news<\/title>\n<meta name=\"robots\" content=\"index, follow, max-snippet:-1, max-image-preview:large, max-video-preview:-1\" \/>\n<link rel=\"canonical\" href=\"https:\/\/all-car-news.com\/es\/prueba-bmw-i7-m70-xdrive-sedan-2024-atico-sobre-ruedas\/\" \/>\n<meta property=\"og:locale\" content=\"es_ES\" \/>\n<meta property=\"og:type\" content=\"article\" \/>\n<meta property=\"og:title\" content=\"Prueba - BMW i7 M70 xDrive Sed\u00e1n (2024), \u00e1tico sobre ruedas - All cars news\" \/>\n<meta property=\"og:description\" content=\"BMW i7 M70 BMW est\u00e1 dando que hablar, sobre todo \u00faltimamente. Esto se debe principalmente a su dise\u00f1o. Este BMW i7 M70 no es una excepci\u00f3n. Tiene unos &quot;ri\u00f1ones&quot; excepcionalmente grandes. A una persona le encanta eso, otra prefiere ver una modificaci\u00f3n. BMW dota al modelo de semejante dise\u00f1o frontal por una buena raz\u00f3n.   En [...]\" \/>\n<meta property=\"og:url\" content=\"https:\/\/all-car-news.com\/es\/prueba-bmw-i7-m70-xdrive-sedan-2024-atico-sobre-ruedas\/\" \/>\n<meta property=\"og:site_name\" content=\"All cars news\" \/>\n<meta property=\"article:published_time\" content=\"2024-12-04T09:47:00+00:00\" \/>\n<meta property=\"og:image\" content=\"https:\/\/autorai.nl\/wp-content\/uploads\/2024\/12\/bmw-i7-m70-review-2024-foto14-1140x542.jpg\" \/>\n<meta name=\"twitter:card\" content=\"summary_large_image\" \/>\n<meta name=\"twitter:label1\" content=\"Tiempo de lectura\" \/>\n\t<meta name=\"twitter:data1\" content=\"8 minutos\" \/>\n<script type=\"application\/ld+json\" class=\"yoast-schema-graph\">{\"@context\":\"https:\/\/schema.org\",\"@graph\":[{\"@type\":\"Article\",\"@id\":\"https:\/\/all-car-news.com\/es\/prueba-bmw-i7-m70-xdrive-sedan-2024-atico-sobre-ruedas\/#article\",\"isPartOf\":{\"@id\":\"https:\/\/all-car-news.com\/es\/prueba-bmw-i7-m70-xdrive-sedan-2024-atico-sobre-ruedas\/\"},\"author\":{\"name\":\"\",\"@id\":\"\"},\"headline\":\"Prueba &#8211; BMW i7 M70 xDrive Sed\u00e1n (2024), \u00e1tico sobre ruedas\",\"datePublished\":\"2024-12-04T09:47:00+00:00\",\"dateModified\":\"2024-12-04T09:47:00+00:00\",\"mainEntityOfPage\":{\"@id\":\"https:\/\/all-car-news.com\/es\/prueba-bmw-i7-m70-xdrive-sedan-2024-atico-sobre-ruedas\/\"},\"wordCount\":1574,\"publisher\":{\"@id\":\"https:\/\/all-car-news.com\/es\/#organization\"},\"articleSection\":[\"noticias de autos\",\"pruebas de autos\"],\"inLanguage\":\"es\"},{\"@type\":\"WebPage\",\"@id\":\"https:\/\/all-car-news.com\/es\/prueba-bmw-i7-m70-xdrive-sedan-2024-atico-sobre-ruedas\/\",\"url\":\"https:\/\/all-car-news.com\/es\/prueba-bmw-i7-m70-xdrive-sedan-2024-atico-sobre-ruedas\/\",\"name\":\"Prueba - BMW i7 M70 xDrive Sed\u00e1n (2024), \u00e1tico sobre ruedas - All cars news\",\"isPartOf\":{\"@id\":\"https:\/\/all-car-news.com\/es\/#website\"},\"datePublished\":\"2024-12-04T09:47:00+00:00\",\"dateModified\":\"2024-12-04T09:47:00+00:00\",\"breadcrumb\":{\"@id\":\"https:\/\/all-car-news.com\/es\/prueba-bmw-i7-m70-xdrive-sedan-2024-atico-sobre-ruedas\/#breadcrumb\"},\"inLanguage\":\"es\",\"potentialAction\":[{\"@type\":\"ReadAction\",\"target\":[\"https:\/\/all-car-news.com\/es\/prueba-bmw-i7-m70-xdrive-sedan-2024-atico-sobre-ruedas\/\"]}]},{\"@type\":\"BreadcrumbList\",\"@id\":\"https:\/\/all-car-news.com\/es\/prueba-bmw-i7-m70-xdrive-sedan-2024-atico-sobre-ruedas\/#breadcrumb\",\"itemListElement\":[{\"@type\":\"ListItem\",\"position\":1,\"name\":\"Home\",\"item\":\"https:\/\/all-car-news.com\/es\/\"},{\"@type\":\"ListItem\",\"position\":2,\"name\":\"Prueba &#8211; BMW i7 M70 xDrive Sed\u00e1n (2024), \u00e1tico sobre ruedas\"}]},{\"@type\":\"WebSite\",\"@id\":\"https:\/\/all-car-news.com\/es\/#website\",\"url\":\"https:\/\/all-car-news.com\/es\/\",\"name\":\"All cars news\",\"description\":\"\",\"publisher\":{\"@id\":\"https:\/\/all-car-news.com\/es\/#organization\"},\"potentialAction\":[{\"@type\":\"SearchAction\",\"target\":{\"@type\":\"EntryPoint\",\"urlTemplate\":\"https:\/\/all-car-news.com\/es\/?s={search_term_string}\"},\"query-input\":\"required name=search_term_string\"}],\"inLanguage\":\"es\"},{\"@type\":\"Organization\",\"@id\":\"https:\/\/all-car-news.com\/es\/#organization\",\"name\":\"All cars news\",\"url\":\"https:\/\/all-car-news.com\/es\/\",\"logo\":{\"@type\":\"ImageObject\",\"inLanguage\":\"es\",\"@id\":\"https:\/\/all-car-news.com\/es\/#\/schema\/logo\/image\/\",\"url\":\"https:\/\/all-car-news.com\/wp-content\/uploads\/2022\/02\/CMYK-AllCarNews_LANDSCAPE_300px-1.png\",\"contentUrl\":\"https:\/\/all-car-news.com\/wp-content\/uploads\/2022\/02\/CMYK-AllCarNews_LANDSCAPE_300px-1.png\",\"width\":300,\"height\":100,\"caption\":\"All cars news\"},\"image\":{\"@id\":\"https:\/\/all-car-news.com\/es\/#\/schema\/logo\/image\/\"}}]}<\/script>\n<!-- \/ Yoast SEO plugin. -->","yoast_head_json":{"title":"Prueba - BMW i7 M70 xDrive Sed\u00e1n (2024), \u00e1tico sobre ruedas - All cars news","robots":{"index":"index","follow":"follow","max-snippet":"max-snippet:-1","max-image-preview":"max-image-preview:large","max-video-preview":"max-video-preview:-1"},"canonical":"https:\/\/all-car-news.com\/es\/prueba-bmw-i7-m70-xdrive-sedan-2024-atico-sobre-ruedas\/","og_locale":"es_ES","og_type":"article","og_title":"Prueba - BMW i7 M70 xDrive Sed\u00e1n (2024), \u00e1tico sobre ruedas - All cars news","og_description":"BMW i7 M70 BMW est\u00e1 dando que hablar, sobre todo \u00faltimamente. Esto se debe principalmente a su dise\u00f1o. Este BMW i7 M70 no es una excepci\u00f3n. Tiene unos \"ri\u00f1ones\" excepcionalmente grandes. A una persona le encanta eso, otra prefiere ver una modificaci\u00f3n. BMW dota al modelo de semejante dise\u00f1o frontal por una buena raz\u00f3n.   En [...]","og_url":"https:\/\/all-car-news.com\/es\/prueba-bmw-i7-m70-xdrive-sedan-2024-atico-sobre-ruedas\/","og_site_name":"All cars news","article_published_time":"2024-12-04T09:47:00+00:00","og_image":[{"url":"https:\/\/autorai.nl\/wp-content\/uploads\/2024\/12\/bmw-i7-m70-review-2024-foto14-1140x542.jpg"}],"twitter_card":"summary_large_image","twitter_misc":{"Tiempo de lectura":"8 minutos"},"schema":{"@context":"https:\/\/schema.org","@graph":[{"@type":"Article","@id":"https:\/\/all-car-news.com\/es\/prueba-bmw-i7-m70-xdrive-sedan-2024-atico-sobre-ruedas\/#article","isPartOf":{"@id":"https:\/\/all-car-news.com\/es\/prueba-bmw-i7-m70-xdrive-sedan-2024-atico-sobre-ruedas\/"},"author":{"name":"","@id":""},"headline":"Prueba &#8211; BMW i7 M70 xDrive Sed\u00e1n (2024), \u00e1tico sobre ruedas","datePublished":"2024-12-04T09:47:00+00:00","dateModified":"2024-12-04T09:47:00+00:00","mainEntityOfPage":{"@id":"https:\/\/all-car-news.com\/es\/prueba-bmw-i7-m70-xdrive-sedan-2024-atico-sobre-ruedas\/"},"wordCount":1574,"publisher":{"@id":"https:\/\/all-car-news.com\/es\/#organization"},"articleSection":["noticias de autos","pruebas de autos"],"inLanguage":"es"},{"@type":"WebPage","@id":"https:\/\/all-car-news.com\/es\/prueba-bmw-i7-m70-xdrive-sedan-2024-atico-sobre-ruedas\/","url":"https:\/\/all-car-news.com\/es\/prueba-bmw-i7-m70-xdrive-sedan-2024-atico-sobre-ruedas\/","name":"Prueba - BMW i7 M70 xDrive Sed\u00e1n (2024), \u00e1tico sobre ruedas - All cars news","isPartOf":{"@id":"https:\/\/all-car-news.com\/es\/#website"},"datePublished":"2024-12-04T09:47:00+00:00","dateModified":"2024-12-04T09:47:00+00:00","breadcrumb":{"@id":"https:\/\/all-car-news.com\/es\/prueba-bmw-i7-m70-xdrive-sedan-2024-atico-sobre-ruedas\/#breadcrumb"},"inLanguage":"es","potentialAction":[{"@type":"ReadAction","target":["https:\/\/all-car-news.com\/es\/prueba-bmw-i7-m70-xdrive-sedan-2024-atico-sobre-ruedas\/"]}]},{"@type":"BreadcrumbList","@id":"https:\/\/all-car-news.com\/es\/prueba-bmw-i7-m70-xdrive-sedan-2024-atico-sobre-ruedas\/#breadcrumb","itemListElement":[{"@type":"ListItem","position":1,"name":"Home","item":"https:\/\/all-car-news.com\/es\/"},{"@type":"ListItem","position":2,"name":"Prueba &#8211; BMW i7 M70 xDrive Sed\u00e1n (2024), \u00e1tico sobre ruedas"}]},{"@type":"WebSite","@id":"https:\/\/all-car-news.com\/es\/#website","url":"https:\/\/all-car-news.com\/es\/","name":"All cars news","description":"","publisher":{"@id":"https:\/\/all-car-news.com\/es\/#organization"},"potentialAction":[{"@type":"SearchAction","target":{"@type":"EntryPoint","urlTemplate":"https:\/\/all-car-news.com\/es\/?s={search_term_string}"},"query-input":"required name=search_term_string"}],"inLanguage":"es"},{"@type":"Organization","@id":"https:\/\/all-car-news.com\/es\/#organization","name":"All cars news","url":"https:\/\/all-car-news.com\/es\/","logo":{"@type":"ImageObject","inLanguage":"es","@id":"https:\/\/all-car-news.com\/es\/#\/schema\/logo\/image\/","url":"https:\/\/all-car-news.com\/wp-content\/uploads\/2022\/02\/CMYK-AllCarNews_LANDSCAPE_300px-1.png","contentUrl":"https:\/\/all-car-news.com\/wp-content\/uploads\/2022\/02\/CMYK-AllCarNews_LANDSCAPE_300px-1.png","width":300,"height":100,"caption":"All cars news"},"image":{"@id":"https:\/\/all-car-news.com\/es\/#\/schema\/logo\/image\/"}}]}},"_links":{"self":[{"href":"https:\/\/all-car-news.com\/es\/wp-json\/wp\/v2\/posts\/150455","targetHints":{"allow":["GET"]}}],"collection":[{"href":"https:\/\/all-car-news.com\/es\/wp-json\/wp\/v2\/posts"}],"about":[{"href":"https:\/\/all-car-news.com\/es\/wp-json\/wp\/v2\/types\/post"}],"replies":[{"embeddable":true,"href":"https:\/\/all-car-news.com\/es\/wp-json\/wp\/v2\/comments?post=150455"}],"version-history":[{"count":0,"href":"https:\/\/all-car-news.com\/es\/wp-json\/wp\/v2\/posts\/150455\/revisions"}],"wp:featuredmedia":[{"embeddable":true,"href":"https:\/\/all-car-news.com\/es\/wp-json\/wp\/v2\/media\/150447"}],"wp:attachment":[{"href":"https:\/\/all-car-news.com\/es\/wp-json\/wp\/v2\/media?parent=150455"}],"wp:term":[{"taxonomy":"category","embeddable":true,"href":"https:\/\/all-car-news.com\/es\/wp-json\/wp\/v2\/categories?post=150455"},{"taxonomy":"post_tag","embeddable":true,"href":"https:\/\/all-car-news.com\/es\/wp-json\/wp\/v2\/tags?post=150455"}],"curies":[{"name":"wp","href":"https:\/\/api.w.org\/{rel}","templated":true}]}}