{"id":150099,"date":"2024-11-07T08:25:48","date_gmt":"2024-11-07T08:25:48","guid":{"rendered":"https:\/\/all-car-news.com\/los-holandeses-eligen-cada-vez-mas-las-dos-ruedas-las-cifras-lo-demuestran\/"},"modified":"2024-11-07T08:25:48","modified_gmt":"2024-11-07T08:25:48","slug":"los-holandeses-eligen-cada-vez-mas-las-dos-ruedas-las-cifras-lo-demuestran","status":"publish","type":"post","link":"https:\/\/all-car-news.com\/es\/los-holandeses-eligen-cada-vez-mas-las-dos-ruedas-las-cifras-lo-demuestran\/","title":{"rendered":"Los holandeses eligen cada vez m\u00e1s las dos ruedas: las cifras lo demuestran"},"content":{"rendered":"<h2>M\u00e1s kil\u00f3metros sobre un veh\u00edculo de dos ruedas<\/h2>\n<p>El n\u00famero de bicicletas ha aumentado de 22,3 a 24,1 millones desde 2010, y el uso de la bicicleta tambi\u00e9n ha aumentado significativamente. En 2023, los holandeses recorrer\u00e1n colectivamente 19.100 millones de kil\u00f3metros en bicicleta, una media de 1.065 km por persona. Hace diez a\u00f1os, esta cifra era de 902 km. El aumento de kil\u00f3metros est\u00e1 relacionado con el crecimiento del n\u00famero de bicicletas el\u00e9ctricas, que se utilizan para recorrer distancias m\u00e1s largas. As\u00ed lo indica la nueva edici\u00f3n \u00abMovilidad en cifras Veh\u00edculos de dos ruedas 2024\u00bb de la Asociaci\u00f3n RAI y BOVAG.    <\/p>\n<h2>804.101 ejemplares<\/h2>\n<p>De las 804.101 bicicletas nuevas compradas el a\u00f1o pasado, las e-bikes representan ahora el 56%, con 453.219 de ellas cruzando el mostrador. La mayor cuota de mercado de las e-bikes hizo que el precio medio de compra en 2023 fuera un 2% m\u00e1s alto, de 1.815 euros, que en 2022. La fuerte demanda de e-bikes y su precio medio m\u00e1s elevado mantuvieron estables las ventas totales del mercado de bicicletas en 2023, a pesar de un ligero descenso del 6% en el n\u00famero de bicicletas vendidas. Es interesante se\u00f1alar que, en lo que respecta a las bicicletas el\u00e9ctricas, Holanda tambi\u00e9n est\u00e1 a la cabeza a nivel internacional, liderando la clasificaci\u00f3n europea de ventas junto con Alemania y Francia.   <\/p>\n<h2>Caen las ventas de ciclomotores: se acelera la electrificaci\u00f3n<\/h2>\n<p>En 2023, vemos que la introducci\u00f3n de la obligaci\u00f3n del casco tiene claramente sus efectos, provocando un descenso de las ventas. Aunque las ventas disminuyeron, la electrificaci\u00f3n del mercado de ciclomotores y scooters contin\u00faa a un ritmo r\u00e1pido. En 2023 se vendieron casi 35.000 ciclomotores y scooters nuevos, de los cuales el 42,4% estaban equipados con un sistema de propulsi\u00f3n totalmente el\u00e9ctrico.  <\/p>\n<h2>La moto, m\u00e1s popular que nunca<\/h2>\n<p>En 2023, las ventas de motos nuevas crecieron un 13%, hasta alcanzar la cifra r\u00e9cord de 17.472 m\u00e1quinas, el n\u00famero m\u00e1s alto desde 2000. Adem\u00e1s, en 2023 se matricul\u00f3 la moto n\u00famero 800.000, con lo que el parque de motocicletas de Holanda no tiene precedentes. Los j\u00f3venes, en particular, muestran un gran inter\u00e9s por el motociclismo: las ventas de motos nuevas en el grupo de edad de 18 a 25 a\u00f1os aumentaron un 30%. La popularidad de las motos entre este grupo tambi\u00e9n es visible en el creciente n\u00famero de carn\u00e9s de moto obtenidos, especialmente en la categor\u00eda de edad m\u00e1s joven (18-20 a\u00f1os).   <\/p>\n","protected":false},"excerpt":{"rendered":"M\u00e1s kil\u00f3metros sobre dos ruedas El n\u00famero de bicicletas ha aumentado de 22,3 a 24,1 millones desde 2010, el uso&hellip;","protected":false},"author":0,"featured_media":149808,"comment_status":"","ping_status":"open","sticky":false,"template":"","format":"standard","meta":{"footnotes":""},"categories":[126],"tags":[],"class_list":["post-150099","post","type-post","status-publish","format-standard","has-post-thumbnail","hentry","category-noticias-de-autos"],"acf":[],"yoast_head":"<!-- This site is optimized with the Yoast SEO plugin v21.2 - https:\/\/yoast.com\/wordpress\/plugins\/seo\/ -->\n<title>Los holandeses eligen cada vez m\u00e1s las dos ruedas: las cifras lo demuestran - All cars news<\/title>\n<meta name=\"robots\" content=\"index, follow, max-snippet:-1, max-image-preview:large, max-video-preview:-1\" \/>\n<link rel=\"canonical\" href=\"https:\/\/all-car-news.com\/es\/los-holandeses-eligen-cada-vez-mas-las-dos-ruedas-las-cifras-lo-demuestran\/\" \/>\n<meta property=\"og:locale\" content=\"es_ES\" \/>\n<meta property=\"og:type\" content=\"article\" \/>\n<meta property=\"og:title\" content=\"Los holandeses eligen cada vez m\u00e1s las dos ruedas: las cifras lo demuestran - All cars news\" \/>\n<meta property=\"og:description\" content=\"M\u00e1s kil\u00f3metros sobre dos ruedas El n\u00famero de bicicletas ha aumentado de 22,3 a 24,1 millones desde 2010, el uso de la bicicleta tambi\u00e9n ha aumentado significativamente. En 2023, los holandeses recorrer\u00e1n colectivamente 19.100 millones de kil\u00f3metros en bicicleta, una media de 1.065 km por persona. Hace diez a\u00f1os, esta cifra era de 902 km. El aumento de kil\u00f3metros est\u00e1 relacionado con la [...]\" \/>\n<meta property=\"og:url\" content=\"https:\/\/all-car-news.com\/es\/los-holandeses-eligen-cada-vez-mas-las-dos-ruedas-las-cifras-lo-demuestran\/\" \/>\n<meta property=\"og:site_name\" content=\"All cars news\" \/>\n<meta property=\"article:published_time\" content=\"2024-11-07T08:25:48+00:00\" \/>\n<meta name=\"twitter:card\" content=\"summary_large_image\" \/>\n<meta name=\"twitter:label1\" content=\"Tiempo de lectura\" \/>\n\t<meta name=\"twitter:data1\" content=\"2 minutos\" \/>\n<script type=\"application\/ld+json\" class=\"yoast-schema-graph\">{\"@context\":\"https:\/\/schema.org\",\"@graph\":[{\"@type\":\"Article\",\"@id\":\"https:\/\/all-car-news.com\/es\/los-holandeses-eligen-cada-vez-mas-las-dos-ruedas-las-cifras-lo-demuestran\/#article\",\"isPartOf\":{\"@id\":\"https:\/\/all-car-news.com\/es\/los-holandeses-eligen-cada-vez-mas-las-dos-ruedas-las-cifras-lo-demuestran\/\"},\"author\":{\"name\":\"\",\"@id\":\"\"},\"headline\":\"Los holandeses eligen cada vez m\u00e1s las dos ruedas: las cifras lo demuestran\",\"datePublished\":\"2024-11-07T08:25:48+00:00\",\"dateModified\":\"2024-11-07T08:25:48+00:00\",\"mainEntityOfPage\":{\"@id\":\"https:\/\/all-car-news.com\/es\/los-holandeses-eligen-cada-vez-mas-las-dos-ruedas-las-cifras-lo-demuestran\/\"},\"wordCount\":432,\"publisher\":{\"@id\":\"https:\/\/all-car-news.com\/es\/#organization\"},\"articleSection\":[\"noticias de autos\"],\"inLanguage\":\"es\"},{\"@type\":\"WebPage\",\"@id\":\"https:\/\/all-car-news.com\/es\/los-holandeses-eligen-cada-vez-mas-las-dos-ruedas-las-cifras-lo-demuestran\/\",\"url\":\"https:\/\/all-car-news.com\/es\/los-holandeses-eligen-cada-vez-mas-las-dos-ruedas-las-cifras-lo-demuestran\/\",\"name\":\"Los holandeses eligen cada vez m\u00e1s las dos ruedas: las cifras lo demuestran - All cars news\",\"isPartOf\":{\"@id\":\"https:\/\/all-car-news.com\/es\/#website\"},\"datePublished\":\"2024-11-07T08:25:48+00:00\",\"dateModified\":\"2024-11-07T08:25:48+00:00\",\"breadcrumb\":{\"@id\":\"https:\/\/all-car-news.com\/es\/los-holandeses-eligen-cada-vez-mas-las-dos-ruedas-las-cifras-lo-demuestran\/#breadcrumb\"},\"inLanguage\":\"es\",\"potentialAction\":[{\"@type\":\"ReadAction\",\"target\":[\"https:\/\/all-car-news.com\/es\/los-holandeses-eligen-cada-vez-mas-las-dos-ruedas-las-cifras-lo-demuestran\/\"]}]},{\"@type\":\"BreadcrumbList\",\"@id\":\"https:\/\/all-car-news.com\/es\/los-holandeses-eligen-cada-vez-mas-las-dos-ruedas-las-cifras-lo-demuestran\/#breadcrumb\",\"itemListElement\":[{\"@type\":\"ListItem\",\"position\":1,\"name\":\"Home\",\"item\":\"https:\/\/all-car-news.com\/es\/\"},{\"@type\":\"ListItem\",\"position\":2,\"name\":\"Los holandeses eligen cada vez m\u00e1s las dos ruedas: las cifras lo demuestran\"}]},{\"@type\":\"WebSite\",\"@id\":\"https:\/\/all-car-news.com\/es\/#website\",\"url\":\"https:\/\/all-car-news.com\/es\/\",\"name\":\"All cars news\",\"description\":\"\",\"publisher\":{\"@id\":\"https:\/\/all-car-news.com\/es\/#organization\"},\"potentialAction\":[{\"@type\":\"SearchAction\",\"target\":{\"@type\":\"EntryPoint\",\"urlTemplate\":\"https:\/\/all-car-news.com\/es\/?s={search_term_string}\"},\"query-input\":\"required name=search_term_string\"}],\"inLanguage\":\"es\"},{\"@type\":\"Organization\",\"@id\":\"https:\/\/all-car-news.com\/es\/#organization\",\"name\":\"All cars news\",\"url\":\"https:\/\/all-car-news.com\/es\/\",\"logo\":{\"@type\":\"ImageObject\",\"inLanguage\":\"es\",\"@id\":\"https:\/\/all-car-news.com\/es\/#\/schema\/logo\/image\/\",\"url\":\"https:\/\/all-car-news.com\/wp-content\/uploads\/2022\/02\/CMYK-AllCarNews_LANDSCAPE_300px-1.png\",\"contentUrl\":\"https:\/\/all-car-news.com\/wp-content\/uploads\/2022\/02\/CMYK-AllCarNews_LANDSCAPE_300px-1.png\",\"width\":300,\"height\":100,\"caption\":\"All cars news\"},\"image\":{\"@id\":\"https:\/\/all-car-news.com\/es\/#\/schema\/logo\/image\/\"}}]}<\/script>\n<!-- \/ Yoast SEO plugin. -->","yoast_head_json":{"title":"Los holandeses eligen cada vez m\u00e1s las dos ruedas: las cifras lo demuestran - All cars news","robots":{"index":"index","follow":"follow","max-snippet":"max-snippet:-1","max-image-preview":"max-image-preview:large","max-video-preview":"max-video-preview:-1"},"canonical":"https:\/\/all-car-news.com\/es\/los-holandeses-eligen-cada-vez-mas-las-dos-ruedas-las-cifras-lo-demuestran\/","og_locale":"es_ES","og_type":"article","og_title":"Los holandeses eligen cada vez m\u00e1s las dos ruedas: las cifras lo demuestran - All cars news","og_description":"M\u00e1s kil\u00f3metros sobre dos ruedas El n\u00famero de bicicletas ha aumentado de 22,3 a 24,1 millones desde 2010, el uso de la bicicleta tambi\u00e9n ha aumentado significativamente. En 2023, los holandeses recorrer\u00e1n colectivamente 19.100 millones de kil\u00f3metros en bicicleta, una media de 1.065 km por persona. Hace diez a\u00f1os, esta cifra era de 902 km. El aumento de kil\u00f3metros est\u00e1 relacionado con la [...]","og_url":"https:\/\/all-car-news.com\/es\/los-holandeses-eligen-cada-vez-mas-las-dos-ruedas-las-cifras-lo-demuestran\/","og_site_name":"All cars news","article_published_time":"2024-11-07T08:25:48+00:00","twitter_card":"summary_large_image","twitter_misc":{"Tiempo de lectura":"2 minutos"},"schema":{"@context":"https:\/\/schema.org","@graph":[{"@type":"Article","@id":"https:\/\/all-car-news.com\/es\/los-holandeses-eligen-cada-vez-mas-las-dos-ruedas-las-cifras-lo-demuestran\/#article","isPartOf":{"@id":"https:\/\/all-car-news.com\/es\/los-holandeses-eligen-cada-vez-mas-las-dos-ruedas-las-cifras-lo-demuestran\/"},"author":{"name":"","@id":""},"headline":"Los holandeses eligen cada vez m\u00e1s las dos ruedas: las cifras lo demuestran","datePublished":"2024-11-07T08:25:48+00:00","dateModified":"2024-11-07T08:25:48+00:00","mainEntityOfPage":{"@id":"https:\/\/all-car-news.com\/es\/los-holandeses-eligen-cada-vez-mas-las-dos-ruedas-las-cifras-lo-demuestran\/"},"wordCount":432,"publisher":{"@id":"https:\/\/all-car-news.com\/es\/#organization"},"articleSection":["noticias de autos"],"inLanguage":"es"},{"@type":"WebPage","@id":"https:\/\/all-car-news.com\/es\/los-holandeses-eligen-cada-vez-mas-las-dos-ruedas-las-cifras-lo-demuestran\/","url":"https:\/\/all-car-news.com\/es\/los-holandeses-eligen-cada-vez-mas-las-dos-ruedas-las-cifras-lo-demuestran\/","name":"Los holandeses eligen cada vez m\u00e1s las dos ruedas: las cifras lo demuestran - All cars news","isPartOf":{"@id":"https:\/\/all-car-news.com\/es\/#website"},"datePublished":"2024-11-07T08:25:48+00:00","dateModified":"2024-11-07T08:25:48+00:00","breadcrumb":{"@id":"https:\/\/all-car-news.com\/es\/los-holandeses-eligen-cada-vez-mas-las-dos-ruedas-las-cifras-lo-demuestran\/#breadcrumb"},"inLanguage":"es","potentialAction":[{"@type":"ReadAction","target":["https:\/\/all-car-news.com\/es\/los-holandeses-eligen-cada-vez-mas-las-dos-ruedas-las-cifras-lo-demuestran\/"]}]},{"@type":"BreadcrumbList","@id":"https:\/\/all-car-news.com\/es\/los-holandeses-eligen-cada-vez-mas-las-dos-ruedas-las-cifras-lo-demuestran\/#breadcrumb","itemListElement":[{"@type":"ListItem","position":1,"name":"Home","item":"https:\/\/all-car-news.com\/es\/"},{"@type":"ListItem","position":2,"name":"Los holandeses eligen cada vez m\u00e1s las dos ruedas: las cifras lo demuestran"}]},{"@type":"WebSite","@id":"https:\/\/all-car-news.com\/es\/#website","url":"https:\/\/all-car-news.com\/es\/","name":"All cars news","description":"","publisher":{"@id":"https:\/\/all-car-news.com\/es\/#organization"},"potentialAction":[{"@type":"SearchAction","target":{"@type":"EntryPoint","urlTemplate":"https:\/\/all-car-news.com\/es\/?s={search_term_string}"},"query-input":"required name=search_term_string"}],"inLanguage":"es"},{"@type":"Organization","@id":"https:\/\/all-car-news.com\/es\/#organization","name":"All cars news","url":"https:\/\/all-car-news.com\/es\/","logo":{"@type":"ImageObject","inLanguage":"es","@id":"https:\/\/all-car-news.com\/es\/#\/schema\/logo\/image\/","url":"https:\/\/all-car-news.com\/wp-content\/uploads\/2022\/02\/CMYK-AllCarNews_LANDSCAPE_300px-1.png","contentUrl":"https:\/\/all-car-news.com\/wp-content\/uploads\/2022\/02\/CMYK-AllCarNews_LANDSCAPE_300px-1.png","width":300,"height":100,"caption":"All cars news"},"image":{"@id":"https:\/\/all-car-news.com\/es\/#\/schema\/logo\/image\/"}}]}},"_links":{"self":[{"href":"https:\/\/all-car-news.com\/es\/wp-json\/wp\/v2\/posts\/150099","targetHints":{"allow":["GET"]}}],"collection":[{"href":"https:\/\/all-car-news.com\/es\/wp-json\/wp\/v2\/posts"}],"about":[{"href":"https:\/\/all-car-news.com\/es\/wp-json\/wp\/v2\/types\/post"}],"replies":[{"embeddable":true,"href":"https:\/\/all-car-news.com\/es\/wp-json\/wp\/v2\/comments?post=150099"}],"version-history":[{"count":0,"href":"https:\/\/all-car-news.com\/es\/wp-json\/wp\/v2\/posts\/150099\/revisions"}],"wp:featuredmedia":[{"embeddable":true,"href":"https:\/\/all-car-news.com\/es\/wp-json\/wp\/v2\/media\/149808"}],"wp:attachment":[{"href":"https:\/\/all-car-news.com\/es\/wp-json\/wp\/v2\/media?parent=150099"}],"wp:term":[{"taxonomy":"category","embeddable":true,"href":"https:\/\/all-car-news.com\/es\/wp-json\/wp\/v2\/categories?post=150099"},{"taxonomy":"post_tag","embeddable":true,"href":"https:\/\/all-car-news.com\/es\/wp-json\/wp\/v2\/tags?post=150099"}],"curies":[{"name":"wp","href":"https:\/\/api.w.org\/{rel}","templated":true}]}}