{"id":150019,"date":"2024-11-15T11:13:11","date_gmt":"2024-11-15T11:13:11","guid":{"rendered":"https:\/\/all-car-news.com\/coche-del-ano-2025-estos-son-los-finalistas\/"},"modified":"2024-11-15T11:13:11","modified_gmt":"2024-11-15T11:13:11","slug":"coche-del-ano-2025-estos-son-los-finalistas","status":"publish","type":"post","link":"https:\/\/all-car-news.com\/es\/coche-del-ano-2025-estos-son-los-finalistas\/","title":{"rendered":"Coche del A\u00f1o 2025: estos son los finalistas"},"content":{"rendered":"<h2>Bastantes modelos con motor de gasolina<\/h2>\n<p>Este a\u00f1o llama la atenci\u00f3n que no s\u00f3lo haya coches el\u00e9ctricos de bater\u00eda en la lista de finalistas, sino tambi\u00e9n modelos con un tren motriz un tanto \u00abnormal\u00bb: el Cupra Terramar y el Dacia Duster, por ejemplo, pero tambi\u00e9n el Alfa Romeo Junior (tambi\u00e9n disponible como BEV) y el Citro\u00ebn C3 (tambi\u00e9n disponible como \u00eb-C3). Sin embargo, los otros finalistas son 100% el\u00e9ctricos: el Hyundai Inster, el Kia EV3 y el nuevo Renault 5 (incluido el Alpine A290). As\u00ed pues, por debajo de la l\u00ednea, llegamos a los siguientes finalistas en la elecci\u00f3n del Coche Europeo del A\u00f1o para la edici\u00f3n de 2025.  <\/p>\n<h2>Finalistas Coche del A\u00f1o 2025<\/h2>\n<ul>\n<li>Alfa Romeo Junior<\/li>\n<li>Citro\u00ebn \u00eb-C3\/C3<\/li>\n<li>Cupra Terramar<\/li>\n<li>Dacia Duster<\/li>\n<li>Hyundai Inster<\/li>\n<li>Kia EV3<\/li>\n<li>Renault 5\/Alpine A290<\/li>\n<\/ul>\n<h2>As\u00ed funciona la elecci\u00f3n<\/h2>\n<p>En septiembre de 2024, tuvo lugar la primera gran prueba de los candidatos en el Test de Tanni, en Dinamarca. Ahora se ha presentado una preselecci\u00f3n. A partir de ahora, los jueces tienen ocho semanas para probar a fondo a los candidatos y llegar a una votaci\u00f3n que les permita elegir al mejor de Europa. Por \u00faltimo, los siete modelos de coche se reunir\u00e1n para realizar una prueba conjunta en las instalaciones de pruebas de Mettet, en B\u00e9lgica, hasta la votaci\u00f3n final para el t\u00edtulo de Coche del A\u00f1o 2025.   <\/p>\n<p>Para la elecci\u00f3n final, cada miembro del jurado puede repartir 25 puntos, con un m\u00e1ximo de 10 puntos concedidos a un coche. Es obligatorio votar al menos por cinco veh\u00edculos de los siete finalistas. <\/p>\n<p>El premio 2024 fue para el Renault Scenic, que se impuso en la votaci\u00f3n final a otros seis aspirantes: BMW Serie 5, BYD Seal, Kia EV9, Peugeot 3008, Toyota C-HR y Volvo EX30. El Renault recibi\u00f3 el mayor n\u00famero de votos con 329 puntos, superando al BMW Serie 5 con 308 puntos, seguido del Peugeot 3008 con 197 puntos. El cuarto puesto fue para el Kia EV9 (190 puntos), el quinto para el Volvo EX30 (168 puntos), el sexto para el BYD Seal (131 puntos) y el s\u00e9ptimo para el Toyota C-HR con 127 puntos.  <\/p>\n<h2>\u00bfOtro Renault?<\/h2>\n<p>Renault ha hecho un buen negocio en esta elecci\u00f3n en los \u00faltimos a\u00f1os. De hecho, por cuarto a\u00f1o consecutivo, un modelo Renault figura en la lista de siete finalistas en la elecci\u00f3n del Coche Europeo del A\u00f1o. En 2024, el Renault Scenic E-Tech el\u00e9ctrico fue nombrado \u00abCoche del A\u00f1o\u00bb. El 10 de enero de 2025, durante el Sal\u00f3n del Autom\u00f3vil de Bruselas, el jurado anunciar\u00e1 el ganador.   <\/p>\n<div class=\"galery galery-0\">\n<figure>\n\t\t\t\t\t<span style=\"cursor: pointer\" data-src=\"https:\/\/autorai.nl\/wp-content\/uploads\/2024\/11\/2025-renault-5-e-tech.jpg\" data-fancybox=\"galery-0\" title=\"\"><br \/>\n\t\t\t\t\t\t\t<img decoding=\"async\" width=\"360\" height=\"270\" src=\"https:\/\/autorai.nl\/wp-content\/uploads\/2024\/11\/2025-renault-5-e-tech-360x270.jpg\" class=\"attachment-small size-small\" alt=\"\" loading=\"lazy\"><i class=\"fa fa-search-plus\" aria-hidden=\"true\"><\/i><br \/>\n\t\t\t\t\t\t<\/span><br \/>\n\t\t\t\t\t<\/figure>\n<figure>\n\t\t\t\t\t<span style=\"cursor: pointer\" data-src=\"https:\/\/autorai.nl\/wp-content\/uploads\/2024\/11\/2025-kia-ev3.jpg\" data-fancybox=\"galery-0\" title=\"\"><br \/>\n\t\t\t\t\t\t\t<img decoding=\"async\" width=\"360\" height=\"270\" src=\"https:\/\/autorai.nl\/wp-content\/uploads\/2024\/11\/2025-kia-ev3-360x270.jpg\" class=\"attachment-small size-small\" alt=\"\" loading=\"lazy\"><i class=\"fa fa-search-plus\" aria-hidden=\"true\"><\/i><br \/>\n\t\t\t\t\t\t<\/span><br \/>\n\t\t\t\t\t<\/figure>\n<figure>\n\t\t\t\t\t<span style=\"cursor: pointer\" data-src=\"https:\/\/autorai.nl\/wp-content\/uploads\/2024\/11\/2025-hyundai-inster.jpg\" data-fancybox=\"galery-0\" title=\"\"><br \/>\n\t\t\t\t\t\t\t<img decoding=\"async\" width=\"360\" height=\"270\" src=\"https:\/\/autorai.nl\/wp-content\/uploads\/2024\/11\/2025-hyundai-inster-360x270.jpg\" class=\"attachment-small size-small\" alt=\"\" loading=\"lazy\"><i class=\"fa fa-search-plus\" aria-hidden=\"true\"><\/i><br \/>\n\t\t\t\t\t\t<\/span><br \/>\n\t\t\t\t\t<\/figure>\n<figure>\n\t\t\t\t\t<span style=\"cursor: pointer\" data-src=\"https:\/\/autorai.nl\/wp-content\/uploads\/2024\/11\/2025-dacia-duster.jpg\" data-fancybox=\"galery-0\" title=\"\"><br \/>\n\t\t\t\t\t\t\t<img decoding=\"async\" width=\"360\" height=\"270\" src=\"https:\/\/autorai.nl\/wp-content\/uploads\/2024\/11\/2025-dacia-duster-360x270.jpg\" class=\"attachment-small size-small\" alt=\"\" loading=\"lazy\"><i class=\"fa fa-search-plus\" aria-hidden=\"true\"><\/i><br \/>\n\t\t\t\t\t\t<\/span><br \/>\n\t\t\t\t\t<\/figure>\n<figure>\n\t\t\t\t\t<span style=\"cursor: pointer\" data-src=\"https:\/\/autorai.nl\/wp-content\/uploads\/2024\/11\/2025-cupra-terramar.jpg\" data-fancybox=\"galery-0\" title=\"\"><br \/>\n\t\t\t\t\t\t\t<img decoding=\"async\" width=\"360\" height=\"270\" src=\"https:\/\/autorai.nl\/wp-content\/uploads\/2024\/11\/2025-cupra-terramar-360x270.jpg\" class=\"attachment-small size-small\" alt=\"\" loading=\"lazy\"><i class=\"fa fa-search-plus\" aria-hidden=\"true\"><\/i><br \/>\n\t\t\t\t\t\t<\/span><br \/>\n\t\t\t\t\t<\/figure>\n<figure>\n\t\t\t\t\t<span style=\"cursor: pointer\" data-src=\"https:\/\/autorai.nl\/wp-content\/uploads\/2024\/11\/2025-citroen-c3.jpg\" data-fancybox=\"galery-0\" title=\"\"><br \/>\n\t\t\t\t\t\t\t<img decoding=\"async\" width=\"360\" height=\"270\" src=\"https:\/\/autorai.nl\/wp-content\/uploads\/2024\/11\/2025-citroen-c3-360x270.jpg\" class=\"attachment-small size-small\" alt=\"\" loading=\"lazy\"><i class=\"fa fa-search-plus\" aria-hidden=\"true\"><\/i><br \/>\n\t\t\t\t\t\t<\/span><br \/>\n\t\t\t\t\t<\/figure>\n<figure>\n\t\t\t\t\t<span style=\"cursor: pointer\" data-src=\"https:\/\/autorai.nl\/wp-content\/uploads\/2024\/11\/2025-alfa-romeo-junior.jpg\" data-fancybox=\"galery-0\" title=\"\"><br \/>\n\t\t\t\t\t\t\t<img decoding=\"async\" width=\"360\" height=\"270\" src=\"https:\/\/autorai.nl\/wp-content\/uploads\/2024\/11\/2025-alfa-romeo-junior-360x270.jpg\" class=\"attachment-small size-small\" alt=\"\" loading=\"lazy\"><i class=\"fa fa-search-plus\" aria-hidden=\"true\"><\/i><br \/>\n\t\t\t\t\t\t<\/span><br \/>\n\t\t\t\t\t<\/figure>\n<div class=\"clear\"><\/div>\n<\/div>\n","protected":false},"excerpt":{"rendered":"Bastantes modelos de gasolina Este a\u00f1o llama la atenci\u00f3n que en la lista de finalistas no s\u00f3lo hay coches el\u00e9ctricos&hellip;","protected":false},"author":0,"featured_media":149997,"comment_status":"","ping_status":"open","sticky":false,"template":"","format":"standard","meta":{"footnotes":""},"categories":[126],"tags":[],"class_list":["post-150019","post","type-post","status-publish","format-standard","has-post-thumbnail","hentry","category-noticias-de-autos"],"acf":[],"yoast_head":"<!-- This site is optimized with the Yoast SEO plugin v21.2 - https:\/\/yoast.com\/wordpress\/plugins\/seo\/ -->\n<title>Coche del A\u00f1o 2025: estos son los finalistas - All cars news<\/title>\n<meta name=\"robots\" content=\"index, follow, max-snippet:-1, max-image-preview:large, max-video-preview:-1\" \/>\n<link rel=\"canonical\" href=\"https:\/\/all-car-news.com\/es\/coche-del-ano-2025-estos-son-los-finalistas\/\" \/>\n<meta property=\"og:locale\" content=\"es_ES\" \/>\n<meta property=\"og:type\" content=\"article\" \/>\n<meta property=\"og:title\" content=\"Coche del A\u00f1o 2025: estos son los finalistas - All cars news\" \/>\n<meta property=\"og:description\" content=\"Bastantes modelos de gasolina Este a\u00f1o llama la atenci\u00f3n que en la lista de finalistas no s\u00f3lo hay coches el\u00e9ctricos de bater\u00eda, sino tambi\u00e9n modelos con un tren motriz un tanto &quot;normal&quot;: el Cupra Terramar y el Dacia Duster, por ejemplo, pero tambi\u00e9n el Alfa Romeo Junior (tambi\u00e9n disponible como BEV) y el Citro\u00ebn C3 (tambi\u00e9n disponible como \u00eb-C3). \u2020\" \/>\n<meta property=\"og:url\" content=\"https:\/\/all-car-news.com\/es\/coche-del-ano-2025-estos-son-los-finalistas\/\" \/>\n<meta property=\"og:site_name\" content=\"All cars news\" \/>\n<meta property=\"article:published_time\" content=\"2024-11-15T11:13:11+00:00\" \/>\n<meta property=\"og:image\" content=\"https:\/\/autorai.nl\/wp-content\/uploads\/2024\/11\/2025-renault-5-e-tech-360x270.jpg\" \/>\n<meta name=\"twitter:card\" content=\"summary_large_image\" \/>\n<meta name=\"twitter:label1\" content=\"Tiempo de lectura\" \/>\n\t<meta name=\"twitter:data1\" content=\"2 minutos\" \/>\n<script type=\"application\/ld+json\" class=\"yoast-schema-graph\">{\"@context\":\"https:\/\/schema.org\",\"@graph\":[{\"@type\":\"Article\",\"@id\":\"https:\/\/all-car-news.com\/es\/coche-del-ano-2025-estos-son-los-finalistas\/#article\",\"isPartOf\":{\"@id\":\"https:\/\/all-car-news.com\/es\/coche-del-ano-2025-estos-son-los-finalistas\/\"},\"author\":{\"name\":\"\",\"@id\":\"\"},\"headline\":\"Coche del A\u00f1o 2025: estos son los finalistas\",\"datePublished\":\"2024-11-15T11:13:11+00:00\",\"dateModified\":\"2024-11-15T11:13:11+00:00\",\"mainEntityOfPage\":{\"@id\":\"https:\/\/all-car-news.com\/es\/coche-del-ano-2025-estos-son-los-finalistas\/\"},\"wordCount\":448,\"publisher\":{\"@id\":\"https:\/\/all-car-news.com\/es\/#organization\"},\"articleSection\":[\"noticias de autos\"],\"inLanguage\":\"es\"},{\"@type\":\"WebPage\",\"@id\":\"https:\/\/all-car-news.com\/es\/coche-del-ano-2025-estos-son-los-finalistas\/\",\"url\":\"https:\/\/all-car-news.com\/es\/coche-del-ano-2025-estos-son-los-finalistas\/\",\"name\":\"Coche del A\u00f1o 2025: estos son los finalistas - All cars news\",\"isPartOf\":{\"@id\":\"https:\/\/all-car-news.com\/es\/#website\"},\"datePublished\":\"2024-11-15T11:13:11+00:00\",\"dateModified\":\"2024-11-15T11:13:11+00:00\",\"breadcrumb\":{\"@id\":\"https:\/\/all-car-news.com\/es\/coche-del-ano-2025-estos-son-los-finalistas\/#breadcrumb\"},\"inLanguage\":\"es\",\"potentialAction\":[{\"@type\":\"ReadAction\",\"target\":[\"https:\/\/all-car-news.com\/es\/coche-del-ano-2025-estos-son-los-finalistas\/\"]}]},{\"@type\":\"BreadcrumbList\",\"@id\":\"https:\/\/all-car-news.com\/es\/coche-del-ano-2025-estos-son-los-finalistas\/#breadcrumb\",\"itemListElement\":[{\"@type\":\"ListItem\",\"position\":1,\"name\":\"Home\",\"item\":\"https:\/\/all-car-news.com\/es\/\"},{\"@type\":\"ListItem\",\"position\":2,\"name\":\"Coche del A\u00f1o 2025: estos son los finalistas\"}]},{\"@type\":\"WebSite\",\"@id\":\"https:\/\/all-car-news.com\/es\/#website\",\"url\":\"https:\/\/all-car-news.com\/es\/\",\"name\":\"All cars news\",\"description\":\"\",\"publisher\":{\"@id\":\"https:\/\/all-car-news.com\/es\/#organization\"},\"potentialAction\":[{\"@type\":\"SearchAction\",\"target\":{\"@type\":\"EntryPoint\",\"urlTemplate\":\"https:\/\/all-car-news.com\/es\/?s={search_term_string}\"},\"query-input\":\"required name=search_term_string\"}],\"inLanguage\":\"es\"},{\"@type\":\"Organization\",\"@id\":\"https:\/\/all-car-news.com\/es\/#organization\",\"name\":\"All cars news\",\"url\":\"https:\/\/all-car-news.com\/es\/\",\"logo\":{\"@type\":\"ImageObject\",\"inLanguage\":\"es\",\"@id\":\"https:\/\/all-car-news.com\/es\/#\/schema\/logo\/image\/\",\"url\":\"https:\/\/all-car-news.com\/wp-content\/uploads\/2022\/02\/CMYK-AllCarNews_LANDSCAPE_300px-1.png\",\"contentUrl\":\"https:\/\/all-car-news.com\/wp-content\/uploads\/2022\/02\/CMYK-AllCarNews_LANDSCAPE_300px-1.png\",\"width\":300,\"height\":100,\"caption\":\"All cars news\"},\"image\":{\"@id\":\"https:\/\/all-car-news.com\/es\/#\/schema\/logo\/image\/\"}}]}<\/script>\n<!-- \/ Yoast SEO plugin. -->","yoast_head_json":{"title":"Coche del A\u00f1o 2025: estos son los finalistas - All cars news","robots":{"index":"index","follow":"follow","max-snippet":"max-snippet:-1","max-image-preview":"max-image-preview:large","max-video-preview":"max-video-preview:-1"},"canonical":"https:\/\/all-car-news.com\/es\/coche-del-ano-2025-estos-son-los-finalistas\/","og_locale":"es_ES","og_type":"article","og_title":"Coche del A\u00f1o 2025: estos son los finalistas - All cars news","og_description":"Bastantes modelos de gasolina Este a\u00f1o llama la atenci\u00f3n que en la lista de finalistas no s\u00f3lo hay coches el\u00e9ctricos de bater\u00eda, sino tambi\u00e9n modelos con un tren motriz un tanto \"normal\": el Cupra Terramar y el Dacia Duster, por ejemplo, pero tambi\u00e9n el Alfa Romeo Junior (tambi\u00e9n disponible como BEV) y el Citro\u00ebn C3 (tambi\u00e9n disponible como \u00eb-C3). \u2020","og_url":"https:\/\/all-car-news.com\/es\/coche-del-ano-2025-estos-son-los-finalistas\/","og_site_name":"All cars news","article_published_time":"2024-11-15T11:13:11+00:00","og_image":[{"url":"https:\/\/autorai.nl\/wp-content\/uploads\/2024\/11\/2025-renault-5-e-tech-360x270.jpg"}],"twitter_card":"summary_large_image","twitter_misc":{"Tiempo de lectura":"2 minutos"},"schema":{"@context":"https:\/\/schema.org","@graph":[{"@type":"Article","@id":"https:\/\/all-car-news.com\/es\/coche-del-ano-2025-estos-son-los-finalistas\/#article","isPartOf":{"@id":"https:\/\/all-car-news.com\/es\/coche-del-ano-2025-estos-son-los-finalistas\/"},"author":{"name":"","@id":""},"headline":"Coche del A\u00f1o 2025: estos son los finalistas","datePublished":"2024-11-15T11:13:11+00:00","dateModified":"2024-11-15T11:13:11+00:00","mainEntityOfPage":{"@id":"https:\/\/all-car-news.com\/es\/coche-del-ano-2025-estos-son-los-finalistas\/"},"wordCount":448,"publisher":{"@id":"https:\/\/all-car-news.com\/es\/#organization"},"articleSection":["noticias de autos"],"inLanguage":"es"},{"@type":"WebPage","@id":"https:\/\/all-car-news.com\/es\/coche-del-ano-2025-estos-son-los-finalistas\/","url":"https:\/\/all-car-news.com\/es\/coche-del-ano-2025-estos-son-los-finalistas\/","name":"Coche del A\u00f1o 2025: estos son los finalistas - All cars news","isPartOf":{"@id":"https:\/\/all-car-news.com\/es\/#website"},"datePublished":"2024-11-15T11:13:11+00:00","dateModified":"2024-11-15T11:13:11+00:00","breadcrumb":{"@id":"https:\/\/all-car-news.com\/es\/coche-del-ano-2025-estos-son-los-finalistas\/#breadcrumb"},"inLanguage":"es","potentialAction":[{"@type":"ReadAction","target":["https:\/\/all-car-news.com\/es\/coche-del-ano-2025-estos-son-los-finalistas\/"]}]},{"@type":"BreadcrumbList","@id":"https:\/\/all-car-news.com\/es\/coche-del-ano-2025-estos-son-los-finalistas\/#breadcrumb","itemListElement":[{"@type":"ListItem","position":1,"name":"Home","item":"https:\/\/all-car-news.com\/es\/"},{"@type":"ListItem","position":2,"name":"Coche del A\u00f1o 2025: estos son los finalistas"}]},{"@type":"WebSite","@id":"https:\/\/all-car-news.com\/es\/#website","url":"https:\/\/all-car-news.com\/es\/","name":"All cars news","description":"","publisher":{"@id":"https:\/\/all-car-news.com\/es\/#organization"},"potentialAction":[{"@type":"SearchAction","target":{"@type":"EntryPoint","urlTemplate":"https:\/\/all-car-news.com\/es\/?s={search_term_string}"},"query-input":"required name=search_term_string"}],"inLanguage":"es"},{"@type":"Organization","@id":"https:\/\/all-car-news.com\/es\/#organization","name":"All cars news","url":"https:\/\/all-car-news.com\/es\/","logo":{"@type":"ImageObject","inLanguage":"es","@id":"https:\/\/all-car-news.com\/es\/#\/schema\/logo\/image\/","url":"https:\/\/all-car-news.com\/wp-content\/uploads\/2022\/02\/CMYK-AllCarNews_LANDSCAPE_300px-1.png","contentUrl":"https:\/\/all-car-news.com\/wp-content\/uploads\/2022\/02\/CMYK-AllCarNews_LANDSCAPE_300px-1.png","width":300,"height":100,"caption":"All cars news"},"image":{"@id":"https:\/\/all-car-news.com\/es\/#\/schema\/logo\/image\/"}}]}},"_links":{"self":[{"href":"https:\/\/all-car-news.com\/es\/wp-json\/wp\/v2\/posts\/150019","targetHints":{"allow":["GET"]}}],"collection":[{"href":"https:\/\/all-car-news.com\/es\/wp-json\/wp\/v2\/posts"}],"about":[{"href":"https:\/\/all-car-news.com\/es\/wp-json\/wp\/v2\/types\/post"}],"replies":[{"embeddable":true,"href":"https:\/\/all-car-news.com\/es\/wp-json\/wp\/v2\/comments?post=150019"}],"version-history":[{"count":0,"href":"https:\/\/all-car-news.com\/es\/wp-json\/wp\/v2\/posts\/150019\/revisions"}],"wp:featuredmedia":[{"embeddable":true,"href":"https:\/\/all-car-news.com\/es\/wp-json\/wp\/v2\/media\/149997"}],"wp:attachment":[{"href":"https:\/\/all-car-news.com\/es\/wp-json\/wp\/v2\/media?parent=150019"}],"wp:term":[{"taxonomy":"category","embeddable":true,"href":"https:\/\/all-car-news.com\/es\/wp-json\/wp\/v2\/categories?post=150019"},{"taxonomy":"post_tag","embeddable":true,"href":"https:\/\/all-car-news.com\/es\/wp-json\/wp\/v2\/tags?post=150019"}],"curies":[{"name":"wp","href":"https:\/\/api.w.org\/{rel}","templated":true}]}}