{"id":149858,"date":"2024-11-08T07:57:00","date_gmt":"2024-11-08T07:57:00","guid":{"rendered":"https:\/\/all-car-news.com\/el-range-rover-velar-recibe-una-sutil-actualizacion\/"},"modified":"2024-11-08T07:57:00","modified_gmt":"2024-11-08T07:57:00","slug":"el-range-rover-velar-recibe-una-sutil-actualizacion","status":"publish","type":"post","link":"https:\/\/all-car-news.com\/es\/el-range-rover-velar-recibe-una-sutil-actualizacion\/","title":{"rendered":"El Range Rover Velar recibe una sutil actualizaci\u00f3n"},"content":{"rendered":"<h2>Nueva tecnolog\u00eda<\/h2>\n<p>El Range Rover Velar est\u00e1 equipado con la \u00faltima versi\u00f3n del sistema de infoentretenimiento Pivi Pro. El modelo tambi\u00e9n dispone de purificaci\u00f3n de aire Cabin Air Purification Plus y cancelaci\u00f3n activa del ruido de la carretera. Los clientes pueden elegir entre tres acabados: el Velar S con detalles en Atlas Sombra, el Dynamic SE con detalles en Atlas Grafito y el Autobiography con elementos exclusivos en Cobre Bru\u00f1ido Satinado.  <\/p>\n<h2>Nuevos dise\u00f1os de ruedas<\/h2>\n<p>El \u00faltimo Range Rover Velar est\u00e1 disponible con varias opciones de llantas, incluidas las nuevas llantas de 21 y 22 pulgadas, as\u00ed como un Pack de Estilo Exterior Negro opcional con pinzas de freno negras y detalles en Negro Narvik. La parte trasera tiene un dise\u00f1o resistente con tubos de escape ocultos y luces traseras LED distintivas. <\/p>\n<h2>Transmisi\u00f3n Range Rover Velar<\/h2>\n<p>Range Rover ofrece el Velar con cuatro variantes de motor, todas ellas con tracci\u00f3n total y transmisi\u00f3n autom\u00e1tica de ocho velocidades de serie. El Velar P400e h\u00edbrido el\u00e9ctrico (PHEV) combina un motor de gasolina de 2,0 litros con un motor el\u00e9ctrico de 105 kW (143 CV), con una potencia de 297 kW (404 CV) y un par m\u00e1ximo de 640 Nm. Este PHEV acelera de 0 a 100 km\/h en 5,4 segundos, ofrece una autonom\u00eda el\u00e9ctrica de hasta 63 kil\u00f3metros y registra unas<sub>emisiones de CO2<\/sub> de 39 g\/km (WLTP). Tambi\u00e9n es capaz de cargarse r\u00e1pidamente en CC con una potencia de hasta 35 kW, lo que permite cargar la bater\u00eda al 80% en 30 minutos.   <\/p>\n<p>Adem\u00e1s de como PHEV, el nuevo Range Rover tambi\u00e9n est\u00e1 disponible con motores de combusti\u00f3n interna con tecnolog\u00eda h\u00edbrida suave (MHEV), incluido el P400. Esta versi\u00f3n est\u00e1 propulsada por un motor de gasolina de 3,0 litros y seis cilindros en l\u00ednea que produce 294 kW (400 CV) y 550 Nm de par, lo que le permite acelerar de 0 a 100 km\/h en 5,5 segundos. <\/p>\n<p>El D300 MHEV con motor di\u00e9sel de 3,0 litros y seis cilindros en l\u00ednea tambi\u00e9n garantiza unas prestaciones potentes. Con 221 kW (300 CV) de potencia y 650 Nm de par, pasa de 0 a 100 km\/h en 6,5 segundos. Para complementar la avanzada tecnolog\u00eda MHEV, el Velar D300 tambi\u00e9n ofrece otra tecnolog\u00eda l\u00edder en el sector para mejorar la eficiencia del combustible y el refinamiento, como la inyecci\u00f3n de combustible a 2.500 bares de presi\u00f3n, capaz de realizar cinco inyecciones por ciclo en s\u00f3lo 120 microsegundos.  <\/p>\n<p>Por \u00faltimo, los clientes tambi\u00e9n pueden optar por el Velar D200 con un motor di\u00e9sel de cuatro cilindros y 2,0 litros con tecnolog\u00eda MHEV. Esta variante de motor combina 150 kW (204 CV) de potencia y 430 Nm de par con unas caracter\u00edsticas de conducci\u00f3n extremadamente suaves y<sub>unas emisiones de CO2<\/sub> a partir de 167 g\/km. <\/p>\n<h2>Todoterreno sin problemas<\/h2>\n<p>En cuanto a las capacidades todoterreno, el Range Rover Velar ofrece tracci\u00f3n a las cuatro ruedas con Intelligent Driveline Dynamics (IDD) y Torque Vectoring by Braking (TVBB), que fomenta la agilidad frenando con precisi\u00f3n las ruedas interiores en las curvas. El sistema puede distribuir r\u00e1pidamente el par entre los ejes delantero y trasero para conseguir una tracci\u00f3n \u00f3ptima, incluso en firmes resbaladizos. Para la conducci\u00f3n todoterreno, el Velar incorpora el sistema Terrain Response 2, con ajustes precisos del veh\u00edculo para diferentes superficies.  <\/p>\n<h2>Interior Range Rover Velar<\/h2>\n<p>El interior ofrece el m\u00e1ximo confort con asientos multiajustables con tapicer\u00eda suave al tacto y lujosa, disponible en cuero granulado o cuero Windsor, o en una combinaci\u00f3n sin cuero de mezcla de lana Kvadrat y Ultrafabrics. Se puede crear un ambiente m\u00e1s personalizado con la Iluminaci\u00f3n Configurable del Habit\u00e1culo, con treinta ajustes de color diferentes. El maletero del Velar tiene una capacidad de hasta 748 litros y un port\u00f3n trasero de accionamiento el\u00e9ctrico.  <\/p>\n<p>El Range Rover Velar est\u00e1 disponible desde 87.227 \u00a4.<\/p>\n<div class=\"galery galery-0\">\n<figure>\n\t\t\t\t\t<span style=\"cursor: pointer\" data-src=\"https:\/\/autorai.nl\/wp-content\/uploads\/2024\/11\/range-rover-velar-update-foto1-1600x900.jpg\" data-fancybox=\"galery-0\" title=\"\"><br \/>\n\t\t\t\t\t\t\t<img decoding=\"async\" width=\"360\" height=\"270\" src=\"https:\/\/autorai.nl\/wp-content\/uploads\/2024\/11\/range-rover-velar-update-foto1-360x270.jpg\" class=\"attachment-small size-small\" alt=\"Range Rover Velar MY2025\" loading=\"lazy\"><i class=\"fa fa-search-plus\" aria-hidden=\"true\"><\/i><br \/>\n\t\t\t\t\t\t<\/span><br \/>\n\t\t\t\t\t<\/figure>\n<figure>\n\t\t\t\t\t<span style=\"cursor: pointer\" data-src=\"https:\/\/autorai.nl\/wp-content\/uploads\/2024\/11\/range-rover-velar-update-foto4-1600x900.jpg\" data-fancybox=\"galery-0\" title=\"\"><br \/>\n\t\t\t\t\t\t\t<img decoding=\"async\" width=\"360\" height=\"270\" src=\"https:\/\/autorai.nl\/wp-content\/uploads\/2024\/11\/range-rover-velar-update-foto4-360x270.jpg\" class=\"attachment-small size-small\" alt=\"\" loading=\"lazy\"><i class=\"fa fa-search-plus\" aria-hidden=\"true\"><\/i><br \/>\n\t\t\t\t\t\t<\/span><br \/>\n\t\t\t\t\t<\/figure>\n<figure>\n\t\t\t\t\t<span style=\"cursor: pointer\" data-src=\"https:\/\/autorai.nl\/wp-content\/uploads\/2024\/11\/range-rover-velar-update-foto3-1600x900.jpg\" data-fancybox=\"galery-0\" title=\"\"><br \/>\n\t\t\t\t\t\t\t<img decoding=\"async\" width=\"360\" height=\"270\" src=\"https:\/\/autorai.nl\/wp-content\/uploads\/2024\/11\/range-rover-velar-update-foto3-360x270.jpg\" class=\"attachment-small size-small\" alt=\"\" loading=\"lazy\"><i class=\"fa fa-search-plus\" aria-hidden=\"true\"><\/i><br \/>\n\t\t\t\t\t\t<\/span><br \/>\n\t\t\t\t\t<\/figure>\n<figure>\n\t\t\t\t\t<span style=\"cursor: pointer\" data-src=\"https:\/\/autorai.nl\/wp-content\/uploads\/2024\/11\/range-rover-velar-update-foto2-1600x900.jpg\" data-fancybox=\"galery-0\" title=\"\"><br \/>\n\t\t\t\t\t\t\t<img decoding=\"async\" width=\"360\" height=\"270\" src=\"https:\/\/autorai.nl\/wp-content\/uploads\/2024\/11\/range-rover-velar-update-foto2-360x270.jpg\" class=\"attachment-small size-small\" alt=\"\" loading=\"lazy\"><i class=\"fa fa-search-plus\" aria-hidden=\"true\"><\/i><br \/>\n\t\t\t\t\t\t<\/span><br \/>\n\t\t\t\t\t<\/figure>\n<div class=\"clear\"><\/div>\n<\/div>\n","protected":false},"excerpt":{"rendered":"Nueva tecnolog\u00eda El Range Rover Velar est\u00e1 equipado con la \u00faltima versi\u00f3n del sistema de infoentretenimiento Pivi Pro. El modelo&hellip;","protected":false},"author":0,"featured_media":149840,"comment_status":"","ping_status":"open","sticky":false,"template":"","format":"standard","meta":{"footnotes":""},"categories":[126],"tags":[],"class_list":["post-149858","post","type-post","status-publish","format-standard","has-post-thumbnail","hentry","category-noticias-de-autos"],"acf":[],"yoast_head":"<!-- This site is optimized with the Yoast SEO plugin v21.2 - https:\/\/yoast.com\/wordpress\/plugins\/seo\/ -->\n<title>El Range Rover Velar recibe una sutil actualizaci\u00f3n - All cars news<\/title>\n<meta name=\"robots\" content=\"index, follow, max-snippet:-1, max-image-preview:large, max-video-preview:-1\" \/>\n<link rel=\"canonical\" href=\"https:\/\/all-car-news.com\/es\/el-range-rover-velar-recibe-una-sutil-actualizacion\/\" \/>\n<meta property=\"og:locale\" content=\"es_ES\" \/>\n<meta property=\"og:type\" content=\"article\" \/>\n<meta property=\"og:title\" content=\"El Range Rover Velar recibe una sutil actualizaci\u00f3n - All cars news\" \/>\n<meta property=\"og:description\" content=\"Nueva tecnolog\u00eda El Range Rover Velar est\u00e1 equipado con la \u00faltima versi\u00f3n del sistema de infoentretenimiento Pivi Pro. El modelo tambi\u00e9n dispone de purificaci\u00f3n de aire Cabin Air Purification Plus y Cancelaci\u00f3n Activa del Ruido de la Carretera. Los clientes pueden elegir entre tres acabados: el Velar S con detalles en Atlas Sombra, el Dynamic SE con detalles en Atlas Grafito y el Autobiography con [...].\" \/>\n<meta property=\"og:url\" content=\"https:\/\/all-car-news.com\/es\/el-range-rover-velar-recibe-una-sutil-actualizacion\/\" \/>\n<meta property=\"og:site_name\" content=\"All cars news\" \/>\n<meta property=\"article:published_time\" content=\"2024-11-08T07:57:00+00:00\" \/>\n<meta property=\"og:image\" content=\"https:\/\/autorai.nl\/wp-content\/uploads\/2024\/11\/range-rover-velar-update-foto1-360x270.jpg\" \/>\n<meta name=\"twitter:card\" content=\"summary_large_image\" \/>\n<meta name=\"twitter:label1\" content=\"Tiempo de lectura\" \/>\n\t<meta name=\"twitter:data1\" content=\"3 minutos\" \/>\n<script type=\"application\/ld+json\" class=\"yoast-schema-graph\">{\"@context\":\"https:\/\/schema.org\",\"@graph\":[{\"@type\":\"Article\",\"@id\":\"https:\/\/all-car-news.com\/es\/el-range-rover-velar-recibe-una-sutil-actualizacion\/#article\",\"isPartOf\":{\"@id\":\"https:\/\/all-car-news.com\/es\/el-range-rover-velar-recibe-una-sutil-actualizacion\/\"},\"author\":{\"name\":\"\",\"@id\":\"\"},\"headline\":\"El Range Rover Velar recibe una sutil actualizaci\u00f3n\",\"datePublished\":\"2024-11-08T07:57:00+00:00\",\"dateModified\":\"2024-11-08T07:57:00+00:00\",\"mainEntityOfPage\":{\"@id\":\"https:\/\/all-car-news.com\/es\/el-range-rover-velar-recibe-una-sutil-actualizacion\/\"},\"wordCount\":662,\"publisher\":{\"@id\":\"https:\/\/all-car-news.com\/es\/#organization\"},\"articleSection\":[\"noticias de autos\"],\"inLanguage\":\"es\"},{\"@type\":\"WebPage\",\"@id\":\"https:\/\/all-car-news.com\/es\/el-range-rover-velar-recibe-una-sutil-actualizacion\/\",\"url\":\"https:\/\/all-car-news.com\/es\/el-range-rover-velar-recibe-una-sutil-actualizacion\/\",\"name\":\"El Range Rover Velar recibe una sutil actualizaci\u00f3n - All cars news\",\"isPartOf\":{\"@id\":\"https:\/\/all-car-news.com\/es\/#website\"},\"datePublished\":\"2024-11-08T07:57:00+00:00\",\"dateModified\":\"2024-11-08T07:57:00+00:00\",\"breadcrumb\":{\"@id\":\"https:\/\/all-car-news.com\/es\/el-range-rover-velar-recibe-una-sutil-actualizacion\/#breadcrumb\"},\"inLanguage\":\"es\",\"potentialAction\":[{\"@type\":\"ReadAction\",\"target\":[\"https:\/\/all-car-news.com\/es\/el-range-rover-velar-recibe-una-sutil-actualizacion\/\"]}]},{\"@type\":\"BreadcrumbList\",\"@id\":\"https:\/\/all-car-news.com\/es\/el-range-rover-velar-recibe-una-sutil-actualizacion\/#breadcrumb\",\"itemListElement\":[{\"@type\":\"ListItem\",\"position\":1,\"name\":\"Home\",\"item\":\"https:\/\/all-car-news.com\/es\/\"},{\"@type\":\"ListItem\",\"position\":2,\"name\":\"El Range Rover Velar recibe una sutil actualizaci\u00f3n\"}]},{\"@type\":\"WebSite\",\"@id\":\"https:\/\/all-car-news.com\/es\/#website\",\"url\":\"https:\/\/all-car-news.com\/es\/\",\"name\":\"All cars news\",\"description\":\"\",\"publisher\":{\"@id\":\"https:\/\/all-car-news.com\/es\/#organization\"},\"potentialAction\":[{\"@type\":\"SearchAction\",\"target\":{\"@type\":\"EntryPoint\",\"urlTemplate\":\"https:\/\/all-car-news.com\/es\/?s={search_term_string}\"},\"query-input\":\"required name=search_term_string\"}],\"inLanguage\":\"es\"},{\"@type\":\"Organization\",\"@id\":\"https:\/\/all-car-news.com\/es\/#organization\",\"name\":\"All cars news\",\"url\":\"https:\/\/all-car-news.com\/es\/\",\"logo\":{\"@type\":\"ImageObject\",\"inLanguage\":\"es\",\"@id\":\"https:\/\/all-car-news.com\/es\/#\/schema\/logo\/image\/\",\"url\":\"https:\/\/all-car-news.com\/wp-content\/uploads\/2022\/02\/CMYK-AllCarNews_LANDSCAPE_300px-1.png\",\"contentUrl\":\"https:\/\/all-car-news.com\/wp-content\/uploads\/2022\/02\/CMYK-AllCarNews_LANDSCAPE_300px-1.png\",\"width\":300,\"height\":100,\"caption\":\"All cars news\"},\"image\":{\"@id\":\"https:\/\/all-car-news.com\/es\/#\/schema\/logo\/image\/\"}}]}<\/script>\n<!-- \/ Yoast SEO plugin. -->","yoast_head_json":{"title":"El Range Rover Velar recibe una sutil actualizaci\u00f3n - All cars news","robots":{"index":"index","follow":"follow","max-snippet":"max-snippet:-1","max-image-preview":"max-image-preview:large","max-video-preview":"max-video-preview:-1"},"canonical":"https:\/\/all-car-news.com\/es\/el-range-rover-velar-recibe-una-sutil-actualizacion\/","og_locale":"es_ES","og_type":"article","og_title":"El Range Rover Velar recibe una sutil actualizaci\u00f3n - All cars news","og_description":"Nueva tecnolog\u00eda El Range Rover Velar est\u00e1 equipado con la \u00faltima versi\u00f3n del sistema de infoentretenimiento Pivi Pro. El modelo tambi\u00e9n dispone de purificaci\u00f3n de aire Cabin Air Purification Plus y Cancelaci\u00f3n Activa del Ruido de la Carretera. Los clientes pueden elegir entre tres acabados: el Velar S con detalles en Atlas Sombra, el Dynamic SE con detalles en Atlas Grafito y el Autobiography con [...].","og_url":"https:\/\/all-car-news.com\/es\/el-range-rover-velar-recibe-una-sutil-actualizacion\/","og_site_name":"All cars news","article_published_time":"2024-11-08T07:57:00+00:00","og_image":[{"url":"https:\/\/autorai.nl\/wp-content\/uploads\/2024\/11\/range-rover-velar-update-foto1-360x270.jpg"}],"twitter_card":"summary_large_image","twitter_misc":{"Tiempo de lectura":"3 minutos"},"schema":{"@context":"https:\/\/schema.org","@graph":[{"@type":"Article","@id":"https:\/\/all-car-news.com\/es\/el-range-rover-velar-recibe-una-sutil-actualizacion\/#article","isPartOf":{"@id":"https:\/\/all-car-news.com\/es\/el-range-rover-velar-recibe-una-sutil-actualizacion\/"},"author":{"name":"","@id":""},"headline":"El Range Rover Velar recibe una sutil actualizaci\u00f3n","datePublished":"2024-11-08T07:57:00+00:00","dateModified":"2024-11-08T07:57:00+00:00","mainEntityOfPage":{"@id":"https:\/\/all-car-news.com\/es\/el-range-rover-velar-recibe-una-sutil-actualizacion\/"},"wordCount":662,"publisher":{"@id":"https:\/\/all-car-news.com\/es\/#organization"},"articleSection":["noticias de autos"],"inLanguage":"es"},{"@type":"WebPage","@id":"https:\/\/all-car-news.com\/es\/el-range-rover-velar-recibe-una-sutil-actualizacion\/","url":"https:\/\/all-car-news.com\/es\/el-range-rover-velar-recibe-una-sutil-actualizacion\/","name":"El Range Rover Velar recibe una sutil actualizaci\u00f3n - All cars news","isPartOf":{"@id":"https:\/\/all-car-news.com\/es\/#website"},"datePublished":"2024-11-08T07:57:00+00:00","dateModified":"2024-11-08T07:57:00+00:00","breadcrumb":{"@id":"https:\/\/all-car-news.com\/es\/el-range-rover-velar-recibe-una-sutil-actualizacion\/#breadcrumb"},"inLanguage":"es","potentialAction":[{"@type":"ReadAction","target":["https:\/\/all-car-news.com\/es\/el-range-rover-velar-recibe-una-sutil-actualizacion\/"]}]},{"@type":"BreadcrumbList","@id":"https:\/\/all-car-news.com\/es\/el-range-rover-velar-recibe-una-sutil-actualizacion\/#breadcrumb","itemListElement":[{"@type":"ListItem","position":1,"name":"Home","item":"https:\/\/all-car-news.com\/es\/"},{"@type":"ListItem","position":2,"name":"El Range Rover Velar recibe una sutil actualizaci\u00f3n"}]},{"@type":"WebSite","@id":"https:\/\/all-car-news.com\/es\/#website","url":"https:\/\/all-car-news.com\/es\/","name":"All cars news","description":"","publisher":{"@id":"https:\/\/all-car-news.com\/es\/#organization"},"potentialAction":[{"@type":"SearchAction","target":{"@type":"EntryPoint","urlTemplate":"https:\/\/all-car-news.com\/es\/?s={search_term_string}"},"query-input":"required name=search_term_string"}],"inLanguage":"es"},{"@type":"Organization","@id":"https:\/\/all-car-news.com\/es\/#organization","name":"All cars news","url":"https:\/\/all-car-news.com\/es\/","logo":{"@type":"ImageObject","inLanguage":"es","@id":"https:\/\/all-car-news.com\/es\/#\/schema\/logo\/image\/","url":"https:\/\/all-car-news.com\/wp-content\/uploads\/2022\/02\/CMYK-AllCarNews_LANDSCAPE_300px-1.png","contentUrl":"https:\/\/all-car-news.com\/wp-content\/uploads\/2022\/02\/CMYK-AllCarNews_LANDSCAPE_300px-1.png","width":300,"height":100,"caption":"All cars news"},"image":{"@id":"https:\/\/all-car-news.com\/es\/#\/schema\/logo\/image\/"}}]}},"_links":{"self":[{"href":"https:\/\/all-car-news.com\/es\/wp-json\/wp\/v2\/posts\/149858","targetHints":{"allow":["GET"]}}],"collection":[{"href":"https:\/\/all-car-news.com\/es\/wp-json\/wp\/v2\/posts"}],"about":[{"href":"https:\/\/all-car-news.com\/es\/wp-json\/wp\/v2\/types\/post"}],"replies":[{"embeddable":true,"href":"https:\/\/all-car-news.com\/es\/wp-json\/wp\/v2\/comments?post=149858"}],"version-history":[{"count":0,"href":"https:\/\/all-car-news.com\/es\/wp-json\/wp\/v2\/posts\/149858\/revisions"}],"wp:featuredmedia":[{"embeddable":true,"href":"https:\/\/all-car-news.com\/es\/wp-json\/wp\/v2\/media\/149840"}],"wp:attachment":[{"href":"https:\/\/all-car-news.com\/es\/wp-json\/wp\/v2\/media?parent=149858"}],"wp:term":[{"taxonomy":"category","embeddable":true,"href":"https:\/\/all-car-news.com\/es\/wp-json\/wp\/v2\/categories?post=149858"},{"taxonomy":"post_tag","embeddable":true,"href":"https:\/\/all-car-news.com\/es\/wp-json\/wp\/v2\/tags?post=149858"}],"curies":[{"name":"wp","href":"https:\/\/api.w.org\/{rel}","templated":true}]}}