{"id":149451,"date":"2024-10-11T11:52:35","date_gmt":"2024-10-11T11:52:35","guid":{"rendered":"https:\/\/all-car-news.com\/el-primer-coche-familiar-de-alpine-el-alpine-a390-2025-vista-previa\/"},"modified":"2024-10-11T11:52:35","modified_gmt":"2024-10-11T11:52:35","slug":"el-primer-coche-familiar-de-alpine-el-alpine-a390-2025-vista-previa","status":"publish","type":"post","link":"https:\/\/all-car-news.com\/es\/el-primer-coche-familiar-de-alpine-el-alpine-a390-2025-vista-previa\/","title":{"rendered":"El primer coche familiar de Alpine: el Alpine A390 (2025) &#8211; VISTA PREVIA"},"content":{"rendered":"<h2>El Alpine A390_\u03b2 llega a Dream Garage<\/h2>\n<p>Tras el A290 y por delante del futuro A110 el\u00e9ctrico, el Alpine A390_\u03b2 marca la segunda fase del Garaje de los Sue\u00f1os de Alpine, el tr\u00edptico de deportivos con el que Alpine da el paso a la propulsi\u00f3n totalmente el\u00e9ctrica.<\/p>\n<h2>C\u00f3mo se construye el nombre<\/h2>\n<p>El nombre Alpine A390_\u03b2 sigue la nomenclatura Alpine, en la que una \u00abA\u00bb va seguida de tres d\u00edgitos. El d\u00edgito \u00ab3\u00bb representa el tama\u00f1o del veh\u00edculo, mientras que \u00ab90\u00bb se refiere a modelos de uso cotidiano y vers\u00e1til. La letra griega \u00abbeta\u00bb indica que el veh\u00edculo est\u00e1 todav\u00eda en una fase intermedia de desarrollo, antes de lanzarse como modelo de producci\u00f3n. En holand\u00e9s normal, lo llamamos simplemente modelo conceptual, pero Alpine utiliza el elegante t\u00e9rmino \u00abbeta\u00bb. Por supuesto, hay que destacar entre la multitud de alguna manera.    <\/p>\n<h2>Coche deportivo con traje a medida<\/h2>\n<p>El Alpine A390_\u03b2 ofrece una muestra de un futuro modelo de producci\u00f3n. Igual que el ic\u00f3nico A110. Alpine describe el modelo como un aut\u00e9ntico \u00abcoche deportivo con traje a medida\u00bb. El showcar A390_\u03b2 se inspira en los macizos monta\u00f1osos de los Alpes. Elementos naturales como las rocas, los minerales y la nieve constituyen la base del dise\u00f1o y la elecci\u00f3n de los materiales.    <\/p>\n<figure class=\"wp-block-image size-content\"><img decoding=\"async\" loading=\"lazy\" width=\"1140\" height=\"761\" src=\"https:\/\/autorai.nl\/wp-content\/uploads\/2024\/10\/alpine-a390-beta-foto11-1140x761.jpg\" alt=\"\" class=\"wp-image-186912\"><\/figure>\n<h2>Ruedas gruesas<\/h2>\n<p>El dise\u00f1o de las llantas del A390_\u03b2 show car se inspira en las propiedades cristalinas de un copo de nieve. Las llantas delanteras de 22 pulgadas y las traseras de 23 pulgadas est\u00e1n acentuadas por un cabuj\u00f3n en el centro de la rueda, iluminado por un halo azulado que recuerda a las joyas. El efecto transparente de la pesta\u00f1a central, que se asemeja a una fina capa de hielo, resalta la funci\u00f3n Active Torque Vectoring en el fondo.  <\/p>\n<h2>A110 con cinco plazas<\/h2>\n<p>\u00abEl A390_\u03b2 nos da una muestra del futuro Alpine &#8216;sport fastback&#8217;, que hemos dise\u00f1ado como un A110 de cinco plazas. La dualidad entre la racionalidad y el refinamiento de este coche de exhibici\u00f3n encarna la experiencia de conducci\u00f3n y las prestaciones que se reflejar\u00e1n en nuestro modelo de producci\u00f3n a partir de 2025, que se fabricar\u00e1 en Francia, en la hist\u00f3rica planta de Dieppe. Esto es m\u00e1s que la promesa de una experiencia totalmente Alpine; es una verdadera promesa\u00bb, dijo Philippe Krief, Director General de Alpine.<\/p>\n<div class=\"galery shuffle galery-0\">\n<figure>\n\t\t\t\t\t<span style=\"cursor: pointer\" data-src=\"https:\/\/autorai.nl\/wp-content\/uploads\/2024\/10\/alpine-a390-beta-foto1-1600x1067.jpg\" data-fancybox=\"galery-0\" title=\"\"><br \/>\n\t\t\t\t\t\t\t<img decoding=\"async\" width=\"640\" height=\"480\" src=\"https:\/\/autorai.nl\/wp-content\/uploads\/2024\/10\/alpine-a390-beta-foto1-640x480.jpg\" class=\"attachment-medium size-medium\" alt=\"\" loading=\"lazy\"><i class=\"fa fa-search-plus\" aria-hidden=\"true\"><\/i><br \/>\n\t\t\t\t\t\t<\/span><br \/>\n\t\t\t\t\t<\/figure>\n<figure>\n\t\t\t\t\t<span style=\"cursor: pointer\" data-src=\"https:\/\/autorai.nl\/wp-content\/uploads\/2024\/10\/alpine-a390-beta-foto2-1600x1067.jpg\" data-fancybox=\"galery-0\" title=\"\"><br \/>\n\t\t\t\t\t\t\t<img decoding=\"async\" width=\"360\" height=\"270\" src=\"https:\/\/autorai.nl\/wp-content\/uploads\/2024\/10\/alpine-a390-beta-foto2-360x270.jpg\" class=\"attachment-small size-small\" alt=\"\" loading=\"lazy\"><i class=\"fa fa-search-plus\" aria-hidden=\"true\"><\/i><br \/>\n\t\t\t\t\t\t<\/span><br \/>\n\t\t\t\t\t<\/figure>\n<figure>\n\t\t\t\t\t<span style=\"cursor: pointer\" data-src=\"https:\/\/autorai.nl\/wp-content\/uploads\/2024\/10\/alpine-a390-beta-foto3-1600x1067.jpg\" data-fancybox=\"galery-0\" title=\"\"><br \/>\n\t\t\t\t\t\t\t<img decoding=\"async\" width=\"360\" height=\"270\" src=\"https:\/\/autorai.nl\/wp-content\/uploads\/2024\/10\/alpine-a390-beta-foto3-360x270.jpg\" class=\"attachment-small size-small\" alt=\"\" loading=\"lazy\"><i class=\"fa fa-search-plus\" aria-hidden=\"true\"><\/i><br \/>\n\t\t\t\t\t\t<\/span><br \/>\n\t\t\t\t\t<\/figure>\n<figure>\n\t\t\t\t\t<span style=\"cursor: pointer\" data-src=\"https:\/\/autorai.nl\/wp-content\/uploads\/2024\/10\/alpine-a390-beta-foto4-1600x1067.jpg\" data-fancybox=\"galery-0\" title=\"\"><br \/>\n\t\t\t\t\t\t\t<img decoding=\"async\" width=\"640\" height=\"480\" src=\"https:\/\/autorai.nl\/wp-content\/uploads\/2024\/10\/alpine-a390-beta-foto4-640x480.jpg\" class=\"attachment-medium size-medium\" alt=\"\" loading=\"lazy\"><i class=\"fa fa-search-plus\" aria-hidden=\"true\"><\/i><br \/>\n\t\t\t\t\t\t<\/span><br \/>\n\t\t\t\t\t<\/figure>\n<figure>\n\t\t\t\t\t<span style=\"cursor: pointer\" data-src=\"https:\/\/autorai.nl\/wp-content\/uploads\/2024\/10\/alpine-a390-beta-foto5-1600x1067.jpg\" data-fancybox=\"galery-0\" title=\"\"><br \/>\n\t\t\t\t\t\t\t<img decoding=\"async\" width=\"360\" height=\"270\" src=\"https:\/\/autorai.nl\/wp-content\/uploads\/2024\/10\/alpine-a390-beta-foto5-360x270.jpg\" class=\"attachment-small size-small\" alt=\"\" loading=\"lazy\"><i class=\"fa fa-search-plus\" aria-hidden=\"true\"><\/i><br \/>\n\t\t\t\t\t\t<\/span><br \/>\n\t\t\t\t\t<\/figure>\n<figure>\n\t\t\t\t\t<span style=\"cursor: pointer\" data-src=\"https:\/\/autorai.nl\/wp-content\/uploads\/2024\/10\/alpine-a390-beta-foto6-1600x1067.jpg\" data-fancybox=\"galery-0\" title=\"\"><br \/>\n\t\t\t\t\t\t\t<img decoding=\"async\" width=\"360\" height=\"270\" src=\"https:\/\/autorai.nl\/wp-content\/uploads\/2024\/10\/alpine-a390-beta-foto6-360x270.jpg\" class=\"attachment-small size-small\" alt=\"\" loading=\"lazy\"><i class=\"fa fa-search-plus\" aria-hidden=\"true\"><\/i><br \/>\n\t\t\t\t\t\t<\/span><br \/>\n\t\t\t\t\t<\/figure>\n<figure>\n\t\t\t\t\t<span style=\"cursor: pointer\" data-src=\"https:\/\/autorai.nl\/wp-content\/uploads\/2024\/10\/alpine-a390-beta-foto7-1600x1067.jpg\" data-fancybox=\"galery-0\" title=\"\"><br \/>\n\t\t\t\t\t\t\t<img decoding=\"async\" width=\"640\" height=\"480\" src=\"https:\/\/autorai.nl\/wp-content\/uploads\/2024\/10\/alpine-a390-beta-foto7-640x480.jpg\" class=\"attachment-medium size-medium\" alt=\"\" loading=\"lazy\"><i class=\"fa fa-search-plus\" aria-hidden=\"true\"><\/i><br \/>\n\t\t\t\t\t\t<\/span><br \/>\n\t\t\t\t\t<\/figure>\n<figure>\n\t\t\t\t\t<span style=\"cursor: pointer\" data-src=\"https:\/\/autorai.nl\/wp-content\/uploads\/2024\/10\/alpine-a390-beta-foto8-1600x1067.jpg\" data-fancybox=\"galery-0\" title=\"\"><br \/>\n\t\t\t\t\t\t\t<img decoding=\"async\" width=\"360\" height=\"270\" src=\"https:\/\/autorai.nl\/wp-content\/uploads\/2024\/10\/alpine-a390-beta-foto8-360x270.jpg\" class=\"attachment-small size-small\" alt=\"\" loading=\"lazy\"><i class=\"fa fa-search-plus\" aria-hidden=\"true\"><\/i><br \/>\n\t\t\t\t\t\t<\/span><br \/>\n\t\t\t\t\t<\/figure>\n<figure>\n\t\t\t\t\t<span style=\"cursor: pointer\" data-src=\"https:\/\/autorai.nl\/wp-content\/uploads\/2024\/10\/alpine-a390-beta-foto9-1600x1067.jpg\" data-fancybox=\"galery-0\" title=\"\"><br \/>\n\t\t\t\t\t\t\t<img decoding=\"async\" width=\"360\" height=\"270\" src=\"https:\/\/autorai.nl\/wp-content\/uploads\/2024\/10\/alpine-a390-beta-foto9-360x270.jpg\" class=\"attachment-small size-small\" alt=\"\" loading=\"lazy\"><i class=\"fa fa-search-plus\" aria-hidden=\"true\"><\/i><br \/>\n\t\t\t\t\t\t<\/span><br \/>\n\t\t\t\t\t<\/figure>\n<figure>\n\t\t\t\t\t<span style=\"cursor: pointer\" data-src=\"https:\/\/autorai.nl\/wp-content\/uploads\/2024\/10\/alpine-a390-beta-foto10-1600x1072.jpg\" data-fancybox=\"galery-0\" title=\"\"><br \/>\n\t\t\t\t\t\t\t<img decoding=\"async\" width=\"640\" height=\"480\" src=\"https:\/\/autorai.nl\/wp-content\/uploads\/2024\/10\/alpine-a390-beta-foto10-640x480.jpg\" class=\"attachment-medium size-medium\" alt=\"\" loading=\"lazy\"><i class=\"fa fa-search-plus\" aria-hidden=\"true\"><\/i><br \/>\n\t\t\t\t\t\t<\/span><br \/>\n\t\t\t\t\t<\/figure>\n<figure>\n\t\t\t\t\t<span style=\"cursor: pointer\" data-src=\"https:\/\/autorai.nl\/wp-content\/uploads\/2024\/10\/alpine-a390-beta-foto11-1600x1068.jpg\" data-fancybox=\"galery-0\" title=\"\"><br \/>\n\t\t\t\t\t\t\t<img decoding=\"async\" width=\"360\" height=\"270\" src=\"https:\/\/autorai.nl\/wp-content\/uploads\/2024\/10\/alpine-a390-beta-foto11-360x270.jpg\" class=\"attachment-small size-small\" alt=\"\" loading=\"lazy\"><i class=\"fa fa-search-plus\" aria-hidden=\"true\"><\/i><br \/>\n\t\t\t\t\t\t<\/span><br \/>\n\t\t\t\t\t<\/figure>\n<figure>\n\t\t\t\t\t<span style=\"cursor: pointer\" data-src=\"https:\/\/autorai.nl\/wp-content\/uploads\/2024\/10\/alpine-a390-beta-foto12-1600x1067.jpg\" data-fancybox=\"galery-0\" title=\"\"><br \/>\n\t\t\t\t\t\t\t<img decoding=\"async\" width=\"360\" height=\"270\" src=\"https:\/\/autorai.nl\/wp-content\/uploads\/2024\/10\/alpine-a390-beta-foto12-360x270.jpg\" class=\"attachment-small size-small\" alt=\"\" loading=\"lazy\"><i class=\"fa fa-search-plus\" aria-hidden=\"true\"><\/i><br \/>\n\t\t\t\t\t\t<\/span><br \/>\n\t\t\t\t\t<\/figure>\n<figure>\n\t\t\t\t\t<span style=\"cursor: pointer\" data-src=\"https:\/\/autorai.nl\/wp-content\/uploads\/2024\/10\/alpine-a390-beta-foto13-1600x1067.jpg\" data-fancybox=\"galery-0\" title=\"\"><br \/>\n\t\t\t\t\t\t\t<img decoding=\"async\" width=\"640\" height=\"480\" src=\"https:\/\/autorai.nl\/wp-content\/uploads\/2024\/10\/alpine-a390-beta-foto13-640x480.jpg\" class=\"attachment-medium size-medium\" alt=\"Alpine A390_b\" loading=\"lazy\"><i class=\"fa fa-search-plus\" aria-hidden=\"true\"><\/i><br \/>\n\t\t\t\t\t\t<\/span><br \/>\n\t\t\t\t\t<\/figure>\n<figure>\n\t\t\t\t\t<span style=\"cursor: pointer\" data-src=\"https:\/\/autorai.nl\/wp-content\/uploads\/2024\/10\/alpine-a390-beta-foto14-1600x1067.jpg\" data-fancybox=\"galery-0\" title=\"\"><br \/>\n\t\t\t\t\t\t\t<img decoding=\"async\" width=\"360\" height=\"270\" src=\"https:\/\/autorai.nl\/wp-content\/uploads\/2024\/10\/alpine-a390-beta-foto14-360x270.jpg\" class=\"attachment-small size-small\" alt=\"\" loading=\"lazy\"><i class=\"fa fa-search-plus\" aria-hidden=\"true\"><\/i><br \/>\n\t\t\t\t\t\t<\/span><br \/>\n\t\t\t\t\t<\/figure>\n<figure>\n\t\t\t\t\t<span style=\"cursor: pointer\" data-src=\"https:\/\/autorai.nl\/wp-content\/uploads\/2024\/10\/alpine-a390-beta-foto15-1600x1060.jpg\" data-fancybox=\"galery-0\" title=\"\"><br \/>\n\t\t\t\t\t\t\t<img decoding=\"async\" width=\"360\" height=\"270\" src=\"https:\/\/autorai.nl\/wp-content\/uploads\/2024\/10\/alpine-a390-beta-foto15-360x270.jpg\" class=\"attachment-small size-small\" alt=\"\" loading=\"lazy\"><i class=\"fa fa-search-plus\" aria-hidden=\"true\"><\/i><br \/>\n\t\t\t\t\t\t<\/span><br \/>\n\t\t\t\t\t<\/figure>\n<div class=\"clear\"><\/div>\n<\/div>\n","protected":false},"excerpt":{"rendered":"El Alpine A390_\u03b2 llega al Garaje de los Sue\u00f1os Despu\u00e9s del A290 y antes del futuro A110 el\u00e9ctrico, el Alpine&hellip;","protected":false},"author":0,"featured_media":148230,"comment_status":"","ping_status":"open","sticky":false,"template":"","format":"standard","meta":{"footnotes":""},"categories":[126],"tags":[],"class_list":["post-149451","post","type-post","status-publish","format-standard","has-post-thumbnail","hentry","category-noticias-de-autos"],"acf":[],"yoast_head":"<!-- This site is optimized with the Yoast SEO plugin v21.2 - https:\/\/yoast.com\/wordpress\/plugins\/seo\/ -->\n<title>El primer coche familiar de Alpine: el Alpine A390 (2025) - VISTA PREVIA - All cars news<\/title>\n<meta name=\"robots\" content=\"index, follow, max-snippet:-1, max-image-preview:large, max-video-preview:-1\" \/>\n<link rel=\"canonical\" href=\"https:\/\/all-car-news.com\/es\/el-primer-coche-familiar-de-alpine-el-alpine-a390-2025-vista-previa\/\" \/>\n<meta property=\"og:locale\" content=\"es_ES\" \/>\n<meta property=\"og:type\" content=\"article\" \/>\n<meta property=\"og:title\" content=\"El primer coche familiar de Alpine: el Alpine A390 (2025) - VISTA PREVIA - All cars news\" \/>\n<meta property=\"og:description\" content=\"El Alpine A390_\u03b2 llega al Garaje de los Sue\u00f1os Despu\u00e9s del A290 y antes del futuro A110 el\u00e9ctrico, el Alpine A390_\u03b2 marca la segunda fase del Garaje de los Sue\u00f1os de Alpine, el tr\u00edptico de deportivos con el que Alpine da el paso a la propulsi\u00f3n totalmente el\u00e9ctrica. C\u00f3mo se construye el nombre El nombre Alpine A390_\u03b2 sigue la nomenclatura Alpine, en la que una &quot;A&quot; [...]\" \/>\n<meta property=\"og:url\" content=\"https:\/\/all-car-news.com\/es\/el-primer-coche-familiar-de-alpine-el-alpine-a390-2025-vista-previa\/\" \/>\n<meta property=\"og:site_name\" content=\"All cars news\" \/>\n<meta property=\"article:published_time\" content=\"2024-10-11T11:52:35+00:00\" \/>\n<meta property=\"og:image\" content=\"https:\/\/autorai.nl\/wp-content\/uploads\/2024\/10\/alpine-a390-beta-foto11-1140x761.jpg\" \/>\n<meta name=\"twitter:card\" content=\"summary_large_image\" \/>\n<meta name=\"twitter:label1\" content=\"Tiempo de lectura\" \/>\n\t<meta name=\"twitter:data1\" content=\"2 minutos\" \/>\n<script type=\"application\/ld+json\" class=\"yoast-schema-graph\">{\"@context\":\"https:\/\/schema.org\",\"@graph\":[{\"@type\":\"Article\",\"@id\":\"https:\/\/all-car-news.com\/es\/el-primer-coche-familiar-de-alpine-el-alpine-a390-2025-vista-previa\/#article\",\"isPartOf\":{\"@id\":\"https:\/\/all-car-news.com\/es\/el-primer-coche-familiar-de-alpine-el-alpine-a390-2025-vista-previa\/\"},\"author\":{\"name\":\"\",\"@id\":\"\"},\"headline\":\"El primer coche familiar de Alpine: el Alpine A390 (2025) &#8211; VISTA PREVIA\",\"datePublished\":\"2024-10-11T11:52:35+00:00\",\"dateModified\":\"2024-10-11T11:52:35+00:00\",\"mainEntityOfPage\":{\"@id\":\"https:\/\/all-car-news.com\/es\/el-primer-coche-familiar-de-alpine-el-alpine-a390-2025-vista-previa\/\"},\"wordCount\":419,\"publisher\":{\"@id\":\"https:\/\/all-car-news.com\/es\/#organization\"},\"articleSection\":[\"noticias de autos\"],\"inLanguage\":\"es\"},{\"@type\":\"WebPage\",\"@id\":\"https:\/\/all-car-news.com\/es\/el-primer-coche-familiar-de-alpine-el-alpine-a390-2025-vista-previa\/\",\"url\":\"https:\/\/all-car-news.com\/es\/el-primer-coche-familiar-de-alpine-el-alpine-a390-2025-vista-previa\/\",\"name\":\"El primer coche familiar de Alpine: el Alpine A390 (2025) - VISTA PREVIA - All cars news\",\"isPartOf\":{\"@id\":\"https:\/\/all-car-news.com\/es\/#website\"},\"datePublished\":\"2024-10-11T11:52:35+00:00\",\"dateModified\":\"2024-10-11T11:52:35+00:00\",\"breadcrumb\":{\"@id\":\"https:\/\/all-car-news.com\/es\/el-primer-coche-familiar-de-alpine-el-alpine-a390-2025-vista-previa\/#breadcrumb\"},\"inLanguage\":\"es\",\"potentialAction\":[{\"@type\":\"ReadAction\",\"target\":[\"https:\/\/all-car-news.com\/es\/el-primer-coche-familiar-de-alpine-el-alpine-a390-2025-vista-previa\/\"]}]},{\"@type\":\"BreadcrumbList\",\"@id\":\"https:\/\/all-car-news.com\/es\/el-primer-coche-familiar-de-alpine-el-alpine-a390-2025-vista-previa\/#breadcrumb\",\"itemListElement\":[{\"@type\":\"ListItem\",\"position\":1,\"name\":\"Home\",\"item\":\"https:\/\/all-car-news.com\/es\/\"},{\"@type\":\"ListItem\",\"position\":2,\"name\":\"El primer coche familiar de Alpine: el Alpine A390 (2025) &#8211; VISTA PREVIA\"}]},{\"@type\":\"WebSite\",\"@id\":\"https:\/\/all-car-news.com\/es\/#website\",\"url\":\"https:\/\/all-car-news.com\/es\/\",\"name\":\"All cars news\",\"description\":\"\",\"publisher\":{\"@id\":\"https:\/\/all-car-news.com\/es\/#organization\"},\"potentialAction\":[{\"@type\":\"SearchAction\",\"target\":{\"@type\":\"EntryPoint\",\"urlTemplate\":\"https:\/\/all-car-news.com\/es\/?s={search_term_string}\"},\"query-input\":\"required name=search_term_string\"}],\"inLanguage\":\"es\"},{\"@type\":\"Organization\",\"@id\":\"https:\/\/all-car-news.com\/es\/#organization\",\"name\":\"All cars news\",\"url\":\"https:\/\/all-car-news.com\/es\/\",\"logo\":{\"@type\":\"ImageObject\",\"inLanguage\":\"es\",\"@id\":\"https:\/\/all-car-news.com\/es\/#\/schema\/logo\/image\/\",\"url\":\"https:\/\/all-car-news.com\/wp-content\/uploads\/2022\/02\/CMYK-AllCarNews_LANDSCAPE_300px-1.png\",\"contentUrl\":\"https:\/\/all-car-news.com\/wp-content\/uploads\/2022\/02\/CMYK-AllCarNews_LANDSCAPE_300px-1.png\",\"width\":300,\"height\":100,\"caption\":\"All cars news\"},\"image\":{\"@id\":\"https:\/\/all-car-news.com\/es\/#\/schema\/logo\/image\/\"}}]}<\/script>\n<!-- \/ Yoast SEO plugin. -->","yoast_head_json":{"title":"El primer coche familiar de Alpine: el Alpine A390 (2025) - VISTA PREVIA - All cars news","robots":{"index":"index","follow":"follow","max-snippet":"max-snippet:-1","max-image-preview":"max-image-preview:large","max-video-preview":"max-video-preview:-1"},"canonical":"https:\/\/all-car-news.com\/es\/el-primer-coche-familiar-de-alpine-el-alpine-a390-2025-vista-previa\/","og_locale":"es_ES","og_type":"article","og_title":"El primer coche familiar de Alpine: el Alpine A390 (2025) - VISTA PREVIA - All cars news","og_description":"El Alpine A390_\u03b2 llega al Garaje de los Sue\u00f1os Despu\u00e9s del A290 y antes del futuro A110 el\u00e9ctrico, el Alpine A390_\u03b2 marca la segunda fase del Garaje de los Sue\u00f1os de Alpine, el tr\u00edptico de deportivos con el que Alpine da el paso a la propulsi\u00f3n totalmente el\u00e9ctrica. C\u00f3mo se construye el nombre El nombre Alpine A390_\u03b2 sigue la nomenclatura Alpine, en la que una \"A\" [...]","og_url":"https:\/\/all-car-news.com\/es\/el-primer-coche-familiar-de-alpine-el-alpine-a390-2025-vista-previa\/","og_site_name":"All cars news","article_published_time":"2024-10-11T11:52:35+00:00","og_image":[{"url":"https:\/\/autorai.nl\/wp-content\/uploads\/2024\/10\/alpine-a390-beta-foto11-1140x761.jpg"}],"twitter_card":"summary_large_image","twitter_misc":{"Tiempo de lectura":"2 minutos"},"schema":{"@context":"https:\/\/schema.org","@graph":[{"@type":"Article","@id":"https:\/\/all-car-news.com\/es\/el-primer-coche-familiar-de-alpine-el-alpine-a390-2025-vista-previa\/#article","isPartOf":{"@id":"https:\/\/all-car-news.com\/es\/el-primer-coche-familiar-de-alpine-el-alpine-a390-2025-vista-previa\/"},"author":{"name":"","@id":""},"headline":"El primer coche familiar de Alpine: el Alpine A390 (2025) &#8211; VISTA PREVIA","datePublished":"2024-10-11T11:52:35+00:00","dateModified":"2024-10-11T11:52:35+00:00","mainEntityOfPage":{"@id":"https:\/\/all-car-news.com\/es\/el-primer-coche-familiar-de-alpine-el-alpine-a390-2025-vista-previa\/"},"wordCount":419,"publisher":{"@id":"https:\/\/all-car-news.com\/es\/#organization"},"articleSection":["noticias de autos"],"inLanguage":"es"},{"@type":"WebPage","@id":"https:\/\/all-car-news.com\/es\/el-primer-coche-familiar-de-alpine-el-alpine-a390-2025-vista-previa\/","url":"https:\/\/all-car-news.com\/es\/el-primer-coche-familiar-de-alpine-el-alpine-a390-2025-vista-previa\/","name":"El primer coche familiar de Alpine: el Alpine A390 (2025) - VISTA PREVIA - All cars news","isPartOf":{"@id":"https:\/\/all-car-news.com\/es\/#website"},"datePublished":"2024-10-11T11:52:35+00:00","dateModified":"2024-10-11T11:52:35+00:00","breadcrumb":{"@id":"https:\/\/all-car-news.com\/es\/el-primer-coche-familiar-de-alpine-el-alpine-a390-2025-vista-previa\/#breadcrumb"},"inLanguage":"es","potentialAction":[{"@type":"ReadAction","target":["https:\/\/all-car-news.com\/es\/el-primer-coche-familiar-de-alpine-el-alpine-a390-2025-vista-previa\/"]}]},{"@type":"BreadcrumbList","@id":"https:\/\/all-car-news.com\/es\/el-primer-coche-familiar-de-alpine-el-alpine-a390-2025-vista-previa\/#breadcrumb","itemListElement":[{"@type":"ListItem","position":1,"name":"Home","item":"https:\/\/all-car-news.com\/es\/"},{"@type":"ListItem","position":2,"name":"El primer coche familiar de Alpine: el Alpine A390 (2025) &#8211; VISTA PREVIA"}]},{"@type":"WebSite","@id":"https:\/\/all-car-news.com\/es\/#website","url":"https:\/\/all-car-news.com\/es\/","name":"All cars news","description":"","publisher":{"@id":"https:\/\/all-car-news.com\/es\/#organization"},"potentialAction":[{"@type":"SearchAction","target":{"@type":"EntryPoint","urlTemplate":"https:\/\/all-car-news.com\/es\/?s={search_term_string}"},"query-input":"required name=search_term_string"}],"inLanguage":"es"},{"@type":"Organization","@id":"https:\/\/all-car-news.com\/es\/#organization","name":"All cars news","url":"https:\/\/all-car-news.com\/es\/","logo":{"@type":"ImageObject","inLanguage":"es","@id":"https:\/\/all-car-news.com\/es\/#\/schema\/logo\/image\/","url":"https:\/\/all-car-news.com\/wp-content\/uploads\/2022\/02\/CMYK-AllCarNews_LANDSCAPE_300px-1.png","contentUrl":"https:\/\/all-car-news.com\/wp-content\/uploads\/2022\/02\/CMYK-AllCarNews_LANDSCAPE_300px-1.png","width":300,"height":100,"caption":"All cars news"},"image":{"@id":"https:\/\/all-car-news.com\/es\/#\/schema\/logo\/image\/"}}]}},"_links":{"self":[{"href":"https:\/\/all-car-news.com\/es\/wp-json\/wp\/v2\/posts\/149451","targetHints":{"allow":["GET"]}}],"collection":[{"href":"https:\/\/all-car-news.com\/es\/wp-json\/wp\/v2\/posts"}],"about":[{"href":"https:\/\/all-car-news.com\/es\/wp-json\/wp\/v2\/types\/post"}],"replies":[{"embeddable":true,"href":"https:\/\/all-car-news.com\/es\/wp-json\/wp\/v2\/comments?post=149451"}],"version-history":[{"count":0,"href":"https:\/\/all-car-news.com\/es\/wp-json\/wp\/v2\/posts\/149451\/revisions"}],"wp:featuredmedia":[{"embeddable":true,"href":"https:\/\/all-car-news.com\/es\/wp-json\/wp\/v2\/media\/148230"}],"wp:attachment":[{"href":"https:\/\/all-car-news.com\/es\/wp-json\/wp\/v2\/media?parent=149451"}],"wp:term":[{"taxonomy":"category","embeddable":true,"href":"https:\/\/all-car-news.com\/es\/wp-json\/wp\/v2\/categories?post=149451"},{"taxonomy":"post_tag","embeddable":true,"href":"https:\/\/all-car-news.com\/es\/wp-json\/wp\/v2\/tags?post=149451"}],"curies":[{"name":"wp","href":"https:\/\/api.w.org\/{rel}","templated":true}]}}