{"id":149393,"date":"2024-10-02T10:09:17","date_gmt":"2024-10-02T10:09:17","guid":{"rendered":"https:\/\/all-car-news.com\/el-nuevo-mitsubishi-outlander-phev-ya-tiene-precio-de-salida\/"},"modified":"2024-10-02T10:09:17","modified_gmt":"2024-10-02T10:09:17","slug":"el-nuevo-mitsubishi-outlander-phev-ya-tiene-precio-de-salida","status":"publish","type":"post","link":"https:\/\/all-car-news.com\/es\/el-nuevo-mitsubishi-outlander-phev-ya-tiene-precio-de-salida\/","title":{"rendered":"El nuevo Mitsubishi Outlander PHEV ya tiene precio de salida"},"content":{"rendered":"<h2>Dise\u00f1o del Mitsubishi Outlander PHEV<\/h2>\n<p>El nuevo Outlander PHEV mide 4.719 mm de longitud, 1.862 mm de anchura y 1.750 mm de altura.<br \/>\nLa distancia entre ejes es de 2.704 mm.<br \/>\nEl dise\u00f1o del Mitsubishi Outlander PHEV necesita pocas explicaciones.<br \/>\nEl coche parece duro y como un Mitsubishi t\u00edpico, con el dise\u00f1o frontal Dynamic Shield especialmente llamativo.    Se puede elegir entre llantas de aleaci\u00f3n de 18 o 20 pulgadas. Se puede elegir entre siete colores de carrocer\u00eda, cuatro de ellos en los acabados superiores en combinaci\u00f3n con un techo negro.<br \/>\nEl nuevo color Gris Piedra Lunar metalizado tiene un llamativo brillo azul.<br \/>\nEste color consta de hasta cuatro capas.  <\/p>\n<h2>Interior<\/h2>\n<p>El interior tiene un aspecto elegante y moderno.<br \/>\nUn dise\u00f1o m\u00e1s inteligente ha creado m\u00e1s espacio interior.<br \/>\nNaturalmente, hay varias pantallas digitales.<br \/>\nHay disponible opcionalmente una pantalla de visualizaci\u00f3n frontal.<br \/>\nPor supuesto, tambi\u00e9n es posible cargar el tel\u00e9fono de forma inal\u00e1mbrica, as\u00ed como utilizar Apple CarPlay o Android auto.<br \/>\nEl retrovisor interior no tiene marco y tambi\u00e9n tiene una funci\u00f3n digital.<br \/>\nCuando la visibilidad es dif\u00edcil debido a los pasajeros traseros, el equipaje o las condiciones, el conductor puede ver la imagen de la c\u00e1mara de visi\u00f3n trasera en el retrovisor interior, por lo que simplemente puede mirar hacia atr\u00e1s.<br \/>\nLos asientos tienen calefacci\u00f3n y ventilaci\u00f3n e incluso funciones de masaje.<br \/>\nEl mensaje es claro: el nuevo Outlander PHEV te mimar\u00e1 de muchas maneras.        <\/p>\n<h2>Maletero<\/h2>\n<p>El interior del Outlander PHEV est\u00e1 ba\u00f1ado por la luz natural gracias al gran techo solar panor\u00e1mico, que mide nada menos que 93 cent\u00edmetros de largo y 70 cent\u00edmetros de ancho.<br \/>\nEste techo tambi\u00e9n se puede abrir.<br \/>\nLos asientos traseros se abaten en proporci\u00f3n 40:20:40.<br \/>\nQuienes necesiten m\u00e1s espacio para el equipaje pueden simplemente utilizar una palanca para abatir el respaldo por partes.<br \/>\nCon el respaldo levantado, el nuevo Outlander PHEV ofrece 495 litros m\u00e1s de maletero que antes; con todo el respaldo plano, el espacio crece hasta los 1.422 litros.<br \/>\nLa mayor apertura del port\u00f3n trasero tambi\u00e9n facilita la carga y descarga de (mucho) equipaje.<br \/>\nEl port\u00f3n del maletero se controla totalmente a distancia, utilizando tanto el pie como el transmisor de mano.      <\/p>\n<h2>Transmisi\u00f3n Mitsubishi Outlander PHEV<\/h2>\n<p>El Outlander PHEV se ha perfeccionado y la cadena cinem\u00e1tica h\u00edbrida enchufable se ha redise\u00f1ado por completo.<br \/>\nLa cadena cinem\u00e1tica consta de un motor de gasolina de cuatro cilindros, dos motores el\u00e9ctricos, una bater\u00eda de iones de litio m\u00e1s grande y una transmisi\u00f3n por cable.<br \/>\nLa potencia es un 36% superior a la de la generaci\u00f3n anterior del Outlander PHEV.  <\/p>\n<p>El motor el\u00e9ctrico delantero entrega 85 kW (116 CV) de potencia y 255 Nm de par; el trasero, 100 kW (136 CV) y 195 Nm.<br \/>\nEste \u00faltimo tiene una unidad de control del motor integrada, por lo que ocupa menos espacio.<br \/>\nLa bater\u00eda tiene una capacidad de 22,7 kWh, lo que permite al nuevo Outlander PHEV circular en modo EV durante m\u00e1s tiempo sin ayuda del motor de gasolina.<br \/>\nSeg\u00fan la prueba oficial WLTP, la autonom\u00eda en modo el\u00e9ctrico es de 86 kil\u00f3metros.   <\/p>\n<p>El motor de combustible es un motor redise\u00f1ado basado en el Outlander de la generaci\u00f3n anterior: 2.360 cm3, diecis\u00e9is v\u00e1lvulas y DOHC.<br \/>\nLa recirculaci\u00f3n de los gases de escape, los canales de refrigeraci\u00f3n ampliados y el colector de escape integrado son nuevos para reducir el consumo de combustible y mejorar las prestaciones.<br \/>\nEl motor de gasolina de 136 CV (100 kW) y 203 Nm trabaja suavemente con los motores el\u00e9ctricos de la cadena cinem\u00e1tica para ofrecer una experiencia de conducci\u00f3n din\u00e1mica y sin tirones.<br \/>\nLa potencia del sistema es de 225 kW (302 CV).<br \/>\nEl aumento de potencia permite acelerar de 0 a 100 km\/h en s\u00f3lo 7,9 segundos.<br \/>\nEl dep\u00f3sito de gasolina se ha aumentado a 53 litros, con lo que la autonom\u00eda total es a\u00fan mayor cuando se combinan la conducci\u00f3n el\u00e9ctrica y la h\u00edbrida.     <\/p>\n<h2>Bomba de calor y V2H<\/h2>\n<p>El Outlander PHEV tambi\u00e9n est\u00e1 equipado con una bomba de calor, que reduce el consumo el\u00e9ctrico incluso cuando el climatizador est\u00e1 activo.<br \/>\nLa bomba de calor tambi\u00e9n contribuye a aumentar la autonom\u00eda el\u00e9ctrica, incluso en climas fr\u00edos.<br \/>\nEl Outlander PHEV tambi\u00e9n est\u00e1 equipado con una funci\u00f3n de carga r\u00e1pida.<br \/>\nSe trata del Tipo 2 como conexi\u00f3n CHAdeMO.<br \/>\nPara integrar plenamente el Outlander PHEV en la vida del usuario, es capaz de suministrar energ\u00eda al hogar si es necesario (del veh\u00edculo al hogar).    <\/p>\n<h2>Muchas opciones<\/h2>\n<p>El Outlander PHEV tiene varios modos de conducci\u00f3n.<br \/>\nPiensa en modo EV, modo H\u00edbrido en Serie y modo H\u00edbrido en Paralelo.<br \/>\nLas diferencias:  <\/p>\n<ul>\n<li>Modo EV: conducci\u00f3n puramente el\u00e9ctrica a velocidades bajas y medias<\/li>\n<li>Modo h\u00edbrido en serie: el motor de gasolina genera electricidad cuando es necesario, por ejemplo, al acelerar cuesta arriba<\/li>\n<li>Modo h\u00edbrido paralelo: el motor el\u00e9ctrico y el motor de combusti\u00f3n trabajan juntos a alta velocidad constante<\/li>\n<\/ul>\n<p>Adem\u00e1s, el conductor tambi\u00e9n puede controlar manualmente c\u00f3mo utiliza la energ\u00eda el Outlander PHEV mediante cuatro opciones f\u00e1cilmente seleccionables:<\/p>\n<ul>\n<li>Normal: optimiza autom\u00e1ticamente la conducci\u00f3n EV\/H\u00edbrida<\/li>\n<li>EV: conducci\u00f3n totalmente el\u00e9ctrica, cuando el nivel de carga de la bater\u00eda es suficiente<\/li>\n<li>Ahorro: da prioridad a mantener el nivel de carga de la bater\u00eda<\/li>\n<li>Carga: carga la bater\u00eda<\/li>\n<\/ul>\n<p>Por \u00faltimo, el Outlander PHEV ofrece siete modos de conducci\u00f3n: Normal, Eco, Power, Asfalto, Grava, Nieve y Barro.<br \/>\nCada modo se selecciona f\u00e1cilmente mediante el dial central del interior. <\/p>\n<h2>Ocho a\u00f1os de garant\u00eda<\/h2>\n<p>Como todos los coches Mitsubishi, el nuevo Outlander PHEV incluye el Compromiso de Servicio Mitsubishi en Holanda.<br \/>\nAs\u00ed que tienes ocho a\u00f1os hasta 160.000 km de garant\u00eda y ocho a\u00f1os de asistencia en carretera (Paquete de Asistencia Mitsubishi).<br \/>\nTambi\u00e9n incluye doce a\u00f1os de garant\u00eda anticorrosi\u00f3n y ocho a\u00f1os\/160.000 km de garant\u00eda de la bater\u00eda.  <\/p>\n<div class=\"galery shuffle galery-0\">\n<figure>\n\t\t\t\t\t<span style=\"cursor: pointer\" data-src=\"https:\/\/autorai.nl\/wp-content\/uploads\/2024\/10\/mitsubishi-outlander-phev-2024-europa-foto1-1600x1067.jpg\" data-fancybox=\"galery-0\" title=\"\"><br \/>\n\t\t\t\t\t\t\t<img decoding=\"async\" width=\"640\" height=\"480\" src=\"https:\/\/autorai.nl\/wp-content\/uploads\/2024\/10\/mitsubishi-outlander-phev-2024-europa-foto1-640x480.jpg\" class=\"attachment-medium size-medium\" alt=\"\" loading=\"lazy\"><i class=\"fa fa-search-plus\" aria-hidden=\"true\"><\/i><br \/>\n\t\t\t\t\t\t<\/span><br \/>\n\t\t\t\t\t<\/figure>\n<figure>\n\t\t\t\t\t<span style=\"cursor: pointer\" data-src=\"https:\/\/autorai.nl\/wp-content\/uploads\/2024\/10\/mitsubishi-outlander-phev-2024-europa-foto36-1600x1200.jpg\" data-fancybox=\"galery-0\" title=\"por defecto\"><br \/>\n\t\t\t\t\t\t\t<img decoding=\"async\" width=\"360\" height=\"270\" src=\"https:\/\/autorai.nl\/wp-content\/uploads\/2024\/10\/mitsubishi-outlander-phev-2024-europa-foto36-360x270.jpg\" class=\"attachment-small size-small\" alt=\"\" loading=\"lazy\"><i class=\"fa fa-search-plus\" aria-hidden=\"true\"><\/i><br \/>\n\t\t\t\t\t\t<\/span><br \/>\n\t\t\t\t\t<\/figure>\n<figure>\n\t\t\t\t\t<span style=\"cursor: pointer\" data-src=\"https:\/\/autorai.nl\/wp-content\/uploads\/2024\/10\/mitsubishi-outlander-phev-2024-europa-foto35-1600x1200.jpg\" data-fancybox=\"galery-0\" title=\"por defecto\"><br \/>\n\t\t\t\t\t\t\t<img decoding=\"async\" width=\"360\" height=\"270\" src=\"https:\/\/autorai.nl\/wp-content\/uploads\/2024\/10\/mitsubishi-outlander-phev-2024-europa-foto35-360x270.jpg\" class=\"attachment-small size-small\" alt=\"\" loading=\"lazy\"><i class=\"fa fa-search-plus\" aria-hidden=\"true\"><\/i><br \/>\n\t\t\t\t\t\t<\/span><br \/>\n\t\t\t\t\t<\/figure>\n<figure>\n\t\t\t\t\t<span style=\"cursor: pointer\" data-src=\"https:\/\/autorai.nl\/wp-content\/uploads\/2024\/10\/mitsubishi-outlander-phev-2024-europa-foto34-1600x1067.jpg\" data-fancybox=\"galery-0\" title=\"\"><br \/>\n\t\t\t\t\t\t\t<img decoding=\"async\" width=\"640\" height=\"480\" src=\"https:\/\/autorai.nl\/wp-content\/uploads\/2024\/10\/mitsubishi-outlander-phev-2024-europa-foto34-640x480.jpg\" class=\"attachment-medium size-medium\" alt=\"\" loading=\"lazy\"><i class=\"fa fa-search-plus\" aria-hidden=\"true\"><\/i><br \/>\n\t\t\t\t\t\t<\/span><br \/>\n\t\t\t\t\t<\/figure>\n<figure>\n\t\t\t\t\t<span style=\"cursor: pointer\" data-src=\"https:\/\/autorai.nl\/wp-content\/uploads\/2024\/10\/mitsubishi-outlander-phev-2024-europa-foto33-1600x1013.jpg\" data-fancybox=\"galery-0\" title=\"\"><br \/>\n\t\t\t\t\t\t\t<img decoding=\"async\" width=\"360\" height=\"270\" src=\"https:\/\/autorai.nl\/wp-content\/uploads\/2024\/10\/mitsubishi-outlander-phev-2024-europa-foto33-360x270.jpg\" class=\"attachment-small size-small\" alt=\"Mitsubishi Outlander PHEV 2024\" loading=\"lazy\"><i class=\"fa fa-search-plus\" aria-hidden=\"true\"><\/i><br \/>\n\t\t\t\t\t\t<\/span><br \/>\n\t\t\t\t\t<\/figure>\n<figure>\n\t\t\t\t\t<span style=\"cursor: pointer\" data-src=\"https:\/\/autorai.nl\/wp-content\/uploads\/2024\/10\/mitsubishi-outlander-phev-2024-europa-foto32-1600x1067.jpg\" data-fancybox=\"galery-0\" title=\"\"><br \/>\n\t\t\t\t\t\t\t<img decoding=\"async\" width=\"360\" height=\"270\" src=\"https:\/\/autorai.nl\/wp-content\/uploads\/2024\/10\/mitsubishi-outlander-phev-2024-europa-foto32-360x270.jpg\" class=\"attachment-small size-small\" alt=\"\" loading=\"lazy\"><i class=\"fa fa-search-plus\" aria-hidden=\"true\"><\/i><br \/>\n\t\t\t\t\t\t<\/span><br \/>\n\t\t\t\t\t<\/figure>\n<figure>\n\t\t\t\t\t<span style=\"cursor: pointer\" data-src=\"https:\/\/autorai.nl\/wp-content\/uploads\/2024\/10\/mitsubishi-outlander-phev-2024-europa-foto31-1600x1067.jpg\" data-fancybox=\"galery-0\" title=\"\"><br \/>\n\t\t\t\t\t\t\t<img decoding=\"async\" width=\"640\" height=\"480\" src=\"https:\/\/autorai.nl\/wp-content\/uploads\/2024\/10\/mitsubishi-outlander-phev-2024-europa-foto31-640x480.jpg\" class=\"attachment-medium size-medium\" alt=\"\" loading=\"lazy\"><i class=\"fa fa-search-plus\" aria-hidden=\"true\"><\/i><br \/>\n\t\t\t\t\t\t<\/span><br \/>\n\t\t\t\t\t<\/figure>\n<figure>\n\t\t\t\t\t<span style=\"cursor: pointer\" data-src=\"https:\/\/autorai.nl\/wp-content\/uploads\/2024\/10\/mitsubishi-outlander-phev-2024-europa-foto30-1600x1067.jpg\" data-fancybox=\"galery-0\" title=\"\"><br \/>\n\t\t\t\t\t\t\t<img decoding=\"async\" width=\"360\" height=\"270\" src=\"https:\/\/autorai.nl\/wp-content\/uploads\/2024\/10\/mitsubishi-outlander-phev-2024-europa-foto30-360x270.jpg\" class=\"attachment-small size-small\" alt=\"\" loading=\"lazy\"><i class=\"fa fa-search-plus\" aria-hidden=\"true\"><\/i><br \/>\n\t\t\t\t\t\t<\/span><br \/>\n\t\t\t\t\t<\/figure>\n<figure>\n\t\t\t\t\t<span style=\"cursor: pointer\" data-src=\"https:\/\/autorai.nl\/wp-content\/uploads\/2024\/10\/mitsubishi-outlander-phev-2024-europa-foto29-1600x1067.jpg\" data-fancybox=\"galery-0\" title=\"\"><br \/>\n\t\t\t\t\t\t\t<img decoding=\"async\" width=\"360\" height=\"270\" src=\"https:\/\/autorai.nl\/wp-content\/uploads\/2024\/10\/mitsubishi-outlander-phev-2024-europa-foto29-360x270.jpg\" class=\"attachment-small size-small\" alt=\"\" loading=\"lazy\"><i class=\"fa fa-search-plus\" aria-hidden=\"true\"><\/i><br \/>\n\t\t\t\t\t\t<\/span><br \/>\n\t\t\t\t\t<\/figure>\n<figure>\n\t\t\t\t\t<span style=\"cursor: pointer\" data-src=\"https:\/\/autorai.nl\/wp-content\/uploads\/2024\/10\/mitsubishi-outlander-phev-2024-europa-foto28-1600x1067.jpg\" data-fancybox=\"galery-0\" title=\"\"><br \/>\n\t\t\t\t\t\t\t<img decoding=\"async\" width=\"640\" height=\"480\" src=\"https:\/\/autorai.nl\/wp-content\/uploads\/2024\/10\/mitsubishi-outlander-phev-2024-europa-foto28-640x480.jpg\" class=\"attachment-medium size-medium\" alt=\"\" loading=\"lazy\"><i class=\"fa fa-search-plus\" aria-hidden=\"true\"><\/i><br \/>\n\t\t\t\t\t\t<\/span><br \/>\n\t\t\t\t\t<\/figure>\n<figure>\n\t\t\t\t\t<span style=\"cursor: pointer\" data-src=\"https:\/\/autorai.nl\/wp-content\/uploads\/2024\/10\/mitsubishi-outlander-phev-2024-europa-foto27-1600x1067.jpg\" data-fancybox=\"galery-0\" title=\"\"><br \/>\n\t\t\t\t\t\t\t<img decoding=\"async\" width=\"360\" height=\"270\" src=\"https:\/\/autorai.nl\/wp-content\/uploads\/2024\/10\/mitsubishi-outlander-phev-2024-europa-foto27-360x270.jpg\" class=\"attachment-small size-small\" alt=\"\" loading=\"lazy\"><i class=\"fa fa-search-plus\" aria-hidden=\"true\"><\/i><br \/>\n\t\t\t\t\t\t<\/span><br \/>\n\t\t\t\t\t<\/figure>\n<figure>\n\t\t\t\t\t<span style=\"cursor: pointer\" data-src=\"https:\/\/autorai.nl\/wp-content\/uploads\/2024\/10\/mitsubishi-outlander-phev-2024-europa-foto26-1600x1067.jpg\" data-fancybox=\"galery-0\" title=\"\"><br \/>\n\t\t\t\t\t\t\t<img decoding=\"async\" width=\"360\" height=\"270\" src=\"https:\/\/autorai.nl\/wp-content\/uploads\/2024\/10\/mitsubishi-outlander-phev-2024-europa-foto26-360x270.jpg\" class=\"attachment-small size-small\" alt=\"\" loading=\"lazy\"><i class=\"fa fa-search-plus\" aria-hidden=\"true\"><\/i><br \/>\n\t\t\t\t\t\t<\/span><br \/>\n\t\t\t\t\t<\/figure>\n<figure>\n\t\t\t\t\t<span style=\"cursor: pointer\" data-src=\"https:\/\/autorai.nl\/wp-content\/uploads\/2024\/10\/mitsubishi-outlander-phev-2024-europa-foto25-1600x1067.jpg\" data-fancybox=\"galery-0\" title=\"\"><br \/>\n\t\t\t\t\t\t\t<img decoding=\"async\" width=\"640\" height=\"480\" src=\"https:\/\/autorai.nl\/wp-content\/uploads\/2024\/10\/mitsubishi-outlander-phev-2024-europa-foto25-640x480.jpg\" class=\"attachment-medium size-medium\" alt=\"\" loading=\"lazy\"><i class=\"fa fa-search-plus\" aria-hidden=\"true\"><\/i><br \/>\n\t\t\t\t\t\t<\/span><br \/>\n\t\t\t\t\t<\/figure>\n<figure>\n\t\t\t\t\t<span style=\"cursor: pointer\" data-src=\"https:\/\/autorai.nl\/wp-content\/uploads\/2024\/10\/mitsubishi-outlander-phev-2024-europa-foto24-1600x1067.jpg\" data-fancybox=\"galery-0\" title=\"\"><br \/>\n\t\t\t\t\t\t\t<img decoding=\"async\" width=\"360\" height=\"270\" src=\"https:\/\/autorai.nl\/wp-content\/uploads\/2024\/10\/mitsubishi-outlander-phev-2024-europa-foto24-360x270.jpg\" class=\"attachment-small size-small\" alt=\"\" loading=\"lazy\"><i class=\"fa fa-search-plus\" aria-hidden=\"true\"><\/i><br \/>\n\t\t\t\t\t\t<\/span><br \/>\n\t\t\t\t\t<\/figure>\n<figure>\n\t\t\t\t\t<span style=\"cursor: pointer\" data-src=\"https:\/\/autorai.nl\/wp-content\/uploads\/2024\/10\/mitsubishi-outlander-phev-2024-europa-foto23-1600x1067.jpg\" data-fancybox=\"galery-0\" title=\"\"><br \/>\n\t\t\t\t\t\t\t<img decoding=\"async\" width=\"360\" height=\"270\" src=\"https:\/\/autorai.nl\/wp-content\/uploads\/2024\/10\/mitsubishi-outlander-phev-2024-europa-foto23-360x270.jpg\" class=\"attachment-small size-small\" alt=\"\" loading=\"lazy\"><i class=\"fa fa-search-plus\" aria-hidden=\"true\"><\/i><br \/>\n\t\t\t\t\t\t<\/span><br \/>\n\t\t\t\t\t<\/figure>\n<figure>\n\t\t\t\t\t<span style=\"cursor: pointer\" data-src=\"https:\/\/autorai.nl\/wp-content\/uploads\/2024\/10\/mitsubishi-outlander-phev-2024-europa-foto22-1600x1067.jpg\" data-fancybox=\"galery-0\" title=\"\"><br \/>\n\t\t\t\t\t\t\t<img decoding=\"async\" width=\"640\" height=\"480\" src=\"https:\/\/autorai.nl\/wp-content\/uploads\/2024\/10\/mitsubishi-outlander-phev-2024-europa-foto22-640x480.jpg\" class=\"attachment-medium size-medium\" alt=\"\" loading=\"lazy\"><i class=\"fa fa-search-plus\" aria-hidden=\"true\"><\/i><br \/>\n\t\t\t\t\t\t<\/span><br \/>\n\t\t\t\t\t<\/figure>\n<figure>\n\t\t\t\t\t<span style=\"cursor: pointer\" data-src=\"https:\/\/autorai.nl\/wp-content\/uploads\/2024\/10\/mitsubishi-outlander-phev-2024-europa-foto21-1600x1067.jpg\" data-fancybox=\"galery-0\" title=\"\"><br \/>\n\t\t\t\t\t\t\t<img decoding=\"async\" width=\"360\" height=\"270\" src=\"https:\/\/autorai.nl\/wp-content\/uploads\/2024\/10\/mitsubishi-outlander-phev-2024-europa-foto21-360x270.jpg\" class=\"attachment-small size-small\" alt=\"\" loading=\"lazy\"><i class=\"fa fa-search-plus\" aria-hidden=\"true\"><\/i><br \/>\n\t\t\t\t\t\t<\/span><br \/>\n\t\t\t\t\t<\/figure>\n<figure>\n\t\t\t\t\t<span style=\"cursor: pointer\" data-src=\"https:\/\/autorai.nl\/wp-content\/uploads\/2024\/10\/mitsubishi-outlander-phev-2024-europa-foto20-1600x1067.jpg\" data-fancybox=\"galery-0\" title=\"\"><br \/>\n\t\t\t\t\t\t\t<img decoding=\"async\" width=\"360\" height=\"270\" src=\"https:\/\/autorai.nl\/wp-content\/uploads\/2024\/10\/mitsubishi-outlander-phev-2024-europa-foto20-360x270.jpg\" class=\"attachment-small size-small\" alt=\"\" loading=\"lazy\"><i class=\"fa fa-search-plus\" aria-hidden=\"true\"><\/i><br \/>\n\t\t\t\t\t\t<\/span><br \/>\n\t\t\t\t\t<\/figure>\n<figure>\n\t\t\t\t\t<span style=\"cursor: pointer\" data-src=\"https:\/\/autorai.nl\/wp-content\/uploads\/2024\/10\/mitsubishi-outlander-phev-2024-europa-foto19-1600x1067.jpg\" data-fancybox=\"galery-0\" title=\"\"><br \/>\n\t\t\t\t\t\t\t<img decoding=\"async\" width=\"640\" height=\"480\" src=\"https:\/\/autorai.nl\/wp-content\/uploads\/2024\/10\/mitsubishi-outlander-phev-2024-europa-foto19-640x480.jpg\" class=\"attachment-medium size-medium\" alt=\"\" loading=\"lazy\"><i class=\"fa fa-search-plus\" aria-hidden=\"true\"><\/i><br \/>\n\t\t\t\t\t\t<\/span><br \/>\n\t\t\t\t\t<\/figure>\n<figure>\n\t\t\t\t\t<span style=\"cursor: pointer\" data-src=\"https:\/\/autorai.nl\/wp-content\/uploads\/2024\/10\/mitsubishi-outlander-phev-2024-europa-foto18-1600x1067.jpg\" data-fancybox=\"galery-0\" title=\"\"><br \/>\n\t\t\t\t\t\t\t<img decoding=\"async\" width=\"360\" height=\"270\" src=\"https:\/\/autorai.nl\/wp-content\/uploads\/2024\/10\/mitsubishi-outlander-phev-2024-europa-foto18-360x270.jpg\" class=\"attachment-small size-small\" alt=\"\" loading=\"lazy\"><i class=\"fa fa-search-plus\" aria-hidden=\"true\"><\/i><br \/>\n\t\t\t\t\t\t<\/span><br \/>\n\t\t\t\t\t<\/figure>\n<figure>\n\t\t\t\t\t<span style=\"cursor: pointer\" data-src=\"https:\/\/autorai.nl\/wp-content\/uploads\/2024\/10\/mitsubishi-outlander-phev-2024-europa-foto17-1600x1067.jpg\" data-fancybox=\"galery-0\" title=\"\"><br \/>\n\t\t\t\t\t\t\t<img decoding=\"async\" width=\"360\" height=\"270\" src=\"https:\/\/autorai.nl\/wp-content\/uploads\/2024\/10\/mitsubishi-outlander-phev-2024-europa-foto17-360x270.jpg\" class=\"attachment-small size-small\" alt=\"\" loading=\"lazy\"><i class=\"fa fa-search-plus\" aria-hidden=\"true\"><\/i><br \/>\n\t\t\t\t\t\t<\/span><br \/>\n\t\t\t\t\t<\/figure>\n<figure>\n\t\t\t\t\t<span style=\"cursor: pointer\" data-src=\"https:\/\/autorai.nl\/wp-content\/uploads\/2024\/10\/mitsubishi-outlander-phev-2024-europa-foto16-1600x1067.jpg\" data-fancybox=\"galery-0\" title=\"\"><br \/>\n\t\t\t\t\t\t\t<img decoding=\"async\" width=\"640\" height=\"480\" src=\"https:\/\/autorai.nl\/wp-content\/uploads\/2024\/10\/mitsubishi-outlander-phev-2024-europa-foto16-640x480.jpg\" class=\"attachment-medium size-medium\" alt=\"\" loading=\"lazy\"><i class=\"fa fa-search-plus\" aria-hidden=\"true\"><\/i><br \/>\n\t\t\t\t\t\t<\/span><br \/>\n\t\t\t\t\t<\/figure>\n<figure>\n\t\t\t\t\t<span style=\"cursor: pointer\" data-src=\"https:\/\/autorai.nl\/wp-content\/uploads\/2024\/10\/mitsubishi-outlander-phev-2024-europa-foto15-1600x1067.jpg\" data-fancybox=\"galery-0\" title=\"\"><br \/>\n\t\t\t\t\t\t\t<img decoding=\"async\" width=\"360\" height=\"270\" src=\"https:\/\/autorai.nl\/wp-content\/uploads\/2024\/10\/mitsubishi-outlander-phev-2024-europa-foto15-360x270.jpg\" class=\"attachment-small size-small\" alt=\"\" loading=\"lazy\"><i class=\"fa fa-search-plus\" aria-hidden=\"true\"><\/i><br \/>\n\t\t\t\t\t\t<\/span><br \/>\n\t\t\t\t\t<\/figure>\n<figure>\n\t\t\t\t\t<span style=\"cursor: pointer\" data-src=\"https:\/\/autorai.nl\/wp-content\/uploads\/2024\/10\/mitsubishi-outlander-phev-2024-europa-foto14-1600x1084.jpg\" data-fancybox=\"galery-0\" title=\"\"><br \/>\n\t\t\t\t\t\t\t<img decoding=\"async\" width=\"360\" height=\"270\" src=\"https:\/\/autorai.nl\/wp-content\/uploads\/2024\/10\/mitsubishi-outlander-phev-2024-europa-foto14-360x270.jpg\" class=\"attachment-small size-small\" alt=\"\" loading=\"lazy\"><i class=\"fa fa-search-plus\" aria-hidden=\"true\"><\/i><br \/>\n\t\t\t\t\t\t<\/span><br \/>\n\t\t\t\t\t<\/figure>\n<figure>\n\t\t\t\t\t<span style=\"cursor: pointer\" data-src=\"https:\/\/autorai.nl\/wp-content\/uploads\/2024\/10\/mitsubishi-outlander-phev-2024-europa-foto13-1600x1067.jpg\" data-fancybox=\"galery-0\" title=\"\"><br \/>\n\t\t\t\t\t\t\t<img decoding=\"async\" width=\"640\" height=\"480\" src=\"https:\/\/autorai.nl\/wp-content\/uploads\/2024\/10\/mitsubishi-outlander-phev-2024-europa-foto13-640x480.jpg\" class=\"attachment-medium size-medium\" alt=\"\" loading=\"lazy\"><i class=\"fa fa-search-plus\" aria-hidden=\"true\"><\/i><br \/>\n\t\t\t\t\t\t<\/span><br \/>\n\t\t\t\t\t<\/figure>\n<figure>\n\t\t\t\t\t<span style=\"cursor: pointer\" data-src=\"https:\/\/autorai.nl\/wp-content\/uploads\/2024\/10\/mitsubishi-outlander-phev-2024-europa-foto12-1600x1067.jpg\" data-fancybox=\"galery-0\" title=\"\"><br \/>\n\t\t\t\t\t\t\t<img decoding=\"async\" width=\"360\" height=\"270\" src=\"https:\/\/autorai.nl\/wp-content\/uploads\/2024\/10\/mitsubishi-outlander-phev-2024-europa-foto12-360x270.jpg\" class=\"attachment-small size-small\" alt=\"\" loading=\"lazy\"><i class=\"fa fa-search-plus\" aria-hidden=\"true\"><\/i><br \/>\n\t\t\t\t\t\t<\/span><br \/>\n\t\t\t\t\t<\/figure>\n<figure>\n\t\t\t\t\t<span style=\"cursor: pointer\" data-src=\"https:\/\/autorai.nl\/wp-content\/uploads\/2024\/10\/mitsubishi-outlander-phev-2024-europa-foto11-1600x1067.jpg\" data-fancybox=\"galery-0\" title=\"\"><br \/>\n\t\t\t\t\t\t\t<img decoding=\"async\" width=\"360\" height=\"270\" src=\"https:\/\/autorai.nl\/wp-content\/uploads\/2024\/10\/mitsubishi-outlander-phev-2024-europa-foto11-360x270.jpg\" class=\"attachment-small size-small\" alt=\"\" loading=\"lazy\"><i class=\"fa fa-search-plus\" aria-hidden=\"true\"><\/i><br \/>\n\t\t\t\t\t\t<\/span><br \/>\n\t\t\t\t\t<\/figure>\n<figure>\n\t\t\t\t\t<span style=\"cursor: pointer\" data-src=\"https:\/\/autorai.nl\/wp-content\/uploads\/2024\/10\/mitsubishi-outlander-phev-2024-europa-foto10-1600x1067.jpg\" data-fancybox=\"galery-0\" title=\"\"><br \/>\n\t\t\t\t\t\t\t<img decoding=\"async\" width=\"640\" height=\"480\" src=\"https:\/\/autorai.nl\/wp-content\/uploads\/2024\/10\/mitsubishi-outlander-phev-2024-europa-foto10-640x480.jpg\" class=\"attachment-medium size-medium\" alt=\"\" loading=\"lazy\"><i class=\"fa fa-search-plus\" aria-hidden=\"true\"><\/i><br \/>\n\t\t\t\t\t\t<\/span><br \/>\n\t\t\t\t\t<\/figure>\n<figure>\n\t\t\t\t\t<span style=\"cursor: pointer\" data-src=\"https:\/\/autorai.nl\/wp-content\/uploads\/2024\/10\/mitsubishi-outlander-phev-2024-europa-foto9-1600x1067.jpg\" data-fancybox=\"galery-0\" title=\"\"><br \/>\n\t\t\t\t\t\t\t<img decoding=\"async\" width=\"360\" height=\"270\" src=\"https:\/\/autorai.nl\/wp-content\/uploads\/2024\/10\/mitsubishi-outlander-phev-2024-europa-foto9-360x270.jpg\" class=\"attachment-small size-small\" alt=\"\" loading=\"lazy\"><i class=\"fa fa-search-plus\" aria-hidden=\"true\"><\/i><br \/>\n\t\t\t\t\t\t<\/span><br \/>\n\t\t\t\t\t<\/figure>\n<figure>\n\t\t\t\t\t<span style=\"cursor: pointer\" data-src=\"https:\/\/autorai.nl\/wp-content\/uploads\/2024\/10\/mitsubishi-outlander-phev-2024-europa-foto8-1600x1018.jpg\" data-fancybox=\"galery-0\" title=\"\"><br \/>\n\t\t\t\t\t\t\t<img decoding=\"async\" width=\"360\" height=\"270\" src=\"https:\/\/autorai.nl\/wp-content\/uploads\/2024\/10\/mitsubishi-outlander-phev-2024-europa-foto8-360x270.jpg\" class=\"attachment-small size-small\" alt=\"\" loading=\"lazy\"><i class=\"fa fa-search-plus\" aria-hidden=\"true\"><\/i><br \/>\n\t\t\t\t\t\t<\/span><br \/>\n\t\t\t\t\t<\/figure>\n<figure>\n\t\t\t\t\t<span style=\"cursor: pointer\" data-src=\"https:\/\/autorai.nl\/wp-content\/uploads\/2024\/10\/mitsubishi-outlander-phev-2024-europa-foto7-1600x1067.jpg\" data-fancybox=\"galery-0\" title=\"\"><br \/>\n\t\t\t\t\t\t\t<img decoding=\"async\" width=\"640\" height=\"480\" src=\"https:\/\/autorai.nl\/wp-content\/uploads\/2024\/10\/mitsubishi-outlander-phev-2024-europa-foto7-640x480.jpg\" class=\"attachment-medium size-medium\" alt=\"\" loading=\"lazy\"><i class=\"fa fa-search-plus\" aria-hidden=\"true\"><\/i><br \/>\n\t\t\t\t\t\t<\/span><br \/>\n\t\t\t\t\t<\/figure>\n<figure>\n\t\t\t\t\t<span style=\"cursor: pointer\" data-src=\"https:\/\/autorai.nl\/wp-content\/uploads\/2024\/10\/mitsubishi-outlander-phev-2024-europa-foto6-1600x1067.jpg\" data-fancybox=\"galery-0\" title=\"\"><br \/>\n\t\t\t\t\t\t\t<img decoding=\"async\" width=\"360\" height=\"270\" src=\"https:\/\/autorai.nl\/wp-content\/uploads\/2024\/10\/mitsubishi-outlander-phev-2024-europa-foto6-360x270.jpg\" class=\"attachment-small size-small\" alt=\"\" loading=\"lazy\"><i class=\"fa fa-search-plus\" aria-hidden=\"true\"><\/i><br \/>\n\t\t\t\t\t\t<\/span><br \/>\n\t\t\t\t\t<\/figure>\n<figure>\n\t\t\t\t\t<span style=\"cursor: pointer\" data-src=\"https:\/\/autorai.nl\/wp-content\/uploads\/2024\/10\/mitsubishi-outlander-phev-2024-europa-foto5-1600x1018.jpg\" data-fancybox=\"galery-0\" title=\"\"><br \/>\n\t\t\t\t\t\t\t<img decoding=\"async\" width=\"360\" height=\"270\" src=\"https:\/\/autorai.nl\/wp-content\/uploads\/2024\/10\/mitsubishi-outlander-phev-2024-europa-foto5-360x270.jpg\" class=\"attachment-small size-small\" alt=\"\" loading=\"lazy\"><i class=\"fa fa-search-plus\" aria-hidden=\"true\"><\/i><br \/>\n\t\t\t\t\t\t<\/span><br \/>\n\t\t\t\t\t<\/figure>\n<figure>\n\t\t\t\t\t<span style=\"cursor: pointer\" data-src=\"https:\/\/autorai.nl\/wp-content\/uploads\/2024\/10\/mitsubishi-outlander-phev-2024-europa-foto4-1600x1067.jpg\" data-fancybox=\"galery-0\" title=\"\"><br \/>\n\t\t\t\t\t\t\t<img decoding=\"async\" width=\"640\" height=\"480\" src=\"https:\/\/autorai.nl\/wp-content\/uploads\/2024\/10\/mitsubishi-outlander-phev-2024-europa-foto4-640x480.jpg\" class=\"attachment-medium size-medium\" alt=\"\" loading=\"lazy\"><i class=\"fa fa-search-plus\" aria-hidden=\"true\"><\/i><br \/>\n\t\t\t\t\t\t<\/span><br \/>\n\t\t\t\t\t<\/figure>\n<figure>\n\t\t\t\t\t<span style=\"cursor: pointer\" data-src=\"https:\/\/autorai.nl\/wp-content\/uploads\/2024\/10\/mitsubishi-outlander-phev-2024-europa-foto3-1600x1067.jpg\" data-fancybox=\"galery-0\" title=\"\"><br \/>\n\t\t\t\t\t\t\t<img decoding=\"async\" width=\"360\" height=\"270\" src=\"https:\/\/autorai.nl\/wp-content\/uploads\/2024\/10\/mitsubishi-outlander-phev-2024-europa-foto3-360x270.jpg\" class=\"attachment-small size-small\" alt=\"\" loading=\"lazy\"><i class=\"fa fa-search-plus\" aria-hidden=\"true\"><\/i><br \/>\n\t\t\t\t\t\t<\/span><br \/>\n\t\t\t\t\t<\/figure>\n<figure>\n\t\t\t\t\t<span style=\"cursor: pointer\" data-src=\"https:\/\/autorai.nl\/wp-content\/uploads\/2024\/10\/mitsubishi-outlander-phev-2024-europa-foto2-1600x1067.jpg\" data-fancybox=\"galery-0\" title=\"\"><br \/>\n\t\t\t\t\t\t\t<img decoding=\"async\" width=\"360\" height=\"270\" src=\"https:\/\/autorai.nl\/wp-content\/uploads\/2024\/10\/mitsubishi-outlander-phev-2024-europa-foto2-360x270.jpg\" class=\"attachment-small size-small\" alt=\"\" loading=\"lazy\"><i class=\"fa fa-search-plus\" aria-hidden=\"true\"><\/i><br \/>\n\t\t\t\t\t\t<\/span><br \/>\n\t\t\t\t\t<\/figure>\n<div class=\"clear\"><\/div>\n<\/div>\n","protected":false},"excerpt":{"rendered":"Dise\u00f1o del Mitsubishi Outlander PHEV El nuevo Outlander PHEV mide 4.719 mm de longitud, 1.862 mm de anchura y 1.750&hellip;","protected":false},"author":0,"featured_media":148020,"comment_status":"","ping_status":"open","sticky":false,"template":"","format":"standard","meta":{"footnotes":""},"categories":[126],"tags":[],"class_list":["post-149393","post","type-post","status-publish","format-standard","has-post-thumbnail","hentry","category-noticias-de-autos"],"acf":[],"yoast_head":"<!-- This site is optimized with the Yoast SEO plugin v21.2 - https:\/\/yoast.com\/wordpress\/plugins\/seo\/ -->\n<title>El nuevo Mitsubishi Outlander PHEV ya tiene precio de salida - All cars news<\/title>\n<meta name=\"robots\" content=\"index, follow, max-snippet:-1, max-image-preview:large, max-video-preview:-1\" \/>\n<link rel=\"canonical\" href=\"https:\/\/all-car-news.com\/es\/el-nuevo-mitsubishi-outlander-phev-ya-tiene-precio-de-salida\/\" \/>\n<meta property=\"og:locale\" content=\"es_ES\" \/>\n<meta property=\"og:type\" content=\"article\" \/>\n<meta property=\"og:title\" content=\"El nuevo Mitsubishi Outlander PHEV ya tiene precio de salida - All cars news\" \/>\n<meta property=\"og:description\" content=\"Dise\u00f1o del Mitsubishi Outlander PHEV El nuevo Outlander PHEV mide 4.719 mm de longitud, 1.862 mm de anchura y 1.750 mm de altura. La distancia entre ejes es de 2.704 mm. El dise\u00f1o del Mitsubishi Outlander PHEV necesita pocas explicaciones. El coche parece duro y como un Mitsubishi t\u00edpico, con el dise\u00f1o frontal Dynamic Shield especialmente llamativo.  Hay [...]\" \/>\n<meta property=\"og:url\" content=\"https:\/\/all-car-news.com\/es\/el-nuevo-mitsubishi-outlander-phev-ya-tiene-precio-de-salida\/\" \/>\n<meta property=\"og:site_name\" content=\"All cars news\" \/>\n<meta property=\"article:published_time\" content=\"2024-10-02T10:09:17+00:00\" \/>\n<meta property=\"og:image\" content=\"https:\/\/autorai.nl\/wp-content\/uploads\/2024\/10\/mitsubishi-outlander-phev-2024-europa-foto1-640x480.jpg\" \/>\n<meta name=\"twitter:card\" content=\"summary_large_image\" \/>\n<meta name=\"twitter:label1\" content=\"Tiempo de lectura\" \/>\n\t<meta name=\"twitter:data1\" content=\"5 minutos\" \/>\n<script type=\"application\/ld+json\" class=\"yoast-schema-graph\">{\"@context\":\"https:\/\/schema.org\",\"@graph\":[{\"@type\":\"Article\",\"@id\":\"https:\/\/all-car-news.com\/es\/el-nuevo-mitsubishi-outlander-phev-ya-tiene-precio-de-salida\/#article\",\"isPartOf\":{\"@id\":\"https:\/\/all-car-news.com\/es\/el-nuevo-mitsubishi-outlander-phev-ya-tiene-precio-de-salida\/\"},\"author\":{\"name\":\"\",\"@id\":\"\"},\"headline\":\"El nuevo Mitsubishi Outlander PHEV ya tiene precio de salida\",\"datePublished\":\"2024-10-02T10:09:17+00:00\",\"dateModified\":\"2024-10-02T10:09:17+00:00\",\"mainEntityOfPage\":{\"@id\":\"https:\/\/all-car-news.com\/es\/el-nuevo-mitsubishi-outlander-phev-ya-tiene-precio-de-salida\/\"},\"wordCount\":1039,\"publisher\":{\"@id\":\"https:\/\/all-car-news.com\/es\/#organization\"},\"articleSection\":[\"noticias de autos\"],\"inLanguage\":\"es\"},{\"@type\":\"WebPage\",\"@id\":\"https:\/\/all-car-news.com\/es\/el-nuevo-mitsubishi-outlander-phev-ya-tiene-precio-de-salida\/\",\"url\":\"https:\/\/all-car-news.com\/es\/el-nuevo-mitsubishi-outlander-phev-ya-tiene-precio-de-salida\/\",\"name\":\"El nuevo Mitsubishi Outlander PHEV ya tiene precio de salida - All cars news\",\"isPartOf\":{\"@id\":\"https:\/\/all-car-news.com\/es\/#website\"},\"datePublished\":\"2024-10-02T10:09:17+00:00\",\"dateModified\":\"2024-10-02T10:09:17+00:00\",\"breadcrumb\":{\"@id\":\"https:\/\/all-car-news.com\/es\/el-nuevo-mitsubishi-outlander-phev-ya-tiene-precio-de-salida\/#breadcrumb\"},\"inLanguage\":\"es\",\"potentialAction\":[{\"@type\":\"ReadAction\",\"target\":[\"https:\/\/all-car-news.com\/es\/el-nuevo-mitsubishi-outlander-phev-ya-tiene-precio-de-salida\/\"]}]},{\"@type\":\"BreadcrumbList\",\"@id\":\"https:\/\/all-car-news.com\/es\/el-nuevo-mitsubishi-outlander-phev-ya-tiene-precio-de-salida\/#breadcrumb\",\"itemListElement\":[{\"@type\":\"ListItem\",\"position\":1,\"name\":\"Home\",\"item\":\"https:\/\/all-car-news.com\/es\/\"},{\"@type\":\"ListItem\",\"position\":2,\"name\":\"El nuevo Mitsubishi Outlander PHEV ya tiene precio de salida\"}]},{\"@type\":\"WebSite\",\"@id\":\"https:\/\/all-car-news.com\/es\/#website\",\"url\":\"https:\/\/all-car-news.com\/es\/\",\"name\":\"All cars news\",\"description\":\"\",\"publisher\":{\"@id\":\"https:\/\/all-car-news.com\/es\/#organization\"},\"potentialAction\":[{\"@type\":\"SearchAction\",\"target\":{\"@type\":\"EntryPoint\",\"urlTemplate\":\"https:\/\/all-car-news.com\/es\/?s={search_term_string}\"},\"query-input\":\"required name=search_term_string\"}],\"inLanguage\":\"es\"},{\"@type\":\"Organization\",\"@id\":\"https:\/\/all-car-news.com\/es\/#organization\",\"name\":\"All cars news\",\"url\":\"https:\/\/all-car-news.com\/es\/\",\"logo\":{\"@type\":\"ImageObject\",\"inLanguage\":\"es\",\"@id\":\"https:\/\/all-car-news.com\/es\/#\/schema\/logo\/image\/\",\"url\":\"https:\/\/all-car-news.com\/wp-content\/uploads\/2022\/02\/CMYK-AllCarNews_LANDSCAPE_300px-1.png\",\"contentUrl\":\"https:\/\/all-car-news.com\/wp-content\/uploads\/2022\/02\/CMYK-AllCarNews_LANDSCAPE_300px-1.png\",\"width\":300,\"height\":100,\"caption\":\"All cars news\"},\"image\":{\"@id\":\"https:\/\/all-car-news.com\/es\/#\/schema\/logo\/image\/\"}}]}<\/script>\n<!-- \/ Yoast SEO plugin. -->","yoast_head_json":{"title":"El nuevo Mitsubishi Outlander PHEV ya tiene precio de salida - All cars news","robots":{"index":"index","follow":"follow","max-snippet":"max-snippet:-1","max-image-preview":"max-image-preview:large","max-video-preview":"max-video-preview:-1"},"canonical":"https:\/\/all-car-news.com\/es\/el-nuevo-mitsubishi-outlander-phev-ya-tiene-precio-de-salida\/","og_locale":"es_ES","og_type":"article","og_title":"El nuevo Mitsubishi Outlander PHEV ya tiene precio de salida - All cars news","og_description":"Dise\u00f1o del Mitsubishi Outlander PHEV El nuevo Outlander PHEV mide 4.719 mm de longitud, 1.862 mm de anchura y 1.750 mm de altura. La distancia entre ejes es de 2.704 mm. El dise\u00f1o del Mitsubishi Outlander PHEV necesita pocas explicaciones. El coche parece duro y como un Mitsubishi t\u00edpico, con el dise\u00f1o frontal Dynamic Shield especialmente llamativo.  Hay [...]","og_url":"https:\/\/all-car-news.com\/es\/el-nuevo-mitsubishi-outlander-phev-ya-tiene-precio-de-salida\/","og_site_name":"All cars news","article_published_time":"2024-10-02T10:09:17+00:00","og_image":[{"url":"https:\/\/autorai.nl\/wp-content\/uploads\/2024\/10\/mitsubishi-outlander-phev-2024-europa-foto1-640x480.jpg"}],"twitter_card":"summary_large_image","twitter_misc":{"Tiempo de lectura":"5 minutos"},"schema":{"@context":"https:\/\/schema.org","@graph":[{"@type":"Article","@id":"https:\/\/all-car-news.com\/es\/el-nuevo-mitsubishi-outlander-phev-ya-tiene-precio-de-salida\/#article","isPartOf":{"@id":"https:\/\/all-car-news.com\/es\/el-nuevo-mitsubishi-outlander-phev-ya-tiene-precio-de-salida\/"},"author":{"name":"","@id":""},"headline":"El nuevo Mitsubishi Outlander PHEV ya tiene precio de salida","datePublished":"2024-10-02T10:09:17+00:00","dateModified":"2024-10-02T10:09:17+00:00","mainEntityOfPage":{"@id":"https:\/\/all-car-news.com\/es\/el-nuevo-mitsubishi-outlander-phev-ya-tiene-precio-de-salida\/"},"wordCount":1039,"publisher":{"@id":"https:\/\/all-car-news.com\/es\/#organization"},"articleSection":["noticias de autos"],"inLanguage":"es"},{"@type":"WebPage","@id":"https:\/\/all-car-news.com\/es\/el-nuevo-mitsubishi-outlander-phev-ya-tiene-precio-de-salida\/","url":"https:\/\/all-car-news.com\/es\/el-nuevo-mitsubishi-outlander-phev-ya-tiene-precio-de-salida\/","name":"El nuevo Mitsubishi Outlander PHEV ya tiene precio de salida - All cars news","isPartOf":{"@id":"https:\/\/all-car-news.com\/es\/#website"},"datePublished":"2024-10-02T10:09:17+00:00","dateModified":"2024-10-02T10:09:17+00:00","breadcrumb":{"@id":"https:\/\/all-car-news.com\/es\/el-nuevo-mitsubishi-outlander-phev-ya-tiene-precio-de-salida\/#breadcrumb"},"inLanguage":"es","potentialAction":[{"@type":"ReadAction","target":["https:\/\/all-car-news.com\/es\/el-nuevo-mitsubishi-outlander-phev-ya-tiene-precio-de-salida\/"]}]},{"@type":"BreadcrumbList","@id":"https:\/\/all-car-news.com\/es\/el-nuevo-mitsubishi-outlander-phev-ya-tiene-precio-de-salida\/#breadcrumb","itemListElement":[{"@type":"ListItem","position":1,"name":"Home","item":"https:\/\/all-car-news.com\/es\/"},{"@type":"ListItem","position":2,"name":"El nuevo Mitsubishi Outlander PHEV ya tiene precio de salida"}]},{"@type":"WebSite","@id":"https:\/\/all-car-news.com\/es\/#website","url":"https:\/\/all-car-news.com\/es\/","name":"All cars news","description":"","publisher":{"@id":"https:\/\/all-car-news.com\/es\/#organization"},"potentialAction":[{"@type":"SearchAction","target":{"@type":"EntryPoint","urlTemplate":"https:\/\/all-car-news.com\/es\/?s={search_term_string}"},"query-input":"required name=search_term_string"}],"inLanguage":"es"},{"@type":"Organization","@id":"https:\/\/all-car-news.com\/es\/#organization","name":"All cars news","url":"https:\/\/all-car-news.com\/es\/","logo":{"@type":"ImageObject","inLanguage":"es","@id":"https:\/\/all-car-news.com\/es\/#\/schema\/logo\/image\/","url":"https:\/\/all-car-news.com\/wp-content\/uploads\/2022\/02\/CMYK-AllCarNews_LANDSCAPE_300px-1.png","contentUrl":"https:\/\/all-car-news.com\/wp-content\/uploads\/2022\/02\/CMYK-AllCarNews_LANDSCAPE_300px-1.png","width":300,"height":100,"caption":"All cars news"},"image":{"@id":"https:\/\/all-car-news.com\/es\/#\/schema\/logo\/image\/"}}]}},"_links":{"self":[{"href":"https:\/\/all-car-news.com\/es\/wp-json\/wp\/v2\/posts\/149393","targetHints":{"allow":["GET"]}}],"collection":[{"href":"https:\/\/all-car-news.com\/es\/wp-json\/wp\/v2\/posts"}],"about":[{"href":"https:\/\/all-car-news.com\/es\/wp-json\/wp\/v2\/types\/post"}],"replies":[{"embeddable":true,"href":"https:\/\/all-car-news.com\/es\/wp-json\/wp\/v2\/comments?post=149393"}],"version-history":[{"count":0,"href":"https:\/\/all-car-news.com\/es\/wp-json\/wp\/v2\/posts\/149393\/revisions"}],"wp:featuredmedia":[{"embeddable":true,"href":"https:\/\/all-car-news.com\/es\/wp-json\/wp\/v2\/media\/148020"}],"wp:attachment":[{"href":"https:\/\/all-car-news.com\/es\/wp-json\/wp\/v2\/media?parent=149393"}],"wp:term":[{"taxonomy":"category","embeddable":true,"href":"https:\/\/all-car-news.com\/es\/wp-json\/wp\/v2\/categories?post=149393"},{"taxonomy":"post_tag","embeddable":true,"href":"https:\/\/all-car-news.com\/es\/wp-json\/wp\/v2\/tags?post=149393"}],"curies":[{"name":"wp","href":"https:\/\/api.w.org\/{rel}","templated":true}]}}