{"id":149321,"date":"2024-09-16T15:31:03","date_gmt":"2024-09-16T15:31:03","guid":{"rendered":"https:\/\/all-car-news.com\/vehiculos-comerciales-kia-mas-informacion-sobre-la-garantia-y-las-opciones-de-recarga\/"},"modified":"2024-09-16T15:31:03","modified_gmt":"2024-09-16T15:31:03","slug":"vehiculos-comerciales-kia-mas-informacion-sobre-la-garantia-y-las-opciones-de-recarga","status":"publish","type":"post","link":"https:\/\/all-car-news.com\/es\/vehiculos-comerciales-kia-mas-informacion-sobre-la-garantia-y-las-opciones-de-recarga\/","title":{"rendered":"Veh\u00edculos comerciales Kia: m\u00e1s informaci\u00f3n sobre la garant\u00eda y las opciones de recarga"},"content":{"rendered":"<h2>Veh\u00edculos comerciales Kia a partir de 2025<\/h2>\n<p>Kia lanzar\u00e1 las primeras versiones de veh\u00edculos comerciales ligeros totalmente el\u00e9ctricos basados en una plataforma el\u00e9ctrica polivalente totalmente nueva en el verano de 2025.<br \/>\nEn Hannover, Kia mostrar\u00e1 los conceptos PV5, PV5 People Mover, PV5 High Roof y PV7.<br \/>\nLos PBV de Kia se basan en cuatro pilares: Conducir, Cargar, Conectar y Trabajar.<br \/>\nKia presentar\u00e1 novedades sobre todos los pilares en la IAA de Hannover.   <\/p>\n<h2>Plataforma Kia M\u00e1s All\u00e1 del Veh\u00edculo: Conduce<\/h2>\n<p>Kia ha desarrollado una plataforma de Veh\u00edculo El\u00e9ctrico de Bater\u00eda (VEB) que puede adaptarse a diferentes longitudes de batalla para conseguir f\u00e1cilmente una amplia gama de tama\u00f1os de veh\u00edculo y estilos de carrocer\u00eda.<br \/>\nEn la IAA de Hannover, Kia anunci\u00f3 que cada PBV tiene una garant\u00eda de siete a\u00f1os o 150.000 km.<br \/>\nLos conductores de PBV tambi\u00e9n pueden disfrutar de la experiencia de uso de la cabina multitarea, que cuenta con el apoyo de la IA e incluye un gran n\u00famero de compartimentos de almacenamiento.<br \/>\nAdem\u00e1s, la cabina puede convertirse f\u00e1cilmente en un espacio de trabajo m\u00f3vil cuando el veh\u00edculo est\u00e1 parado.   <\/p>\n<h2>Plataforma Kia M\u00e1s All\u00e1 del Veh\u00edculo: Carga<\/h2>\n<p>Los Kia PBV pueden utilizar la red Kia Charge, que proporciona acceso a m\u00e1s de 790.000 puntos de recarga en 28 pa\u00edses europeos.<br \/>\nTambi\u00e9n incluye la red IONITY, con m\u00e1s de 4.100 puntos de recarga en 24 pa\u00edses europeos.<br \/>\nUn PBV puede cargarse del 10% al 80% en menos de 30 minutos, por ejemplo durante la pausa para comer o la visita a un cliente.<br \/>\nLos PBV de Kia pueden cargar 22 kW CA para una mejor optimizaci\u00f3n y menores costes.<br \/>\nPueden cargar r\u00e1pidamente hasta 150 kW CC.    <\/p>\n<p>Kia Plug &amp; Charge garantiza un proceso de carga simplificado en el que la carga se inicia simplemente enchufando el cable de carga.<br \/>\nEl Planificador de Rutas Kia EV puede encontrar la siguiente estaci\u00f3n de carga disponible y guiar al veh\u00edculo directamente hasta ella. <\/p>\n<p><strong>Tambi\u00e9n compatible con V2L<\/strong><\/p>\n<p>Los PBV de Kia tambi\u00e9n son compatibles con V2L, lo que les permite actuar como fuentes de energ\u00eda m\u00f3viles para electrodom\u00e9sticos, herramientas, unidades de refrigeraci\u00f3n, equipos de emergencia y mucho m\u00e1s.<br \/>\nLos clientes tambi\u00e9n pueden intercambiar energ\u00eda con la red a trav\u00e9s de la tecnolog\u00eda V2G para optimizar el coste total de propiedad (TCO) del veh\u00edculo y contribuir a resolver la congesti\u00f3n de la red. <\/p>\n<figure class=\"wp-block-image size-content\"><img decoding=\"async\" loading=\"lazy\" width=\"1140\" height=\"641\" src=\"https:\/\/autorai.nl\/wp-content\/uploads\/2024\/09\/kia-pbv-pv5-concept-lineup-reveal-clean-digital-1920x1080-1-1140x641.jpg\" alt=\"\" class=\"wp-image-185270\"><\/figure>\n<h2>Plataforma Kia m\u00e1s all\u00e1 del veh\u00edculo: Conecta<\/h2>\n<p>En la IAA de Hannover, Kia tambi\u00e9n anunci\u00f3 que est\u00e1 uniendo fuerzas con Geotab y 42dot para impulsar el futuro de la gesti\u00f3n de flotas.<br \/>\nEsta asociaci\u00f3n estrat\u00e9gica permitir\u00e1 integrar una serie de soluciones de datos para optimizar las operaciones.<br \/>\nGeotab es conocida por sus soluciones de transporte conectado y gesti\u00f3n de activos, y 42dot es la rama de software de Hyundai Motor Group.  <\/p>\n<p>Como veh\u00edculos totalmente conectados, los PBV de Kia tambi\u00e9n disponen de una serie de funciones para maximizar la comodidad.<br \/>\nEsto incluye tecnolog\u00eda dedicada basada en el sistema operativo Android, un asistente de voz impulsado por IA, una funci\u00f3n de mantenimiento predictivo, un planificador de rutas inteligente y un sistema de gesti\u00f3n de flotas personalizado.<br \/>\nLa Llave Digital 2.0 proporciona acceso remoto y compartido al veh\u00edculo, mientras que las actualizaciones inal\u00e1mbricas garantizan que las \u00faltimas funciones y tecnolog\u00edas est\u00e9n siempre disponibles.  <\/p>\n<p>Los datos en directo generados por los PBV pueden utilizarse para analizar patrones de conducci\u00f3n e identificar problemas a distancia, haciendo que la gesti\u00f3n de flotas sea m\u00e1s eficiente que nunca.<br \/>\nEl acceso a la gama de aplicaciones Android permite a los clientes a\u00f1adir al veh\u00edculo las aplicaciones que deseen.<br \/>\nCon el tiempo, Kia tambi\u00e9n ofrecer\u00e1 una serie de soluciones pensadas para el cliente a trav\u00e9s de Kia Connect, optimizadas para mejorar la experiencia del usuario seg\u00fan sus necesidades empresariales espec\u00edficas.  <\/p>\n<h2>Plataforma Kia m\u00e1s all\u00e1 del veh\u00edculo: Trabajo<\/h2>\n<p>Los PBV son veh\u00edculos adaptables en varios frentes que est\u00e1n disponibles en distintas variantes, tama\u00f1os y conversiones.<br \/>\nOfrecen un gran volumen de carga y una altura de carga considerable.<br \/>\nKia ya est\u00e1 trabajando con numerosos socios, incluidos convertidores paneuropeos, para desarrollar PBV individualizados para necesidades espec\u00edficas, como el transporte refrigerado de mercanc\u00edas o la movilidad accesible en silla de ruedas.  <\/p>\n<p>Kia tambi\u00e9n anunci\u00f3 en la IAA de Hannover una asociaci\u00f3n con el Grupo Petit Forestier, una empresa mundial especializada en el transporte acondicionado.<br \/>\nLa asociaci\u00f3n supone un gran paso adelante para hacer m\u00e1s sostenible el mundo del transporte refrigerado.<br \/>\nKia ya trabaja con marcas como Uber y ha firmado acuerdos iniciales con Coupang y CJ Logistics, Kakao Mobility y Dubai Taxi Corporation.  <\/p>\n<p>Los PBV ofrecen un gran volumen de carga y una buena altura de carga, lo que permite a los clientes transportar m\u00e1s mercanc\u00edas, maximizar la productividad y, por tanto, ahorrar tiempo.<br \/>\nKia establecer\u00e1 una red de concesionarios dedicada a los clientes B2B, con talleres de tama\u00f1o adecuado, un equipo de ventas experimentado, horarios de apertura ampliados y personal experto especialmente formado para el mercado B2B.<br \/>\nKia tambi\u00e9n ofrecer\u00e1 financiaci\u00f3n empresarial en este mercado para garantizar un coste total de propiedad muy competitivo.  <\/p>\n<h2>F\u00e1brica especial para Kia PBV<\/h2>\n<p>Kia empez\u00f3 a construir el a\u00f1o pasado una planta dedicada al PBV en Corea, como parte de una inversi\u00f3n de m\u00e1s de 3.000 millones de euros.<br \/>\nUn sistema de producci\u00f3n avanzado permitir\u00e1 una producci\u00f3n flexible, con una mayor personalizaci\u00f3n de los distintos tipos de producto.<br \/>\nLa capacidad inicial de producci\u00f3n de PBV de 150.000 unidades al a\u00f1o crecer\u00e1 gradual y globalmente hasta las 300.000 unidades.  <\/p>\n<div class=\"galery shuffle galery-0\">\n<figure>\n\t\t\t\t\t<span style=\"cursor: pointer\" data-src=\"https:\/\/autorai.nl\/wp-content\/uploads\/2024\/09\/kia-pbv-pv7-iaa-24-static-digital-1920x1080-004-1600x900.jpg\" data-fancybox=\"galery-0\" title=\"\"><br \/>\n\t\t\t\t\t\t\t<img decoding=\"async\" width=\"640\" height=\"480\" src=\"https:\/\/autorai.nl\/wp-content\/uploads\/2024\/09\/kia-pbv-pv7-iaa-24-static-digital-1920x1080-004-640x480.jpg\" class=\"attachment-medium size-medium\" alt=\"\" loading=\"lazy\"><i class=\"fa fa-search-plus\" aria-hidden=\"true\"><\/i><br \/>\n\t\t\t\t\t\t<\/span><br \/>\n\t\t\t\t\t<\/figure>\n<figure>\n\t\t\t\t\t<span style=\"cursor: pointer\" data-src=\"https:\/\/autorai.nl\/wp-content\/uploads\/2024\/09\/kia-pbv-pv5-iaa-24-static-digital-1920x1080-001-1600x900.jpg\" data-fancybox=\"galery-0\" title=\"\"><br \/>\n\t\t\t\t\t\t\t<img decoding=\"async\" width=\"360\" height=\"270\" src=\"https:\/\/autorai.nl\/wp-content\/uploads\/2024\/09\/kia-pbv-pv5-iaa-24-static-digital-1920x1080-001-360x270.jpg\" class=\"attachment-small size-small\" alt=\"Kia PBV\" loading=\"lazy\"><i class=\"fa fa-search-plus\" aria-hidden=\"true\"><\/i><br \/>\n\t\t\t\t\t\t<\/span><br \/>\n\t\t\t\t\t<\/figure>\n<figure>\n\t\t\t\t\t<span style=\"cursor: pointer\" data-src=\"https:\/\/autorai.nl\/wp-content\/uploads\/2024\/09\/kia-pbv-pv5-hr-iaa-24-static-digital-1920x1080-001-1600x900.jpg\" data-fancybox=\"galery-0\" title=\"\"><br \/>\n\t\t\t\t\t\t\t<img decoding=\"async\" width=\"360\" height=\"270\" src=\"https:\/\/autorai.nl\/wp-content\/uploads\/2024\/09\/kia-pbv-pv5-hr-iaa-24-static-digital-1920x1080-001-360x270.jpg\" class=\"attachment-small size-small\" alt=\"\" loading=\"lazy\"><i class=\"fa fa-search-plus\" aria-hidden=\"true\"><\/i><br \/>\n\t\t\t\t\t\t<\/span><br \/>\n\t\t\t\t\t<\/figure>\n<figure>\n\t\t\t\t\t<span style=\"cursor: pointer\" data-src=\"https:\/\/autorai.nl\/wp-content\/uploads\/2024\/09\/kia-pbv-pv5-concept-lineup-reveal-clean-digital-1920x1080-1-1600x900.jpg\" data-fancybox=\"galery-0\" title=\"\"><br \/>\n\t\t\t\t\t\t\t<img decoding=\"async\" width=\"640\" height=\"480\" src=\"https:\/\/autorai.nl\/wp-content\/uploads\/2024\/09\/kia-pbv-pv5-concept-lineup-reveal-clean-digital-1920x1080-1-640x480.jpg\" class=\"attachment-medium size-medium\" alt=\"\" loading=\"lazy\"><i class=\"fa fa-search-plus\" aria-hidden=\"true\"><\/i><br \/>\n\t\t\t\t\t\t<\/span><br \/>\n\t\t\t\t\t<\/figure>\n<figure>\n\t\t\t\t\t<span style=\"cursor: pointer\" data-src=\"https:\/\/autorai.nl\/wp-content\/uploads\/2024\/09\/kia-pbv-pv5-anamorphic-screen-iaa-24-static-digital-1920x1080-004-1600x900.jpg\" data-fancybox=\"galery-0\" title=\"\"><br \/>\n\t\t\t\t\t\t\t<img decoding=\"async\" width=\"360\" height=\"270\" src=\"https:\/\/autorai.nl\/wp-content\/uploads\/2024\/09\/kia-pbv-pv5-anamorphic-screen-iaa-24-static-digital-1920x1080-004-360x270.jpg\" class=\"attachment-small size-small\" alt=\"\" loading=\"lazy\"><i class=\"fa fa-search-plus\" aria-hidden=\"true\"><\/i><br \/>\n\t\t\t\t\t\t<\/span><br \/>\n\t\t\t\t\t<\/figure>\n<figure>\n\t\t\t\t\t<span style=\"cursor: pointer\" data-src=\"https:\/\/autorai.nl\/wp-content\/uploads\/2024\/09\/kia-pbv-iaa-24-event-digital-1920x1080-009-1600x900.jpg\" data-fancybox=\"galery-0\" title=\"\"><br \/>\n\t\t\t\t\t\t\t<img decoding=\"async\" width=\"360\" height=\"270\" src=\"https:\/\/autorai.nl\/wp-content\/uploads\/2024\/09\/kia-pbv-iaa-24-event-digital-1920x1080-009-360x270.jpg\" class=\"attachment-small size-small\" alt=\"\" loading=\"lazy\"><i class=\"fa fa-search-plus\" aria-hidden=\"true\"><\/i><br \/>\n\t\t\t\t\t\t<\/span><br \/>\n\t\t\t\t\t<\/figure>\n<figure>\n\t\t\t\t\t<span style=\"cursor: pointer\" data-src=\"https:\/\/autorai.nl\/wp-content\/uploads\/2024\/09\/kia-pbv-iaa-24-event-digital-1920x1080-007-1600x900.jpg\" data-fancybox=\"galery-0\" title=\"\"><br \/>\n\t\t\t\t\t\t\t<img decoding=\"async\" width=\"640\" height=\"480\" src=\"https:\/\/autorai.nl\/wp-content\/uploads\/2024\/09\/kia-pbv-iaa-24-event-digital-1920x1080-007-640x480.jpg\" class=\"attachment-medium size-medium\" alt=\"\" loading=\"lazy\"><i class=\"fa fa-search-plus\" aria-hidden=\"true\"><\/i><br \/>\n\t\t\t\t\t\t<\/span><br \/>\n\t\t\t\t\t<\/figure>\n<figure>\n\t\t\t\t\t<span style=\"cursor: pointer\" data-src=\"https:\/\/autorai.nl\/wp-content\/uploads\/2024\/09\/kia-pbv-iaa-24-event-digital-1920x1080-006-1600x900.jpg\" data-fancybox=\"galery-0\" title=\"\"><br \/>\n\t\t\t\t\t\t\t<img decoding=\"async\" width=\"360\" height=\"270\" src=\"https:\/\/autorai.nl\/wp-content\/uploads\/2024\/09\/kia-pbv-iaa-24-event-digital-1920x1080-006-360x270.jpg\" class=\"attachment-small size-small\" alt=\"\" loading=\"lazy\"><i class=\"fa fa-search-plus\" aria-hidden=\"true\"><\/i><br \/>\n\t\t\t\t\t\t<\/span><br \/>\n\t\t\t\t\t<\/figure>\n<figure>\n\t\t\t\t\t<span style=\"cursor: pointer\" data-src=\"https:\/\/autorai.nl\/wp-content\/uploads\/2024\/09\/kia-pbv-iaa-24-event-digital-1920x1080-005-1600x900.jpg\" data-fancybox=\"galery-0\" title=\"\"><br \/>\n\t\t\t\t\t\t\t<img decoding=\"async\" width=\"360\" height=\"270\" src=\"https:\/\/autorai.nl\/wp-content\/uploads\/2024\/09\/kia-pbv-iaa-24-event-digital-1920x1080-005-360x270.jpg\" class=\"attachment-small size-small\" alt=\"\" loading=\"lazy\"><i class=\"fa fa-search-plus\" aria-hidden=\"true\"><\/i><br \/>\n\t\t\t\t\t\t<\/span><br \/>\n\t\t\t\t\t<\/figure>\n<figure>\n\t\t\t\t\t<span style=\"cursor: pointer\" data-src=\"https:\/\/autorai.nl\/wp-content\/uploads\/2024\/09\/kia-pbv-iaa-24-event-digital-1920x1080-003-1600x900.jpg\" data-fancybox=\"galery-0\" title=\"\"><br \/>\n\t\t\t\t\t\t\t<img decoding=\"async\" width=\"640\" height=\"480\" src=\"https:\/\/autorai.nl\/wp-content\/uploads\/2024\/09\/kia-pbv-iaa-24-event-digital-1920x1080-003-640x480.jpg\" class=\"attachment-medium size-medium\" alt=\"\" loading=\"lazy\"><i class=\"fa fa-search-plus\" aria-hidden=\"true\"><\/i><br \/>\n\t\t\t\t\t\t<\/span><br \/>\n\t\t\t\t\t<\/figure>\n<figure>\n\t\t\t\t\t<span style=\"cursor: pointer\" data-src=\"https:\/\/autorai.nl\/wp-content\/uploads\/2024\/09\/kia-pbv-iaa-24-event-digital-1920x1080-002-1600x900.jpg\" data-fancybox=\"galery-0\" title=\"\"><br \/>\n\t\t\t\t\t\t\t<img decoding=\"async\" width=\"360\" height=\"270\" src=\"https:\/\/autorai.nl\/wp-content\/uploads\/2024\/09\/kia-pbv-iaa-24-event-digital-1920x1080-002-360x270.jpg\" class=\"attachment-small size-small\" alt=\"\" loading=\"lazy\"><i class=\"fa fa-search-plus\" aria-hidden=\"true\"><\/i><br \/>\n\t\t\t\t\t\t<\/span><br \/>\n\t\t\t\t\t<\/figure>\n<figure>\n\t\t\t\t\t<span style=\"cursor: pointer\" data-src=\"https:\/\/autorai.nl\/wp-content\/uploads\/2024\/09\/kia-pbv-concept-pv5r-reveal-interior-clean-digital-1920x1080-1-1600x900.jpg\" data-fancybox=\"galery-0\" title=\"\"><br \/>\n\t\t\t\t\t\t\t<img decoding=\"async\" width=\"360\" height=\"270\" src=\"https:\/\/autorai.nl\/wp-content\/uploads\/2024\/09\/kia-pbv-concept-pv5r-reveal-interior-clean-digital-1920x1080-1-360x270.jpg\" class=\"attachment-small size-small\" alt=\"\" loading=\"lazy\"><i class=\"fa fa-search-plus\" aria-hidden=\"true\"><\/i><br \/>\n\t\t\t\t\t\t<\/span><br \/>\n\t\t\t\t\t<\/figure>\n<figure>\n\t\t\t\t\t<span style=\"cursor: pointer\" data-src=\"https:\/\/autorai.nl\/wp-content\/uploads\/2024\/09\/kia-pbv-concept-pv5r-reveal-exterior-clean-digital-1920x1080-1-1600x900.jpg\" data-fancybox=\"galery-0\" title=\"\"><br \/>\n\t\t\t\t\t\t\t<img decoding=\"async\" width=\"640\" height=\"480\" src=\"https:\/\/autorai.nl\/wp-content\/uploads\/2024\/09\/kia-pbv-concept-pv5r-reveal-exterior-clean-digital-1920x1080-1-640x480.jpg\" class=\"attachment-medium size-medium\" alt=\"\" loading=\"lazy\"><i class=\"fa fa-search-plus\" aria-hidden=\"true\"><\/i><br \/>\n\t\t\t\t\t\t<\/span><br \/>\n\t\t\t\t\t<\/figure>\n<figure>\n\t\t\t\t\t<span style=\"cursor: pointer\" data-src=\"https:\/\/autorai.nl\/wp-content\/uploads\/2024\/09\/kia-pbv-concept-pv5r-reveal-dynamic-clean-digital-1920x1080-1-1600x900.jpg\" data-fancybox=\"galery-0\" title=\"\"><br \/>\n\t\t\t\t\t\t\t<img decoding=\"async\" width=\"360\" height=\"270\" src=\"https:\/\/autorai.nl\/wp-content\/uploads\/2024\/09\/kia-pbv-concept-pv5r-reveal-dynamic-clean-digital-1920x1080-1-360x270.jpg\" class=\"attachment-small size-small\" alt=\"\" loading=\"lazy\"><i class=\"fa fa-search-plus\" aria-hidden=\"true\"><\/i><br \/>\n\t\t\t\t\t\t<\/span><br \/>\n\t\t\t\t\t<\/figure>\n<figure>\n\t\t\t\t\t<span style=\"cursor: pointer\" data-src=\"https:\/\/autorai.nl\/wp-content\/uploads\/2024\/09\/kia-pbv-concept-pv5hr-reveal-interior-clean-digital-1920x1080-1-1600x900.jpg\" data-fancybox=\"galery-0\" title=\"\"><br \/>\n\t\t\t\t\t\t\t<img decoding=\"async\" width=\"360\" height=\"270\" src=\"https:\/\/autorai.nl\/wp-content\/uploads\/2024\/09\/kia-pbv-concept-pv5hr-reveal-interior-clean-digital-1920x1080-1-360x270.jpg\" class=\"attachment-small size-small\" alt=\"\" loading=\"lazy\"><i class=\"fa fa-search-plus\" aria-hidden=\"true\"><\/i><br \/>\n\t\t\t\t\t\t<\/span><br \/>\n\t\t\t\t\t<\/figure>\n<figure>\n\t\t\t\t\t<span style=\"cursor: pointer\" data-src=\"https:\/\/autorai.nl\/wp-content\/uploads\/2024\/09\/kia-pbv-concept-pv5hr-reveal-exterior-clean-digital-1920x1080-1-1600x900.jpg\" data-fancybox=\"galery-0\" title=\"\"><br \/>\n\t\t\t\t\t\t\t<img decoding=\"async\" width=\"640\" height=\"480\" src=\"https:\/\/autorai.nl\/wp-content\/uploads\/2024\/09\/kia-pbv-concept-pv5hr-reveal-exterior-clean-digital-1920x1080-1-640x480.jpg\" class=\"attachment-medium size-medium\" alt=\"\" loading=\"lazy\"><i class=\"fa fa-search-plus\" aria-hidden=\"true\"><\/i><br \/>\n\t\t\t\t\t\t<\/span><br \/>\n\t\t\t\t\t<\/figure>\n<figure>\n\t\t\t\t\t<span style=\"cursor: pointer\" data-src=\"https:\/\/autorai.nl\/wp-content\/uploads\/2024\/09\/kia-pbv-concept-pv5-reveal-interior-2-clean-digital-1920x1080-1-1600x900.jpg\" data-fancybox=\"galery-0\" title=\"\"><br \/>\n\t\t\t\t\t\t\t<img decoding=\"async\" width=\"360\" height=\"270\" src=\"https:\/\/autorai.nl\/wp-content\/uploads\/2024\/09\/kia-pbv-concept-pv5-reveal-interior-2-clean-digital-1920x1080-1-360x270.jpg\" class=\"attachment-small size-small\" alt=\"\" loading=\"lazy\"><i class=\"fa fa-search-plus\" aria-hidden=\"true\"><\/i><br \/>\n\t\t\t\t\t\t<\/span><br \/>\n\t\t\t\t\t<\/figure>\n<figure>\n\t\t\t\t\t<span style=\"cursor: pointer\" data-src=\"https:\/\/autorai.nl\/wp-content\/uploads\/2024\/09\/kia-pbv-concept-pv5-reveal-interior-1-clean-digital-1920x1080-1-1600x900.jpg\" data-fancybox=\"galery-0\" title=\"\"><br \/>\n\t\t\t\t\t\t\t<img decoding=\"async\" width=\"360\" height=\"270\" src=\"https:\/\/autorai.nl\/wp-content\/uploads\/2024\/09\/kia-pbv-concept-pv5-reveal-interior-1-clean-digital-1920x1080-1-360x270.jpg\" class=\"attachment-small size-small\" alt=\"\" loading=\"lazy\"><i class=\"fa fa-search-plus\" aria-hidden=\"true\"><\/i><br \/>\n\t\t\t\t\t\t<\/span><br \/>\n\t\t\t\t\t<\/figure>\n<figure>\n\t\t\t\t\t<span style=\"cursor: pointer\" data-src=\"https:\/\/autorai.nl\/wp-content\/uploads\/2024\/09\/kia-pbv-concept-pv5-reveal-exterior-2-clean-digital-1920x1080-1-1600x900.jpg\" data-fancybox=\"galery-0\" title=\"\"><br \/>\n\t\t\t\t\t\t\t<img decoding=\"async\" width=\"640\" height=\"480\" src=\"https:\/\/autorai.nl\/wp-content\/uploads\/2024\/09\/kia-pbv-concept-pv5-reveal-exterior-2-clean-digital-1920x1080-1-640x480.jpg\" class=\"attachment-medium size-medium\" alt=\"\" loading=\"lazy\"><i class=\"fa fa-search-plus\" aria-hidden=\"true\"><\/i><br \/>\n\t\t\t\t\t\t<\/span><br \/>\n\t\t\t\t\t<\/figure>\n<figure>\n\t\t\t\t\t<span style=\"cursor: pointer\" data-src=\"https:\/\/autorai.nl\/wp-content\/uploads\/2024\/09\/kia-pbv-concept-pv5-reveal-exterior-1-clean-digital-1920x1080-1-1600x900.jpg\" data-fancybox=\"galery-0\" title=\"\"><br \/>\n\t\t\t\t\t\t\t<img decoding=\"async\" width=\"360\" height=\"270\" src=\"https:\/\/autorai.nl\/wp-content\/uploads\/2024\/09\/kia-pbv-concept-pv5-reveal-exterior-1-clean-digital-1920x1080-1-360x270.jpg\" class=\"attachment-small size-small\" alt=\"\" loading=\"lazy\"><i class=\"fa fa-search-plus\" aria-hidden=\"true\"><\/i><br \/>\n\t\t\t\t\t\t<\/span><br \/>\n\t\t\t\t\t<\/figure>\n<figure>\n\t\t\t\t\t<span style=\"cursor: pointer\" data-src=\"https:\/\/autorai.nl\/wp-content\/uploads\/2024\/09\/kia-pbv-concept-pv1-pv7-reveal-exterior-racking-clean-digital-1920x1080-1-1600x900.jpg\" data-fancybox=\"galery-0\" title=\"\"><br \/>\n\t\t\t\t\t\t\t<img decoding=\"async\" width=\"360\" height=\"270\" src=\"https:\/\/autorai.nl\/wp-content\/uploads\/2024\/09\/kia-pbv-concept-pv1-pv7-reveal-exterior-racking-clean-digital-1920x1080-1-360x270.jpg\" class=\"attachment-small size-small\" alt=\"\" loading=\"lazy\"><i class=\"fa fa-search-plus\" aria-hidden=\"true\"><\/i><br \/>\n\t\t\t\t\t\t<\/span><br \/>\n\t\t\t\t\t<\/figure>\n<figure>\n\t\t\t\t\t<span style=\"cursor: pointer\" data-src=\"https:\/\/autorai.nl\/wp-content\/uploads\/2024\/09\/kia-pbv-concept-pv1-pv5-reveal-exterior-racking-clean-digital-1920x1080-1-1600x900.jpg\" data-fancybox=\"galery-0\" title=\"\"><br \/>\n\t\t\t\t\t\t\t<img decoding=\"async\" width=\"640\" height=\"480\" src=\"https:\/\/autorai.nl\/wp-content\/uploads\/2024\/09\/kia-pbv-concept-pv1-pv5-reveal-exterior-racking-clean-digital-1920x1080-1-640x480.jpg\" class=\"attachment-medium size-medium\" alt=\"\" loading=\"lazy\"><i class=\"fa fa-search-plus\" aria-hidden=\"true\"><\/i><br \/>\n\t\t\t\t\t\t<\/span><br \/>\n\t\t\t\t\t<\/figure>\n<figure>\n\t\t\t\t\t<span style=\"cursor: pointer\" data-src=\"https:\/\/autorai.nl\/wp-content\/uploads\/2024\/09\/kia-pbv-concept-lineup-reveal-clean-digital-1920x1080-1-1600x900.jpg\" data-fancybox=\"galery-0\" title=\"\"><br \/>\n\t\t\t\t\t\t\t<img decoding=\"async\" width=\"360\" height=\"270\" src=\"https:\/\/autorai.nl\/wp-content\/uploads\/2024\/09\/kia-pbv-concept-lineup-reveal-clean-digital-1920x1080-1-360x270.jpg\" class=\"attachment-small size-small\" alt=\"\" loading=\"lazy\"><i class=\"fa fa-search-plus\" aria-hidden=\"true\"><\/i><br \/>\n\t\t\t\t\t\t<\/span><br \/>\n\t\t\t\t\t<\/figure>\n<figure>\n\t\t\t\t\t<span style=\"cursor: pointer\" data-src=\"https:\/\/autorai.nl\/wp-content\/uploads\/2024\/09\/kia-corporate-geotab-digital-1920x1080-1-1600x900.jpg\" data-fancybox=\"galery-0\" title=\"\"><br \/>\n\t\t\t\t\t\t\t<img decoding=\"async\" width=\"360\" height=\"270\" src=\"https:\/\/autorai.nl\/wp-content\/uploads\/2024\/09\/kia-corporate-geotab-digital-1920x1080-1-360x270.jpg\" class=\"attachment-small size-small\" alt=\"\" loading=\"lazy\"><i class=\"fa fa-search-plus\" aria-hidden=\"true\"><\/i><br \/>\n\t\t\t\t\t\t<\/span><br \/>\n\t\t\t\t\t<\/figure>\n<div class=\"clear\"><\/div>\n<\/div>\n","protected":false},"excerpt":{"rendered":"Veh\u00edculos comerciales Kia a partir de 2025 Kia lanzar\u00e1 las primeras versiones de veh\u00edculos comerciales ligeros totalmente el\u00e9ctricos basados en&hellip;","protected":false},"author":0,"featured_media":147682,"comment_status":"","ping_status":"open","sticky":false,"template":"","format":"standard","meta":{"footnotes":""},"categories":[208,126],"tags":[],"class_list":["post-149321","post","type-post","status-publish","format-standard","has-post-thumbnail","hentry","category-coches-de-empresa","category-noticias-de-autos"],"acf":[],"yoast_head":"<!-- This site is optimized with the Yoast SEO plugin v21.2 - https:\/\/yoast.com\/wordpress\/plugins\/seo\/ -->\n<title>Veh\u00edculos comerciales Kia: m\u00e1s informaci\u00f3n sobre la garant\u00eda y las opciones de recarga - All cars news<\/title>\n<meta name=\"robots\" content=\"index, follow, max-snippet:-1, max-image-preview:large, max-video-preview:-1\" \/>\n<link rel=\"canonical\" href=\"https:\/\/all-car-news.com\/es\/vehiculos-comerciales-kia-mas-informacion-sobre-la-garantia-y-las-opciones-de-recarga\/\" \/>\n<meta property=\"og:locale\" content=\"es_ES\" \/>\n<meta property=\"og:type\" content=\"article\" \/>\n<meta property=\"og:title\" content=\"Veh\u00edculos comerciales Kia: m\u00e1s informaci\u00f3n sobre la garant\u00eda y las opciones de recarga - All cars news\" \/>\n<meta property=\"og:description\" content=\"Veh\u00edculos comerciales Kia a partir de 2025 Kia lanzar\u00e1 las primeras versiones de veh\u00edculos comerciales ligeros totalmente el\u00e9ctricos basados en una plataforma el\u00e9ctrica polivalente totalmente nueva en el verano de 2025. En Hannover, Kia mostrar\u00e1 los conceptos PV5, PV5 People Mover, PV5 High Roof y PV7 [...].\" \/>\n<meta property=\"og:url\" content=\"https:\/\/all-car-news.com\/es\/vehiculos-comerciales-kia-mas-informacion-sobre-la-garantia-y-las-opciones-de-recarga\/\" \/>\n<meta property=\"og:site_name\" content=\"All cars news\" \/>\n<meta property=\"article:published_time\" content=\"2024-09-16T15:31:03+00:00\" \/>\n<meta property=\"og:image\" content=\"https:\/\/autorai.nl\/wp-content\/uploads\/2024\/09\/kia-pbv-pv5-concept-lineup-reveal-clean-digital-1920x1080-1-1140x641.jpg\" \/>\n<meta name=\"twitter:card\" content=\"summary_large_image\" \/>\n<meta name=\"twitter:label1\" content=\"Tiempo de lectura\" \/>\n\t<meta name=\"twitter:data1\" content=\"5 minutos\" \/>\n<script type=\"application\/ld+json\" class=\"yoast-schema-graph\">{\"@context\":\"https:\/\/schema.org\",\"@graph\":[{\"@type\":\"Article\",\"@id\":\"https:\/\/all-car-news.com\/es\/vehiculos-comerciales-kia-mas-informacion-sobre-la-garantia-y-las-opciones-de-recarga\/#article\",\"isPartOf\":{\"@id\":\"https:\/\/all-car-news.com\/es\/vehiculos-comerciales-kia-mas-informacion-sobre-la-garantia-y-las-opciones-de-recarga\/\"},\"author\":{\"name\":\"\",\"@id\":\"\"},\"headline\":\"Veh\u00edculos comerciales Kia: m\u00e1s informaci\u00f3n sobre la garant\u00eda y las opciones de recarga\",\"datePublished\":\"2024-09-16T15:31:03+00:00\",\"dateModified\":\"2024-09-16T15:31:03+00:00\",\"mainEntityOfPage\":{\"@id\":\"https:\/\/all-car-news.com\/es\/vehiculos-comerciales-kia-mas-informacion-sobre-la-garantia-y-las-opciones-de-recarga\/\"},\"wordCount\":1003,\"publisher\":{\"@id\":\"https:\/\/all-car-news.com\/es\/#organization\"},\"articleSection\":[\"coches de empresa\",\"noticias de autos\"],\"inLanguage\":\"es\"},{\"@type\":\"WebPage\",\"@id\":\"https:\/\/all-car-news.com\/es\/vehiculos-comerciales-kia-mas-informacion-sobre-la-garantia-y-las-opciones-de-recarga\/\",\"url\":\"https:\/\/all-car-news.com\/es\/vehiculos-comerciales-kia-mas-informacion-sobre-la-garantia-y-las-opciones-de-recarga\/\",\"name\":\"Veh\u00edculos comerciales Kia: m\u00e1s informaci\u00f3n sobre la garant\u00eda y las opciones de recarga - All cars news\",\"isPartOf\":{\"@id\":\"https:\/\/all-car-news.com\/es\/#website\"},\"datePublished\":\"2024-09-16T15:31:03+00:00\",\"dateModified\":\"2024-09-16T15:31:03+00:00\",\"breadcrumb\":{\"@id\":\"https:\/\/all-car-news.com\/es\/vehiculos-comerciales-kia-mas-informacion-sobre-la-garantia-y-las-opciones-de-recarga\/#breadcrumb\"},\"inLanguage\":\"es\",\"potentialAction\":[{\"@type\":\"ReadAction\",\"target\":[\"https:\/\/all-car-news.com\/es\/vehiculos-comerciales-kia-mas-informacion-sobre-la-garantia-y-las-opciones-de-recarga\/\"]}]},{\"@type\":\"BreadcrumbList\",\"@id\":\"https:\/\/all-car-news.com\/es\/vehiculos-comerciales-kia-mas-informacion-sobre-la-garantia-y-las-opciones-de-recarga\/#breadcrumb\",\"itemListElement\":[{\"@type\":\"ListItem\",\"position\":1,\"name\":\"Home\",\"item\":\"https:\/\/all-car-news.com\/es\/\"},{\"@type\":\"ListItem\",\"position\":2,\"name\":\"Veh\u00edculos comerciales Kia: m\u00e1s informaci\u00f3n sobre la garant\u00eda y las opciones de recarga\"}]},{\"@type\":\"WebSite\",\"@id\":\"https:\/\/all-car-news.com\/es\/#website\",\"url\":\"https:\/\/all-car-news.com\/es\/\",\"name\":\"All cars news\",\"description\":\"\",\"publisher\":{\"@id\":\"https:\/\/all-car-news.com\/es\/#organization\"},\"potentialAction\":[{\"@type\":\"SearchAction\",\"target\":{\"@type\":\"EntryPoint\",\"urlTemplate\":\"https:\/\/all-car-news.com\/es\/?s={search_term_string}\"},\"query-input\":\"required name=search_term_string\"}],\"inLanguage\":\"es\"},{\"@type\":\"Organization\",\"@id\":\"https:\/\/all-car-news.com\/es\/#organization\",\"name\":\"All cars news\",\"url\":\"https:\/\/all-car-news.com\/es\/\",\"logo\":{\"@type\":\"ImageObject\",\"inLanguage\":\"es\",\"@id\":\"https:\/\/all-car-news.com\/es\/#\/schema\/logo\/image\/\",\"url\":\"https:\/\/all-car-news.com\/wp-content\/uploads\/2022\/02\/CMYK-AllCarNews_LANDSCAPE_300px-1.png\",\"contentUrl\":\"https:\/\/all-car-news.com\/wp-content\/uploads\/2022\/02\/CMYK-AllCarNews_LANDSCAPE_300px-1.png\",\"width\":300,\"height\":100,\"caption\":\"All cars news\"},\"image\":{\"@id\":\"https:\/\/all-car-news.com\/es\/#\/schema\/logo\/image\/\"}}]}<\/script>\n<!-- \/ Yoast SEO plugin. -->","yoast_head_json":{"title":"Veh\u00edculos comerciales Kia: m\u00e1s informaci\u00f3n sobre la garant\u00eda y las opciones de recarga - All cars news","robots":{"index":"index","follow":"follow","max-snippet":"max-snippet:-1","max-image-preview":"max-image-preview:large","max-video-preview":"max-video-preview:-1"},"canonical":"https:\/\/all-car-news.com\/es\/vehiculos-comerciales-kia-mas-informacion-sobre-la-garantia-y-las-opciones-de-recarga\/","og_locale":"es_ES","og_type":"article","og_title":"Veh\u00edculos comerciales Kia: m\u00e1s informaci\u00f3n sobre la garant\u00eda y las opciones de recarga - All cars news","og_description":"Veh\u00edculos comerciales Kia a partir de 2025 Kia lanzar\u00e1 las primeras versiones de veh\u00edculos comerciales ligeros totalmente el\u00e9ctricos basados en una plataforma el\u00e9ctrica polivalente totalmente nueva en el verano de 2025. En Hannover, Kia mostrar\u00e1 los conceptos PV5, PV5 People Mover, PV5 High Roof y PV7 [...].","og_url":"https:\/\/all-car-news.com\/es\/vehiculos-comerciales-kia-mas-informacion-sobre-la-garantia-y-las-opciones-de-recarga\/","og_site_name":"All cars news","article_published_time":"2024-09-16T15:31:03+00:00","og_image":[{"url":"https:\/\/autorai.nl\/wp-content\/uploads\/2024\/09\/kia-pbv-pv5-concept-lineup-reveal-clean-digital-1920x1080-1-1140x641.jpg"}],"twitter_card":"summary_large_image","twitter_misc":{"Tiempo de lectura":"5 minutos"},"schema":{"@context":"https:\/\/schema.org","@graph":[{"@type":"Article","@id":"https:\/\/all-car-news.com\/es\/vehiculos-comerciales-kia-mas-informacion-sobre-la-garantia-y-las-opciones-de-recarga\/#article","isPartOf":{"@id":"https:\/\/all-car-news.com\/es\/vehiculos-comerciales-kia-mas-informacion-sobre-la-garantia-y-las-opciones-de-recarga\/"},"author":{"name":"","@id":""},"headline":"Veh\u00edculos comerciales Kia: m\u00e1s informaci\u00f3n sobre la garant\u00eda y las opciones de recarga","datePublished":"2024-09-16T15:31:03+00:00","dateModified":"2024-09-16T15:31:03+00:00","mainEntityOfPage":{"@id":"https:\/\/all-car-news.com\/es\/vehiculos-comerciales-kia-mas-informacion-sobre-la-garantia-y-las-opciones-de-recarga\/"},"wordCount":1003,"publisher":{"@id":"https:\/\/all-car-news.com\/es\/#organization"},"articleSection":["coches de empresa","noticias de autos"],"inLanguage":"es"},{"@type":"WebPage","@id":"https:\/\/all-car-news.com\/es\/vehiculos-comerciales-kia-mas-informacion-sobre-la-garantia-y-las-opciones-de-recarga\/","url":"https:\/\/all-car-news.com\/es\/vehiculos-comerciales-kia-mas-informacion-sobre-la-garantia-y-las-opciones-de-recarga\/","name":"Veh\u00edculos comerciales Kia: m\u00e1s informaci\u00f3n sobre la garant\u00eda y las opciones de recarga - All cars news","isPartOf":{"@id":"https:\/\/all-car-news.com\/es\/#website"},"datePublished":"2024-09-16T15:31:03+00:00","dateModified":"2024-09-16T15:31:03+00:00","breadcrumb":{"@id":"https:\/\/all-car-news.com\/es\/vehiculos-comerciales-kia-mas-informacion-sobre-la-garantia-y-las-opciones-de-recarga\/#breadcrumb"},"inLanguage":"es","potentialAction":[{"@type":"ReadAction","target":["https:\/\/all-car-news.com\/es\/vehiculos-comerciales-kia-mas-informacion-sobre-la-garantia-y-las-opciones-de-recarga\/"]}]},{"@type":"BreadcrumbList","@id":"https:\/\/all-car-news.com\/es\/vehiculos-comerciales-kia-mas-informacion-sobre-la-garantia-y-las-opciones-de-recarga\/#breadcrumb","itemListElement":[{"@type":"ListItem","position":1,"name":"Home","item":"https:\/\/all-car-news.com\/es\/"},{"@type":"ListItem","position":2,"name":"Veh\u00edculos comerciales Kia: m\u00e1s informaci\u00f3n sobre la garant\u00eda y las opciones de recarga"}]},{"@type":"WebSite","@id":"https:\/\/all-car-news.com\/es\/#website","url":"https:\/\/all-car-news.com\/es\/","name":"All cars news","description":"","publisher":{"@id":"https:\/\/all-car-news.com\/es\/#organization"},"potentialAction":[{"@type":"SearchAction","target":{"@type":"EntryPoint","urlTemplate":"https:\/\/all-car-news.com\/es\/?s={search_term_string}"},"query-input":"required name=search_term_string"}],"inLanguage":"es"},{"@type":"Organization","@id":"https:\/\/all-car-news.com\/es\/#organization","name":"All cars news","url":"https:\/\/all-car-news.com\/es\/","logo":{"@type":"ImageObject","inLanguage":"es","@id":"https:\/\/all-car-news.com\/es\/#\/schema\/logo\/image\/","url":"https:\/\/all-car-news.com\/wp-content\/uploads\/2022\/02\/CMYK-AllCarNews_LANDSCAPE_300px-1.png","contentUrl":"https:\/\/all-car-news.com\/wp-content\/uploads\/2022\/02\/CMYK-AllCarNews_LANDSCAPE_300px-1.png","width":300,"height":100,"caption":"All cars news"},"image":{"@id":"https:\/\/all-car-news.com\/es\/#\/schema\/logo\/image\/"}}]}},"_links":{"self":[{"href":"https:\/\/all-car-news.com\/es\/wp-json\/wp\/v2\/posts\/149321","targetHints":{"allow":["GET"]}}],"collection":[{"href":"https:\/\/all-car-news.com\/es\/wp-json\/wp\/v2\/posts"}],"about":[{"href":"https:\/\/all-car-news.com\/es\/wp-json\/wp\/v2\/types\/post"}],"replies":[{"embeddable":true,"href":"https:\/\/all-car-news.com\/es\/wp-json\/wp\/v2\/comments?post=149321"}],"version-history":[{"count":0,"href":"https:\/\/all-car-news.com\/es\/wp-json\/wp\/v2\/posts\/149321\/revisions"}],"wp:featuredmedia":[{"embeddable":true,"href":"https:\/\/all-car-news.com\/es\/wp-json\/wp\/v2\/media\/147682"}],"wp:attachment":[{"href":"https:\/\/all-car-news.com\/es\/wp-json\/wp\/v2\/media?parent=149321"}],"wp:term":[{"taxonomy":"category","embeddable":true,"href":"https:\/\/all-car-news.com\/es\/wp-json\/wp\/v2\/categories?post=149321"},{"taxonomy":"post_tag","embeddable":true,"href":"https:\/\/all-car-news.com\/es\/wp-json\/wp\/v2\/tags?post=149321"}],"curies":[{"name":"wp","href":"https:\/\/api.w.org\/{rel}","templated":true}]}}