{"id":149191,"date":"2024-08-29T08:46:58","date_gmt":"2024-08-29T08:46:58","guid":{"rendered":"https:\/\/all-car-news.com\/bmw-x3-ahora-tambien-con-piezas-bmw-m-performance\/"},"modified":"2024-08-29T08:46:58","modified_gmt":"2024-08-29T08:46:58","slug":"bmw-x3-ahora-tambien-con-piezas-bmw-m-performance","status":"publish","type":"post","link":"https:\/\/all-car-news.com\/es\/bmw-x3-ahora-tambien-con-piezas-bmw-m-performance\/","title":{"rendered":"BMW X3 ahora tambi\u00e9n con piezas BMW M Performance"},"content":{"rendered":"<h2>Fabricado con materiales exclusivos<\/h2>\n<p>Los productos de reequipamiento espec\u00edficos del modelo para el nuevo BMW X3 est\u00e1n hechos de pl\u00e1stico reforzado con fibra de carbono (CFRP), aramida de alta resistencia o poliuretano de alto brillo.<br \/>\nEntre las novedades se incluye un splitter delantero M Performance.<br \/>\nEste splitter delantero de tres piezas est\u00e1 acabado en negro de alto brillo.<br \/>\nTambi\u00e9n est\u00e1 disponible una rejilla delantera M Performance, tambi\u00e9n en negro brillante.<br \/>\nBMW tambi\u00e9n suministra:    <\/p>\n<ul>\n<li>Adhesivos laterales M Performance en Negro Helado<\/li>\n<li>Tapa del dep\u00f3sito de fibra de carbono M Performance con inscripci\u00f3n M Performance en aluminio cepillado<\/li>\n<li>Carcasas de los retrovisores exteriores M Carbono<\/li>\n<li>M Cubierta a\u00e9rea de rendimiento en aramida<\/li>\n<li>Difusor trasero M Performance  <\/li>\n<li>Difusor trasero M Performance de poliuretano negro de alto brillo<\/li>\n<li>Spoiler de techo M Performance<\/li>\n<li>Embellecedor de escape M Performance Carbon (exclusivo para BMW X3 M50 xDrive)<\/li>\n<\/ul>\n<figure class=\"wp-block-image size-content\"><img decoding=\"async\" loading=\"lazy\" width=\"1140\" height=\"844\" src=\"https:\/\/autorai.nl\/wp-content\/uploads\/2024\/08\/bmw-x3-2024-m-performance-parts-2024-foto12-1140x844.jpg\" alt=\"BMW X3 con piezas M Performance\" class=\"wp-image-184160\"><\/figure>\n<h2>Ruedas exclusivas<\/h2>\n<p>El nuevo BMW X3 tambi\u00e9n est\u00e1 disponible con llantas de aleaci\u00f3n M Performance de 22 pulgadas.<br \/>\nEl juego completo de llantas de verano est\u00e1 disponible exclusivamente en acabado mate Jetblack Bicolor.<br \/>\nLas llantas de aleaci\u00f3n con radios en Y presentan elementos pulidos en el borde exterior y en el centro para un aspecto especialmente exclusivo.<br \/>\nAdem\u00e1s, las llantas M Performance de 20 pulgadas con radios en Y en Negro Azabache mate est\u00e1n disponibles como juego de ruedas completo para verano e invierno.<br \/>\nLos juegos de ruedas adicionales se guardan de forma ideal en las bolsas para neum\u00e1ticos M Performance.<br \/>\nLas asas reforzadas de las bolsas facilitan el transporte de las ruedas.     <\/p>\n<h2>Alf\u00e9izares de carbono M Performance<\/h2>\n<p>Nada m\u00e1s abrir las puertas, los estribos Carbon M Performance indican inequ\u00edvocamente la orientaci\u00f3n din\u00e1mica del nuevo BMW X3.<br \/>\nComo alternativa, tambi\u00e9n hay disponibles estribos laterales de aluminio M. <\/p>\n<h2>A\u00fan m\u00e1s M Performance<\/h2>\n<p>\u00bfY ahora qu\u00e9? Piensa en las placas de pedal M Performance de acero inoxidable.<br \/>\nLas alfombrillas M Performance son el complemento ideal.<br \/>\nEl juego de cuatro piezas incluye letras M Performance bordadas, bordes con aspecto de cuero, costuras en contraste y una cinta cosida con los colores BMW M.<br \/>\nEl bot\u00f3n de cierre M Performance de aluminio anodizado negro con el logotipo M en color garantiza un estilo armonioso en el interior hasta el m\u00e1s m\u00ednimo detalle.<br \/>\nLa cubierta de la llave M Performance, con una mezcla de alc\u00e1ntara y cuero con aspecto de carbono, completa el aspecto.    <\/p>\n<div class=\"galery shuffle galery-0\">\n<figure>\n\t\t\t\t\t<span style=\"cursor: pointer\" data-src=\"https:\/\/autorai.nl\/wp-content\/uploads\/2024\/08\/bmw-x3-2024-m-performance-parts-2024-foto1-1600x1188.jpg\" data-fancybox=\"galery-0\" title=\"\"><br \/>\n\t\t\t\t\t\t\t<img decoding=\"async\" width=\"640\" height=\"480\" src=\"https:\/\/autorai.nl\/wp-content\/uploads\/2024\/08\/bmw-x3-2024-m-performance-parts-2024-foto1-640x480.jpg\" class=\"attachment-medium size-medium\" alt=\"\" loading=\"lazy\"><i class=\"fa fa-search-plus\" aria-hidden=\"true\"><\/i><br \/>\n\t\t\t\t\t\t<\/span><br \/>\n\t\t\t\t\t<\/figure>\n<figure>\n\t\t\t\t\t<span style=\"cursor: pointer\" data-src=\"https:\/\/autorai.nl\/wp-content\/uploads\/2024\/08\/bmw-x3-2024-m-performance-parts-2024-foto11-1600x1200.jpg\" data-fancybox=\"galery-0\" title=\"\"><br \/>\n\t\t\t\t\t\t\t<img decoding=\"async\" width=\"360\" height=\"270\" src=\"https:\/\/autorai.nl\/wp-content\/uploads\/2024\/08\/bmw-x3-2024-m-performance-parts-2024-foto11-360x270.jpg\" class=\"attachment-small size-small\" alt=\"\" loading=\"lazy\"><i class=\"fa fa-search-plus\" aria-hidden=\"true\"><\/i><br \/>\n\t\t\t\t\t\t<\/span><br \/>\n\t\t\t\t\t<\/figure>\n<figure>\n\t\t\t\t\t<span style=\"cursor: pointer\" data-src=\"https:\/\/autorai.nl\/wp-content\/uploads\/2024\/08\/bmw-x3-2024-m-performance-parts-2024-foto10-1600x1184.jpg\" data-fancybox=\"galery-0\" title=\"\"><br \/>\n\t\t\t\t\t\t\t<img decoding=\"async\" width=\"360\" height=\"270\" src=\"https:\/\/autorai.nl\/wp-content\/uploads\/2024\/08\/bmw-x3-2024-m-performance-parts-2024-foto10-360x270.jpg\" class=\"attachment-small size-small\" alt=\"\" loading=\"lazy\"><i class=\"fa fa-search-plus\" aria-hidden=\"true\"><\/i><br \/>\n\t\t\t\t\t\t<\/span><br \/>\n\t\t\t\t\t<\/figure>\n<figure>\n\t\t\t\t\t<span style=\"cursor: pointer\" data-src=\"https:\/\/autorai.nl\/wp-content\/uploads\/2024\/08\/bmw-x3-2024-m-performance-parts-2024-foto13-1600x1200.jpg\" data-fancybox=\"galery-0\" title=\"\"><br \/>\n\t\t\t\t\t\t\t<img decoding=\"async\" width=\"640\" height=\"480\" src=\"https:\/\/autorai.nl\/wp-content\/uploads\/2024\/08\/bmw-x3-2024-m-performance-parts-2024-foto13-640x480.jpg\" class=\"attachment-medium size-medium\" alt=\"BMW X3 con piezas M Performance\" loading=\"lazy\"><i class=\"fa fa-search-plus\" aria-hidden=\"true\"><\/i><br \/>\n\t\t\t\t\t\t<\/span><br \/>\n\t\t\t\t\t<\/figure>\n<figure>\n\t\t\t\t\t<span style=\"cursor: pointer\" data-src=\"https:\/\/autorai.nl\/wp-content\/uploads\/2024\/08\/bmw-x3-2024-m-performance-parts-2024-foto9-1600x1184.jpg\" data-fancybox=\"galery-0\" title=\"\"><br \/>\n\t\t\t\t\t\t\t<img decoding=\"async\" width=\"360\" height=\"270\" src=\"https:\/\/autorai.nl\/wp-content\/uploads\/2024\/08\/bmw-x3-2024-m-performance-parts-2024-foto9-360x270.jpg\" class=\"attachment-small size-small\" alt=\"\" loading=\"lazy\"><i class=\"fa fa-search-plus\" aria-hidden=\"true\"><\/i><br \/>\n\t\t\t\t\t\t<\/span><br \/>\n\t\t\t\t\t<\/figure>\n<figure>\n\t\t\t\t\t<span style=\"cursor: pointer\" data-src=\"https:\/\/autorai.nl\/wp-content\/uploads\/2024\/08\/bmw-x3-2024-m-performance-parts-2024-foto8-1600x1200.jpg\" data-fancybox=\"galery-0\" title=\"\"><br \/>\n\t\t\t\t\t\t\t<img decoding=\"async\" width=\"360\" height=\"270\" src=\"https:\/\/autorai.nl\/wp-content\/uploads\/2024\/08\/bmw-x3-2024-m-performance-parts-2024-foto8-360x270.jpg\" class=\"attachment-small size-small\" alt=\"\" loading=\"lazy\"><i class=\"fa fa-search-plus\" aria-hidden=\"true\"><\/i><br \/>\n\t\t\t\t\t\t<\/span><br \/>\n\t\t\t\t\t<\/figure>\n<figure>\n\t\t\t\t\t<span style=\"cursor: pointer\" data-src=\"https:\/\/autorai.nl\/wp-content\/uploads\/2024\/08\/bmw-x3-2024-m-performance-parts-2024-foto7-1600x1200.jpg\" data-fancybox=\"galery-0\" title=\"\"><br \/>\n\t\t\t\t\t\t\t<img decoding=\"async\" width=\"640\" height=\"480\" src=\"https:\/\/autorai.nl\/wp-content\/uploads\/2024\/08\/bmw-x3-2024-m-performance-parts-2024-foto7-640x480.jpg\" class=\"attachment-medium size-medium\" alt=\"\" loading=\"lazy\"><i class=\"fa fa-search-plus\" aria-hidden=\"true\"><\/i><br \/>\n\t\t\t\t\t\t<\/span><br \/>\n\t\t\t\t\t<\/figure>\n<figure>\n\t\t\t\t\t<span style=\"cursor: pointer\" data-src=\"https:\/\/autorai.nl\/wp-content\/uploads\/2024\/08\/bmw-x3-2024-m-performance-parts-2024-foto3-1600x1600.jpg\" data-fancybox=\"galery-0\" title=\"\"><br \/>\n\t\t\t\t\t\t\t<img decoding=\"async\" width=\"360\" height=\"270\" src=\"https:\/\/autorai.nl\/wp-content\/uploads\/2024\/08\/bmw-x3-2024-m-performance-parts-2024-foto3-360x270.jpg\" class=\"attachment-small size-small\" alt=\"\" loading=\"lazy\"><i class=\"fa fa-search-plus\" aria-hidden=\"true\"><\/i><br \/>\n\t\t\t\t\t\t<\/span><br \/>\n\t\t\t\t\t<\/figure>\n<figure>\n\t\t\t\t\t<span style=\"cursor: pointer\" data-src=\"https:\/\/autorai.nl\/wp-content\/uploads\/2024\/08\/bmw-x3-2024-m-performance-parts-2024-foto2-1600x1068.jpg\" data-fancybox=\"galery-0\" title=\"\"><br \/>\n\t\t\t\t\t\t\t<img decoding=\"async\" width=\"360\" height=\"270\" src=\"https:\/\/autorai.nl\/wp-content\/uploads\/2024\/08\/bmw-x3-2024-m-performance-parts-2024-foto2-360x270.jpg\" class=\"attachment-small size-small\" alt=\"\" loading=\"lazy\"><i class=\"fa fa-search-plus\" aria-hidden=\"true\"><\/i><br \/>\n\t\t\t\t\t\t<\/span><br \/>\n\t\t\t\t\t<\/figure>\n<figure>\n\t\t\t\t\t<span style=\"cursor: pointer\" data-src=\"https:\/\/autorai.nl\/wp-content\/uploads\/2024\/08\/bmw-x3-2024-m-performance-parts-2024-foto6-1600x1600.jpg\" data-fancybox=\"galery-0\" title=\"\"><br \/>\n\t\t\t\t\t\t\t<img decoding=\"async\" width=\"640\" height=\"480\" src=\"https:\/\/autorai.nl\/wp-content\/uploads\/2024\/08\/bmw-x3-2024-m-performance-parts-2024-foto6-640x480.jpg\" class=\"attachment-medium size-medium\" alt=\"\" loading=\"lazy\"><i class=\"fa fa-search-plus\" aria-hidden=\"true\"><\/i><br \/>\n\t\t\t\t\t\t<\/span><br \/>\n\t\t\t\t\t<\/figure>\n<figure>\n\t\t\t\t\t<span style=\"cursor: pointer\" data-src=\"https:\/\/autorai.nl\/wp-content\/uploads\/2024\/08\/bmw-x3-2024-m-performance-parts-2024-foto5-1600x1066.jpg\" data-fancybox=\"galery-0\" title=\"\"><br \/>\n\t\t\t\t\t\t\t<img decoding=\"async\" width=\"360\" height=\"270\" src=\"https:\/\/autorai.nl\/wp-content\/uploads\/2024\/08\/bmw-x3-2024-m-performance-parts-2024-foto5-360x270.jpg\" class=\"attachment-small size-small\" alt=\"\" loading=\"lazy\"><i class=\"fa fa-search-plus\" aria-hidden=\"true\"><\/i><br \/>\n\t\t\t\t\t\t<\/span><br \/>\n\t\t\t\t\t<\/figure>\n<figure>\n\t\t\t\t\t<span style=\"cursor: pointer\" data-src=\"https:\/\/autorai.nl\/wp-content\/uploads\/2024\/08\/bmw-x3-2024-m-performance-parts-2024-foto4-1600x1600.jpg\" data-fancybox=\"galery-0\" title=\"\"><br \/>\n\t\t\t\t\t\t\t<img decoding=\"async\" width=\"360\" height=\"270\" src=\"https:\/\/autorai.nl\/wp-content\/uploads\/2024\/08\/bmw-x3-2024-m-performance-parts-2024-foto4-360x270.jpg\" class=\"attachment-small size-small\" alt=\"\" loading=\"lazy\"><i class=\"fa fa-search-plus\" aria-hidden=\"true\"><\/i><br \/>\n\t\t\t\t\t\t<\/span><br \/>\n\t\t\t\t\t<\/figure>\n<div class=\"clear\"><\/div>\n<\/div>\n<\/p>\n<figure class=\"wp-block-embed is-type-video is-provider-youtube wp-block-embed-youtube wp-embed-aspect-16-9 wp-has-aspect-ratio\">\n<div class=\"wp-block-embed__wrapper\">\n<\/div>\n<\/figure>\n","protected":false},"excerpt":{"rendered":"Fabricados con materiales exclusivos Los productos de reequipamiento espec\u00edficos del modelo para el nuevo BMW X3 est\u00e1n fabricados con pl\u00e1stico&hellip;","protected":false},"author":0,"featured_media":147196,"comment_status":"","ping_status":"open","sticky":false,"template":"","format":"standard","meta":{"footnotes":""},"categories":[126],"tags":[],"class_list":["post-149191","post","type-post","status-publish","format-standard","has-post-thumbnail","hentry","category-noticias-de-autos"],"acf":[],"yoast_head":"<!-- This site is optimized with the Yoast SEO plugin v21.2 - https:\/\/yoast.com\/wordpress\/plugins\/seo\/ -->\n<title>BMW X3 ahora tambi\u00e9n con piezas BMW M Performance - All cars news<\/title>\n<meta name=\"robots\" content=\"index, follow, max-snippet:-1, max-image-preview:large, max-video-preview:-1\" \/>\n<link rel=\"canonical\" href=\"https:\/\/all-car-news.com\/es\/bmw-x3-ahora-tambien-con-piezas-bmw-m-performance\/\" \/>\n<meta property=\"og:locale\" content=\"es_ES\" \/>\n<meta property=\"og:type\" content=\"article\" \/>\n<meta property=\"og:title\" content=\"BMW X3 ahora tambi\u00e9n con piezas BMW M Performance - All cars news\" \/>\n<meta property=\"og:description\" content=\"Fabricados con materiales exclusivos Los productos de reequipamiento espec\u00edficos del modelo para el nuevo BMW X3 est\u00e1n fabricados con pl\u00e1stico reforzado con fibra de carbono (CFRP), aramida de alta resistencia o poliuretano de alto brillo. Entre las innovaciones se incluye un splitter delantero M Performance. Este splitter delantero de tres piezas est\u00e1 acabado en negro de alto brillo. Tambi\u00e9n est\u00e1 disponible una rejilla delantera M Performance, [...].\" \/>\n<meta property=\"og:url\" content=\"https:\/\/all-car-news.com\/es\/bmw-x3-ahora-tambien-con-piezas-bmw-m-performance\/\" \/>\n<meta property=\"og:site_name\" content=\"All cars news\" \/>\n<meta property=\"article:published_time\" content=\"2024-08-29T08:46:58+00:00\" \/>\n<meta property=\"og:image\" content=\"https:\/\/autorai.nl\/wp-content\/uploads\/2024\/08\/bmw-x3-2024-m-performance-parts-2024-foto12-1140x844.jpg\" \/>\n<meta name=\"twitter:card\" content=\"summary_large_image\" \/>\n<meta name=\"twitter:label1\" content=\"Tiempo de lectura\" \/>\n\t<meta name=\"twitter:data1\" content=\"2 minutos\" \/>\n<script type=\"application\/ld+json\" class=\"yoast-schema-graph\">{\"@context\":\"https:\/\/schema.org\",\"@graph\":[{\"@type\":\"Article\",\"@id\":\"https:\/\/all-car-news.com\/es\/bmw-x3-ahora-tambien-con-piezas-bmw-m-performance\/#article\",\"isPartOf\":{\"@id\":\"https:\/\/all-car-news.com\/es\/bmw-x3-ahora-tambien-con-piezas-bmw-m-performance\/\"},\"author\":{\"name\":\"\",\"@id\":\"\"},\"headline\":\"BMW X3 ahora tambi\u00e9n con piezas BMW M Performance\",\"datePublished\":\"2024-08-29T08:46:58+00:00\",\"dateModified\":\"2024-08-29T08:46:58+00:00\",\"mainEntityOfPage\":{\"@id\":\"https:\/\/all-car-news.com\/es\/bmw-x3-ahora-tambien-con-piezas-bmw-m-performance\/\"},\"wordCount\":425,\"publisher\":{\"@id\":\"https:\/\/all-car-news.com\/es\/#organization\"},\"articleSection\":[\"noticias de autos\"],\"inLanguage\":\"es\"},{\"@type\":\"WebPage\",\"@id\":\"https:\/\/all-car-news.com\/es\/bmw-x3-ahora-tambien-con-piezas-bmw-m-performance\/\",\"url\":\"https:\/\/all-car-news.com\/es\/bmw-x3-ahora-tambien-con-piezas-bmw-m-performance\/\",\"name\":\"BMW X3 ahora tambi\u00e9n con piezas BMW M Performance - All cars news\",\"isPartOf\":{\"@id\":\"https:\/\/all-car-news.com\/es\/#website\"},\"datePublished\":\"2024-08-29T08:46:58+00:00\",\"dateModified\":\"2024-08-29T08:46:58+00:00\",\"breadcrumb\":{\"@id\":\"https:\/\/all-car-news.com\/es\/bmw-x3-ahora-tambien-con-piezas-bmw-m-performance\/#breadcrumb\"},\"inLanguage\":\"es\",\"potentialAction\":[{\"@type\":\"ReadAction\",\"target\":[\"https:\/\/all-car-news.com\/es\/bmw-x3-ahora-tambien-con-piezas-bmw-m-performance\/\"]}]},{\"@type\":\"BreadcrumbList\",\"@id\":\"https:\/\/all-car-news.com\/es\/bmw-x3-ahora-tambien-con-piezas-bmw-m-performance\/#breadcrumb\",\"itemListElement\":[{\"@type\":\"ListItem\",\"position\":1,\"name\":\"Home\",\"item\":\"https:\/\/all-car-news.com\/es\/\"},{\"@type\":\"ListItem\",\"position\":2,\"name\":\"BMW X3 ahora tambi\u00e9n con piezas BMW M Performance\"}]},{\"@type\":\"WebSite\",\"@id\":\"https:\/\/all-car-news.com\/es\/#website\",\"url\":\"https:\/\/all-car-news.com\/es\/\",\"name\":\"All cars news\",\"description\":\"\",\"publisher\":{\"@id\":\"https:\/\/all-car-news.com\/es\/#organization\"},\"potentialAction\":[{\"@type\":\"SearchAction\",\"target\":{\"@type\":\"EntryPoint\",\"urlTemplate\":\"https:\/\/all-car-news.com\/es\/?s={search_term_string}\"},\"query-input\":\"required name=search_term_string\"}],\"inLanguage\":\"es\"},{\"@type\":\"Organization\",\"@id\":\"https:\/\/all-car-news.com\/es\/#organization\",\"name\":\"All cars news\",\"url\":\"https:\/\/all-car-news.com\/es\/\",\"logo\":{\"@type\":\"ImageObject\",\"inLanguage\":\"es\",\"@id\":\"https:\/\/all-car-news.com\/es\/#\/schema\/logo\/image\/\",\"url\":\"https:\/\/all-car-news.com\/wp-content\/uploads\/2022\/02\/CMYK-AllCarNews_LANDSCAPE_300px-1.png\",\"contentUrl\":\"https:\/\/all-car-news.com\/wp-content\/uploads\/2022\/02\/CMYK-AllCarNews_LANDSCAPE_300px-1.png\",\"width\":300,\"height\":100,\"caption\":\"All cars news\"},\"image\":{\"@id\":\"https:\/\/all-car-news.com\/es\/#\/schema\/logo\/image\/\"}}]}<\/script>\n<!-- \/ Yoast SEO plugin. -->","yoast_head_json":{"title":"BMW X3 ahora tambi\u00e9n con piezas BMW M Performance - All cars news","robots":{"index":"index","follow":"follow","max-snippet":"max-snippet:-1","max-image-preview":"max-image-preview:large","max-video-preview":"max-video-preview:-1"},"canonical":"https:\/\/all-car-news.com\/es\/bmw-x3-ahora-tambien-con-piezas-bmw-m-performance\/","og_locale":"es_ES","og_type":"article","og_title":"BMW X3 ahora tambi\u00e9n con piezas BMW M Performance - All cars news","og_description":"Fabricados con materiales exclusivos Los productos de reequipamiento espec\u00edficos del modelo para el nuevo BMW X3 est\u00e1n fabricados con pl\u00e1stico reforzado con fibra de carbono (CFRP), aramida de alta resistencia o poliuretano de alto brillo. Entre las innovaciones se incluye un splitter delantero M Performance. Este splitter delantero de tres piezas est\u00e1 acabado en negro de alto brillo. Tambi\u00e9n est\u00e1 disponible una rejilla delantera M Performance, [...].","og_url":"https:\/\/all-car-news.com\/es\/bmw-x3-ahora-tambien-con-piezas-bmw-m-performance\/","og_site_name":"All cars news","article_published_time":"2024-08-29T08:46:58+00:00","og_image":[{"url":"https:\/\/autorai.nl\/wp-content\/uploads\/2024\/08\/bmw-x3-2024-m-performance-parts-2024-foto12-1140x844.jpg"}],"twitter_card":"summary_large_image","twitter_misc":{"Tiempo de lectura":"2 minutos"},"schema":{"@context":"https:\/\/schema.org","@graph":[{"@type":"Article","@id":"https:\/\/all-car-news.com\/es\/bmw-x3-ahora-tambien-con-piezas-bmw-m-performance\/#article","isPartOf":{"@id":"https:\/\/all-car-news.com\/es\/bmw-x3-ahora-tambien-con-piezas-bmw-m-performance\/"},"author":{"name":"","@id":""},"headline":"BMW X3 ahora tambi\u00e9n con piezas BMW M Performance","datePublished":"2024-08-29T08:46:58+00:00","dateModified":"2024-08-29T08:46:58+00:00","mainEntityOfPage":{"@id":"https:\/\/all-car-news.com\/es\/bmw-x3-ahora-tambien-con-piezas-bmw-m-performance\/"},"wordCount":425,"publisher":{"@id":"https:\/\/all-car-news.com\/es\/#organization"},"articleSection":["noticias de autos"],"inLanguage":"es"},{"@type":"WebPage","@id":"https:\/\/all-car-news.com\/es\/bmw-x3-ahora-tambien-con-piezas-bmw-m-performance\/","url":"https:\/\/all-car-news.com\/es\/bmw-x3-ahora-tambien-con-piezas-bmw-m-performance\/","name":"BMW X3 ahora tambi\u00e9n con piezas BMW M Performance - All cars news","isPartOf":{"@id":"https:\/\/all-car-news.com\/es\/#website"},"datePublished":"2024-08-29T08:46:58+00:00","dateModified":"2024-08-29T08:46:58+00:00","breadcrumb":{"@id":"https:\/\/all-car-news.com\/es\/bmw-x3-ahora-tambien-con-piezas-bmw-m-performance\/#breadcrumb"},"inLanguage":"es","potentialAction":[{"@type":"ReadAction","target":["https:\/\/all-car-news.com\/es\/bmw-x3-ahora-tambien-con-piezas-bmw-m-performance\/"]}]},{"@type":"BreadcrumbList","@id":"https:\/\/all-car-news.com\/es\/bmw-x3-ahora-tambien-con-piezas-bmw-m-performance\/#breadcrumb","itemListElement":[{"@type":"ListItem","position":1,"name":"Home","item":"https:\/\/all-car-news.com\/es\/"},{"@type":"ListItem","position":2,"name":"BMW X3 ahora tambi\u00e9n con piezas BMW M Performance"}]},{"@type":"WebSite","@id":"https:\/\/all-car-news.com\/es\/#website","url":"https:\/\/all-car-news.com\/es\/","name":"All cars news","description":"","publisher":{"@id":"https:\/\/all-car-news.com\/es\/#organization"},"potentialAction":[{"@type":"SearchAction","target":{"@type":"EntryPoint","urlTemplate":"https:\/\/all-car-news.com\/es\/?s={search_term_string}"},"query-input":"required name=search_term_string"}],"inLanguage":"es"},{"@type":"Organization","@id":"https:\/\/all-car-news.com\/es\/#organization","name":"All cars news","url":"https:\/\/all-car-news.com\/es\/","logo":{"@type":"ImageObject","inLanguage":"es","@id":"https:\/\/all-car-news.com\/es\/#\/schema\/logo\/image\/","url":"https:\/\/all-car-news.com\/wp-content\/uploads\/2022\/02\/CMYK-AllCarNews_LANDSCAPE_300px-1.png","contentUrl":"https:\/\/all-car-news.com\/wp-content\/uploads\/2022\/02\/CMYK-AllCarNews_LANDSCAPE_300px-1.png","width":300,"height":100,"caption":"All cars news"},"image":{"@id":"https:\/\/all-car-news.com\/es\/#\/schema\/logo\/image\/"}}]}},"_links":{"self":[{"href":"https:\/\/all-car-news.com\/es\/wp-json\/wp\/v2\/posts\/149191","targetHints":{"allow":["GET"]}}],"collection":[{"href":"https:\/\/all-car-news.com\/es\/wp-json\/wp\/v2\/posts"}],"about":[{"href":"https:\/\/all-car-news.com\/es\/wp-json\/wp\/v2\/types\/post"}],"replies":[{"embeddable":true,"href":"https:\/\/all-car-news.com\/es\/wp-json\/wp\/v2\/comments?post=149191"}],"version-history":[{"count":0,"href":"https:\/\/all-car-news.com\/es\/wp-json\/wp\/v2\/posts\/149191\/revisions"}],"wp:featuredmedia":[{"embeddable":true,"href":"https:\/\/all-car-news.com\/es\/wp-json\/wp\/v2\/media\/147196"}],"wp:attachment":[{"href":"https:\/\/all-car-news.com\/es\/wp-json\/wp\/v2\/media?parent=149191"}],"wp:term":[{"taxonomy":"category","embeddable":true,"href":"https:\/\/all-car-news.com\/es\/wp-json\/wp\/v2\/categories?post=149191"},{"taxonomy":"post_tag","embeddable":true,"href":"https:\/\/all-car-news.com\/es\/wp-json\/wp\/v2\/tags?post=149191"}],"curies":[{"name":"wp","href":"https:\/\/api.w.org\/{rel}","templated":true}]}}