{"id":149024,"date":"2024-08-02T10:19:22","date_gmt":"2024-08-02T10:19:22","guid":{"rendered":"https:\/\/all-car-news.com\/esto-es-lo-que-cuesta-el-nuevo-audi-a5-en-holanda\/"},"modified":"2024-08-02T10:19:22","modified_gmt":"2024-08-02T10:19:22","slug":"esto-es-lo-que-cuesta-el-nuevo-audi-a5-en-holanda","status":"publish","type":"post","link":"https:\/\/all-car-news.com\/es\/esto-es-lo-que-cuesta-el-nuevo-audi-a5-en-holanda\/","title":{"rendered":"Esto es lo que cuesta el nuevo Audi A5 en Holanda"},"content":{"rendered":"<h2>\u00bfAudi A5?<\/h2>\n<p>A partir de ahora, el Audi A4 pasar\u00e1 a llamarse A5. \u00bfPor qu\u00e9? La marca va a utilizar n\u00fameros pares s\u00f3lo para los modelos EV.<br \/>\nComo el nuevo A4 tiene un motor de combustible, ha pasado a llamarse A5.   <\/p>\n<p>Hablando de motores.<br \/>\nBajo el cap\u00f3 del nuevo A5 hay un motor 2.0 TFSI, disponible en dos sabores: 110 kW (150 CV) y 150 kW (204 CV), ambos acoplados a una transmisi\u00f3n autom\u00e1tica S tronic.<br \/>\nPara los amantes de a\u00fan m\u00e1s potencia, est\u00e1 el Audi S5 con un motor 3.0 V6 TFSI de 270 kW (367 CV), equipado con tracci\u00f3n integral Quattro y diferencial deportivo.<br \/>\nLas versiones h\u00edbridas enchufables llegar\u00e1n el a\u00f1o que viene.   <\/p>\n<figure class=\"wp-block-image size-content\"><img decoding=\"async\" loading=\"lazy\" width=\"1140\" height=\"855\" src=\"https:\/\/autorai.nl\/wp-content\/uploads\/2024\/08\/audia5limousine-1-1140x855.jpg\" alt=\"\" class=\"wp-image-182504\"><\/figure>\n<h2><strong>Muchas pantallas<\/strong><\/h2>\n<p>Los nuevos Audi A5 Limusina y A5 Avant son mucho m\u00e1s grandes que sus predecesores.<br \/>\nCon una batalla de 2,90 metros, el nuevo A5 ofrece un espacio interior considerable.<br \/>\nEl salpicadero incorpora el Audi virtual cockpit+ (11,9 pulgadas) y la pantalla central MMI touch (14,5 pulgadas).<br \/>\nOpcionalmente, hay disponible una pantalla MMI de 10,9 pulgadas para el acompa\u00f1ante y un Head-up Display.   <\/p>\n<figure class=\"wp-block-image size-content\"><img decoding=\"async\" loading=\"lazy\" width=\"1140\" height=\"855\" src=\"https:\/\/autorai.nl\/wp-content\/uploads\/2024\/08\/audia5limousine-16-1140x855.jpg\" alt=\"\" class=\"wp-image-182505\"><\/figure>\n<h2><strong>Precios<\/strong><\/h2>\n<p>Los nuevos modelos Audi A5 ya pueden configurarse como se desee en el configurador online y pedirse en los concesionarios Audi.<br \/>\nLas entregas comenzar\u00e1n este oto\u00f1o.<br \/>\nLos precios empiezan a partir de 54.990 euros.<br \/>\nPara el A5 Avant, la marca pide un m\u00ednimo de 57.990 euros.<br \/>\nPor 59.990, hay una versi\u00f3n especial de lanzamiento: el Audi A5 Edition One.<br \/>\nEsta edici\u00f3n limitada ofrece suspensi\u00f3n deportiva, iluminaci\u00f3n LED Plus, faros traseros LED din\u00e1micos y un sistema de sonido Audi, entre otras caracter\u00edsticas.<br \/>\nTambi\u00e9n tiene llantas de aleaci\u00f3n de 19 pulgadas y un interior y exterior deportivos S Line.<br \/>\nEl A5 edition one y el Audi S5 pueden configurarse y encargarse a partir del 8 de agosto.         <\/p>\n<\/p>\n<figure class=\"wp-block-image size-content\"><img decoding=\"async\" loading=\"lazy\" width=\"1140\" height=\"855\" src=\"https:\/\/autorai.nl\/wp-content\/uploads\/2024\/08\/audia5limousine-25-2-1140x855.jpg\" alt=\"\" class=\"wp-image-182510\"><\/figure>\n<figure class=\"wp-block-gallery has-nested-images columns-default is-cropped\">\n<figure class=\"wp-block-image size-large\"><img decoding=\"async\" loading=\"lazy\" width=\"1140\" height=\"760\" data-id=\"182506\" src=\"https:\/\/autorai.nl\/wp-content\/uploads\/2024\/08\/audis5avant-2-1140x760.jpg\" alt=\"\" class=\"wp-image-182506\"><\/figure>\n<figure class=\"wp-block-image size-large\"><img decoding=\"async\" loading=\"lazy\" width=\"1140\" height=\"760\" data-id=\"182507\" src=\"https:\/\/autorai.nl\/wp-content\/uploads\/2024\/08\/audis5limousine-1-1140x760.jpg\" alt=\"\" class=\"wp-image-182507\"><\/figure>\n<\/figure>\n","protected":false},"excerpt":{"rendered":"\u00bfAudi A5? A partir de ahora, el Audi A4 pasar\u00e1 a llamarse A5. \u00bfPor qu\u00e9? La marca va a utilizar&hellip;","protected":false},"author":0,"featured_media":146514,"comment_status":"","ping_status":"open","sticky":false,"template":"","format":"standard","meta":{"footnotes":""},"categories":[126],"tags":[],"class_list":["post-149024","post","type-post","status-publish","format-standard","has-post-thumbnail","hentry","category-noticias-de-autos"],"acf":[],"yoast_head":"<!-- This site is optimized with the Yoast SEO plugin v21.2 - https:\/\/yoast.com\/wordpress\/plugins\/seo\/ -->\n<title>Esto es lo que cuesta el nuevo Audi A5 en Holanda - All cars news<\/title>\n<meta name=\"robots\" content=\"index, follow, max-snippet:-1, max-image-preview:large, max-video-preview:-1\" \/>\n<link rel=\"canonical\" href=\"https:\/\/all-car-news.com\/es\/esto-es-lo-que-cuesta-el-nuevo-audi-a5-en-holanda\/\" \/>\n<meta property=\"og:locale\" content=\"es_ES\" \/>\n<meta property=\"og:type\" content=\"article\" \/>\n<meta property=\"og:title\" content=\"Esto es lo que cuesta el nuevo Audi A5 en Holanda - All cars news\" \/>\n<meta property=\"og:description\" content=\"\u00bfAudi A5? A partir de ahora, el Audi A4 pasar\u00e1 a llamarse A5. \u00bfPor qu\u00e9? La marca va a utilizar n\u00fameros pares s\u00f3lo para los modelos EV. Como el nuevo A4 tiene un motor de combustible, ha pasado a llamarse A5. Hablando de motores. Bajo el cap\u00f3 del nuevo A5 hay un motor 2.0 TFSI, disponible en dos [...]\" \/>\n<meta property=\"og:url\" content=\"https:\/\/all-car-news.com\/es\/esto-es-lo-que-cuesta-el-nuevo-audi-a5-en-holanda\/\" \/>\n<meta property=\"og:site_name\" content=\"All cars news\" \/>\n<meta property=\"article:published_time\" content=\"2024-08-02T10:19:22+00:00\" \/>\n<meta property=\"og:image\" content=\"https:\/\/autorai.nl\/wp-content\/uploads\/2024\/08\/audia5limousine-1-1140x855.jpg\" \/>\n<meta name=\"twitter:card\" content=\"summary_large_image\" \/>\n<meta name=\"twitter:label1\" content=\"Tiempo de lectura\" \/>\n\t<meta name=\"twitter:data1\" content=\"2 minutos\" \/>\n<script type=\"application\/ld+json\" class=\"yoast-schema-graph\">{\"@context\":\"https:\/\/schema.org\",\"@graph\":[{\"@type\":\"Article\",\"@id\":\"https:\/\/all-car-news.com\/es\/esto-es-lo-que-cuesta-el-nuevo-audi-a5-en-holanda\/#article\",\"isPartOf\":{\"@id\":\"https:\/\/all-car-news.com\/es\/esto-es-lo-que-cuesta-el-nuevo-audi-a5-en-holanda\/\"},\"author\":{\"name\":\"\",\"@id\":\"\"},\"headline\":\"Esto es lo que cuesta el nuevo Audi A5 en Holanda\",\"datePublished\":\"2024-08-02T10:19:22+00:00\",\"dateModified\":\"2024-08-02T10:19:22+00:00\",\"mainEntityOfPage\":{\"@id\":\"https:\/\/all-car-news.com\/es\/esto-es-lo-que-cuesta-el-nuevo-audi-a5-en-holanda\/\"},\"wordCount\":312,\"publisher\":{\"@id\":\"https:\/\/all-car-news.com\/es\/#organization\"},\"articleSection\":[\"noticias de autos\"],\"inLanguage\":\"es\"},{\"@type\":\"WebPage\",\"@id\":\"https:\/\/all-car-news.com\/es\/esto-es-lo-que-cuesta-el-nuevo-audi-a5-en-holanda\/\",\"url\":\"https:\/\/all-car-news.com\/es\/esto-es-lo-que-cuesta-el-nuevo-audi-a5-en-holanda\/\",\"name\":\"Esto es lo que cuesta el nuevo Audi A5 en Holanda - All cars news\",\"isPartOf\":{\"@id\":\"https:\/\/all-car-news.com\/es\/#website\"},\"datePublished\":\"2024-08-02T10:19:22+00:00\",\"dateModified\":\"2024-08-02T10:19:22+00:00\",\"breadcrumb\":{\"@id\":\"https:\/\/all-car-news.com\/es\/esto-es-lo-que-cuesta-el-nuevo-audi-a5-en-holanda\/#breadcrumb\"},\"inLanguage\":\"es\",\"potentialAction\":[{\"@type\":\"ReadAction\",\"target\":[\"https:\/\/all-car-news.com\/es\/esto-es-lo-que-cuesta-el-nuevo-audi-a5-en-holanda\/\"]}]},{\"@type\":\"BreadcrumbList\",\"@id\":\"https:\/\/all-car-news.com\/es\/esto-es-lo-que-cuesta-el-nuevo-audi-a5-en-holanda\/#breadcrumb\",\"itemListElement\":[{\"@type\":\"ListItem\",\"position\":1,\"name\":\"Home\",\"item\":\"https:\/\/all-car-news.com\/es\/\"},{\"@type\":\"ListItem\",\"position\":2,\"name\":\"Esto es lo que cuesta el nuevo Audi A5 en Holanda\"}]},{\"@type\":\"WebSite\",\"@id\":\"https:\/\/all-car-news.com\/es\/#website\",\"url\":\"https:\/\/all-car-news.com\/es\/\",\"name\":\"All cars news\",\"description\":\"\",\"publisher\":{\"@id\":\"https:\/\/all-car-news.com\/es\/#organization\"},\"potentialAction\":[{\"@type\":\"SearchAction\",\"target\":{\"@type\":\"EntryPoint\",\"urlTemplate\":\"https:\/\/all-car-news.com\/es\/?s={search_term_string}\"},\"query-input\":\"required name=search_term_string\"}],\"inLanguage\":\"es\"},{\"@type\":\"Organization\",\"@id\":\"https:\/\/all-car-news.com\/es\/#organization\",\"name\":\"All cars news\",\"url\":\"https:\/\/all-car-news.com\/es\/\",\"logo\":{\"@type\":\"ImageObject\",\"inLanguage\":\"es\",\"@id\":\"https:\/\/all-car-news.com\/es\/#\/schema\/logo\/image\/\",\"url\":\"https:\/\/all-car-news.com\/wp-content\/uploads\/2022\/02\/CMYK-AllCarNews_LANDSCAPE_300px-1.png\",\"contentUrl\":\"https:\/\/all-car-news.com\/wp-content\/uploads\/2022\/02\/CMYK-AllCarNews_LANDSCAPE_300px-1.png\",\"width\":300,\"height\":100,\"caption\":\"All cars news\"},\"image\":{\"@id\":\"https:\/\/all-car-news.com\/es\/#\/schema\/logo\/image\/\"}}]}<\/script>\n<!-- \/ Yoast SEO plugin. -->","yoast_head_json":{"title":"Esto es lo que cuesta el nuevo Audi A5 en Holanda - All cars news","robots":{"index":"index","follow":"follow","max-snippet":"max-snippet:-1","max-image-preview":"max-image-preview:large","max-video-preview":"max-video-preview:-1"},"canonical":"https:\/\/all-car-news.com\/es\/esto-es-lo-que-cuesta-el-nuevo-audi-a5-en-holanda\/","og_locale":"es_ES","og_type":"article","og_title":"Esto es lo que cuesta el nuevo Audi A5 en Holanda - All cars news","og_description":"\u00bfAudi A5? A partir de ahora, el Audi A4 pasar\u00e1 a llamarse A5. \u00bfPor qu\u00e9? La marca va a utilizar n\u00fameros pares s\u00f3lo para los modelos EV. Como el nuevo A4 tiene un motor de combustible, ha pasado a llamarse A5. Hablando de motores. Bajo el cap\u00f3 del nuevo A5 hay un motor 2.0 TFSI, disponible en dos [...]","og_url":"https:\/\/all-car-news.com\/es\/esto-es-lo-que-cuesta-el-nuevo-audi-a5-en-holanda\/","og_site_name":"All cars news","article_published_time":"2024-08-02T10:19:22+00:00","og_image":[{"url":"https:\/\/autorai.nl\/wp-content\/uploads\/2024\/08\/audia5limousine-1-1140x855.jpg"}],"twitter_card":"summary_large_image","twitter_misc":{"Tiempo de lectura":"2 minutos"},"schema":{"@context":"https:\/\/schema.org","@graph":[{"@type":"Article","@id":"https:\/\/all-car-news.com\/es\/esto-es-lo-que-cuesta-el-nuevo-audi-a5-en-holanda\/#article","isPartOf":{"@id":"https:\/\/all-car-news.com\/es\/esto-es-lo-que-cuesta-el-nuevo-audi-a5-en-holanda\/"},"author":{"name":"","@id":""},"headline":"Esto es lo que cuesta el nuevo Audi A5 en Holanda","datePublished":"2024-08-02T10:19:22+00:00","dateModified":"2024-08-02T10:19:22+00:00","mainEntityOfPage":{"@id":"https:\/\/all-car-news.com\/es\/esto-es-lo-que-cuesta-el-nuevo-audi-a5-en-holanda\/"},"wordCount":312,"publisher":{"@id":"https:\/\/all-car-news.com\/es\/#organization"},"articleSection":["noticias de autos"],"inLanguage":"es"},{"@type":"WebPage","@id":"https:\/\/all-car-news.com\/es\/esto-es-lo-que-cuesta-el-nuevo-audi-a5-en-holanda\/","url":"https:\/\/all-car-news.com\/es\/esto-es-lo-que-cuesta-el-nuevo-audi-a5-en-holanda\/","name":"Esto es lo que cuesta el nuevo Audi A5 en Holanda - All cars news","isPartOf":{"@id":"https:\/\/all-car-news.com\/es\/#website"},"datePublished":"2024-08-02T10:19:22+00:00","dateModified":"2024-08-02T10:19:22+00:00","breadcrumb":{"@id":"https:\/\/all-car-news.com\/es\/esto-es-lo-que-cuesta-el-nuevo-audi-a5-en-holanda\/#breadcrumb"},"inLanguage":"es","potentialAction":[{"@type":"ReadAction","target":["https:\/\/all-car-news.com\/es\/esto-es-lo-que-cuesta-el-nuevo-audi-a5-en-holanda\/"]}]},{"@type":"BreadcrumbList","@id":"https:\/\/all-car-news.com\/es\/esto-es-lo-que-cuesta-el-nuevo-audi-a5-en-holanda\/#breadcrumb","itemListElement":[{"@type":"ListItem","position":1,"name":"Home","item":"https:\/\/all-car-news.com\/es\/"},{"@type":"ListItem","position":2,"name":"Esto es lo que cuesta el nuevo Audi A5 en Holanda"}]},{"@type":"WebSite","@id":"https:\/\/all-car-news.com\/es\/#website","url":"https:\/\/all-car-news.com\/es\/","name":"All cars news","description":"","publisher":{"@id":"https:\/\/all-car-news.com\/es\/#organization"},"potentialAction":[{"@type":"SearchAction","target":{"@type":"EntryPoint","urlTemplate":"https:\/\/all-car-news.com\/es\/?s={search_term_string}"},"query-input":"required name=search_term_string"}],"inLanguage":"es"},{"@type":"Organization","@id":"https:\/\/all-car-news.com\/es\/#organization","name":"All cars news","url":"https:\/\/all-car-news.com\/es\/","logo":{"@type":"ImageObject","inLanguage":"es","@id":"https:\/\/all-car-news.com\/es\/#\/schema\/logo\/image\/","url":"https:\/\/all-car-news.com\/wp-content\/uploads\/2022\/02\/CMYK-AllCarNews_LANDSCAPE_300px-1.png","contentUrl":"https:\/\/all-car-news.com\/wp-content\/uploads\/2022\/02\/CMYK-AllCarNews_LANDSCAPE_300px-1.png","width":300,"height":100,"caption":"All cars news"},"image":{"@id":"https:\/\/all-car-news.com\/es\/#\/schema\/logo\/image\/"}}]}},"_links":{"self":[{"href":"https:\/\/all-car-news.com\/es\/wp-json\/wp\/v2\/posts\/149024","targetHints":{"allow":["GET"]}}],"collection":[{"href":"https:\/\/all-car-news.com\/es\/wp-json\/wp\/v2\/posts"}],"about":[{"href":"https:\/\/all-car-news.com\/es\/wp-json\/wp\/v2\/types\/post"}],"replies":[{"embeddable":true,"href":"https:\/\/all-car-news.com\/es\/wp-json\/wp\/v2\/comments?post=149024"}],"version-history":[{"count":0,"href":"https:\/\/all-car-news.com\/es\/wp-json\/wp\/v2\/posts\/149024\/revisions"}],"wp:featuredmedia":[{"embeddable":true,"href":"https:\/\/all-car-news.com\/es\/wp-json\/wp\/v2\/media\/146514"}],"wp:attachment":[{"href":"https:\/\/all-car-news.com\/es\/wp-json\/wp\/v2\/media?parent=149024"}],"wp:term":[{"taxonomy":"category","embeddable":true,"href":"https:\/\/all-car-news.com\/es\/wp-json\/wp\/v2\/categories?post=149024"},{"taxonomy":"post_tag","embeddable":true,"href":"https:\/\/all-car-news.com\/es\/wp-json\/wp\/v2\/tags?post=149024"}],"curies":[{"name":"wp","href":"https:\/\/api.w.org\/{rel}","templated":true}]}}