{"id":148781,"date":"2024-05-21T08:44:32","date_gmt":"2024-05-21T08:44:32","guid":{"rendered":"https:\/\/all-car-news.com\/vuelve-el-mini-john-cooper-works\/"},"modified":"2024-05-21T08:44:32","modified_gmt":"2024-05-21T08:44:32","slug":"vuelve-el-mini-john-cooper-works","status":"publish","type":"post","link":"https:\/\/all-car-news.com\/es\/vuelve-el-mini-john-cooper-works\/","title":{"rendered":"\u00a1Vuelve el MINI John Cooper Works!"},"content":{"rendered":"<h2>N\u00fcrburgring<\/h2>\n<p>El nuevo MINI John Cooper Works har\u00e1 su primera aparici\u00f3n en las 24 horas de N\u00fcrburgring, una de las carreras de resistencia m\u00e1s duras del mundo. Pilotos y equipos se enfrentan al reto de conquistar el emblem\u00e1tico circuito de N\u00fcrburgring-Nordschleife en una agotadora carrera de 24 horas.<\/p>\n<h2>\u00a1Con motor de gasolina!<\/h2>\n<p>El nuevo MINI John Cooper Works de gasolina rinde homenaje a los ic\u00f3nicos esquemas de color rojo y blanco utilizados por los Minis cl\u00e1sicos en los deportes de motor en la d\u00e9cada de 1960. De ah\u00ed que el prototipo se hiciera con este camuflaje. Como gui\u00f1o a la hist\u00f3rica victoria del Mini Cooper S en el Rallye de Montecarlo de 1964, hace 60 a\u00f1os, el coche de carreras incorpora un distintivo 37 que conmemora este hito. Este emblema es un homenaje a la rica tradici\u00f3n automovil\u00edstica de MINI.<\/p>\n<h2>#317<\/h2>\n<p>El nuevo John Cooper Works 317 est\u00e1 inscrito en la escuder\u00eda privada Bulldog Racing, con sede en Nuremberg, y compite en la categor\u00eda SP 3T. El coche de carreras MINI Twin-Power Turbo se llama MINI John Cooper Works PRO.<\/p>\n<h2>#474<\/h2>\n<p>El segundo participante es el MINI John Cooper Works #474 negro manual, que consigui\u00f3 un podio en las 24 Horas de N\u00fcrburgring del a\u00f1o pasado. Al hacerlo, demostr\u00f3 su destreza contra la feroz competencia de la categor\u00eda VT-2, consolidando su estatus en la carrera de resistencia.<\/p>\n<h2>Como gasolina o 100% el\u00e9ctrico<\/h2>\n<p>El nuevo MINI John Cooper Works celebrar\u00e1 su estreno mundial en oto\u00f1o de 2024.&nbsp;  La nueva gama MINI John Cooper Works estar\u00e1 disponible en versiones de gasolina y totalmente el\u00e9ctricas.<\/p>\n<div class=\"galery shuffle galery-0\">\n<figure>\n\t\t\t\t\t<span style=\"cursor: pointer\" data-src=\"https:\/\/autorai.nl\/wp-content\/uploads\/2024\/05\/MINI-John-Cooper-Works-prototype-2024-foto18-1600x1067.jpg\" data-fancybox=\"galery-0\" title=\"Un MINI John Cooper Works rojo con motivos abstractos blancos circula por una carretera rodeada de \u00e1rboles verdes y monta\u00f1as bajo un cielo parcialmente nublado.\"><br \/>\n\t\t\t\t\t\t\t<img decoding=\"async\" width=\"640\" height=\"480\" src=\"https:\/\/autorai.nl\/wp-content\/uploads\/2024\/05\/MINI-John-Cooper-Works-prototype-2024-foto18-640x480.jpg\" class=\"attachment-medium size-medium\" alt=\"Un MINI John Cooper Works rojo con motivos abstractos blancos circula por una carretera rodeada de \u00e1rboles verdes y monta\u00f1as bajo un cielo parcialmente nublado.\" loading=\"lazy\"><i class=\"fa fa-search-plus\" aria-hidden=\"true\"><\/i><br \/>\n\t\t\t\t\t\t<\/span><br \/>\n\t\t\t\t\t<\/figure>\n<figure>\n\t\t\t\t\t<span style=\"cursor: pointer\" data-src=\"https:\/\/autorai.nl\/wp-content\/uploads\/2024\/05\/MINI-John-Cooper-Works-prototype-2024-foto17-1600x1067.jpg\" data-fancybox=\"galery-0\"><br \/>\n\t\t\t\t\t\t\t<img decoding=\"async\" width=\"360\" height=\"270\" src=\"https:\/\/autorai.nl\/wp-content\/uploads\/2024\/05\/MINI-John-Cooper-Works-prototype-2024-foto17-360x270.jpg\" class=\"attachment-small size-small\" alt=\"Un coche MINI John Cooper Works rojo con parrilla negra y llantas blancas circula por una carretera sinuosa. En la matr\u00edcula se lee \"BR24 PRO\". El veh\u00edculo est\u00e1 decorado con un patr\u00f3n de camuflaje blanco y rojo, que resalta su estilo distintivo.\" loading=\"lazy\"><i class=\"fa fa-search-plus\" aria-hidden=\"true\"><\/i><br \/>\n\t\t\t\t\t\t<\/span><br \/>\n\t\t\t\t\t<\/figure>\n<figure>\n\t\t\t\t\t<span style=\"cursor: pointer\" data-src=\"https:\/\/autorai.nl\/wp-content\/uploads\/2024\/05\/MINI-John-Cooper-Works-prototype-2024-foto16-1600x1067.jpg\" data-fancybox=\"galery-0\" title=\"Un MINI John Cooper Works rojo camuflado circula a toda velocidad por un circuito de carreras, acerc\u00e1ndose a una curva con hierba visible al fondo.\"><br \/>\n\t\t\t\t\t\t\t<img decoding=\"async\" width=\"360\" height=\"270\" src=\"https:\/\/autorai.nl\/wp-content\/uploads\/2024\/05\/MINI-John-Cooper-Works-prototype-2024-foto16-360x270.jpg\" class=\"attachment-small size-small\" alt=\"Un MINI John Cooper Works rojo camuflado circula a toda velocidad por un circuito de carreras, acerc\u00e1ndose a una curva con hierba visible al fondo.\" loading=\"lazy\"><i class=\"fa fa-search-plus\" aria-hidden=\"true\"><\/i><br \/>\n\t\t\t\t\t\t<\/span><br \/>\n\t\t\t\t\t<\/figure>\n<figure>\n\t\t\t\t\t<span style=\"cursor: pointer\" data-src=\"https:\/\/autorai.nl\/wp-content\/uploads\/2024\/05\/MINI-John-Cooper-Works-prototype-2024-foto15-1600x1067.jpg\" data-fancybox=\"galery-0\"><br \/>\n\t\t\t\t\t\t\t<img decoding=\"async\" width=\"640\" height=\"480\" src=\"https:\/\/autorai.nl\/wp-content\/uploads\/2024\/05\/MINI-John-Cooper-Works-prototype-2024-foto15-640x480.jpg\" class=\"attachment-medium size-medium\" alt=\"Un MINI John Cooper Works rojo con un dise\u00f1o modificado y la matr\u00edcula \"BR24 PRO\" circula por una pista curva rodeada de vegetaci\u00f3n. El n\u00famero \"37\" es visible en la luna trasera.\" loading=\"lazy\"><i class=\"fa fa-search-plus\" aria-hidden=\"true\"><\/i><br \/>\n\t\t\t\t\t\t<\/span><br \/>\n\t\t\t\t\t<\/figure>\n<figure>\n\t\t\t\t\t<span style=\"cursor: pointer\" data-src=\"https:\/\/autorai.nl\/wp-content\/uploads\/2024\/05\/MINI-John-Cooper-Works-prototype-2024-foto14-1600x1067.jpg\" data-fancybox=\"galery-0\"><br \/>\n\t\t\t\t\t\t\t<img decoding=\"async\" width=\"360\" height=\"270\" src=\"https:\/\/autorai.nl\/wp-content\/uploads\/2024\/05\/MINI-John-Cooper-Works-prototype-2024-foto14-360x270.jpg\" class=\"attachment-small size-small\" alt=\"Un MINI John Cooper Works rojinegro con patr\u00f3n de camuflaje y matr\u00edcula \"BR24 PRO\" circula por una pista sinuosa rodeada de vegetaci\u00f3n mientras regresa al hip\u00f3dromo con estilo.\" loading=\"lazy\"><i class=\"fa fa-search-plus\" aria-hidden=\"true\"><\/i><br \/>\n\t\t\t\t\t\t<\/span><br \/>\n\t\t\t\t\t<\/figure>\n<figure>\n\t\t\t\t\t<span style=\"cursor: pointer\" data-src=\"https:\/\/autorai.nl\/wp-content\/uploads\/2024\/05\/MINI-John-Cooper-Works-prototype-2024-foto13-1600x1067.jpg\" data-fancybox=\"galery-0\" title=\"Un Mini Cooper John Cooper Works rojo y negro con un exclusivo patr\u00f3n de camuflaje circula por una pista de carreras rodeado de follaje y hierba verde borrosa.\"><br \/>\n\t\t\t\t\t\t\t<img decoding=\"async\" width=\"360\" height=\"270\" src=\"https:\/\/autorai.nl\/wp-content\/uploads\/2024\/05\/MINI-John-Cooper-Works-prototype-2024-foto13-360x270.jpg\" class=\"attachment-small size-small\" alt=\"Un Mini Cooper John Cooper Works rojo y negro con un exclusivo patr\u00f3n de camuflaje circula por una pista de carreras rodeado de follaje y hierba verde borrosa.\" loading=\"lazy\"><i class=\"fa fa-search-plus\" aria-hidden=\"true\"><\/i><br \/>\n\t\t\t\t\t\t<\/span><br \/>\n\t\t\t\t\t<\/figure>\n<figure>\n\t\t\t\t\t<span style=\"cursor: pointer\" data-src=\"https:\/\/autorai.nl\/wp-content\/uploads\/2024\/05\/MINI-John-Cooper-Works-prototype-2024-foto11-1600x1067.jpg\" data-fancybox=\"galery-0\" title=\"Un MINI rojo con dise\u00f1o estampado y matr\u00edcula BR24 PRO circula por una carretera sinuosa cerca de monta\u00f1as y vegetaci\u00f3n, mostrando su herencia John Cooper Works.\"><br \/>\n\t\t\t\t\t\t\t<img decoding=\"async\" width=\"640\" height=\"480\" src=\"https:\/\/autorai.nl\/wp-content\/uploads\/2024\/05\/MINI-John-Cooper-Works-prototype-2024-foto11-640x480.jpg\" class=\"attachment-medium size-medium\" alt=\"Un MINI rojo con dise\u00f1o estampado y matr\u00edcula BR24 PRO circula por una carretera sinuosa cerca de monta\u00f1as y vegetaci\u00f3n, mostrando su herencia John Cooper Works.\" loading=\"lazy\"><i class=\"fa fa-search-plus\" aria-hidden=\"true\"><\/i><br \/>\n\t\t\t\t\t\t<\/span><br \/>\n\t\t\t\t\t<\/figure>\n<figure>\n\t\t\t\t\t<span style=\"cursor: pointer\" data-src=\"https:\/\/autorai.nl\/wp-content\/uploads\/2024\/05\/MINI-John-Cooper-Works-prototype-2024-foto10-1600x1198.jpg\" data-fancybox=\"galery-0\" title=\"Un coche MINI John Cooper Works con un dibujo blanco y rojo y el logotipo de Bulldog Racing circula por una calzada. El coche se ve desde arriba.\"><br \/>\n\t\t\t\t\t\t\t<img decoding=\"async\" width=\"360\" height=\"270\" src=\"https:\/\/autorai.nl\/wp-content\/uploads\/2024\/05\/MINI-John-Cooper-Works-prototype-2024-foto10-360x270.jpg\" class=\"attachment-small size-small\" alt=\"Un coche MINI John Cooper Works con un dibujo blanco y rojo y el logotipo de Bulldog Racing circula por una calzada. El coche se ve desde arriba.\" loading=\"lazy\"><i class=\"fa fa-search-plus\" aria-hidden=\"true\"><\/i><br \/>\n\t\t\t\t\t\t<\/span><br \/>\n\t\t\t\t\t<\/figure>\n<figure>\n\t\t\t\t\t<span style=\"cursor: pointer\" data-src=\"https:\/\/autorai.nl\/wp-content\/uploads\/2024\/05\/MINI-John-Cooper-Works-prototype-2024-foto9-1600x1067.jpg\" data-fancybox=\"galery-0\"><br \/>\n\t\t\t\t\t\t\t<img decoding=\"async\" width=\"360\" height=\"270\" src=\"https:\/\/autorai.nl\/wp-content\/uploads\/2024\/05\/MINI-John-Cooper-Works-prototype-2024-foto9-360x270.jpg\" class=\"attachment-small size-small\" alt=\"Se muestra la parte trasera de un MINI John Cooper Works rojo con pintura de camuflaje personalizada, matr\u00edcula \"BR24 PRO\" y un sistema de escape y difusor visibles.\" loading=\"lazy\"><i class=\"fa fa-search-plus\" aria-hidden=\"true\"><\/i><br \/>\n\t\t\t\t\t\t<\/span><br \/>\n\t\t\t\t\t<\/figure>\n<figure>\n\t\t\t\t\t<span style=\"cursor: pointer\" data-src=\"https:\/\/autorai.nl\/wp-content\/uploads\/2024\/05\/MINI-John-Cooper-Works-prototype-2024-foto8-1600x1067.jpg\" data-fancybox=\"galery-0\" title=\"Vista lateral de un MINI John Cooper Works rojo con dise\u00f1os abstractos blancos, con el logotipo del bulldog y equipado con neum\u00e1ticos Pirelli P Zero sobre llantas blancas, aparcado en un solar pavimentado con vegetaci\u00f3n de fondo.\"><br \/>\n\t\t\t\t\t\t\t<img decoding=\"async\" width=\"640\" height=\"480\" src=\"https:\/\/autorai.nl\/wp-content\/uploads\/2024\/05\/MINI-John-Cooper-Works-prototype-2024-foto8-640x480.jpg\" class=\"attachment-medium size-medium\" alt=\"Vista lateral de un MINI John Cooper Works rojo con dise\u00f1os abstractos blancos, con el logotipo del bulldog y equipado con neum\u00e1ticos Pirelli P Zero sobre llantas blancas, aparcado en un solar pavimentado con vegetaci\u00f3n de fondo.\" loading=\"lazy\"><i class=\"fa fa-search-plus\" aria-hidden=\"true\"><\/i><br \/>\n\t\t\t\t\t\t<\/span><br \/>\n\t\t\t\t\t<\/figure>\n<figure>\n\t\t\t\t\t<span style=\"cursor: pointer\" data-src=\"https:\/\/autorai.nl\/wp-content\/uploads\/2024\/05\/MINI-John-Cooper-Works-prototype-2024-foto7-1600x1067.jpg\" data-fancybox=\"galery-0\"><br \/>\n\t\t\t\t\t\t\t<img decoding=\"async\" width=\"360\" height=\"270\" src=\"https:\/\/autorai.nl\/wp-content\/uploads\/2024\/05\/MINI-John-Cooper-Works-prototype-2024-foto7-360x270.jpg\" class=\"attachment-small size-small\" alt=\"Primer plano de la ventanilla trasera de un coche rojo y blanco, con el n\u00famero 37 y la palabra \"MINI John Cooper Works\" en negrita. El modelo 2023 presenta un exclusivo patr\u00f3n de camuflaje rojo y blanco y un tap\u00f3n del dep\u00f3sito de combustible plateado, que marca su impresionante regreso.\" loading=\"lazy\"><i class=\"fa fa-search-plus\" aria-hidden=\"true\"><\/i><br \/>\n\t\t\t\t\t\t<\/span><br \/>\n\t\t\t\t\t<\/figure>\n<figure>\n\t\t\t\t\t<span style=\"cursor: pointer\" data-src=\"https:\/\/autorai.nl\/wp-content\/uploads\/2024\/05\/MINI-John-Cooper-Works-prototype-2024-foto6-1600x1067.jpg\" data-fancybox=\"galery-0\"><br \/>\n\t\t\t\t\t\t\t<img decoding=\"async\" width=\"360\" height=\"270\" src=\"https:\/\/autorai.nl\/wp-content\/uploads\/2024\/05\/MINI-John-Cooper-Works-prototype-2024-foto6-360x270.jpg\" class=\"attachment-small size-small\" alt=\"Primer plano del parabrisas de un coche de carreras con la marca \"Bulldog Racing\" y un logotipo con la cara de un bulldog. Las letras \"MINI John Cooper Works\" son visibles en el techo.\" loading=\"lazy\"><i class=\"fa fa-search-plus\" aria-hidden=\"true\"><\/i><br \/>\n\t\t\t\t\t\t<\/span><br \/>\n\t\t\t\t\t<\/figure>\n<figure>\n\t\t\t\t\t<span style=\"cursor: pointer\" data-src=\"https:\/\/autorai.nl\/wp-content\/uploads\/2024\/05\/MINI-John-Cooper-Works-prototype-2024-foto5-1600x1067.jpg\" data-fancybox=\"galery-0\" title=\"Primer plano de la parte delantera derecha de un coche de carreras con pintura roja y blanca, neum\u00e1ticos de la marca Pirelli y la marca MINI John Cooper Works. El coche parece estar aparcado en una superficie pavimentada.\"><br \/>\n\t\t\t\t\t\t\t<img decoding=\"async\" width=\"640\" height=\"480\" src=\"https:\/\/autorai.nl\/wp-content\/uploads\/2024\/05\/MINI-John-Cooper-Works-prototype-2024-foto5-640x480.jpg\" class=\"attachment-medium size-medium\" alt=\"Primer plano de la parte delantera derecha de un coche de carreras con pintura roja y blanca, neum\u00e1ticos de la marca Pirelli y la marca MINI John Cooper Works. El coche parece estar aparcado en una superficie pavimentada.\" loading=\"lazy\"><i class=\"fa fa-search-plus\" aria-hidden=\"true\"><\/i><br \/>\n\t\t\t\t\t\t<\/span><br \/>\n\t\t\t\t\t<\/figure>\n<figure>\n\t\t\t\t\t<span style=\"cursor: pointer\" data-src=\"https:\/\/autorai.nl\/wp-content\/uploads\/2024\/05\/MINI-John-Cooper-Works-prototype-2024-foto4-1600x1067.jpg\" data-fancybox=\"galery-0\"><br \/>\n\t\t\t\t\t\t\t<img decoding=\"async\" width=\"360\" height=\"270\" src=\"https:\/\/autorai.nl\/wp-content\/uploads\/2024\/05\/MINI-John-Cooper-Works-prototype-2024-foto4-360x270.jpg\" class=\"attachment-small size-small\" alt=\"Primer plano de la parte delantera de un MINI John Cooper Works rojo con dibujos en blanco y negro, con el n\u00famero 37 en el cap\u00f3 y una matr\u00edcula en la que se lee \"BR24 PRO\".\" loading=\"lazy\"><i class=\"fa fa-search-plus\" aria-hidden=\"true\"><\/i><br \/>\n\t\t\t\t\t\t<\/span><br \/>\n\t\t\t\t\t<\/figure>\n<figure>\n\t\t\t\t\t<span style=\"cursor: pointer\" data-src=\"https:\/\/autorai.nl\/wp-content\/uploads\/2024\/05\/MINI-John-Cooper-Works-prototype-2024-foto3-1600x1067.jpg\" data-fancybox=\"galery-0\" title=\"Primer plano de la parte trasera de un coche de carreras rojo, parecido a un MINI John Cooper Works, con dise\u00f1os abstractos y una matr\u00edcula amarilla en la que se lee \"BR24 PRO\". Lleva neum\u00e1ticos especiales Pirelli y est\u00e1 aparcado en una carretera asfaltada con vegetaci\u00f3n verde al fondo, simbolizando su regreso triunfal.\"><br \/>\n\t\t\t\t\t\t\t<img decoding=\"async\" width=\"360\" height=\"270\" src=\"https:\/\/autorai.nl\/wp-content\/uploads\/2024\/05\/MINI-John-Cooper-Works-prototype-2024-foto3-360x270.jpg\" class=\"attachment-small size-small\" alt=\"Primer plano de la parte trasera de un coche de carreras rojo, parecido a un MINI John Cooper Works, con dise\u00f1os abstractos y una matr\u00edcula amarilla en la que se lee \"BR24 PRO\". Lleva neum\u00e1ticos especiales Pirelli y est\u00e1 aparcado en una carretera asfaltada con vegetaci\u00f3n verde al fondo, simbolizando su regreso triunfal.\" loading=\"lazy\"><i class=\"fa fa-search-plus\" aria-hidden=\"true\"><\/i><br \/>\n\t\t\t\t\t\t<\/span><br \/>\n\t\t\t\t\t<\/figure>\n<div class=\"clear\"><\/div>\n<\/div>\n","protected":false},"excerpt":{"rendered":"N\u00fcrburgring El nuevo MINI John Cooper Works har\u00e1 su primera aparici\u00f3n en las 24 horas de N\u00fcrburgring, una de las&hellip;","protected":false},"author":0,"featured_media":144969,"comment_status":"","ping_status":"open","sticky":false,"template":"","format":"standard","meta":{"footnotes":""},"categories":[126],"tags":[],"class_list":["post-148781","post","type-post","status-publish","format-standard","has-post-thumbnail","hentry","category-noticias-de-autos"],"acf":[],"yoast_head":"<!-- This site is optimized with the Yoast SEO plugin v21.2 - https:\/\/yoast.com\/wordpress\/plugins\/seo\/ -->\n<title>\u00a1Vuelve el MINI John Cooper Works! - All cars news<\/title>\n<meta name=\"robots\" content=\"index, follow, max-snippet:-1, max-image-preview:large, max-video-preview:-1\" \/>\n<link rel=\"canonical\" href=\"https:\/\/all-car-news.com\/es\/vuelve-el-mini-john-cooper-works\/\" \/>\n<meta property=\"og:locale\" content=\"es_ES\" \/>\n<meta property=\"og:type\" content=\"article\" \/>\n<meta property=\"og:title\" content=\"\u00a1Vuelve el MINI John Cooper Works! - All cars news\" \/>\n<meta property=\"og:description\" content=\"N\u00fcrburgring El nuevo MINI John Cooper Works har\u00e1 su primera aparici\u00f3n en las 24 horas de N\u00fcrburgring, una de las carreras de resistencia m\u00e1s duras del mundo. Pilotos y equipos se enfrentan al reto de conquistar el emblem\u00e1tico circuito de N\u00fcrburgring-Nordschleife en una agotadora carrera de 24 horas. \u00a1Con motor de gasolina! El nuevo MINI John Cooper Works de gasolina rinde homenaje a [...]\" \/>\n<meta property=\"og:url\" content=\"https:\/\/all-car-news.com\/es\/vuelve-el-mini-john-cooper-works\/\" \/>\n<meta property=\"og:site_name\" content=\"All cars news\" \/>\n<meta property=\"article:published_time\" content=\"2024-05-21T08:44:32+00:00\" \/>\n<meta property=\"og:image\" content=\"https:\/\/autorai.nl\/wp-content\/uploads\/2024\/05\/MINI-John-Cooper-Works-prototype-2024-foto18-640x480.jpg\" \/>\n<meta name=\"twitter:card\" content=\"summary_large_image\" \/>\n<meta name=\"twitter:label1\" content=\"Tiempo de lectura\" \/>\n\t<meta name=\"twitter:data1\" content=\"1 minuto\" \/>\n<script type=\"application\/ld+json\" class=\"yoast-schema-graph\">{\"@context\":\"https:\/\/schema.org\",\"@graph\":[{\"@type\":\"Article\",\"@id\":\"https:\/\/all-car-news.com\/es\/vuelve-el-mini-john-cooper-works\/#article\",\"isPartOf\":{\"@id\":\"https:\/\/all-car-news.com\/es\/vuelve-el-mini-john-cooper-works\/\"},\"author\":{\"name\":\"\",\"@id\":\"\"},\"headline\":\"\u00a1Vuelve el MINI John Cooper Works!\",\"datePublished\":\"2024-05-21T08:44:32+00:00\",\"dateModified\":\"2024-05-21T08:44:32+00:00\",\"mainEntityOfPage\":{\"@id\":\"https:\/\/all-car-news.com\/es\/vuelve-el-mini-john-cooper-works\/\"},\"wordCount\":278,\"publisher\":{\"@id\":\"https:\/\/all-car-news.com\/es\/#organization\"},\"articleSection\":[\"noticias de autos\"],\"inLanguage\":\"es\"},{\"@type\":\"WebPage\",\"@id\":\"https:\/\/all-car-news.com\/es\/vuelve-el-mini-john-cooper-works\/\",\"url\":\"https:\/\/all-car-news.com\/es\/vuelve-el-mini-john-cooper-works\/\",\"name\":\"\u00a1Vuelve el MINI John Cooper Works! - All cars news\",\"isPartOf\":{\"@id\":\"https:\/\/all-car-news.com\/es\/#website\"},\"datePublished\":\"2024-05-21T08:44:32+00:00\",\"dateModified\":\"2024-05-21T08:44:32+00:00\",\"breadcrumb\":{\"@id\":\"https:\/\/all-car-news.com\/es\/vuelve-el-mini-john-cooper-works\/#breadcrumb\"},\"inLanguage\":\"es\",\"potentialAction\":[{\"@type\":\"ReadAction\",\"target\":[\"https:\/\/all-car-news.com\/es\/vuelve-el-mini-john-cooper-works\/\"]}]},{\"@type\":\"BreadcrumbList\",\"@id\":\"https:\/\/all-car-news.com\/es\/vuelve-el-mini-john-cooper-works\/#breadcrumb\",\"itemListElement\":[{\"@type\":\"ListItem\",\"position\":1,\"name\":\"Home\",\"item\":\"https:\/\/all-car-news.com\/es\/\"},{\"@type\":\"ListItem\",\"position\":2,\"name\":\"\u00a1Vuelve el MINI John Cooper Works!\"}]},{\"@type\":\"WebSite\",\"@id\":\"https:\/\/all-car-news.com\/es\/#website\",\"url\":\"https:\/\/all-car-news.com\/es\/\",\"name\":\"All cars news\",\"description\":\"\",\"publisher\":{\"@id\":\"https:\/\/all-car-news.com\/es\/#organization\"},\"potentialAction\":[{\"@type\":\"SearchAction\",\"target\":{\"@type\":\"EntryPoint\",\"urlTemplate\":\"https:\/\/all-car-news.com\/es\/?s={search_term_string}\"},\"query-input\":\"required name=search_term_string\"}],\"inLanguage\":\"es\"},{\"@type\":\"Organization\",\"@id\":\"https:\/\/all-car-news.com\/es\/#organization\",\"name\":\"All cars news\",\"url\":\"https:\/\/all-car-news.com\/es\/\",\"logo\":{\"@type\":\"ImageObject\",\"inLanguage\":\"es\",\"@id\":\"https:\/\/all-car-news.com\/es\/#\/schema\/logo\/image\/\",\"url\":\"https:\/\/all-car-news.com\/wp-content\/uploads\/2022\/02\/CMYK-AllCarNews_LANDSCAPE_300px-1.png\",\"contentUrl\":\"https:\/\/all-car-news.com\/wp-content\/uploads\/2022\/02\/CMYK-AllCarNews_LANDSCAPE_300px-1.png\",\"width\":300,\"height\":100,\"caption\":\"All cars news\"},\"image\":{\"@id\":\"https:\/\/all-car-news.com\/es\/#\/schema\/logo\/image\/\"}}]}<\/script>\n<!-- \/ Yoast SEO plugin. -->","yoast_head_json":{"title":"\u00a1Vuelve el MINI John Cooper Works! - All cars news","robots":{"index":"index","follow":"follow","max-snippet":"max-snippet:-1","max-image-preview":"max-image-preview:large","max-video-preview":"max-video-preview:-1"},"canonical":"https:\/\/all-car-news.com\/es\/vuelve-el-mini-john-cooper-works\/","og_locale":"es_ES","og_type":"article","og_title":"\u00a1Vuelve el MINI John Cooper Works! - All cars news","og_description":"N\u00fcrburgring El nuevo MINI John Cooper Works har\u00e1 su primera aparici\u00f3n en las 24 horas de N\u00fcrburgring, una de las carreras de resistencia m\u00e1s duras del mundo. Pilotos y equipos se enfrentan al reto de conquistar el emblem\u00e1tico circuito de N\u00fcrburgring-Nordschleife en una agotadora carrera de 24 horas. \u00a1Con motor de gasolina! El nuevo MINI John Cooper Works de gasolina rinde homenaje a [...]","og_url":"https:\/\/all-car-news.com\/es\/vuelve-el-mini-john-cooper-works\/","og_site_name":"All cars news","article_published_time":"2024-05-21T08:44:32+00:00","og_image":[{"url":"https:\/\/autorai.nl\/wp-content\/uploads\/2024\/05\/MINI-John-Cooper-Works-prototype-2024-foto18-640x480.jpg"}],"twitter_card":"summary_large_image","twitter_misc":{"Tiempo de lectura":"1 minuto"},"schema":{"@context":"https:\/\/schema.org","@graph":[{"@type":"Article","@id":"https:\/\/all-car-news.com\/es\/vuelve-el-mini-john-cooper-works\/#article","isPartOf":{"@id":"https:\/\/all-car-news.com\/es\/vuelve-el-mini-john-cooper-works\/"},"author":{"name":"","@id":""},"headline":"\u00a1Vuelve el MINI John Cooper Works!","datePublished":"2024-05-21T08:44:32+00:00","dateModified":"2024-05-21T08:44:32+00:00","mainEntityOfPage":{"@id":"https:\/\/all-car-news.com\/es\/vuelve-el-mini-john-cooper-works\/"},"wordCount":278,"publisher":{"@id":"https:\/\/all-car-news.com\/es\/#organization"},"articleSection":["noticias de autos"],"inLanguage":"es"},{"@type":"WebPage","@id":"https:\/\/all-car-news.com\/es\/vuelve-el-mini-john-cooper-works\/","url":"https:\/\/all-car-news.com\/es\/vuelve-el-mini-john-cooper-works\/","name":"\u00a1Vuelve el MINI John Cooper Works! - All cars news","isPartOf":{"@id":"https:\/\/all-car-news.com\/es\/#website"},"datePublished":"2024-05-21T08:44:32+00:00","dateModified":"2024-05-21T08:44:32+00:00","breadcrumb":{"@id":"https:\/\/all-car-news.com\/es\/vuelve-el-mini-john-cooper-works\/#breadcrumb"},"inLanguage":"es","potentialAction":[{"@type":"ReadAction","target":["https:\/\/all-car-news.com\/es\/vuelve-el-mini-john-cooper-works\/"]}]},{"@type":"BreadcrumbList","@id":"https:\/\/all-car-news.com\/es\/vuelve-el-mini-john-cooper-works\/#breadcrumb","itemListElement":[{"@type":"ListItem","position":1,"name":"Home","item":"https:\/\/all-car-news.com\/es\/"},{"@type":"ListItem","position":2,"name":"\u00a1Vuelve el MINI John Cooper Works!"}]},{"@type":"WebSite","@id":"https:\/\/all-car-news.com\/es\/#website","url":"https:\/\/all-car-news.com\/es\/","name":"All cars news","description":"","publisher":{"@id":"https:\/\/all-car-news.com\/es\/#organization"},"potentialAction":[{"@type":"SearchAction","target":{"@type":"EntryPoint","urlTemplate":"https:\/\/all-car-news.com\/es\/?s={search_term_string}"},"query-input":"required name=search_term_string"}],"inLanguage":"es"},{"@type":"Organization","@id":"https:\/\/all-car-news.com\/es\/#organization","name":"All cars news","url":"https:\/\/all-car-news.com\/es\/","logo":{"@type":"ImageObject","inLanguage":"es","@id":"https:\/\/all-car-news.com\/es\/#\/schema\/logo\/image\/","url":"https:\/\/all-car-news.com\/wp-content\/uploads\/2022\/02\/CMYK-AllCarNews_LANDSCAPE_300px-1.png","contentUrl":"https:\/\/all-car-news.com\/wp-content\/uploads\/2022\/02\/CMYK-AllCarNews_LANDSCAPE_300px-1.png","width":300,"height":100,"caption":"All cars news"},"image":{"@id":"https:\/\/all-car-news.com\/es\/#\/schema\/logo\/image\/"}}]}},"_links":{"self":[{"href":"https:\/\/all-car-news.com\/es\/wp-json\/wp\/v2\/posts\/148781","targetHints":{"allow":["GET"]}}],"collection":[{"href":"https:\/\/all-car-news.com\/es\/wp-json\/wp\/v2\/posts"}],"about":[{"href":"https:\/\/all-car-news.com\/es\/wp-json\/wp\/v2\/types\/post"}],"replies":[{"embeddable":true,"href":"https:\/\/all-car-news.com\/es\/wp-json\/wp\/v2\/comments?post=148781"}],"version-history":[{"count":0,"href":"https:\/\/all-car-news.com\/es\/wp-json\/wp\/v2\/posts\/148781\/revisions"}],"wp:featuredmedia":[{"embeddable":true,"href":"https:\/\/all-car-news.com\/es\/wp-json\/wp\/v2\/media\/144969"}],"wp:attachment":[{"href":"https:\/\/all-car-news.com\/es\/wp-json\/wp\/v2\/media?parent=148781"}],"wp:term":[{"taxonomy":"category","embeddable":true,"href":"https:\/\/all-car-news.com\/es\/wp-json\/wp\/v2\/categories?post=148781"},{"taxonomy":"post_tag","embeddable":true,"href":"https:\/\/all-car-news.com\/es\/wp-json\/wp\/v2\/tags?post=148781"}],"curies":[{"name":"wp","href":"https:\/\/api.w.org\/{rel}","templated":true}]}}