{"id":146529,"date":"2024-08-02T15:40:00","date_gmt":"2024-08-02T15:40:00","guid":{"rendered":"https:\/\/all-car-news.com\/visto-un-renault-4-rana\/"},"modified":"2024-08-02T15:40:00","modified_gmt":"2024-08-02T15:40:00","slug":"visto-un-renault-4-rana","status":"publish","type":"post","link":"https:\/\/all-car-news.com\/es\/visto-un-renault-4-rana\/","title":{"rendered":"Visto: un Renault 4 Rana"},"content":{"rendered":"<p>De vacaciones en el extranjero, a veces te encuentras con coches que no encontrar\u00edas f\u00e1cilmente en Holanda.<br \/>\nPor ejemplo, porque se trata de un modelo antiguo que hace tiempo que desapareci\u00f3 de las calles de aqu\u00ed, o de un coche que nunca lleg\u00f3 a entregarse aqu\u00ed.<br \/>\nA veces tambi\u00e9n hay versiones locales de coches que s\u00ed conocemos en otras formas.<br \/>\nPor ejemplo, el inusual Renault 4 de esta semana.   <\/p>\n<h2><strong>El esp\u00e9cimen manchado<\/strong><\/h2>\n<p>En el pueblo italiano de Trevignano Romano, cerca de Roma, donde est\u00e1bamos para una prueba del <a href=\"https:\/\/autorai.nl\/review-mitsubishi-asx-2024\/\" target=\"_blank\" rel=\"noreferrer noopener\">nuevo Mitsubishi ASX<\/a>, vimos este Renault 4.<br \/>\nEnseguida te das cuenta de que no es un \u00abcuatro\u00bb cualquiera.<br \/>\nResulta ser un Renault 4 Rana.<br \/>\nEste ejemplar est\u00e1 matriculado en la provincia de Tur\u00edn, que est\u00e1 bastante lejos del lugar de la prueba.<br \/>\nUn bonito detalle es la versi\u00f3n en miniatura del salpicadero.    <\/p>\n<div class=\"galery galery-0\">\n<figure>\n\t\t\t\t\t<span style=\"cursor: pointer\" data-src=\"https:\/\/autorai.nl\/wp-content\/uploads\/2024\/08\/AutoRAI-Gespot-Renault-4-Frog-2-1600x900.jpg\" data-fancybox=\"galery-0\" title=\"\"><br \/>\n\t\t\t\t\t\t\t<img decoding=\"async\" width=\"360\" height=\"270\" src=\"https:\/\/autorai.nl\/wp-content\/uploads\/2024\/08\/AutoRAI-Gespot-Renault-4-Frog-2-360x270.jpg\" class=\"attachment-small size-small\" alt=\"\" loading=\"lazy\"><i class=\"fa fa-search-plus\" aria-hidden=\"true\"><\/i><br \/>\n\t\t\t\t\t\t<\/span><br \/>\n\t\t\t\t\t<\/figure>\n<figure>\n\t\t\t\t\t<span style=\"cursor: pointer\" data-src=\"https:\/\/autorai.nl\/wp-content\/uploads\/2024\/08\/AutoRAI-Gespot-Renault-4-Frog-3-1600x900.jpg\" data-fancybox=\"galery-0\" title=\"\"><br \/>\n\t\t\t\t\t\t\t<img decoding=\"async\" width=\"360\" height=\"270\" src=\"https:\/\/autorai.nl\/wp-content\/uploads\/2024\/08\/AutoRAI-Gespot-Renault-4-Frog-3-360x270.jpg\" class=\"attachment-small size-small\" alt=\"\" loading=\"lazy\"><i class=\"fa fa-search-plus\" aria-hidden=\"true\"><\/i><br \/>\n\t\t\t\t\t\t<\/span><br \/>\n\t\t\t\t\t<\/figure>\n<div class=\"clear\"><\/div>\n<\/div>\n<h2><strong>La rana Renault 4<\/strong><\/h2>\n<p>Hay otras conversiones similares basadas en el Renault 4, incluida la propia Renault Plein Air, pero aqu\u00ed estamos hablando del Frog.<br \/>\nEn realidad, se trata del mismo modelo que el m\u00e1s famoso JP4 de la francesa Car Syst\u00e8me, pero suministrado por una divisi\u00f3n italiana de esa empresa.<br \/>\nCon el apoyo oficial de Renault Italia.  <\/p>\n<p>A grandes rasgos, la transformaci\u00f3n consisti\u00f3 en sustituir toda la carrocer\u00eda original menos la parte delantera por una carrocer\u00eda \u00abde dos puertas\u00bb parcialmente de poli\u00e9ster y semiabierta.<br \/>\nTambi\u00e9n se acort\u00f3 el chasis 270 mm.<br \/>\nEn lugar de techo, el Frog ten\u00eda una estructura tubular con un techo de lona encima.<br \/>\nLa Rana estaba disponible en diferentes combinaciones de colores.<br \/>\nSin embargo, el rojo brillante o el verde oscuro combinados con el techo y los asientos de color beige parecen ser las combinaciones m\u00e1s comunes.<br \/>\nLas llantas Alpine del ejemplo manchado no son originales.<br \/>\nB\u00e1sicamente, el Frog se entregaba con llantas de acero blancas.      <\/p>\n<p>No se conoce el n\u00famero exacto de producci\u00f3n, pero se dice que se (re)fabricaron unas 500 unidades.<br \/>\nEsta producci\u00f3n tuvo lugar desde 1987 hasta el final de la producci\u00f3n del propio Renault 4, en 1992.<br \/>\nA\u00fan as\u00ed, vemos algunos ejemplos a la venta con a\u00f1os de fabricaci\u00f3n anteriores.<br \/>\nLa transformaci\u00f3n de la rana probablemente tuvo lugar despu\u00e9s de 1987, pero con un Renault 4 m\u00e1s antiguo como coche donante.   <\/p>\n<figure class=\"wp-block-image size-content\"><img decoding=\"async\" loading=\"lazy\" width=\"1140\" height=\"727\" src=\"https:\/\/autorai.nl\/wp-content\/uploads\/2024\/08\/AutoRAI-Gespot-Renault-4-Frog-1-1140x727.jpg\" alt=\"\" class=\"wp-image-182492\"><\/figure>\n","protected":false},"excerpt":{"rendered":"Es tiempo de vacaciones y, por eso, esta vez volvemos a destacar un centro de atenci\u00f3n extranjero. En Italia, vimos&hellip;","protected":false},"author":0,"featured_media":146527,"comment_status":"","ping_status":"open","sticky":false,"template":"","format":"standard","meta":{"footnotes":""},"categories":[178,126],"tags":[],"class_list":["post-146529","post","type-post","status-publish","format-standard","has-post-thumbnail","hentry","category-diversion","category-noticias-de-autos"],"acf":[],"yoast_head":"<!-- This site is optimized with the Yoast SEO plugin v21.2 - https:\/\/yoast.com\/wordpress\/plugins\/seo\/ -->\n<title>Visto: un Renault 4 Rana - All cars news<\/title>\n<meta name=\"robots\" content=\"index, follow, max-snippet:-1, max-image-preview:large, max-video-preview:-1\" \/>\n<link rel=\"canonical\" href=\"https:\/\/all-car-news.com\/es\/visto-un-renault-4-rana\/\" \/>\n<meta property=\"og:locale\" content=\"es_ES\" \/>\n<meta property=\"og:type\" content=\"article\" \/>\n<meta property=\"og:title\" content=\"Visto: un Renault 4 Rana - All cars news\" \/>\n<meta property=\"og:description\" content=\"Es tiempo de vacaciones y, por eso, esta vez volvemos a destacar un centro de atenci\u00f3n extranjero. En Italia, vimos este inusual Renault 4.\" \/>\n<meta property=\"og:url\" content=\"https:\/\/all-car-news.com\/es\/visto-un-renault-4-rana\/\" \/>\n<meta property=\"og:site_name\" content=\"All cars news\" \/>\n<meta property=\"article:published_time\" content=\"2024-08-02T15:40:00+00:00\" \/>\n<meta property=\"og:image\" content=\"https:\/\/autorai.nl\/wp-content\/uploads\/2024\/08\/AutoRAI-Gespot-Renault-4-Frog-2-360x270.jpg\" \/>\n<meta name=\"twitter:card\" content=\"summary_large_image\" \/>\n<meta name=\"twitter:label1\" content=\"Tiempo de lectura\" \/>\n\t<meta name=\"twitter:data1\" content=\"2 minutos\" \/>\n<script type=\"application\/ld+json\" class=\"yoast-schema-graph\">{\"@context\":\"https:\/\/schema.org\",\"@graph\":[{\"@type\":\"Article\",\"@id\":\"https:\/\/all-car-news.com\/es\/visto-un-renault-4-rana\/#article\",\"isPartOf\":{\"@id\":\"https:\/\/all-car-news.com\/es\/visto-un-renault-4-rana\/\"},\"author\":{\"name\":\"\",\"@id\":\"\"},\"headline\":\"Visto: un Renault 4 Rana\",\"datePublished\":\"2024-08-02T15:40:00+00:00\",\"dateModified\":\"2024-08-02T15:40:00+00:00\",\"mainEntityOfPage\":{\"@id\":\"https:\/\/all-car-news.com\/es\/visto-un-renault-4-rana\/\"},\"wordCount\":391,\"publisher\":{\"@id\":\"https:\/\/all-car-news.com\/es\/#organization\"},\"articleSection\":[\"Diversi\u00f3n\",\"noticias de autos\"],\"inLanguage\":\"es\"},{\"@type\":\"WebPage\",\"@id\":\"https:\/\/all-car-news.com\/es\/visto-un-renault-4-rana\/\",\"url\":\"https:\/\/all-car-news.com\/es\/visto-un-renault-4-rana\/\",\"name\":\"Visto: un Renault 4 Rana - All cars news\",\"isPartOf\":{\"@id\":\"https:\/\/all-car-news.com\/es\/#website\"},\"datePublished\":\"2024-08-02T15:40:00+00:00\",\"dateModified\":\"2024-08-02T15:40:00+00:00\",\"breadcrumb\":{\"@id\":\"https:\/\/all-car-news.com\/es\/visto-un-renault-4-rana\/#breadcrumb\"},\"inLanguage\":\"es\",\"potentialAction\":[{\"@type\":\"ReadAction\",\"target\":[\"https:\/\/all-car-news.com\/es\/visto-un-renault-4-rana\/\"]}]},{\"@type\":\"BreadcrumbList\",\"@id\":\"https:\/\/all-car-news.com\/es\/visto-un-renault-4-rana\/#breadcrumb\",\"itemListElement\":[{\"@type\":\"ListItem\",\"position\":1,\"name\":\"Home\",\"item\":\"https:\/\/all-car-news.com\/es\/\"},{\"@type\":\"ListItem\",\"position\":2,\"name\":\"Visto: un Renault 4 Rana\"}]},{\"@type\":\"WebSite\",\"@id\":\"https:\/\/all-car-news.com\/es\/#website\",\"url\":\"https:\/\/all-car-news.com\/es\/\",\"name\":\"All cars news\",\"description\":\"\",\"publisher\":{\"@id\":\"https:\/\/all-car-news.com\/es\/#organization\"},\"potentialAction\":[{\"@type\":\"SearchAction\",\"target\":{\"@type\":\"EntryPoint\",\"urlTemplate\":\"https:\/\/all-car-news.com\/es\/?s={search_term_string}\"},\"query-input\":\"required name=search_term_string\"}],\"inLanguage\":\"es\"},{\"@type\":\"Organization\",\"@id\":\"https:\/\/all-car-news.com\/es\/#organization\",\"name\":\"All cars news\",\"url\":\"https:\/\/all-car-news.com\/es\/\",\"logo\":{\"@type\":\"ImageObject\",\"inLanguage\":\"es\",\"@id\":\"https:\/\/all-car-news.com\/es\/#\/schema\/logo\/image\/\",\"url\":\"https:\/\/all-car-news.com\/wp-content\/uploads\/2022\/02\/CMYK-AllCarNews_LANDSCAPE_300px-1.png\",\"contentUrl\":\"https:\/\/all-car-news.com\/wp-content\/uploads\/2022\/02\/CMYK-AllCarNews_LANDSCAPE_300px-1.png\",\"width\":300,\"height\":100,\"caption\":\"All cars news\"},\"image\":{\"@id\":\"https:\/\/all-car-news.com\/es\/#\/schema\/logo\/image\/\"}}]}<\/script>\n<!-- \/ Yoast SEO plugin. -->","yoast_head_json":{"title":"Visto: un Renault 4 Rana - All cars news","robots":{"index":"index","follow":"follow","max-snippet":"max-snippet:-1","max-image-preview":"max-image-preview:large","max-video-preview":"max-video-preview:-1"},"canonical":"https:\/\/all-car-news.com\/es\/visto-un-renault-4-rana\/","og_locale":"es_ES","og_type":"article","og_title":"Visto: un Renault 4 Rana - All cars news","og_description":"Es tiempo de vacaciones y, por eso, esta vez volvemos a destacar un centro de atenci\u00f3n extranjero. En Italia, vimos este inusual Renault 4.","og_url":"https:\/\/all-car-news.com\/es\/visto-un-renault-4-rana\/","og_site_name":"All cars news","article_published_time":"2024-08-02T15:40:00+00:00","og_image":[{"url":"https:\/\/autorai.nl\/wp-content\/uploads\/2024\/08\/AutoRAI-Gespot-Renault-4-Frog-2-360x270.jpg"}],"twitter_card":"summary_large_image","twitter_misc":{"Tiempo de lectura":"2 minutos"},"schema":{"@context":"https:\/\/schema.org","@graph":[{"@type":"Article","@id":"https:\/\/all-car-news.com\/es\/visto-un-renault-4-rana\/#article","isPartOf":{"@id":"https:\/\/all-car-news.com\/es\/visto-un-renault-4-rana\/"},"author":{"name":"","@id":""},"headline":"Visto: un Renault 4 Rana","datePublished":"2024-08-02T15:40:00+00:00","dateModified":"2024-08-02T15:40:00+00:00","mainEntityOfPage":{"@id":"https:\/\/all-car-news.com\/es\/visto-un-renault-4-rana\/"},"wordCount":391,"publisher":{"@id":"https:\/\/all-car-news.com\/es\/#organization"},"articleSection":["Diversi\u00f3n","noticias de autos"],"inLanguage":"es"},{"@type":"WebPage","@id":"https:\/\/all-car-news.com\/es\/visto-un-renault-4-rana\/","url":"https:\/\/all-car-news.com\/es\/visto-un-renault-4-rana\/","name":"Visto: un Renault 4 Rana - All cars news","isPartOf":{"@id":"https:\/\/all-car-news.com\/es\/#website"},"datePublished":"2024-08-02T15:40:00+00:00","dateModified":"2024-08-02T15:40:00+00:00","breadcrumb":{"@id":"https:\/\/all-car-news.com\/es\/visto-un-renault-4-rana\/#breadcrumb"},"inLanguage":"es","potentialAction":[{"@type":"ReadAction","target":["https:\/\/all-car-news.com\/es\/visto-un-renault-4-rana\/"]}]},{"@type":"BreadcrumbList","@id":"https:\/\/all-car-news.com\/es\/visto-un-renault-4-rana\/#breadcrumb","itemListElement":[{"@type":"ListItem","position":1,"name":"Home","item":"https:\/\/all-car-news.com\/es\/"},{"@type":"ListItem","position":2,"name":"Visto: un Renault 4 Rana"}]},{"@type":"WebSite","@id":"https:\/\/all-car-news.com\/es\/#website","url":"https:\/\/all-car-news.com\/es\/","name":"All cars news","description":"","publisher":{"@id":"https:\/\/all-car-news.com\/es\/#organization"},"potentialAction":[{"@type":"SearchAction","target":{"@type":"EntryPoint","urlTemplate":"https:\/\/all-car-news.com\/es\/?s={search_term_string}"},"query-input":"required name=search_term_string"}],"inLanguage":"es"},{"@type":"Organization","@id":"https:\/\/all-car-news.com\/es\/#organization","name":"All cars news","url":"https:\/\/all-car-news.com\/es\/","logo":{"@type":"ImageObject","inLanguage":"es","@id":"https:\/\/all-car-news.com\/es\/#\/schema\/logo\/image\/","url":"https:\/\/all-car-news.com\/wp-content\/uploads\/2022\/02\/CMYK-AllCarNews_LANDSCAPE_300px-1.png","contentUrl":"https:\/\/all-car-news.com\/wp-content\/uploads\/2022\/02\/CMYK-AllCarNews_LANDSCAPE_300px-1.png","width":300,"height":100,"caption":"All cars news"},"image":{"@id":"https:\/\/all-car-news.com\/es\/#\/schema\/logo\/image\/"}}]}},"_links":{"self":[{"href":"https:\/\/all-car-news.com\/es\/wp-json\/wp\/v2\/posts\/146529","targetHints":{"allow":["GET"]}}],"collection":[{"href":"https:\/\/all-car-news.com\/es\/wp-json\/wp\/v2\/posts"}],"about":[{"href":"https:\/\/all-car-news.com\/es\/wp-json\/wp\/v2\/types\/post"}],"replies":[{"embeddable":true,"href":"https:\/\/all-car-news.com\/es\/wp-json\/wp\/v2\/comments?post=146529"}],"version-history":[{"count":0,"href":"https:\/\/all-car-news.com\/es\/wp-json\/wp\/v2\/posts\/146529\/revisions"}],"wp:featuredmedia":[{"embeddable":true,"href":"https:\/\/all-car-news.com\/es\/wp-json\/wp\/v2\/media\/146527"}],"wp:attachment":[{"href":"https:\/\/all-car-news.com\/es\/wp-json\/wp\/v2\/media?parent=146529"}],"wp:term":[{"taxonomy":"category","embeddable":true,"href":"https:\/\/all-car-news.com\/es\/wp-json\/wp\/v2\/categories?post=146529"},{"taxonomy":"post_tag","embeddable":true,"href":"https:\/\/all-car-news.com\/es\/wp-json\/wp\/v2\/tags?post=146529"}],"curies":[{"name":"wp","href":"https:\/\/api.w.org\/{rel}","templated":true}]}}