{"id":146412,"date":"2024-07-29T15:54:00","date_gmt":"2024-07-29T15:54:00","guid":{"rendered":"https:\/\/all-car-news.com\/citroen-c3-e-c3-tu-contra-max-autorai-tv\/"},"modified":"2024-07-29T15:54:00","modified_gmt":"2024-07-29T15:54:00","slug":"citroen-c3-e-c3-tu-contra-max-autorai-tv","status":"publish","type":"post","link":"https:\/\/all-car-news.com\/es\/citroen-c3-e-c3-tu-contra-max-autorai-tv\/","title":{"rendered":"Citro\u00ebn C3\/\u00eb-C3: T\u00fa contra Max &#8211; AutoRAI TV"},"content":{"rendered":"<h2>T\u00fa contra Max<\/h2>\n<p>Con la misi\u00f3n de hacer m\u00e1s asequible la movilidad el\u00e9ctrica, Citro\u00ebn vuela alto con el nuevo \u00eb-C3.<br \/>\nConducci\u00f3n el\u00e9ctrica por menos de 25.000<br \/>\nCon subvenci\u00f3n SEPP, \u00a1incluso por menos de 21.000!<br \/>\nPocos competidores tienen ya una respuesta a eso.<br \/>\nPero, \u00bfqu\u00e9 concesiones haces exactamente cuando optas por una versi\u00f3n T\u00fa?<br \/>\nY lo que es m\u00e1s importante: \u00bfno ser\u00eda m\u00e1s inteligente ahorrar para una versi\u00f3n Max mejor equipada?<br \/>\nEn este v\u00eddeo, enumeramos las diferencias entre las versiones You y Max del nuevo Citro\u00ebn C3 con motor de gasolina y del Citro\u00ebn \u00eb-C3 el\u00e9ctrico.       \u00bfLo que parece? Esas diferencias son bastante significativas en la pr\u00e1ctica.<\/p>\n<h2>Una comprensi\u00f3n de lo que el C3\/e-C3 T\u00fa <em>no <\/em>tienes:<\/h2>\n<ul>\n<li>Aire acondicionado autom\u00e1tico<\/li>\n<li>Un sistema de infoentretenimiento<\/li>\n<li>Un volante acabado en imitaci\u00f3n de cuero<\/li>\n<li>Dos puntos de carga USB-C en la parte trasera<\/li>\n<li>Compartimentos portaobjetos detr\u00e1s de los asientos<\/li>\n<li>Los asientos traseros no se abaten en proporci\u00f3n 60\/40 como en el Max<\/li>\n<li>Los reposacabezas no son regulables en altura<\/li>\n<li>El asiento del conductor no es regulable en altura<\/li>\n<li>No tienes reposabrazos<\/li>\n<li>No tienes una l\u00e1mpara de techo con dos luces LED de lectura.  <\/li>\n<li>Falta un retrovisor interior con atenuaci\u00f3n autom\u00e1tica<\/li>\n<li>El You tampoco tiene parabrisas insonorizado<\/li>\n<\/ul>\n<h2>M\u00e1s diferencias<\/h2>\n<p>\u00bfQuieres descubrir a\u00fan m\u00e1s diferencias? Entonces, \u00a1mira el v\u00eddeo!<\/p>\n<h2>CITRO\u00cbN C3\/E-C3: T\u00da contra MAX &#8211; \u00bfEs siquiera interesante la VERSI\u00d3N B\u00c1SICA? &#8211; AutoRAI TV<\/h2>\n<\/p>\n<figure class=\"wp-block-embed is-type-video is-provider-youtube wp-block-embed-youtube wp-embed-aspect-16-9 wp-has-aspect-ratio\">\n<div class=\"wp-block-embed__wrapper\">\n<\/div>\n<\/figure>\n<h2>Ahora tambi\u00e9n con Pack Plus<\/h2>\n<p>A partir de ahora, los nuevos Citro\u00ebn C3 y \u00eb-C3 en acabado You tambi\u00e9n estar\u00e1n disponibles con el paquete opcional Pack Plus.<br \/>\nCon un coste adicional muy competitivo, el paquete ofrece un equipamiento a\u00fan m\u00e1s rico.<br \/>\nEl paquete incluye un sensor de lluvia autom\u00e1tico, cubrec\u00e1rteres delanteros y traseros, barras de techo en Negro Brillante, Colour Clips, un volante tapizado en piel sint\u00e9tica y una pantalla t\u00e1ctil en color de 10,25 pulgadas con Apple Carplay\/Android Auto inal\u00e1mbrico.<br \/>\nCon la introducci\u00f3n del Pack Plus en la versi\u00f3n You, la gama de modelos de los nuevos Citro\u00ebn \u00eb-C3 y C3 es m\u00e1s equilibrada y responde a\u00fan mejor a las necesidades de los clientes.   <\/p>\n<h2>\u00bfQu\u00e9 ofrece Pack Plus?<\/h2>\n<p>El Pack Plus para los nuevos Citro\u00ebn \u00eb-C3 y C3, a pesar de su limitado precio adicional (2.200 \u20ac para el \u00eb-C3 y 2.510 \u20ac para la versi\u00f3n de gasolina), tiene un equipamiento muy completo.<br \/>\nEl paquete incluye cubrec\u00e1rter delanteros y traseros, retrovisores exteriores el\u00e9ctricos plegables y calefactados, llamativos Clips de Color, un techo de diferente color exterior (techo Two Tone) y llantas de acero de 17 pulgadas con neum\u00e1ticos 205\/50 R17 y tapacubos \u00abAzurite\u00bb.<br \/>\nLos ra\u00edles del techo, los pilares B y C y las carcasas de los retrovisores exteriores est\u00e1n acabados en Negro Brillante.  <\/p>\n<p>El Pack Plus tambi\u00e9n incluye un sensor de lluvia autom\u00e1tico, un volante tapizado en piel sint\u00e9tica con embellecedor cromado, una pantalla LED delantera con dos luces de lectura, una consola central alta con reposabrazos y compartimento portaobjetos (no en el Turbo S&amp;S MT6), los exclusivos Asientos Confort Avanzados y embellecedores Ultra Blue en el salpicadero y las puertas delanteras y traseras.<\/p>\n<p>Tambi\u00e9n incluye cosas como reposacabezas regulables en altura para los asientos delanteros, asiento del conductor regulable en altura, respaldo trasero abatible por partes (60\/40) y \u00abetiquetas Happy\u00bb.<br \/>\nLa proverbial guinda del pastel es una pantalla t\u00e1ctil en color de 10,25 pulgadas, que incluye radio FM\/AM\/Digital DAB+ con seis altavoces, compatibilidad inal\u00e1mbrica con Apple Carplay y Android Auto, un conector USB-C delantero y dos conectores USB-C traseros. <\/p>\n<p>El Citro\u00ebn C3 1.2 Turbo S&amp;S You con Pack Plus est\u00e1 disponible desde 24.200 euros y el \u00eb-C3 44 kWh You con Pack Plus tiene un precio de venta recomendado al consumidor de 26.490 euros.<br \/>\nEl nuevo Citro\u00ebn C3 ya est\u00e1 disponible a un precio de venta recomendado de 21.690 euros.<br \/>\nLa versi\u00f3n You del Nuevo Citro\u00ebn \u00eb-C3 Aircross ya estaba disponible con Pack Plus.<br \/>\nTodos los nuevos modelos C3 est\u00e1n disponibles en colores llamativos, como el Azul Montecarlo (de serie) y la pintura metalizada Rojo Elixer.   <\/p>\n<div class=\"galery galery-0\">\n<figure>\n\t\t\t\t\t<span style=\"cursor: pointer\" data-src=\"https:\/\/autorai.nl\/wp-content\/uploads\/2024\/07\/citroen-c3-pack-plus-foto1.jpg\" data-fancybox=\"galery-0\" title=\"Vista interior de un coche con dos asientos delanteros con tapicer\u00eda negra y gris, un volante, un salpicadero y asientos traseros para los pasajeros, con la configuraci\u00f3n distintiva del Equipamiento Citro\u00ebn C3.\"><br \/>\n\t\t\t\t\t\t\t<img decoding=\"async\" width=\"360\" height=\"270\" src=\"https:\/\/autorai.nl\/wp-content\/uploads\/2024\/07\/citroen-c3-pack-plus-foto1-360x270.jpg\" class=\"attachment-small size-small\" alt=\"Vista interior de un coche con dos asientos delanteros con tapicer\u00eda negra y gris, un volante, un salpicadero y asientos traseros para los pasajeros, con la configuraci\u00f3n distintiva del Equipamiento Citro\u00ebn C3.\" loading=\"lazy\"><i class=\"fa fa-search-plus\" aria-hidden=\"true\"><\/i><br \/>\n\t\t\t\t\t\t<\/span><br \/>\n\t\t\t\t\t<\/figure>\n<figure>\n\t\t\t\t\t<span style=\"cursor: pointer\" data-src=\"https:\/\/autorai.nl\/wp-content\/uploads\/2024\/07\/citroen-c3-pack-plus-foto2.jpg\" data-fancybox=\"galery-0\" title=\"Interior de un coche moderno con un sistema de navegaci\u00f3n con pantalla t\u00e1ctil, una palanca de cambios manual y un salpicadero de dise\u00f1o elegante con iluminaci\u00f3n ambiental azul; recuerda al equipamiento del Citro\u00ebn C3.\"><br \/>\n\t\t\t\t\t\t\t<img decoding=\"async\" width=\"360\" height=\"270\" src=\"https:\/\/autorai.nl\/wp-content\/uploads\/2024\/07\/citroen-c3-pack-plus-foto2-360x270.jpg\" class=\"attachment-small size-small\" alt=\"Interior de un coche moderno con un sistema de navegaci\u00f3n con pantalla t\u00e1ctil, una palanca de cambios manual y un salpicadero de dise\u00f1o elegante con iluminaci\u00f3n ambiental azul; recuerda al equipamiento del Citro\u00ebn C3.\" loading=\"lazy\"><i class=\"fa fa-search-plus\" aria-hidden=\"true\"><\/i><br \/>\n\t\t\t\t\t\t<\/span><br \/>\n\t\t\t\t\t<\/figure>\n<figure>\n\t\t\t\t\t<span style=\"cursor: pointer\" data-src=\"https:\/\/autorai.nl\/wp-content\/uploads\/2024\/07\/citroen-c3-pack-plus-foto3.jpg\" data-fancybox=\"galery-0\" title=\"El interior de un coche moderno, como el Citro\u00ebn C3 de Equipamiento, cuenta con un salpicadero digital, un volante con mandos, una pantalla t\u00e1ctil con un mapa y tapicer\u00eda negra con iluminaci\u00f3n de acento azul.\"><br \/>\n\t\t\t\t\t\t\t<img decoding=\"async\" width=\"360\" height=\"270\" src=\"https:\/\/autorai.nl\/wp-content\/uploads\/2024\/07\/citroen-c3-pack-plus-foto3-360x270.jpg\" class=\"attachment-small size-small\" alt=\"El interior de un coche moderno, como el Equipamiento Citro\u00ebn C3, presenta un salpicadero digital, un volante con mandos, una pantalla t\u00e1ctil con un mapa y tapicer\u00eda negra con iluminaci\u00f3n de acento azul.\" loading=\"lazy\"><i class=\"fa fa-search-plus\" aria-hidden=\"true\"><\/i><br \/>\n\t\t\t\t\t\t<\/span><br \/>\n\t\t\t\t\t<\/figure>\n<figure>\n\t\t\t\t\t<span style=\"cursor: pointer\" data-src=\"https:\/\/autorai.nl\/wp-content\/uploads\/2024\/07\/citroen-c3-pack-plus-foto4.jpg\" data-fancybox=\"galery-0\" title=\"La imagen muestra la vista frontal de un SUV Citro\u00ebn C3 rojo con detalles en negro, con el logotipo de Citro\u00ebn en la parrilla, mostrando el refinado equipamiento por el que es conocido el Citro\u00ebn C3.\"><br \/>\n\t\t\t\t\t\t\t<img decoding=\"async\" width=\"360\" height=\"270\" src=\"https:\/\/autorai.nl\/wp-content\/uploads\/2024\/07\/citroen-c3-pack-plus-foto4-360x270.jpg\" class=\"attachment-small size-small\" alt=\"La imagen muestra la vista frontal de un SUV Citro\u00ebn C3 rojo con detalles en negro, con el logotipo de Citro\u00ebn en la parrilla, mostrando el refinado equipamiento por el que es conocido el Citro\u00ebn C3.\" loading=\"lazy\"><i class=\"fa fa-search-plus\" aria-hidden=\"true\"><\/i><br \/>\n\t\t\t\t\t\t<\/span><br \/>\n\t\t\t\t\t<\/figure>\n<figure>\n\t\t\t\t\t<span style=\"cursor: pointer\" data-src=\"https:\/\/autorai.nl\/wp-content\/uploads\/2024\/07\/citroen-c3-pack-plus-foto5.jpg\" data-fancybox=\"galery-0\" title=\"Un SUV compacto rojo con techo negro y detalles en negro, faros modernos y llantas de aleaci\u00f3n de cinco radios, mostrado en una vista frontal de tres cuartos. Descubre el elegante Equipamiento Citro\u00ebn C3.\"><br \/>\n\t\t\t\t\t\t\t<img decoding=\"async\" width=\"360\" height=\"270\" src=\"https:\/\/autorai.nl\/wp-content\/uploads\/2024\/07\/citroen-c3-pack-plus-foto5-360x270.jpg\" class=\"attachment-small size-small\" alt=\"Un SUV compacto rojo con techo negro y detalles en negro, faros modernos y llantas de aleaci\u00f3n de cinco radios, mostrado en una vista frontal de tres cuartos. Descubre el elegante Equipamiento Citro\u00ebn C3.\" loading=\"lazy\"><i class=\"fa fa-search-plus\" aria-hidden=\"true\"><\/i><br \/>\n\t\t\t\t\t\t<\/span><br \/>\n\t\t\t\t\t<\/figure>\n<figure>\n\t\t\t\t\t<span style=\"cursor: pointer\" data-src=\"https:\/\/autorai.nl\/wp-content\/uploads\/2024\/07\/citroen-c3-pack-plus-foto6.jpg\" data-fancybox=\"galery-0\" title=\"Un SUV Citro\u00ebn C3 rojo, con techo negro y llantas de aleaci\u00f3n, es capturado desde una vista frontal de tres cuartos. Sobre un fondo blanco inmaculado, brilla su avanzado equipamiento.\"><br \/>\n\t\t\t\t\t\t\t<img decoding=\"async\" width=\"360\" height=\"270\" src=\"https:\/\/autorai.nl\/wp-content\/uploads\/2024\/07\/citroen-c3-pack-plus-foto6-360x270.jpg\" class=\"attachment-small size-small\" alt=\"Un SUV Citro\u00ebn C3 rojo, con techo negro y llantas de aleaci\u00f3n, es capturado desde una vista frontal de tres cuartos. Sobre un fondo blanco inmaculado, brilla su avanzado equipamiento.\" loading=\"lazy\"><i class=\"fa fa-search-plus\" aria-hidden=\"true\"><\/i><br \/>\n\t\t\t\t\t\t<\/span><br \/>\n\t\t\t\t\t<\/figure>\n<figure>\n\t\t\t\t\t<span style=\"cursor: pointer\" data-src=\"https:\/\/autorai.nl\/wp-content\/uploads\/2024\/07\/citroen-c3-pack-plus-foto7.jpg\" data-fancybox=\"galery-0\" title=\"Vista lateral de un todoterreno compacto rojo de l\u00edneas limpias, con ra\u00edles negros en el techo y llantas con detalles plateados, parecido al elegante Citro\u00ebn C3, aislado sobre fondo blanco.\"><br \/>\n\t\t\t\t\t\t\t<img decoding=\"async\" width=\"360\" height=\"270\" src=\"https:\/\/autorai.nl\/wp-content\/uploads\/2024\/07\/citroen-c3-pack-plus-foto7-360x270.jpg\" class=\"attachment-small size-small\" alt=\"Vista lateral de un todoterreno compacto rojo de l\u00edneas limpias, con ra\u00edles negros en el techo y llantas con detalles plateados, parecido al elegante Citro\u00ebn C3, aislado sobre fondo blanco.\" loading=\"lazy\"><i class=\"fa fa-search-plus\" aria-hidden=\"true\"><\/i><br \/>\n\t\t\t\t\t\t<\/span><br \/>\n\t\t\t\t\t<\/figure>\n<figure>\n\t\t\t\t\t<span style=\"cursor: pointer\" data-src=\"https:\/\/autorai.nl\/wp-content\/uploads\/2024\/07\/citroen-c3-pack-plus-foto8.jpg\" data-fancybox=\"galery-0\" title=\"Un coche Citro\u00ebn C3 rojo se muestra desde atr\u00e1s en un ligero \u00e1ngulo, con las luces traseras, el parachoques trasero y la ventanilla trasera con sus elegantes caracter\u00edsticas de Equipamiento Citro\u00ebn C3 claramente visibles.\"><br \/>\n\t\t\t\t\t\t\t<img decoding=\"async\" width=\"360\" height=\"270\" src=\"https:\/\/autorai.nl\/wp-content\/uploads\/2024\/07\/citroen-c3-pack-plus-foto8-360x270.jpg\" class=\"attachment-small size-small\" alt=\"Un coche Citro\u00ebn C3 rojo se muestra desde atr\u00e1s en un ligero \u00e1ngulo, con las luces traseras, el parachoques trasero y la ventanilla trasera con sus elegantes caracter\u00edsticas de Equipamiento Citro\u00ebn C3 claramente visibles.\" loading=\"lazy\"><i class=\"fa fa-search-plus\" aria-hidden=\"true\"><\/i><br \/>\n\t\t\t\t\t\t<\/span><br \/>\n\t\t\t\t\t<\/figure>\n<div class=\"clear\"><\/div>\n<\/div>\n","protected":false},"excerpt":{"rendered":"T\u00fa contra Max Con la misi\u00f3n de hacer m\u00e1s asequible la movilidad el\u00e9ctrica, Citro\u00ebn vuela alto con el nuevo \u00eb-C3.&hellip;","protected":false},"author":0,"featured_media":146408,"comment_status":"","ping_status":"open","sticky":false,"template":"","format":"standard","meta":{"footnotes":""},"categories":[126],"tags":[],"class_list":["post-146412","post","type-post","status-publish","format-standard","has-post-thumbnail","hentry","category-noticias-de-autos"],"acf":[],"yoast_head":"<!-- This site is optimized with the Yoast SEO plugin v21.2 - https:\/\/yoast.com\/wordpress\/plugins\/seo\/ -->\n<title>Citro\u00ebn C3\/\u00eb-C3: T\u00fa contra Max - AutoRAI TV - All cars news<\/title>\n<meta name=\"robots\" content=\"index, follow, max-snippet:-1, max-image-preview:large, max-video-preview:-1\" \/>\n<link rel=\"canonical\" href=\"https:\/\/all-car-news.com\/es\/citroen-c3-e-c3-tu-contra-max-autorai-tv\/\" \/>\n<meta property=\"og:locale\" content=\"es_ES\" \/>\n<meta property=\"og:type\" content=\"article\" \/>\n<meta property=\"og:title\" content=\"Citro\u00ebn C3\/\u00eb-C3: T\u00fa contra Max - AutoRAI TV - All cars news\" \/>\n<meta property=\"og:description\" content=\"T\u00fa contra Max Con la misi\u00f3n de hacer m\u00e1s asequible la movilidad el\u00e9ctrica, Citro\u00ebn vuela alto con el nuevo \u00eb-C3. Conducci\u00f3n el\u00e9ctrica por menos de 25.000 Con subvenci\u00f3n SEPP, \u00a1incluso por menos de 21.000! Pocos competidores tienen ya una respuesta a eso. Pero \u00bfqu\u00e9 concesiones haces exactamente cuando eliges un [...]\" \/>\n<meta property=\"og:url\" content=\"https:\/\/all-car-news.com\/es\/citroen-c3-e-c3-tu-contra-max-autorai-tv\/\" \/>\n<meta property=\"og:site_name\" content=\"All cars news\" \/>\n<meta property=\"article:published_time\" content=\"2024-07-29T15:54:00+00:00\" \/>\n<meta property=\"og:image\" content=\"https:\/\/autorai.nl\/wp-content\/uploads\/2024\/07\/citroen-c3-pack-plus-foto1-360x270.jpg\" \/>\n<meta name=\"twitter:card\" content=\"summary_large_image\" \/>\n<meta name=\"twitter:label1\" content=\"Tiempo de lectura\" \/>\n\t<meta name=\"twitter:data1\" content=\"4 minutos\" \/>\n<script type=\"application\/ld+json\" class=\"yoast-schema-graph\">{\"@context\":\"https:\/\/schema.org\",\"@graph\":[{\"@type\":\"Article\",\"@id\":\"https:\/\/all-car-news.com\/es\/citroen-c3-e-c3-tu-contra-max-autorai-tv\/#article\",\"isPartOf\":{\"@id\":\"https:\/\/all-car-news.com\/es\/citroen-c3-e-c3-tu-contra-max-autorai-tv\/\"},\"author\":{\"name\":\"\",\"@id\":\"\"},\"headline\":\"Citro\u00ebn C3\/\u00eb-C3: T\u00fa contra Max &#8211; AutoRAI TV\",\"datePublished\":\"2024-07-29T15:54:00+00:00\",\"dateModified\":\"2024-07-29T15:54:00+00:00\",\"mainEntityOfPage\":{\"@id\":\"https:\/\/all-car-news.com\/es\/citroen-c3-e-c3-tu-contra-max-autorai-tv\/\"},\"wordCount\":725,\"publisher\":{\"@id\":\"https:\/\/all-car-news.com\/es\/#organization\"},\"articleSection\":[\"noticias de autos\"],\"inLanguage\":\"es\"},{\"@type\":\"WebPage\",\"@id\":\"https:\/\/all-car-news.com\/es\/citroen-c3-e-c3-tu-contra-max-autorai-tv\/\",\"url\":\"https:\/\/all-car-news.com\/es\/citroen-c3-e-c3-tu-contra-max-autorai-tv\/\",\"name\":\"Citro\u00ebn C3\/\u00eb-C3: T\u00fa contra Max - AutoRAI TV - All cars news\",\"isPartOf\":{\"@id\":\"https:\/\/all-car-news.com\/es\/#website\"},\"datePublished\":\"2024-07-29T15:54:00+00:00\",\"dateModified\":\"2024-07-29T15:54:00+00:00\",\"breadcrumb\":{\"@id\":\"https:\/\/all-car-news.com\/es\/citroen-c3-e-c3-tu-contra-max-autorai-tv\/#breadcrumb\"},\"inLanguage\":\"es\",\"potentialAction\":[{\"@type\":\"ReadAction\",\"target\":[\"https:\/\/all-car-news.com\/es\/citroen-c3-e-c3-tu-contra-max-autorai-tv\/\"]}]},{\"@type\":\"BreadcrumbList\",\"@id\":\"https:\/\/all-car-news.com\/es\/citroen-c3-e-c3-tu-contra-max-autorai-tv\/#breadcrumb\",\"itemListElement\":[{\"@type\":\"ListItem\",\"position\":1,\"name\":\"Home\",\"item\":\"https:\/\/all-car-news.com\/es\/\"},{\"@type\":\"ListItem\",\"position\":2,\"name\":\"Citro\u00ebn C3\/\u00eb-C3: T\u00fa contra Max &#8211; AutoRAI TV\"}]},{\"@type\":\"WebSite\",\"@id\":\"https:\/\/all-car-news.com\/es\/#website\",\"url\":\"https:\/\/all-car-news.com\/es\/\",\"name\":\"All cars news\",\"description\":\"\",\"publisher\":{\"@id\":\"https:\/\/all-car-news.com\/es\/#organization\"},\"potentialAction\":[{\"@type\":\"SearchAction\",\"target\":{\"@type\":\"EntryPoint\",\"urlTemplate\":\"https:\/\/all-car-news.com\/es\/?s={search_term_string}\"},\"query-input\":\"required name=search_term_string\"}],\"inLanguage\":\"es\"},{\"@type\":\"Organization\",\"@id\":\"https:\/\/all-car-news.com\/es\/#organization\",\"name\":\"All cars news\",\"url\":\"https:\/\/all-car-news.com\/es\/\",\"logo\":{\"@type\":\"ImageObject\",\"inLanguage\":\"es\",\"@id\":\"https:\/\/all-car-news.com\/es\/#\/schema\/logo\/image\/\",\"url\":\"https:\/\/all-car-news.com\/wp-content\/uploads\/2022\/02\/CMYK-AllCarNews_LANDSCAPE_300px-1.png\",\"contentUrl\":\"https:\/\/all-car-news.com\/wp-content\/uploads\/2022\/02\/CMYK-AllCarNews_LANDSCAPE_300px-1.png\",\"width\":300,\"height\":100,\"caption\":\"All cars news\"},\"image\":{\"@id\":\"https:\/\/all-car-news.com\/es\/#\/schema\/logo\/image\/\"}}]}<\/script>\n<!-- \/ Yoast SEO plugin. -->","yoast_head_json":{"title":"Citro\u00ebn C3\/\u00eb-C3: T\u00fa contra Max - AutoRAI TV - All cars news","robots":{"index":"index","follow":"follow","max-snippet":"max-snippet:-1","max-image-preview":"max-image-preview:large","max-video-preview":"max-video-preview:-1"},"canonical":"https:\/\/all-car-news.com\/es\/citroen-c3-e-c3-tu-contra-max-autorai-tv\/","og_locale":"es_ES","og_type":"article","og_title":"Citro\u00ebn C3\/\u00eb-C3: T\u00fa contra Max - AutoRAI TV - All cars news","og_description":"T\u00fa contra Max Con la misi\u00f3n de hacer m\u00e1s asequible la movilidad el\u00e9ctrica, Citro\u00ebn vuela alto con el nuevo \u00eb-C3. Conducci\u00f3n el\u00e9ctrica por menos de 25.000 Con subvenci\u00f3n SEPP, \u00a1incluso por menos de 21.000! Pocos competidores tienen ya una respuesta a eso. Pero \u00bfqu\u00e9 concesiones haces exactamente cuando eliges un [...]","og_url":"https:\/\/all-car-news.com\/es\/citroen-c3-e-c3-tu-contra-max-autorai-tv\/","og_site_name":"All cars news","article_published_time":"2024-07-29T15:54:00+00:00","og_image":[{"url":"https:\/\/autorai.nl\/wp-content\/uploads\/2024\/07\/citroen-c3-pack-plus-foto1-360x270.jpg"}],"twitter_card":"summary_large_image","twitter_misc":{"Tiempo de lectura":"4 minutos"},"schema":{"@context":"https:\/\/schema.org","@graph":[{"@type":"Article","@id":"https:\/\/all-car-news.com\/es\/citroen-c3-e-c3-tu-contra-max-autorai-tv\/#article","isPartOf":{"@id":"https:\/\/all-car-news.com\/es\/citroen-c3-e-c3-tu-contra-max-autorai-tv\/"},"author":{"name":"","@id":""},"headline":"Citro\u00ebn C3\/\u00eb-C3: T\u00fa contra Max &#8211; AutoRAI TV","datePublished":"2024-07-29T15:54:00+00:00","dateModified":"2024-07-29T15:54:00+00:00","mainEntityOfPage":{"@id":"https:\/\/all-car-news.com\/es\/citroen-c3-e-c3-tu-contra-max-autorai-tv\/"},"wordCount":725,"publisher":{"@id":"https:\/\/all-car-news.com\/es\/#organization"},"articleSection":["noticias de autos"],"inLanguage":"es"},{"@type":"WebPage","@id":"https:\/\/all-car-news.com\/es\/citroen-c3-e-c3-tu-contra-max-autorai-tv\/","url":"https:\/\/all-car-news.com\/es\/citroen-c3-e-c3-tu-contra-max-autorai-tv\/","name":"Citro\u00ebn C3\/\u00eb-C3: T\u00fa contra Max - AutoRAI TV - All cars news","isPartOf":{"@id":"https:\/\/all-car-news.com\/es\/#website"},"datePublished":"2024-07-29T15:54:00+00:00","dateModified":"2024-07-29T15:54:00+00:00","breadcrumb":{"@id":"https:\/\/all-car-news.com\/es\/citroen-c3-e-c3-tu-contra-max-autorai-tv\/#breadcrumb"},"inLanguage":"es","potentialAction":[{"@type":"ReadAction","target":["https:\/\/all-car-news.com\/es\/citroen-c3-e-c3-tu-contra-max-autorai-tv\/"]}]},{"@type":"BreadcrumbList","@id":"https:\/\/all-car-news.com\/es\/citroen-c3-e-c3-tu-contra-max-autorai-tv\/#breadcrumb","itemListElement":[{"@type":"ListItem","position":1,"name":"Home","item":"https:\/\/all-car-news.com\/es\/"},{"@type":"ListItem","position":2,"name":"Citro\u00ebn C3\/\u00eb-C3: T\u00fa contra Max &#8211; AutoRAI TV"}]},{"@type":"WebSite","@id":"https:\/\/all-car-news.com\/es\/#website","url":"https:\/\/all-car-news.com\/es\/","name":"All cars news","description":"","publisher":{"@id":"https:\/\/all-car-news.com\/es\/#organization"},"potentialAction":[{"@type":"SearchAction","target":{"@type":"EntryPoint","urlTemplate":"https:\/\/all-car-news.com\/es\/?s={search_term_string}"},"query-input":"required name=search_term_string"}],"inLanguage":"es"},{"@type":"Organization","@id":"https:\/\/all-car-news.com\/es\/#organization","name":"All cars news","url":"https:\/\/all-car-news.com\/es\/","logo":{"@type":"ImageObject","inLanguage":"es","@id":"https:\/\/all-car-news.com\/es\/#\/schema\/logo\/image\/","url":"https:\/\/all-car-news.com\/wp-content\/uploads\/2022\/02\/CMYK-AllCarNews_LANDSCAPE_300px-1.png","contentUrl":"https:\/\/all-car-news.com\/wp-content\/uploads\/2022\/02\/CMYK-AllCarNews_LANDSCAPE_300px-1.png","width":300,"height":100,"caption":"All cars news"},"image":{"@id":"https:\/\/all-car-news.com\/es\/#\/schema\/logo\/image\/"}}]}},"_links":{"self":[{"href":"https:\/\/all-car-news.com\/es\/wp-json\/wp\/v2\/posts\/146412","targetHints":{"allow":["GET"]}}],"collection":[{"href":"https:\/\/all-car-news.com\/es\/wp-json\/wp\/v2\/posts"}],"about":[{"href":"https:\/\/all-car-news.com\/es\/wp-json\/wp\/v2\/types\/post"}],"replies":[{"embeddable":true,"href":"https:\/\/all-car-news.com\/es\/wp-json\/wp\/v2\/comments?post=146412"}],"version-history":[{"count":0,"href":"https:\/\/all-car-news.com\/es\/wp-json\/wp\/v2\/posts\/146412\/revisions"}],"wp:featuredmedia":[{"embeddable":true,"href":"https:\/\/all-car-news.com\/es\/wp-json\/wp\/v2\/media\/146408"}],"wp:attachment":[{"href":"https:\/\/all-car-news.com\/es\/wp-json\/wp\/v2\/media?parent=146412"}],"wp:term":[{"taxonomy":"category","embeddable":true,"href":"https:\/\/all-car-news.com\/es\/wp-json\/wp\/v2\/categories?post=146412"},{"taxonomy":"post_tag","embeddable":true,"href":"https:\/\/all-car-news.com\/es\/wp-json\/wp\/v2\/tags?post=146412"}],"curies":[{"name":"wp","href":"https:\/\/api.w.org\/{rel}","templated":true}]}}