{"id":146283,"date":"2024-07-20T08:09:00","date_gmt":"2024-07-20T08:09:00","guid":{"rendered":"https:\/\/all-car-news.com\/retroweek-6-un-nuevo-citroen-2cv-que-guay-seria\/"},"modified":"2024-07-20T08:09:00","modified_gmt":"2024-07-20T08:09:00","slug":"retroweek-6-un-nuevo-citroen-2cv-que-guay-seria","status":"publish","type":"post","link":"https:\/\/all-car-news.com\/es\/retroweek-6-un-nuevo-citroen-2cv-que-guay-seria\/","title":{"rendered":"RETROWEEK #6: Un nuevo Citro\u00ebn 2CV, \u00a1qu\u00e9 guay ser\u00eda!"},"content":{"rendered":"<h2>El patito feo<\/h2>\n<p>El Citro\u00ebn 2CV, a menudo llamado cari\u00f1osamente \u00abLelijke Eend\u00bb en Holanda, es uno de los coches m\u00e1s emblem\u00e1ticos de la historia de la producci\u00f3n automovil\u00edstica. Presentado en 1948 y producido hasta 1990, el 2CV se concibi\u00f3 originalmente como un coche sencillo y asequible para agricultores y habitantes de zonas rurales. El dise\u00f1o se centr\u00f3 en la sencillez, la robustez y la facilidad de uso.<\/p>\n<h2>Motor b\u00f3xer<\/h2>\n<p>El 2CV estaba propulsado por un motor b\u00f3xer bicil\u00edndrico refrigerado por aire, inicialmente con una modesta potencia de 9 CV, posteriormente aumentada a 29 CV en los \u00faltimos modelos. A pesar de la modesta potencia de su motor, el 2CV ofrec\u00eda un rendimiento sorprendentemente bueno en carreteras accidentadas gracias a su innovadora suspensi\u00f3n y a su construcci\u00f3n ligera. El coche se dise\u00f1\u00f3 para circular c\u00f3modamente por caminos de tierra, con un sistema de suspensi\u00f3n que le permit\u00eda llevar una cesta de huevos por el campo sin romper ninguno.<\/p>\n<h2>Sencillo y funcional<\/h2>\n<p>El dise\u00f1o del Citro\u00ebn 2CV es sencillo y funcional, con un enfoque minimalista que simplificaba el mantenimiento y la producci\u00f3n. La carrocer\u00eda era de acero fino, lo que contribu\u00eda al bajo peso del coche. El techo era de lona y pod\u00eda enrollarse, lo que daba al 2CV un aire casi de cabriolet. Por dentro, el coche era igualmente espartano, con asientos de formas sencillas y un salpicadero b\u00e1sico.<\/p>\n<h2>S\u00edmbolo de sencillez y econom\u00eda<\/h2>\n<p>El 2CV se convirti\u00f3 en un s\u00edmbolo de sencillez y econom\u00eda, apreciado por la gente que buscaba un medio de transporte fiable y barato. Su encanto y car\u00e1cter tambi\u00e9n lo hicieron popular entre estudiantes, hippies y cualquiera que apreciara un coche con una personalidad \u00fanica. Durante su periodo de producci\u00f3n, se fabricaron m\u00e1s de 3,8 millones de 2CV, adem\u00e1s de numerosas variantes y derivados como el Dyane y el Mehari.<\/p>\n<h2>Mucho impacto, todav\u00eda<\/h2>\n<p>El Citro\u00ebn 2CV ha tenido un impacto duradero en el mundo del autom\u00f3vil y sigue siendo apreciado como un cl\u00e1sico. Su dise\u00f1o atemporal, su sencillez y su fiabilidad lo convierten en un coche muy querido entre coleccionistas y entusiastas de todo el mundo. El 2CV es la prueba de que un coche no tiene que ser complejo para ser querido y tener \u00e9xito.<\/p>\n<h2>Un nuevo Citro\u00ebn 2CV<\/h2>\n<p>\u00bfC\u00f3mo se determina el dise\u00f1o de un nuevo Citro\u00ebn 2CV? Sencillo, utilizando la IA. Damos una descripci\u00f3n lo m\u00e1s espec\u00edfica posible. La IA hace el resto del trabajo. El resultado fueron las siguientes im\u00e1genes del Citro\u00ebn 2CV.<\/p>\n<div class=\"galery shuffle galery-0\">\n<figure>\n\t\t\t\t\t<span style=\"cursor: pointer\" data-src=\"https:\/\/autorai.nl\/wp-content\/uploads\/2024\/07\/retroweek-citroen-2cv-ai-foto2.webp\" data-fancybox=\"galery-0\" title=\"Un cl\u00e1sico coche el\u00e9ctrico Citro\u00ebn 2CV plateado est\u00e1 aparcado en una estaci\u00f3n de recarga de veh\u00edculos el\u00e9ctricos. Este emblem\u00e1tico veh\u00edculo, con faros redondos y matr\u00edcula europea, combina a la perfecci\u00f3n el encanto retro con la tecnolog\u00eda moderna.\"><br \/>\n\t\t\t\t\t\t\t<img decoding=\"async\" width=\"640\" height=\"480\" src=\"https:\/\/autorai.nl\/wp-content\/uploads\/2024\/07\/retroweek-citroen-2cv-ai-foto2-640x480.webp\" class=\"attachment-medium size-medium\" alt=\"Un cl\u00e1sico coche el\u00e9ctrico Citro\u00ebn 2CV plateado est\u00e1 aparcado en una estaci\u00f3n de recarga de veh\u00edculos el\u00e9ctricos. Este emblem\u00e1tico veh\u00edculo, con faros redondos y matr\u00edcula europea, combina a la perfecci\u00f3n el encanto retro con la tecnolog\u00eda moderna.\" loading=\"lazy\"><i class=\"fa fa-search-plus\" aria-hidden=\"true\"><\/i><br \/>\n\t\t\t\t\t\t<\/span><br \/>\n\t\t\t\t\t<\/figure>\n<figure>\n\t\t\t\t\t<span style=\"cursor: pointer\" data-src=\"https:\/\/autorai.nl\/wp-content\/uploads\/2024\/07\/retroweek-citroen-2cv-ai-foto3.webp\" data-fancybox=\"galery-0\"><br \/>\n\t\t\t\t\t\t\t<img decoding=\"async\" width=\"360\" height=\"270\" src=\"https:\/\/autorai.nl\/wp-content\/uploads\/2024\/07\/retroweek-citroen-2cv-ai-foto3-360x270.webp\" class=\"attachment-small size-small\" alt=\"Un coche el\u00e9ctrico Citro\u00ebn con matr\u00edcula \"CTOON 2CV\" est\u00e1 aparcado en un tejado con el horizonte de la ciudad de fondo. El coche presenta elementos de dise\u00f1o futurista que recuerdan al emblem\u00e1tico Citro\u00ebn 2CV, y un cartel de \"Nueva Generaci\u00f3n\".\" loading=\"lazy\"><i class=\"fa fa-search-plus\" aria-hidden=\"true\"><\/i><br \/>\n\t\t\t\t\t\t<\/span><br \/>\n\t\t\t\t\t<\/figure>\n<figure>\n\t\t\t\t\t<span style=\"cursor: pointer\" data-src=\"https:\/\/autorai.nl\/wp-content\/uploads\/2024\/07\/retroweek-citroen-2cv-ai-foto4.webp\" data-fancybox=\"galery-0\" title=\"Un coche Citro\u00ebn 2CV de \u00e9poca est\u00e1 aparcado en un vibrante paisaje urbano moderno, con la Torre Eiffel al fondo. El coche conserva su encanto nost\u00e1lgico y presenta elementos de dise\u00f1o actualizados y contempor\u00e1neos.\"><br \/>\n\t\t\t\t\t\t\t<img decoding=\"async\" width=\"360\" height=\"270\" src=\"https:\/\/autorai.nl\/wp-content\/uploads\/2024\/07\/retroweek-citroen-2cv-ai-foto4-360x270.webp\" class=\"attachment-small size-small\" alt=\"Un coche Citro\u00ebn 2CV de \u00e9poca est\u00e1 aparcado en un vibrante paisaje urbano moderno, con la Torre Eiffel al fondo. El coche conserva su encanto nost\u00e1lgico y presenta elementos de dise\u00f1o actualizados y contempor\u00e1neos.\" loading=\"lazy\"><i class=\"fa fa-search-plus\" aria-hidden=\"true\"><\/i><br \/>\n\t\t\t\t\t\t<\/span><br \/>\n\t\t\t\t\t<\/figure>\n<figure>\n\t\t\t\t\t<span style=\"cursor: pointer\" data-src=\"https:\/\/autorai.nl\/wp-content\/uploads\/2024\/07\/retroweek-citroen-2cv-ai-foto5.webp\" data-fancybox=\"galery-0\" title=\"Un moderno coche compacto con bordes elegantes y redondeados y una combinaci\u00f3n de colores bicolor est\u00e1 aparcado en un edificio de estilo industrial con grandes ventanales, que recuerda al cl\u00e1sico Citro\u00ebn 2CV.\"><br \/>\n\t\t\t\t\t\t\t<img decoding=\"async\" width=\"640\" height=\"480\" src=\"https:\/\/autorai.nl\/wp-content\/uploads\/2024\/07\/retroweek-citroen-2cv-ai-foto5-640x480.webp\" class=\"attachment-medium size-medium\" alt=\"Un moderno coche compacto con bordes elegantes y redondeados y una combinaci\u00f3n de colores bicolor est\u00e1 aparcado en un edificio de estilo industrial con grandes ventanales, que recuerda al cl\u00e1sico Citro\u00ebn 2CV.\" loading=\"lazy\"><i class=\"fa fa-search-plus\" aria-hidden=\"true\"><\/i><br \/>\n\t\t\t\t\t\t<\/span><br \/>\n\t\t\t\t\t<\/figure>\n<figure>\n\t\t\t\t\t<span style=\"cursor: pointer\" data-src=\"https:\/\/autorai.nl\/wp-content\/uploads\/2024\/07\/retroweek-citroen-2cv-ai-foto6.webp\" data-fancybox=\"galery-0\" title=\"Un Citro\u00ebn 2CV de \u00e9poca est\u00e1 aparcado bajo una moderna estructura de hormig\u00f3n, con altos edificios y el emblem\u00e1tico logotipo de Citro\u00ebn visibles al fondo. El coche tiene una encantadora combinaci\u00f3n de colores azul y beige.\"><br \/>\n\t\t\t\t\t\t\t<img decoding=\"async\" width=\"360\" height=\"270\" src=\"https:\/\/autorai.nl\/wp-content\/uploads\/2024\/07\/retroweek-citroen-2cv-ai-foto6-360x270.webp\" class=\"attachment-small size-small\" alt=\"Un Citro\u00ebn 2CV de \u00e9poca est\u00e1 aparcado bajo una moderna estructura de hormig\u00f3n, con altos edificios y el emblem\u00e1tico logotipo de Citro\u00ebn visibles al fondo. El coche tiene una encantadora combinaci\u00f3n de colores azul y beige.\" loading=\"lazy\"><i class=\"fa fa-search-plus\" aria-hidden=\"true\"><\/i><br \/>\n\t\t\t\t\t\t<\/span><br \/>\n\t\t\t\t\t<\/figure>\n<figure>\n\t\t\t\t\t<span style=\"cursor: pointer\" data-src=\"https:\/\/autorai.nl\/wp-content\/uploads\/2024\/07\/retroweek-citroen-2cv-ai-foto1.webp\" data-fancybox=\"galery-0\" title=\"Un coche compacto y futurista con un exterior azul y blanco y faros redondos est\u00e1 aparcado sobre una superficie de baldosas. Recuerda al cl\u00e1sico Citro\u00ebn 2CV, con grandes ruedas de dise\u00f1o llamativo y techo panor\u00e1mico de cristal.\"><br \/>\n\t\t\t\t\t\t\t<img decoding=\"async\" width=\"360\" height=\"270\" src=\"https:\/\/autorai.nl\/wp-content\/uploads\/2024\/07\/retroweek-citroen-2cv-ai-foto1-360x270.webp\" class=\"attachment-small size-small\" alt=\"Un coche compacto y futurista con un exterior azul y blanco y faros redondos est\u00e1 aparcado sobre una superficie de baldosas. Recuerda al cl\u00e1sico Citro\u00ebn 2CV, con grandes ruedas de dise\u00f1o llamativo y techo panor\u00e1mico de cristal.\" loading=\"lazy\"><i class=\"fa fa-search-plus\" aria-hidden=\"true\"><\/i><br \/>\n\t\t\t\t\t\t<\/span><br \/>\n\t\t\t\t\t<\/figure>\n<div class=\"clear\"><\/div>\n<\/div>\n","protected":false},"excerpt":{"rendered":"El Lelijke Eend El Citro\u00ebn 2CV, a menudo llamado cari\u00f1osamente \"Lelijke Eend\" en Holanda, es uno de los coches m\u00e1s&hellip;","protected":false},"author":0,"featured_media":146270,"comment_status":"","ping_status":"open","sticky":false,"template":"","format":"standard","meta":{"footnotes":""},"categories":[129,126],"tags":[],"class_list":["post-146283","post","type-post","status-publish","format-standard","has-post-thumbnail","hentry","category-fondo","category-noticias-de-autos"],"acf":[],"yoast_head":"<!-- This site is optimized with the Yoast SEO plugin v21.2 - https:\/\/yoast.com\/wordpress\/plugins\/seo\/ -->\n<title>RETROWEEK #6: Un nuevo Citro\u00ebn 2CV, \u00a1qu\u00e9 guay ser\u00eda! - All cars news<\/title>\n<meta name=\"robots\" content=\"index, follow, max-snippet:-1, max-image-preview:large, max-video-preview:-1\" \/>\n<link rel=\"canonical\" href=\"https:\/\/all-car-news.com\/es\/retroweek-6-un-nuevo-citroen-2cv-que-guay-seria\/\" \/>\n<meta property=\"og:locale\" content=\"es_ES\" \/>\n<meta property=\"og:type\" content=\"article\" \/>\n<meta property=\"og:title\" content=\"RETROWEEK #6: Un nuevo Citro\u00ebn 2CV, \u00a1qu\u00e9 guay ser\u00eda! - All cars news\" \/>\n<meta property=\"og:description\" content=\"El Lelijke Eend El Citro\u00ebn 2CV, a menudo llamado cari\u00f1osamente &quot;Lelijke Eend&quot; en Holanda, es uno de los coches m\u00e1s emblem\u00e1ticos de la historia de la producci\u00f3n automovil\u00edstica. Presentado en 1948 y producido hasta 1990, el 2CV se concibi\u00f3 originalmente como un coche sencillo y asequible para agricultores y habitantes de zonas rurales. El dise\u00f1o se centr\u00f3 en la simplicidad, la robustez [...]\" \/>\n<meta property=\"og:url\" content=\"https:\/\/all-car-news.com\/es\/retroweek-6-un-nuevo-citroen-2cv-que-guay-seria\/\" \/>\n<meta property=\"og:site_name\" content=\"All cars news\" \/>\n<meta property=\"article:published_time\" content=\"2024-07-20T08:09:00+00:00\" \/>\n<meta property=\"og:image\" content=\"https:\/\/autorai.nl\/wp-content\/uploads\/2024\/07\/retroweek-citroen-2cv-ai-foto2-640x480.webp\" \/>\n<meta name=\"twitter:card\" content=\"summary_large_image\" \/>\n<meta name=\"twitter:label1\" content=\"Tiempo de lectura\" \/>\n\t<meta name=\"twitter:data1\" content=\"2 minutos\" \/>\n<script type=\"application\/ld+json\" class=\"yoast-schema-graph\">{\"@context\":\"https:\/\/schema.org\",\"@graph\":[{\"@type\":\"Article\",\"@id\":\"https:\/\/all-car-news.com\/es\/retroweek-6-un-nuevo-citroen-2cv-que-guay-seria\/#article\",\"isPartOf\":{\"@id\":\"https:\/\/all-car-news.com\/es\/retroweek-6-un-nuevo-citroen-2cv-que-guay-seria\/\"},\"author\":{\"name\":\"\",\"@id\":\"\"},\"headline\":\"RETROWEEK #6: Un nuevo Citro\u00ebn 2CV, \u00a1qu\u00e9 guay ser\u00eda!\",\"datePublished\":\"2024-07-20T08:09:00+00:00\",\"dateModified\":\"2024-07-20T08:09:00+00:00\",\"mainEntityOfPage\":{\"@id\":\"https:\/\/all-car-news.com\/es\/retroweek-6-un-nuevo-citroen-2cv-que-guay-seria\/\"},\"wordCount\":461,\"publisher\":{\"@id\":\"https:\/\/all-car-news.com\/es\/#organization\"},\"articleSection\":[\"Fondo\",\"noticias de autos\"],\"inLanguage\":\"es\"},{\"@type\":\"WebPage\",\"@id\":\"https:\/\/all-car-news.com\/es\/retroweek-6-un-nuevo-citroen-2cv-que-guay-seria\/\",\"url\":\"https:\/\/all-car-news.com\/es\/retroweek-6-un-nuevo-citroen-2cv-que-guay-seria\/\",\"name\":\"RETROWEEK #6: Un nuevo Citro\u00ebn 2CV, \u00a1qu\u00e9 guay ser\u00eda! - All cars news\",\"isPartOf\":{\"@id\":\"https:\/\/all-car-news.com\/es\/#website\"},\"datePublished\":\"2024-07-20T08:09:00+00:00\",\"dateModified\":\"2024-07-20T08:09:00+00:00\",\"breadcrumb\":{\"@id\":\"https:\/\/all-car-news.com\/es\/retroweek-6-un-nuevo-citroen-2cv-que-guay-seria\/#breadcrumb\"},\"inLanguage\":\"es\",\"potentialAction\":[{\"@type\":\"ReadAction\",\"target\":[\"https:\/\/all-car-news.com\/es\/retroweek-6-un-nuevo-citroen-2cv-que-guay-seria\/\"]}]},{\"@type\":\"BreadcrumbList\",\"@id\":\"https:\/\/all-car-news.com\/es\/retroweek-6-un-nuevo-citroen-2cv-que-guay-seria\/#breadcrumb\",\"itemListElement\":[{\"@type\":\"ListItem\",\"position\":1,\"name\":\"Home\",\"item\":\"https:\/\/all-car-news.com\/es\/\"},{\"@type\":\"ListItem\",\"position\":2,\"name\":\"RETROWEEK #6: Un nuevo Citro\u00ebn 2CV, \u00a1qu\u00e9 guay ser\u00eda!\"}]},{\"@type\":\"WebSite\",\"@id\":\"https:\/\/all-car-news.com\/es\/#website\",\"url\":\"https:\/\/all-car-news.com\/es\/\",\"name\":\"All cars news\",\"description\":\"\",\"publisher\":{\"@id\":\"https:\/\/all-car-news.com\/es\/#organization\"},\"potentialAction\":[{\"@type\":\"SearchAction\",\"target\":{\"@type\":\"EntryPoint\",\"urlTemplate\":\"https:\/\/all-car-news.com\/es\/?s={search_term_string}\"},\"query-input\":\"required name=search_term_string\"}],\"inLanguage\":\"es\"},{\"@type\":\"Organization\",\"@id\":\"https:\/\/all-car-news.com\/es\/#organization\",\"name\":\"All cars news\",\"url\":\"https:\/\/all-car-news.com\/es\/\",\"logo\":{\"@type\":\"ImageObject\",\"inLanguage\":\"es\",\"@id\":\"https:\/\/all-car-news.com\/es\/#\/schema\/logo\/image\/\",\"url\":\"https:\/\/all-car-news.com\/wp-content\/uploads\/2022\/02\/CMYK-AllCarNews_LANDSCAPE_300px-1.png\",\"contentUrl\":\"https:\/\/all-car-news.com\/wp-content\/uploads\/2022\/02\/CMYK-AllCarNews_LANDSCAPE_300px-1.png\",\"width\":300,\"height\":100,\"caption\":\"All cars news\"},\"image\":{\"@id\":\"https:\/\/all-car-news.com\/es\/#\/schema\/logo\/image\/\"}}]}<\/script>\n<!-- \/ Yoast SEO plugin. -->","yoast_head_json":{"title":"RETROWEEK #6: Un nuevo Citro\u00ebn 2CV, \u00a1qu\u00e9 guay ser\u00eda! - All cars news","robots":{"index":"index","follow":"follow","max-snippet":"max-snippet:-1","max-image-preview":"max-image-preview:large","max-video-preview":"max-video-preview:-1"},"canonical":"https:\/\/all-car-news.com\/es\/retroweek-6-un-nuevo-citroen-2cv-que-guay-seria\/","og_locale":"es_ES","og_type":"article","og_title":"RETROWEEK #6: Un nuevo Citro\u00ebn 2CV, \u00a1qu\u00e9 guay ser\u00eda! - All cars news","og_description":"El Lelijke Eend El Citro\u00ebn 2CV, a menudo llamado cari\u00f1osamente \"Lelijke Eend\" en Holanda, es uno de los coches m\u00e1s emblem\u00e1ticos de la historia de la producci\u00f3n automovil\u00edstica. Presentado en 1948 y producido hasta 1990, el 2CV se concibi\u00f3 originalmente como un coche sencillo y asequible para agricultores y habitantes de zonas rurales. El dise\u00f1o se centr\u00f3 en la simplicidad, la robustez [...]","og_url":"https:\/\/all-car-news.com\/es\/retroweek-6-un-nuevo-citroen-2cv-que-guay-seria\/","og_site_name":"All cars news","article_published_time":"2024-07-20T08:09:00+00:00","og_image":[{"url":"https:\/\/autorai.nl\/wp-content\/uploads\/2024\/07\/retroweek-citroen-2cv-ai-foto2-640x480.webp"}],"twitter_card":"summary_large_image","twitter_misc":{"Tiempo de lectura":"2 minutos"},"schema":{"@context":"https:\/\/schema.org","@graph":[{"@type":"Article","@id":"https:\/\/all-car-news.com\/es\/retroweek-6-un-nuevo-citroen-2cv-que-guay-seria\/#article","isPartOf":{"@id":"https:\/\/all-car-news.com\/es\/retroweek-6-un-nuevo-citroen-2cv-que-guay-seria\/"},"author":{"name":"","@id":""},"headline":"RETROWEEK #6: Un nuevo Citro\u00ebn 2CV, \u00a1qu\u00e9 guay ser\u00eda!","datePublished":"2024-07-20T08:09:00+00:00","dateModified":"2024-07-20T08:09:00+00:00","mainEntityOfPage":{"@id":"https:\/\/all-car-news.com\/es\/retroweek-6-un-nuevo-citroen-2cv-que-guay-seria\/"},"wordCount":461,"publisher":{"@id":"https:\/\/all-car-news.com\/es\/#organization"},"articleSection":["Fondo","noticias de autos"],"inLanguage":"es"},{"@type":"WebPage","@id":"https:\/\/all-car-news.com\/es\/retroweek-6-un-nuevo-citroen-2cv-que-guay-seria\/","url":"https:\/\/all-car-news.com\/es\/retroweek-6-un-nuevo-citroen-2cv-que-guay-seria\/","name":"RETROWEEK #6: Un nuevo Citro\u00ebn 2CV, \u00a1qu\u00e9 guay ser\u00eda! - All cars news","isPartOf":{"@id":"https:\/\/all-car-news.com\/es\/#website"},"datePublished":"2024-07-20T08:09:00+00:00","dateModified":"2024-07-20T08:09:00+00:00","breadcrumb":{"@id":"https:\/\/all-car-news.com\/es\/retroweek-6-un-nuevo-citroen-2cv-que-guay-seria\/#breadcrumb"},"inLanguage":"es","potentialAction":[{"@type":"ReadAction","target":["https:\/\/all-car-news.com\/es\/retroweek-6-un-nuevo-citroen-2cv-que-guay-seria\/"]}]},{"@type":"BreadcrumbList","@id":"https:\/\/all-car-news.com\/es\/retroweek-6-un-nuevo-citroen-2cv-que-guay-seria\/#breadcrumb","itemListElement":[{"@type":"ListItem","position":1,"name":"Home","item":"https:\/\/all-car-news.com\/es\/"},{"@type":"ListItem","position":2,"name":"RETROWEEK #6: Un nuevo Citro\u00ebn 2CV, \u00a1qu\u00e9 guay ser\u00eda!"}]},{"@type":"WebSite","@id":"https:\/\/all-car-news.com\/es\/#website","url":"https:\/\/all-car-news.com\/es\/","name":"All cars news","description":"","publisher":{"@id":"https:\/\/all-car-news.com\/es\/#organization"},"potentialAction":[{"@type":"SearchAction","target":{"@type":"EntryPoint","urlTemplate":"https:\/\/all-car-news.com\/es\/?s={search_term_string}"},"query-input":"required name=search_term_string"}],"inLanguage":"es"},{"@type":"Organization","@id":"https:\/\/all-car-news.com\/es\/#organization","name":"All cars news","url":"https:\/\/all-car-news.com\/es\/","logo":{"@type":"ImageObject","inLanguage":"es","@id":"https:\/\/all-car-news.com\/es\/#\/schema\/logo\/image\/","url":"https:\/\/all-car-news.com\/wp-content\/uploads\/2022\/02\/CMYK-AllCarNews_LANDSCAPE_300px-1.png","contentUrl":"https:\/\/all-car-news.com\/wp-content\/uploads\/2022\/02\/CMYK-AllCarNews_LANDSCAPE_300px-1.png","width":300,"height":100,"caption":"All cars news"},"image":{"@id":"https:\/\/all-car-news.com\/es\/#\/schema\/logo\/image\/"}}]}},"_links":{"self":[{"href":"https:\/\/all-car-news.com\/es\/wp-json\/wp\/v2\/posts\/146283","targetHints":{"allow":["GET"]}}],"collection":[{"href":"https:\/\/all-car-news.com\/es\/wp-json\/wp\/v2\/posts"}],"about":[{"href":"https:\/\/all-car-news.com\/es\/wp-json\/wp\/v2\/types\/post"}],"replies":[{"embeddable":true,"href":"https:\/\/all-car-news.com\/es\/wp-json\/wp\/v2\/comments?post=146283"}],"version-history":[{"count":0,"href":"https:\/\/all-car-news.com\/es\/wp-json\/wp\/v2\/posts\/146283\/revisions"}],"wp:featuredmedia":[{"embeddable":true,"href":"https:\/\/all-car-news.com\/es\/wp-json\/wp\/v2\/media\/146270"}],"wp:attachment":[{"href":"https:\/\/all-car-news.com\/es\/wp-json\/wp\/v2\/media?parent=146283"}],"wp:term":[{"taxonomy":"category","embeddable":true,"href":"https:\/\/all-car-news.com\/es\/wp-json\/wp\/v2\/categories?post=146283"},{"taxonomy":"post_tag","embeddable":true,"href":"https:\/\/all-car-news.com\/es\/wp-json\/wp\/v2\/tags?post=146283"}],"curies":[{"name":"wp","href":"https:\/\/api.w.org\/{rel}","templated":true}]}}