{"id":146103,"date":"2024-07-10T16:35:30","date_gmt":"2024-07-10T16:35:30","guid":{"rendered":"https:\/\/all-car-news.com\/vuelve-el-ford-capri-y-desde-43-450-euros\/"},"modified":"2024-07-10T16:35:30","modified_gmt":"2024-07-10T16:35:30","slug":"vuelve-el-ford-capri-y-desde-43-450-euros","status":"publish","type":"post","link":"https:\/\/all-car-news.com\/es\/vuelve-el-ford-capri-y-desde-43-450-euros\/","title":{"rendered":"Vuelve el Ford Capri \u00a1y desde 43.450 euros!"},"content":{"rendered":"<h2>Rasgos del antiguo Ford Capri  <\/h2>\n<p>No, en realidad no se parece al Ford Capri anterior. Pero seguro que esta reencarnaci\u00f3n con motor el\u00e9ctrico tiene algunas caracter\u00edsticas que aluden a ello. Por ejemplo, los caracter\u00edsticos faros LED. Y con un poco de imaginaci\u00f3n y si miras con los ojos medio cerrados, la parte trasera tambi\u00e9n tiene los contornos del primer Ford Capri.<\/p>\n<figure class=\"wp-block-image size-content\"><img decoding=\"async\" loading=\"lazy\" width=\"1140\" height=\"855\" src=\"https:\/\/autorai.nl\/wp-content\/uploads\/2024\/07\/2024Ford_ElectricCapri_03-1140x855.jpg\" alt=\"Vista lateral de un todoterreno naranja sobre un fondo naranja degradado, destacando el elegante dise\u00f1o del veh\u00edculo y los detalles en negro, que recuerdan al cl\u00e1sico Ford Capri.\" class=\"wp-image-181531\"><figcaption>Vista lateral de un todoterreno naranja sobre un fondo naranja degradado, destacando el elegante dise\u00f1o del veh\u00edculo y los detalles en negro, que recuerdan al cl\u00e1sico Ford Capri.<\/figcaption><\/figure>\n<h2>Totalmente el\u00e9ctrico, autonom\u00eda de hasta 627 km<\/h2>\n<p>El Ford Capri entra en el futuro como modelo totalmente el\u00e9ctrico. Ford indica una autonom\u00eda de hasta 627 km (WLTP) con la bater\u00eda totalmente cargada. Otros detalles: pantalla basculante, maletero de 572 litros y posibilidad de carga r\u00e1pida de hasta 185 kW.<\/p>\n<div class=\"galery shuffle galery-0\">\n<figure>\n\t\t\t\t\t<span style=\"cursor: pointer\" data-src=\"https:\/\/autorai.nl\/wp-content\/uploads\/2024\/07\/2024Ford_ElectricCapri_07-1600x1200.jpg\" data-fancybox=\"galery-0\" title=\"Interior de coche futurista que incluye un volante con el ic\u00f3nico logotipo de Ford, una gran pantalla t\u00e1ctil central y un moderno dise\u00f1o del salpicadero inspirado en la elegancia atemporal del Ford Capri desde la perspectiva del asiento del conductor.\"><br \/>\n\t\t\t\t\t\t\t<img decoding=\"async\" width=\"640\" height=\"480\" src=\"https:\/\/autorai.nl\/wp-content\/uploads\/2024\/07\/2024Ford_ElectricCapri_07-640x480.jpg\" class=\"attachment-medium size-medium\" alt=\"Interior de coche futurista que incluye un volante con el ic\u00f3nico logotipo de Ford, una gran pantalla t\u00e1ctil central y un moderno dise\u00f1o del salpicadero inspirado en la elegancia atemporal del Ford Capri desde la perspectiva del asiento del conductor.\" loading=\"lazy\"><i class=\"fa fa-search-plus\" aria-hidden=\"true\"><\/i><br \/>\n\t\t\t\t\t\t<\/span><br \/>\n\t\t\t\t\t<\/figure>\n<figure>\n\t\t\t\t\t<span style=\"cursor: pointer\" data-src=\"https:\/\/autorai.nl\/wp-content\/uploads\/2024\/07\/2024Ford_ElectricCapri_09-1600x1200.jpg\" data-fancybox=\"galery-0\" title=\"Dos personas se relajan en un Ford Capri azul aparcado, una de ellas inclinada fuera de la ventanilla del copiloto y la otra recostada en el asiento del conductor, estirada y con los brazos levantados.\"><br \/>\n\t\t\t\t\t\t\t<img decoding=\"async\" width=\"360\" height=\"270\" src=\"https:\/\/autorai.nl\/wp-content\/uploads\/2024\/07\/2024Ford_ElectricCapri_09-360x270.jpg\" class=\"attachment-small size-small\" alt=\"Dos personas se relajan en un Ford Capri azul aparcado, una de ellas inclinada fuera de la ventanilla del copiloto y la otra recostada en el asiento del conductor, estirada y con los brazos levantados.\" loading=\"lazy\"><i class=\"fa fa-search-plus\" aria-hidden=\"true\"><\/i><br \/>\n\t\t\t\t\t\t<\/span><br \/>\n\t\t\t\t\t<\/figure>\n<figure>\n\t\t\t\t\t<span style=\"cursor: pointer\" data-src=\"https:\/\/autorai.nl\/wp-content\/uploads\/2024\/07\/2024Ford_ElectricCapri_10-1600x1200.jpg\" data-fancybox=\"galery-0\" title=\"Una persona coloca un objeto amarillo en un compartimento de la consola central de un Ford Capri.\"><br \/>\n\t\t\t\t\t\t\t<img decoding=\"async\" width=\"360\" height=\"270\" src=\"https:\/\/autorai.nl\/wp-content\/uploads\/2024\/07\/2024Ford_ElectricCapri_10-360x270.jpg\" class=\"attachment-small size-small\" alt=\"Una persona coloca un objeto amarillo en un compartimento de la consola central de un Ford Capri.\" loading=\"lazy\"><i class=\"fa fa-search-plus\" aria-hidden=\"true\"><\/i><br \/>\n\t\t\t\t\t\t<\/span><br \/>\n\t\t\t\t\t<\/figure>\n<div class=\"clear\"><\/div>\n<\/div>\n<h2>Asientos con calefacci\u00f3n y funci\u00f3n de masaje<\/h2>\n<p>El interior es suficientemente espacioso para cinco ocupantes. Los asientos delanteros tienen reposacabezas integrados, como los que sol\u00edas ver en el Ford Capri. Son calefactables, al igual que el volante. Los asientos tambi\u00e9n tienen funci\u00f3n de masaje. Entre las opciones se incluye un sistema de audio Bang &amp; Olufsen con diez altavoces. La iluminaci\u00f3n ambiental con diez colores a elegir est\u00e1 disponible en los niveles de acabado superiores.<\/p>\n<h2>Gran consola central<\/h2>\n<p>El sistema de infoentretenimiento Ford Sync tiene una pantalla t\u00e1ctil inclinable de 14,6 pulgadas. Los controles de voz est\u00e1n a bordo y la conectividad con Android Auto y Apple Carplay, por supuesto, casi dir\u00edas. La estaci\u00f3n de carga y almacenamiento de smartphones es lo suficientemente grande para dos personas. Entre los asientos delanteros hay un compartimento portaobjetos suficientemente grande para un port\u00e1til con pantalla de 15 pulgadas. Y hay espacio para botellas de 1,5 litros.<\/p>\n<figure class=\"wp-block-image size-content\"><img decoding=\"async\" loading=\"lazy\" width=\"1140\" height=\"855\" src=\"https:\/\/autorai.nl\/wp-content\/uploads\/2024\/07\/2024Ford_ElectricCapri_04-1140x855.jpg\" alt=\"\" class=\"wp-image-181535\"><\/figure>\n<h2>Carga r\u00e1pida en 26 minutos<\/h2>\n<p>Y luego las prestaciones: el motor el\u00e9ctrico produce 286 CV y ofrece una aceleraci\u00f3n de 0 a 100 km\/h en 6,4 segundos. El Ford Capri de tracci\u00f3n total entrega 340 CV y alcanza los 100 km\/h en 5,3 segundos. A pesar de la mayor bater\u00eda de iones de litio, la autonom\u00eda es ligeramente inferior, con un m\u00e1ximo de 592 km. Esta versi\u00f3n s\u00ed lleva a bordo el cargador m\u00e1s potente de 185 kW, que puede cargarse del 10 al 80% en 26 minutos. El Capri de 286 CV tiene un cargador de 135 kW y tarda 28 minutos en cargarse del 10 al 80%.<\/p>\n<h2>Ford Capri, equipamiento<\/h2>\n<p>A continuaci\u00f3n, los sistemas de seguridad y asistencia:<\/p>\n<ul>\n<li>Sistema de informaci\u00f3n de \u00e1ngulos muertos<\/li>\n<li>Borrar aviso de salida<\/li>\n<li>Alerta de tr\u00e1fico cruzado con frenado activo<\/li>\n<li>Alerta de conductor<\/li>\n<li>Asistencia de direcci\u00f3n evasiva<\/li>\n<li>Sensores de aparcamiento delanteros y traseros<\/li>\n<li>Control de crucero adaptativo inteligente con parada y arranque<\/li>\n<li>Aviso de salida de carril<\/li>\n<li>Asistente Precolisi\u00f3n<\/li>\n<li>C\u00e1mara de visi\u00f3n trasera<\/li>\n<li>Asistencia al frenado marcha atr\u00e1s<\/li>\n<li>Varios modos de conducci\u00f3n<\/li>\n<li>Reconocimiento de se\u00f1ales de tr\u00e1fico<\/li>\n<li>Alerta de camino equivocado<\/li>\n<\/ul>\n<h2>Precios del Ford Capri nuevo<\/h2>\n<p>El Ford Capri est\u00e1 disponible para pedidos inmediatos a un precio a partir de 43.450 euros. La versi\u00f3n de autonom\u00eda extendida con bater\u00eda m\u00e1s grande cuesta 47.850 euros. Si quieres m\u00e1s potencia y tracci\u00f3n total, gastar\u00e1s un m\u00ednimo de 54.850 euros. Pero ten paciencia, porque Ford empezar\u00e1 a entregarlo a finales de 2024.<\/p>\n<figure class=\"wp-block-image size-content\"><img decoding=\"async\" loading=\"lazy\" width=\"1140\" height=\"855\" src=\"https:\/\/autorai.nl\/wp-content\/uploads\/2024\/07\/2024Ford_ElectricCapri_25-1140x855.jpg\" alt=\"Dos coches modernos, uno azul y otro amarillo, aparcados en una zona industrial bajo las farolas al atardecer, recuerdan al cl\u00e1sico Ford Capri en un entorno intemporal.\" class=\"wp-image-181537\"><\/figure>\n","protected":false},"excerpt":{"rendered":"Rasgos del antiguo Ford Capri No, en realidad no se parece al antiguo Ford Capri. Pero seguro que esta reencarnaci\u00f3n&hellip;","protected":false},"author":0,"featured_media":146089,"comment_status":"","ping_status":"open","sticky":false,"template":"","format":"standard","meta":{"footnotes":""},"categories":[126],"tags":[],"class_list":["post-146103","post","type-post","status-publish","format-standard","has-post-thumbnail","hentry","category-noticias-de-autos"],"acf":[],"yoast_head":"<!-- This site is optimized with the Yoast SEO plugin v21.2 - https:\/\/yoast.com\/wordpress\/plugins\/seo\/ -->\n<title>Vuelve el Ford Capri \u00a1y desde 43.450 euros! - All cars news<\/title>\n<meta name=\"robots\" content=\"index, follow, max-snippet:-1, max-image-preview:large, max-video-preview:-1\" \/>\n<link rel=\"canonical\" href=\"https:\/\/all-car-news.com\/es\/vuelve-el-ford-capri-y-desde-43-450-euros\/\" \/>\n<meta property=\"og:locale\" content=\"es_ES\" \/>\n<meta property=\"og:type\" content=\"article\" \/>\n<meta property=\"og:title\" content=\"Vuelve el Ford Capri \u00a1y desde 43.450 euros! - All cars news\" \/>\n<meta property=\"og:description\" content=\"Rasgos del antiguo Ford Capri No, en realidad no se parece al antiguo Ford Capri. Pero seguro que esta reencarnaci\u00f3n con motor el\u00e9ctrico tiene algunas caracter\u00edsticas que aluden a ello. Por ejemplo, los caracter\u00edsticos faros LED. Y con un poco de imaginaci\u00f3n y si miras con los ojos entrecerrados, la espalda tambi\u00e9n tiene la [...]\" \/>\n<meta property=\"og:url\" content=\"https:\/\/all-car-news.com\/es\/vuelve-el-ford-capri-y-desde-43-450-euros\/\" \/>\n<meta property=\"og:site_name\" content=\"All cars news\" \/>\n<meta property=\"article:published_time\" content=\"2024-07-10T16:35:30+00:00\" \/>\n<meta property=\"og:image\" content=\"https:\/\/autorai.nl\/wp-content\/uploads\/2024\/07\/2024Ford_ElectricCapri_03-1140x855.jpg\" \/>\n<meta name=\"twitter:card\" content=\"summary_large_image\" \/>\n<meta name=\"twitter:label1\" content=\"Tiempo de lectura\" \/>\n\t<meta name=\"twitter:data1\" content=\"3 minutos\" \/>\n<script type=\"application\/ld+json\" class=\"yoast-schema-graph\">{\"@context\":\"https:\/\/schema.org\",\"@graph\":[{\"@type\":\"Article\",\"@id\":\"https:\/\/all-car-news.com\/es\/vuelve-el-ford-capri-y-desde-43-450-euros\/#article\",\"isPartOf\":{\"@id\":\"https:\/\/all-car-news.com\/es\/vuelve-el-ford-capri-y-desde-43-450-euros\/\"},\"author\":{\"name\":\"\",\"@id\":\"\"},\"headline\":\"Vuelve el Ford Capri \u00a1y desde 43.450 euros!\",\"datePublished\":\"2024-07-10T16:35:30+00:00\",\"dateModified\":\"2024-07-10T16:35:30+00:00\",\"mainEntityOfPage\":{\"@id\":\"https:\/\/all-car-news.com\/es\/vuelve-el-ford-capri-y-desde-43-450-euros\/\"},\"wordCount\":571,\"publisher\":{\"@id\":\"https:\/\/all-car-news.com\/es\/#organization\"},\"articleSection\":[\"noticias de autos\"],\"inLanguage\":\"es\"},{\"@type\":\"WebPage\",\"@id\":\"https:\/\/all-car-news.com\/es\/vuelve-el-ford-capri-y-desde-43-450-euros\/\",\"url\":\"https:\/\/all-car-news.com\/es\/vuelve-el-ford-capri-y-desde-43-450-euros\/\",\"name\":\"Vuelve el Ford Capri \u00a1y desde 43.450 euros! - All cars news\",\"isPartOf\":{\"@id\":\"https:\/\/all-car-news.com\/es\/#website\"},\"datePublished\":\"2024-07-10T16:35:30+00:00\",\"dateModified\":\"2024-07-10T16:35:30+00:00\",\"breadcrumb\":{\"@id\":\"https:\/\/all-car-news.com\/es\/vuelve-el-ford-capri-y-desde-43-450-euros\/#breadcrumb\"},\"inLanguage\":\"es\",\"potentialAction\":[{\"@type\":\"ReadAction\",\"target\":[\"https:\/\/all-car-news.com\/es\/vuelve-el-ford-capri-y-desde-43-450-euros\/\"]}]},{\"@type\":\"BreadcrumbList\",\"@id\":\"https:\/\/all-car-news.com\/es\/vuelve-el-ford-capri-y-desde-43-450-euros\/#breadcrumb\",\"itemListElement\":[{\"@type\":\"ListItem\",\"position\":1,\"name\":\"Home\",\"item\":\"https:\/\/all-car-news.com\/es\/\"},{\"@type\":\"ListItem\",\"position\":2,\"name\":\"Vuelve el Ford Capri \u00a1y desde 43.450 euros!\"}]},{\"@type\":\"WebSite\",\"@id\":\"https:\/\/all-car-news.com\/es\/#website\",\"url\":\"https:\/\/all-car-news.com\/es\/\",\"name\":\"All cars news\",\"description\":\"\",\"publisher\":{\"@id\":\"https:\/\/all-car-news.com\/es\/#organization\"},\"potentialAction\":[{\"@type\":\"SearchAction\",\"target\":{\"@type\":\"EntryPoint\",\"urlTemplate\":\"https:\/\/all-car-news.com\/es\/?s={search_term_string}\"},\"query-input\":\"required name=search_term_string\"}],\"inLanguage\":\"es\"},{\"@type\":\"Organization\",\"@id\":\"https:\/\/all-car-news.com\/es\/#organization\",\"name\":\"All cars news\",\"url\":\"https:\/\/all-car-news.com\/es\/\",\"logo\":{\"@type\":\"ImageObject\",\"inLanguage\":\"es\",\"@id\":\"https:\/\/all-car-news.com\/es\/#\/schema\/logo\/image\/\",\"url\":\"https:\/\/all-car-news.com\/wp-content\/uploads\/2022\/02\/CMYK-AllCarNews_LANDSCAPE_300px-1.png\",\"contentUrl\":\"https:\/\/all-car-news.com\/wp-content\/uploads\/2022\/02\/CMYK-AllCarNews_LANDSCAPE_300px-1.png\",\"width\":300,\"height\":100,\"caption\":\"All cars news\"},\"image\":{\"@id\":\"https:\/\/all-car-news.com\/es\/#\/schema\/logo\/image\/\"}}]}<\/script>\n<!-- \/ Yoast SEO plugin. -->","yoast_head_json":{"title":"Vuelve el Ford Capri \u00a1y desde 43.450 euros! - All cars news","robots":{"index":"index","follow":"follow","max-snippet":"max-snippet:-1","max-image-preview":"max-image-preview:large","max-video-preview":"max-video-preview:-1"},"canonical":"https:\/\/all-car-news.com\/es\/vuelve-el-ford-capri-y-desde-43-450-euros\/","og_locale":"es_ES","og_type":"article","og_title":"Vuelve el Ford Capri \u00a1y desde 43.450 euros! - All cars news","og_description":"Rasgos del antiguo Ford Capri No, en realidad no se parece al antiguo Ford Capri. Pero seguro que esta reencarnaci\u00f3n con motor el\u00e9ctrico tiene algunas caracter\u00edsticas que aluden a ello. Por ejemplo, los caracter\u00edsticos faros LED. Y con un poco de imaginaci\u00f3n y si miras con los ojos entrecerrados, la espalda tambi\u00e9n tiene la [...]","og_url":"https:\/\/all-car-news.com\/es\/vuelve-el-ford-capri-y-desde-43-450-euros\/","og_site_name":"All cars news","article_published_time":"2024-07-10T16:35:30+00:00","og_image":[{"url":"https:\/\/autorai.nl\/wp-content\/uploads\/2024\/07\/2024Ford_ElectricCapri_03-1140x855.jpg"}],"twitter_card":"summary_large_image","twitter_misc":{"Tiempo de lectura":"3 minutos"},"schema":{"@context":"https:\/\/schema.org","@graph":[{"@type":"Article","@id":"https:\/\/all-car-news.com\/es\/vuelve-el-ford-capri-y-desde-43-450-euros\/#article","isPartOf":{"@id":"https:\/\/all-car-news.com\/es\/vuelve-el-ford-capri-y-desde-43-450-euros\/"},"author":{"name":"","@id":""},"headline":"Vuelve el Ford Capri \u00a1y desde 43.450 euros!","datePublished":"2024-07-10T16:35:30+00:00","dateModified":"2024-07-10T16:35:30+00:00","mainEntityOfPage":{"@id":"https:\/\/all-car-news.com\/es\/vuelve-el-ford-capri-y-desde-43-450-euros\/"},"wordCount":571,"publisher":{"@id":"https:\/\/all-car-news.com\/es\/#organization"},"articleSection":["noticias de autos"],"inLanguage":"es"},{"@type":"WebPage","@id":"https:\/\/all-car-news.com\/es\/vuelve-el-ford-capri-y-desde-43-450-euros\/","url":"https:\/\/all-car-news.com\/es\/vuelve-el-ford-capri-y-desde-43-450-euros\/","name":"Vuelve el Ford Capri \u00a1y desde 43.450 euros! - All cars news","isPartOf":{"@id":"https:\/\/all-car-news.com\/es\/#website"},"datePublished":"2024-07-10T16:35:30+00:00","dateModified":"2024-07-10T16:35:30+00:00","breadcrumb":{"@id":"https:\/\/all-car-news.com\/es\/vuelve-el-ford-capri-y-desde-43-450-euros\/#breadcrumb"},"inLanguage":"es","potentialAction":[{"@type":"ReadAction","target":["https:\/\/all-car-news.com\/es\/vuelve-el-ford-capri-y-desde-43-450-euros\/"]}]},{"@type":"BreadcrumbList","@id":"https:\/\/all-car-news.com\/es\/vuelve-el-ford-capri-y-desde-43-450-euros\/#breadcrumb","itemListElement":[{"@type":"ListItem","position":1,"name":"Home","item":"https:\/\/all-car-news.com\/es\/"},{"@type":"ListItem","position":2,"name":"Vuelve el Ford Capri \u00a1y desde 43.450 euros!"}]},{"@type":"WebSite","@id":"https:\/\/all-car-news.com\/es\/#website","url":"https:\/\/all-car-news.com\/es\/","name":"All cars news","description":"","publisher":{"@id":"https:\/\/all-car-news.com\/es\/#organization"},"potentialAction":[{"@type":"SearchAction","target":{"@type":"EntryPoint","urlTemplate":"https:\/\/all-car-news.com\/es\/?s={search_term_string}"},"query-input":"required name=search_term_string"}],"inLanguage":"es"},{"@type":"Organization","@id":"https:\/\/all-car-news.com\/es\/#organization","name":"All cars news","url":"https:\/\/all-car-news.com\/es\/","logo":{"@type":"ImageObject","inLanguage":"es","@id":"https:\/\/all-car-news.com\/es\/#\/schema\/logo\/image\/","url":"https:\/\/all-car-news.com\/wp-content\/uploads\/2022\/02\/CMYK-AllCarNews_LANDSCAPE_300px-1.png","contentUrl":"https:\/\/all-car-news.com\/wp-content\/uploads\/2022\/02\/CMYK-AllCarNews_LANDSCAPE_300px-1.png","width":300,"height":100,"caption":"All cars news"},"image":{"@id":"https:\/\/all-car-news.com\/es\/#\/schema\/logo\/image\/"}}]}},"_links":{"self":[{"href":"https:\/\/all-car-news.com\/es\/wp-json\/wp\/v2\/posts\/146103","targetHints":{"allow":["GET"]}}],"collection":[{"href":"https:\/\/all-car-news.com\/es\/wp-json\/wp\/v2\/posts"}],"about":[{"href":"https:\/\/all-car-news.com\/es\/wp-json\/wp\/v2\/types\/post"}],"replies":[{"embeddable":true,"href":"https:\/\/all-car-news.com\/es\/wp-json\/wp\/v2\/comments?post=146103"}],"version-history":[{"count":0,"href":"https:\/\/all-car-news.com\/es\/wp-json\/wp\/v2\/posts\/146103\/revisions"}],"wp:featuredmedia":[{"embeddable":true,"href":"https:\/\/all-car-news.com\/es\/wp-json\/wp\/v2\/media\/146089"}],"wp:attachment":[{"href":"https:\/\/all-car-news.com\/es\/wp-json\/wp\/v2\/media?parent=146103"}],"wp:term":[{"taxonomy":"category","embeddable":true,"href":"https:\/\/all-car-news.com\/es\/wp-json\/wp\/v2\/categories?post=146103"},{"taxonomy":"post_tag","embeddable":true,"href":"https:\/\/all-car-news.com\/es\/wp-json\/wp\/v2\/tags?post=146103"}],"curies":[{"name":"wp","href":"https:\/\/api.w.org\/{rel}","templated":true}]}}