{"id":145021,"date":"2024-05-23T12:01:00","date_gmt":"2024-05-23T12:01:00","guid":{"rendered":"https:\/\/all-car-news.com\/kia-ev3-un-nuevo-y-prometedor-suv-electrico\/"},"modified":"2024-05-23T12:01:00","modified_gmt":"2024-05-23T12:01:00","slug":"kia-ev3-un-nuevo-y-prometedor-suv-electrico","status":"publish","type":"post","link":"https:\/\/all-car-news.com\/es\/kia-ev3-un-nuevo-y-prometedor-suv-electrico\/","title":{"rendered":"Kia EV3: un nuevo y prometedor SUV el\u00e9ctrico"},"content":{"rendered":"<h2>El nuevo Kia EV3<\/h2>\n<p>El Kia EV3 es la visi\u00f3n de Kia de un SUV el\u00e9ctrico compacto que no s\u00f3lo debe ser pr\u00e1ctico, sino tambi\u00e9n ofrecer placer de conducci\u00f3n. Tambi\u00e9n es interesante: el EV3 es el primer SUV compacto espec\u00edfico de Kia. As\u00ed que no tendr\u00e1 una cadena cinem\u00e1tica diferente, como en el caso del Niro. Est\u00e1 disponible como h\u00edbrido, h\u00edbrido enchufable y BEV. El Kia EV3 se lanzar\u00e1 exclusivamente como BEV. Entre los competidores del Kia EV3 est\u00e1n el Renault Megane E-Tech el\u00e9ctrico, el Smart n\u00ba 1, el Volvo EX30, el Cupra Born y el Volkswagen ID3.  <\/p>\n<h2>Dos cadenas cinem\u00e1ticas para el Kia EV3<\/h2>\n<p>Se lanzar\u00e1n dos versiones de propulsi\u00f3n: una de Gama Est\u00e1ndar y otra de Gama Larga, ambas con tracci\u00f3n delantera. Te indicamos las especificaciones:<\/p>\n<h3>Kia EV3 Gama Est\u00e1ndar 2WD FWD &#8211; Base<\/h3>\n<ul>\n<li>Bater\u00eda: 58,3 kWh<\/li>\n<li>Potencia: 150 kW (204 CV)<\/li>\n<li>0-100: 7,4 segundos<\/li>\n<li>Autonom\u00eda: 410 km (WLTP)<\/li>\n<li>Potencia de carga de CA: 11 kW (22 kW a partir de 2026 opcional)<\/li>\n<li>Potencia de carga de CC: 102 kW<\/li>\n<li>Tiempo de carga de CC 10-80%: 31 minutos<\/li>\n<li>Peso de remolque: 300 kg<\/li>\n<li>Rueda: 17 \u00f3 19 pulgadas<\/li>\n<\/ul>\n<h3>Kia EV3 Long Range 2WD FWD &#8211; Base y GT-Line<\/h3>\n<ul>\n<li>Bater\u00eda: 81,4 kWh<\/li>\n<li>Potencia: 150 kW (204 CV)<\/li>\n<li>0-100: 7,7 segundos<\/li>\n<li>Autonom\u00eda: 600 km (WLTP)<\/li>\n<li>Potencia de carga de CA: 11 kW (22 kW a partir de 2026 opcional)<\/li>\n<li>Potencia de carga de CC: 128 kW<\/li>\n<li>Tiempo de carga de CC 10-80%: 31 minutos<\/li>\n<li>Peso de remolque: 1.000 kg<\/li>\n<li>Rueda: 19 pulgadas<\/li>\n<\/ul>\n<h2>La cadena cinem\u00e1tica destacada<\/h2>\n<p>El nuevo SUV el\u00e9ctrico compacto de Kia incorpora un tren motriz el\u00e9ctrico con tracci\u00f3n delantera. El EV3 tambi\u00e9n se basa en la Plataforma Modular Global El\u00e9ctrica (E-GMP) con la \u00faltima tecnolog\u00eda de bater\u00edas de cuarta generaci\u00f3n. El modelo est\u00e1ndar tiene una bater\u00eda de 58,3 kWh y la del EV3 Long Range tiene una capacidad de 81,4 kWh. Ambas versiones est\u00e1n equipadas con un motor el\u00e9ctrico de 150 kW (204 CV) y 283 Nm. La velocidad m\u00e1xima del EV3 es de 170 km\/h.<\/p>\n<figure class=\"wp-block-image size-content\"><img decoding=\"async\" loading=\"lazy\" width=\"1140\" height=\"855\" src=\"https:\/\/autorai.nl\/wp-content\/uploads\/2024\/05\/kia-ev3-autorai-2024-foto1-1140x855.jpg\" alt=\"Kia EV3 con el presentador de AutoRAI Bart Oostvogels\" class=\"wp-image-178914\"><\/figure>\n<h2>Veh\u00edculo a carga<\/h2>\n<p>Con el EV3, Kia tambi\u00e9n introduce el veh\u00edculo a carga (V2L) en el segmento de los SUV compactos el\u00e9ctricos. Esta tecnolog\u00eda puede utilizarse para alimentar dispositivos externos como ordenadores port\u00e1tiles, neveras o cafeteras. Y la Llave Digital 2.0 permite a los conductores del EV3 desbloquear y arrancar su SUV con un smartphone o smartwatch. Esta llave digital tambi\u00e9n es f\u00e1cil de compartir con amigos y familiares. Kia tambi\u00e9n ha considerado la compatibilidad con la carga de veh\u00edculo a casa (V2H), de veh\u00edculo a red (V2G) y de veh\u00edculo a veh\u00edculo (V2V), tambi\u00e9n conocida como carga bidireccional.<\/p>\n<h2>\u00a1El KIA EV3 (2024) tiene STRIKEPLANK incorporado! &#8211; WALKAROUND &#8211; AutoRAI TV<\/h2>\n<\/p>\n<figure class=\"wp-block-embed is-type-video is-provider-youtube wp-block-embed-youtube wp-embed-aspect-16-9 wp-has-aspect-ratio\">\n<div class=\"wp-block-embed__wrapper\">\n<\/div>\n<\/figure>\n<h2>Tambi\u00e9n como Kia EV3 GT<\/h2>\n<p>Kia ha prometido que aparecer\u00e1 una versi\u00f3n deportiva GT de cada coche el\u00e9ctrico de bater\u00eda. Lo mismo ocurre con el nuevo EV3. Se espera que el Kia EV3 GT entre en el mercado holand\u00e9s en 2026. El modelo tiene un aspecto m\u00e1s deportivo y ofrece a\u00fan m\u00e1s prestaciones. Kia anunciar\u00e1 m\u00e1s adelante m\u00e1s detalles sobre este modelo.<\/p>\n<h2>Dimensiones Kia EV3<\/h2>\n<p>El Kia EV3 mide 4,3 metros de largo, 1,85 metros de ancho y 1,56 metros de alto. La distancia entre ejes es de 2,68 metros. &nbsp;La distancia entre ejes es la misma que la de la generaci\u00f3n actual del Sportage. Como singularidad, el coche tiene forma de barco. As\u00ed que el coche es m\u00e1s ancho por delante que por detr\u00e1s. Entonces el coche se estrecha. El EV3 ofrece 460 litros de maletero, pero con los asientos traseros abatidos se dispone de 1.250 litros. Tambi\u00e9n hay un maletero de 25 litros.<\/p>\n<div class=\"galery shuffle galery-0\">\n<figure>\n\t\t\t\t\t<span style=\"cursor: pointer\" data-src=\"https:\/\/autorai.nl\/wp-content\/uploads\/2024\/05\/kia-ev3-autorai-2024-foto2-1600x1200.jpg\" data-fancybox=\"galery-0\" title=\"\"><br \/>\n\t\t\t\t\t\t\t<img decoding=\"async\" width=\"640\" height=\"480\" src=\"https:\/\/autorai.nl\/wp-content\/uploads\/2024\/05\/kia-ev3-autorai-2024-foto2-640x480.jpg\" class=\"attachment-medium size-medium\" alt=\"\" loading=\"lazy\"><i class=\"fa fa-search-plus\" aria-hidden=\"true\"><\/i><br \/>\n\t\t\t\t\t\t<\/span><br \/>\n\t\t\t\t\t<\/figure>\n<figure>\n\t\t\t\t\t<span style=\"cursor: pointer\" data-src=\"https:\/\/autorai.nl\/wp-content\/uploads\/2024\/05\/kia-ev3-autorai-2024-foto8-1600x1200.jpg\" data-fancybox=\"galery-0\" title=\"\"><br \/>\n\t\t\t\t\t\t\t<img decoding=\"async\" width=\"360\" height=\"270\" src=\"https:\/\/autorai.nl\/wp-content\/uploads\/2024\/05\/kia-ev3-autorai-2024-foto8-360x270.jpg\" class=\"attachment-small size-small\" alt=\"\" loading=\"lazy\"><i class=\"fa fa-search-plus\" aria-hidden=\"true\"><\/i><br \/>\n\t\t\t\t\t\t<\/span><br \/>\n\t\t\t\t\t<\/figure>\n<figure>\n\t\t\t\t\t<span style=\"cursor: pointer\" data-src=\"https:\/\/autorai.nl\/wp-content\/uploads\/2024\/05\/kia-ev3-autorai-2024-foto3-1600x1200.jpg\" data-fancybox=\"galery-0\" title=\"\"><br \/>\n\t\t\t\t\t\t\t<img decoding=\"async\" width=\"360\" height=\"270\" src=\"https:\/\/autorai.nl\/wp-content\/uploads\/2024\/05\/kia-ev3-autorai-2024-foto3-360x270.jpg\" class=\"attachment-small size-small\" alt=\"\" loading=\"lazy\"><i class=\"fa fa-search-plus\" aria-hidden=\"true\"><\/i><br \/>\n\t\t\t\t\t\t<\/span><br \/>\n\t\t\t\t\t<\/figure>\n<figure>\n\t\t\t\t\t<span style=\"cursor: pointer\" data-src=\"https:\/\/autorai.nl\/wp-content\/uploads\/2024\/05\/kia-ev3-autorai-2024-foto9-1600x1200.jpg\" data-fancybox=\"galery-0\" title=\"\"><br \/>\n\t\t\t\t\t\t\t<img decoding=\"async\" width=\"640\" height=\"480\" src=\"https:\/\/autorai.nl\/wp-content\/uploads\/2024\/05\/kia-ev3-autorai-2024-foto9-640x480.jpg\" class=\"attachment-medium size-medium\" alt=\"\" loading=\"lazy\"><i class=\"fa fa-search-plus\" aria-hidden=\"true\"><\/i><br \/>\n\t\t\t\t\t\t<\/span><br \/>\n\t\t\t\t\t<\/figure>\n<figure>\n\t\t\t\t\t<span style=\"cursor: pointer\" data-src=\"https:\/\/autorai.nl\/wp-content\/uploads\/2024\/05\/kia-ev3-autorai-2024-foto5-1600x1200.jpg\" data-fancybox=\"galery-0\" title=\"\"><br \/>\n\t\t\t\t\t\t\t<img decoding=\"async\" width=\"360\" height=\"270\" src=\"https:\/\/autorai.nl\/wp-content\/uploads\/2024\/05\/kia-ev3-autorai-2024-foto5-360x270.jpg\" class=\"attachment-small size-small\" alt=\"\" loading=\"lazy\"><i class=\"fa fa-search-plus\" aria-hidden=\"true\"><\/i><br \/>\n\t\t\t\t\t\t<\/span><br \/>\n\t\t\t\t\t<\/figure>\n<figure>\n\t\t\t\t\t<span style=\"cursor: pointer\" data-src=\"https:\/\/autorai.nl\/wp-content\/uploads\/2024\/05\/kia-ev3-autorai-2024-foto7-1600x1200.jpg\" data-fancybox=\"galery-0\" title=\"\"><br \/>\n\t\t\t\t\t\t\t<img decoding=\"async\" width=\"360\" height=\"270\" src=\"https:\/\/autorai.nl\/wp-content\/uploads\/2024\/05\/kia-ev3-autorai-2024-foto7-360x270.jpg\" class=\"attachment-small size-small\" alt=\"\" loading=\"lazy\"><i class=\"fa fa-search-plus\" aria-hidden=\"true\"><\/i><br \/>\n\t\t\t\t\t\t<\/span><br \/>\n\t\t\t\t\t<\/figure>\n<figure>\n\t\t\t\t\t<span style=\"cursor: pointer\" data-src=\"https:\/\/autorai.nl\/wp-content\/uploads\/2024\/05\/kia-ev3-autorai-2024-foto11-1600x1200.jpg\" data-fancybox=\"galery-0\" title=\"\"><br \/>\n\t\t\t\t\t\t\t<img decoding=\"async\" width=\"640\" height=\"480\" src=\"https:\/\/autorai.nl\/wp-content\/uploads\/2024\/05\/kia-ev3-autorai-2024-foto11-640x480.jpg\" class=\"attachment-medium size-medium\" alt=\"\" loading=\"lazy\"><i class=\"fa fa-search-plus\" aria-hidden=\"true\"><\/i><br \/>\n\t\t\t\t\t\t<\/span><br \/>\n\t\t\t\t\t<\/figure>\n<figure>\n\t\t\t\t\t<span style=\"cursor: pointer\" data-src=\"https:\/\/autorai.nl\/wp-content\/uploads\/2024\/05\/kia-ev3-autorai-2024-foto10-1600x1200.jpg\" data-fancybox=\"galery-0\" title=\"\"><br \/>\n\t\t\t\t\t\t\t<img decoding=\"async\" width=\"360\" height=\"270\" src=\"https:\/\/autorai.nl\/wp-content\/uploads\/2024\/05\/kia-ev3-autorai-2024-foto10-360x270.jpg\" class=\"attachment-small size-small\" alt=\"\" loading=\"lazy\"><i class=\"fa fa-search-plus\" aria-hidden=\"true\"><\/i><br \/>\n\t\t\t\t\t\t<\/span><br \/>\n\t\t\t\t\t<\/figure>\n<figure>\n\t\t\t\t\t<span style=\"cursor: pointer\" data-src=\"https:\/\/autorai.nl\/wp-content\/uploads\/2024\/05\/kia-ev3-autorai-2024-foto6-1600x1200.jpg\" data-fancybox=\"galery-0\" title=\"\"><br \/>\n\t\t\t\t\t\t\t<img decoding=\"async\" width=\"360\" height=\"270\" src=\"https:\/\/autorai.nl\/wp-content\/uploads\/2024\/05\/kia-ev3-autorai-2024-foto6-360x270.jpg\" class=\"attachment-small size-small\" alt=\"\" loading=\"lazy\"><i class=\"fa fa-search-plus\" aria-hidden=\"true\"><\/i><br \/>\n\t\t\t\t\t\t<\/span><br \/>\n\t\t\t\t\t<\/figure>\n<div class=\"clear\"><\/div>\n<\/div>\n<h2>Aerodin\u00e1mica inteligente<\/h2>\n<p>El Kia EV3 tiene una aerodin\u00e1mica inteligente, como los deflectores de aire activos (Active Air Flaps), una placa de protecci\u00f3n en la parte inferior. El interior est\u00e1 hecho de materiales sostenibles, como biopl\u00e1sticos, botellas de PET, redes de pesca y lana org\u00e1nica. El parachoques delantero est\u00e1 hecho de pl\u00e1stico reciclado procedente de residuos de autom\u00f3viles. Esto tambi\u00e9n se aplica a los parachoques de las puertas. En el coche completo se utilizaron 28,5 kilos de pl\u00e1stico reciclado.<\/p>\n<h2>Colores diferentes<\/h2>\n<p>El KIa EV3 estar\u00e1 disponible en nueve colores de carrocer\u00eda, cuatro de los cuales son exclusivos de este nuevo modelo: Gris Esquisto, Verde Aventurina, Azul Escarcha y Terracota.<\/p>\n<h2>Interior Kia EV3<\/h2>\n<p>En el interior del Kia EV3 destaca la pantalla t\u00e1ctil de infoentretenimiento de 12,3 pulgadas que Kia combina con una pantalla t\u00e1ctil de 5 pulgadas para el climatizador y un cuadro de instrumentos digital de 12,3 pulgadas. La pantalla se extiende hasta el centro del salpicadero y permite al pasajero del asiento delantero acceder a funciones como el entretenimiento y la navegaci\u00f3n. La versi\u00f3n Base tambi\u00e9n incorpora ya estas pantallas. El ChatGPT tambi\u00e9n est\u00e1 integrado en el coche.<\/p>\n<h2>Con tabla de planchar<\/h2>\n<p>El conductor y el acompa\u00f1ante est\u00e1n separados por una consola central con una mesa deslizante -parece una tabla de planchar- y un espacio de almacenamiento flexible. La secci\u00f3n inferior puede utilizarse para guardar bebidas, aperitivos e incluso mochilas peque\u00f1as. El coche tambi\u00e9n tiene iluminaci\u00f3n ambiental multiajustable, asientos muy c\u00f3modos y varios cargadores USB-C. En resumen: un coche completamente de hoy.<\/p>\n<\/p>\n<div class=\"galery shuffle galery-1\">\n<figure>\n\t\t\t\t\t<span style=\"cursor: pointer\" data-src=\"https:\/\/autorai.nl\/wp-content\/uploads\/2024\/05\/kia-ev3-gtline-aventurinegreen-detail-digital-1920x1080-001-1600x900.jpg\" data-fancybox=\"galery-1\" title=\"\"><br \/>\n\t\t\t\t\t\t\t<img decoding=\"async\" width=\"640\" height=\"480\" src=\"https:\/\/autorai.nl\/wp-content\/uploads\/2024\/05\/kia-ev3-gtline-aventurinegreen-detail-digital-1920x1080-001-640x480.jpg\" class=\"attachment-medium size-medium\" alt=\"\" loading=\"lazy\"><i class=\"fa fa-search-plus\" aria-hidden=\"true\"><\/i><br \/>\n\t\t\t\t\t\t<\/span><br \/>\n\t\t\t\t\t<\/figure>\n<figure>\n\t\t\t\t\t<span style=\"cursor: pointer\" data-src=\"https:\/\/autorai.nl\/wp-content\/uploads\/2024\/05\/kia-ev3-gtline-aventurinegreen-interior-digital-1920x1080-020-1600x900.jpg\" data-fancybox=\"galery-1\" title=\"\"><br \/>\n\t\t\t\t\t\t\t<img decoding=\"async\" width=\"360\" height=\"270\" src=\"https:\/\/autorai.nl\/wp-content\/uploads\/2024\/05\/kia-ev3-gtline-aventurinegreen-interior-digital-1920x1080-020-360x270.jpg\" class=\"attachment-small size-small\" alt=\"\" loading=\"lazy\"><i class=\"fa fa-search-plus\" aria-hidden=\"true\"><\/i><br \/>\n\t\t\t\t\t\t<\/span><br \/>\n\t\t\t\t\t<\/figure>\n<figure>\n\t\t\t\t\t<span style=\"cursor: pointer\" data-src=\"https:\/\/autorai.nl\/wp-content\/uploads\/2024\/05\/kia-ev3-gtline-aventurinegreen-interior-digital-1920x1080-019-1600x900.jpg\" data-fancybox=\"galery-1\" title=\"\"><br \/>\n\t\t\t\t\t\t\t<img decoding=\"async\" width=\"360\" height=\"270\" src=\"https:\/\/autorai.nl\/wp-content\/uploads\/2024\/05\/kia-ev3-gtline-aventurinegreen-interior-digital-1920x1080-019-360x270.jpg\" class=\"attachment-small size-small\" alt=\"\" loading=\"lazy\"><i class=\"fa fa-search-plus\" aria-hidden=\"true\"><\/i><br \/>\n\t\t\t\t\t\t<\/span><br \/>\n\t\t\t\t\t<\/figure>\n<figure>\n\t\t\t\t\t<span style=\"cursor: pointer\" data-src=\"https:\/\/autorai.nl\/wp-content\/uploads\/2024\/05\/kia-ev3-gtline-aventurinegreen-interior-digital-1920x1080-018-1600x900.jpg\" data-fancybox=\"galery-1\" title=\"\"><br \/>\n\t\t\t\t\t\t\t<img decoding=\"async\" width=\"640\" height=\"480\" src=\"https:\/\/autorai.nl\/wp-content\/uploads\/2024\/05\/kia-ev3-gtline-aventurinegreen-interior-digital-1920x1080-018-640x480.jpg\" class=\"attachment-medium size-medium\" alt=\"\" loading=\"lazy\"><i class=\"fa fa-search-plus\" aria-hidden=\"true\"><\/i><br \/>\n\t\t\t\t\t\t<\/span><br \/>\n\t\t\t\t\t<\/figure>\n<figure>\n\t\t\t\t\t<span style=\"cursor: pointer\" data-src=\"https:\/\/autorai.nl\/wp-content\/uploads\/2024\/05\/kia-ev3-gtline-aventurinegreen-interior-digital-1920x1080-017-1600x900.jpg\" data-fancybox=\"galery-1\" title=\"\"><br \/>\n\t\t\t\t\t\t\t<img decoding=\"async\" width=\"360\" height=\"270\" src=\"https:\/\/autorai.nl\/wp-content\/uploads\/2024\/05\/kia-ev3-gtline-aventurinegreen-interior-digital-1920x1080-017-360x270.jpg\" class=\"attachment-small size-small\" alt=\"\" loading=\"lazy\"><i class=\"fa fa-search-plus\" aria-hidden=\"true\"><\/i><br \/>\n\t\t\t\t\t\t<\/span><br \/>\n\t\t\t\t\t<\/figure>\n<figure>\n\t\t\t\t\t<span style=\"cursor: pointer\" data-src=\"https:\/\/autorai.nl\/wp-content\/uploads\/2024\/05\/kia-ev3-gtline-aventurinegreen-interior-digital-1920x1080-016-1600x900.jpg\" data-fancybox=\"galery-1\" title=\"\"><br \/>\n\t\t\t\t\t\t\t<img decoding=\"async\" width=\"360\" height=\"270\" src=\"https:\/\/autorai.nl\/wp-content\/uploads\/2024\/05\/kia-ev3-gtline-aventurinegreen-interior-digital-1920x1080-016-360x270.jpg\" class=\"attachment-small size-small\" alt=\"\" loading=\"lazy\"><i class=\"fa fa-search-plus\" aria-hidden=\"true\"><\/i><br \/>\n\t\t\t\t\t\t<\/span><br \/>\n\t\t\t\t\t<\/figure>\n<figure>\n\t\t\t\t\t<span style=\"cursor: pointer\" data-src=\"https:\/\/autorai.nl\/wp-content\/uploads\/2024\/05\/kia-ev3-gtline-aventurinegreen-interior-digital-1920x1080-015-1600x900.jpg\" data-fancybox=\"galery-1\" title=\"\"><br \/>\n\t\t\t\t\t\t\t<img decoding=\"async\" width=\"640\" height=\"480\" src=\"https:\/\/autorai.nl\/wp-content\/uploads\/2024\/05\/kia-ev3-gtline-aventurinegreen-interior-digital-1920x1080-015-640x480.jpg\" class=\"attachment-medium size-medium\" alt=\"\" loading=\"lazy\"><i class=\"fa fa-search-plus\" aria-hidden=\"true\"><\/i><br \/>\n\t\t\t\t\t\t<\/span><br \/>\n\t\t\t\t\t<\/figure>\n<figure>\n\t\t\t\t\t<span style=\"cursor: pointer\" data-src=\"https:\/\/autorai.nl\/wp-content\/uploads\/2024\/05\/kia-ev3-gtline-aventurinegreen-interior-digital-1920x1080-014-1600x900.jpg\" data-fancybox=\"galery-1\" title=\"\"><br \/>\n\t\t\t\t\t\t\t<img decoding=\"async\" width=\"360\" height=\"270\" src=\"https:\/\/autorai.nl\/wp-content\/uploads\/2024\/05\/kia-ev3-gtline-aventurinegreen-interior-digital-1920x1080-014-360x270.jpg\" class=\"attachment-small size-small\" alt=\"\" loading=\"lazy\"><i class=\"fa fa-search-plus\" aria-hidden=\"true\"><\/i><br \/>\n\t\t\t\t\t\t<\/span><br \/>\n\t\t\t\t\t<\/figure>\n<figure>\n\t\t\t\t\t<span style=\"cursor: pointer\" data-src=\"https:\/\/autorai.nl\/wp-content\/uploads\/2024\/05\/kia-ev3-gtline-aventurinegreen-interior-digital-1920x1080-013-1600x900.jpg\" data-fancybox=\"galery-1\" title=\"\"><br \/>\n\t\t\t\t\t\t\t<img decoding=\"async\" width=\"360\" height=\"270\" src=\"https:\/\/autorai.nl\/wp-content\/uploads\/2024\/05\/kia-ev3-gtline-aventurinegreen-interior-digital-1920x1080-013-360x270.jpg\" class=\"attachment-small size-small\" alt=\"\" loading=\"lazy\"><i class=\"fa fa-search-plus\" aria-hidden=\"true\"><\/i><br \/>\n\t\t\t\t\t\t<\/span><br \/>\n\t\t\t\t\t<\/figure>\n<figure>\n\t\t\t\t\t<span style=\"cursor: pointer\" data-src=\"https:\/\/autorai.nl\/wp-content\/uploads\/2024\/05\/kia-ev3-gtline-aventurinegreen-interior-digital-1920x1080-012-1600x900.jpg\" data-fancybox=\"galery-1\" title=\"\"><br \/>\n\t\t\t\t\t\t\t<img decoding=\"async\" width=\"640\" height=\"480\" src=\"https:\/\/autorai.nl\/wp-content\/uploads\/2024\/05\/kia-ev3-gtline-aventurinegreen-interior-digital-1920x1080-012-640x480.jpg\" class=\"attachment-medium size-medium\" alt=\"\" loading=\"lazy\"><i class=\"fa fa-search-plus\" aria-hidden=\"true\"><\/i><br \/>\n\t\t\t\t\t\t<\/span><br \/>\n\t\t\t\t\t<\/figure>\n<figure>\n\t\t\t\t\t<span style=\"cursor: pointer\" data-src=\"https:\/\/autorai.nl\/wp-content\/uploads\/2024\/05\/kia-ev3-gtline-aventurinegreen-interior-digital-1920x1080-011-1600x900.jpg\" data-fancybox=\"galery-1\" title=\"\"><br \/>\n\t\t\t\t\t\t\t<img decoding=\"async\" width=\"360\" height=\"270\" src=\"https:\/\/autorai.nl\/wp-content\/uploads\/2024\/05\/kia-ev3-gtline-aventurinegreen-interior-digital-1920x1080-011-360x270.jpg\" class=\"attachment-small size-small\" alt=\"\" loading=\"lazy\"><i class=\"fa fa-search-plus\" aria-hidden=\"true\"><\/i><br \/>\n\t\t\t\t\t\t<\/span><br \/>\n\t\t\t\t\t<\/figure>\n<figure>\n\t\t\t\t\t<span style=\"cursor: pointer\" data-src=\"https:\/\/autorai.nl\/wp-content\/uploads\/2024\/05\/kia-ev3-gtline-aventurinegreen-interior-digital-1920x1080-010-1600x900.jpg\" data-fancybox=\"galery-1\" title=\"\"><br \/>\n\t\t\t\t\t\t\t<img decoding=\"async\" width=\"360\" height=\"270\" src=\"https:\/\/autorai.nl\/wp-content\/uploads\/2024\/05\/kia-ev3-gtline-aventurinegreen-interior-digital-1920x1080-010-360x270.jpg\" class=\"attachment-small size-small\" alt=\"\" loading=\"lazy\"><i class=\"fa fa-search-plus\" aria-hidden=\"true\"><\/i><br \/>\n\t\t\t\t\t\t<\/span><br \/>\n\t\t\t\t\t<\/figure>\n<figure>\n\t\t\t\t\t<span style=\"cursor: pointer\" data-src=\"https:\/\/autorai.nl\/wp-content\/uploads\/2024\/05\/kia-ev3-gtline-aventurinegreen-interior-digital-1920x1080-009-1600x900.jpg\" data-fancybox=\"galery-1\" title=\"\"><br \/>\n\t\t\t\t\t\t\t<img decoding=\"async\" width=\"640\" height=\"480\" src=\"https:\/\/autorai.nl\/wp-content\/uploads\/2024\/05\/kia-ev3-gtline-aventurinegreen-interior-digital-1920x1080-009-640x480.jpg\" class=\"attachment-medium size-medium\" alt=\"\" loading=\"lazy\"><i class=\"fa fa-search-plus\" aria-hidden=\"true\"><\/i><br \/>\n\t\t\t\t\t\t<\/span><br \/>\n\t\t\t\t\t<\/figure>\n<figure>\n\t\t\t\t\t<span style=\"cursor: pointer\" data-src=\"https:\/\/autorai.nl\/wp-content\/uploads\/2024\/05\/kia-ev3-gtline-aventurinegreen-interior-digital-1920x1080-008-1600x900.jpg\" data-fancybox=\"galery-1\" title=\"\"><br \/>\n\t\t\t\t\t\t\t<img decoding=\"async\" width=\"360\" height=\"270\" src=\"https:\/\/autorai.nl\/wp-content\/uploads\/2024\/05\/kia-ev3-gtline-aventurinegreen-interior-digital-1920x1080-008-360x270.jpg\" class=\"attachment-small size-small\" alt=\"\" loading=\"lazy\"><i class=\"fa fa-search-plus\" aria-hidden=\"true\"><\/i><br \/>\n\t\t\t\t\t\t<\/span><br \/>\n\t\t\t\t\t<\/figure>\n<figure>\n\t\t\t\t\t<span style=\"cursor: pointer\" data-src=\"https:\/\/autorai.nl\/wp-content\/uploads\/2024\/05\/kia-ev3-gtline-aventurinegreen-interior-digital-1920x1080-007-1600x900.jpg\" data-fancybox=\"galery-1\" title=\"\"><br \/>\n\t\t\t\t\t\t\t<img decoding=\"async\" width=\"360\" height=\"270\" src=\"https:\/\/autorai.nl\/wp-content\/uploads\/2024\/05\/kia-ev3-gtline-aventurinegreen-interior-digital-1920x1080-007-360x270.jpg\" class=\"attachment-small size-small\" alt=\"\" loading=\"lazy\"><i class=\"fa fa-search-plus\" aria-hidden=\"true\"><\/i><br \/>\n\t\t\t\t\t\t<\/span><br \/>\n\t\t\t\t\t<\/figure>\n<figure>\n\t\t\t\t\t<span style=\"cursor: pointer\" data-src=\"https:\/\/autorai.nl\/wp-content\/uploads\/2024\/05\/kia-ev3-gtline-aventurinegreen-interior-digital-1920x1080-006-1600x900.jpg\" data-fancybox=\"galery-1\" title=\"\"><br \/>\n\t\t\t\t\t\t\t<img decoding=\"async\" width=\"640\" height=\"480\" src=\"https:\/\/autorai.nl\/wp-content\/uploads\/2024\/05\/kia-ev3-gtline-aventurinegreen-interior-digital-1920x1080-006-640x480.jpg\" class=\"attachment-medium size-medium\" alt=\"\" loading=\"lazy\"><i class=\"fa fa-search-plus\" aria-hidden=\"true\"><\/i><br \/>\n\t\t\t\t\t\t<\/span><br \/>\n\t\t\t\t\t<\/figure>\n<figure>\n\t\t\t\t\t<span style=\"cursor: pointer\" data-src=\"https:\/\/autorai.nl\/wp-content\/uploads\/2024\/05\/kia-ev3-gtline-aventurinegreen-interior-digital-1920x1080-005-1600x900.jpg\" data-fancybox=\"galery-1\" title=\"\"><br \/>\n\t\t\t\t\t\t\t<img decoding=\"async\" width=\"360\" height=\"270\" src=\"https:\/\/autorai.nl\/wp-content\/uploads\/2024\/05\/kia-ev3-gtline-aventurinegreen-interior-digital-1920x1080-005-360x270.jpg\" class=\"attachment-small size-small\" alt=\"\" loading=\"lazy\"><i class=\"fa fa-search-plus\" aria-hidden=\"true\"><\/i><br \/>\n\t\t\t\t\t\t<\/span><br \/>\n\t\t\t\t\t<\/figure>\n<figure>\n\t\t\t\t\t<span style=\"cursor: pointer\" data-src=\"https:\/\/autorai.nl\/wp-content\/uploads\/2024\/05\/kia-ev3-gtline-aventurinegreen-interior-digital-1920x1080-004-1600x900.jpg\" data-fancybox=\"galery-1\" title=\"\"><br \/>\n\t\t\t\t\t\t\t<img decoding=\"async\" width=\"360\" height=\"270\" src=\"https:\/\/autorai.nl\/wp-content\/uploads\/2024\/05\/kia-ev3-gtline-aventurinegreen-interior-digital-1920x1080-004-360x270.jpg\" class=\"attachment-small size-small\" alt=\"\" loading=\"lazy\"><i class=\"fa fa-search-plus\" aria-hidden=\"true\"><\/i><br \/>\n\t\t\t\t\t\t<\/span><br \/>\n\t\t\t\t\t<\/figure>\n<figure>\n\t\t\t\t\t<span style=\"cursor: pointer\" data-src=\"https:\/\/autorai.nl\/wp-content\/uploads\/2024\/05\/kia-ev3-gtline-aventurinegreen-interior-digital-1920x1080-003-1600x900.jpg\" data-fancybox=\"galery-1\" title=\"\"><br \/>\n\t\t\t\t\t\t\t<img decoding=\"async\" width=\"640\" height=\"480\" src=\"https:\/\/autorai.nl\/wp-content\/uploads\/2024\/05\/kia-ev3-gtline-aventurinegreen-interior-digital-1920x1080-003-640x480.jpg\" class=\"attachment-medium size-medium\" alt=\"\" loading=\"lazy\"><i class=\"fa fa-search-plus\" aria-hidden=\"true\"><\/i><br \/>\n\t\t\t\t\t\t<\/span><br \/>\n\t\t\t\t\t<\/figure>\n<figure>\n\t\t\t\t\t<span style=\"cursor: pointer\" data-src=\"https:\/\/autorai.nl\/wp-content\/uploads\/2024\/05\/kia-ev3-gtline-aventurinegreen-interior-digital-1920x1080-002-1600x900.jpg\" data-fancybox=\"galery-1\" title=\"\"><br \/>\n\t\t\t\t\t\t\t<img decoding=\"async\" width=\"360\" height=\"270\" src=\"https:\/\/autorai.nl\/wp-content\/uploads\/2024\/05\/kia-ev3-gtline-aventurinegreen-interior-digital-1920x1080-002-360x270.jpg\" class=\"attachment-small size-small\" alt=\"\" loading=\"lazy\"><i class=\"fa fa-search-plus\" aria-hidden=\"true\"><\/i><br \/>\n\t\t\t\t\t\t<\/span><br \/>\n\t\t\t\t\t<\/figure>\n<figure>\n\t\t\t\t\t<span style=\"cursor: pointer\" data-src=\"https:\/\/autorai.nl\/wp-content\/uploads\/2024\/05\/kia-ev3-gtline-aventurinegreen-interior-digital-1920x1080-001-1600x900.jpg\" data-fancybox=\"galery-1\" title=\"\"><br \/>\n\t\t\t\t\t\t\t<img decoding=\"async\" width=\"360\" height=\"270\" src=\"https:\/\/autorai.nl\/wp-content\/uploads\/2024\/05\/kia-ev3-gtline-aventurinegreen-interior-digital-1920x1080-001-360x270.jpg\" class=\"attachment-small size-small\" alt=\"\" loading=\"lazy\"><i class=\"fa fa-search-plus\" aria-hidden=\"true\"><\/i><br \/>\n\t\t\t\t\t\t<\/span><br \/>\n\t\t\t\t\t<\/figure>\n<figure>\n\t\t\t\t\t<span style=\"cursor: pointer\" data-src=\"https:\/\/autorai.nl\/wp-content\/uploads\/2024\/05\/kia-ev3-gtline-aventurinegreen-exterior-digital-1920x1080-011-1600x900.jpg\" data-fancybox=\"galery-1\" title=\"\"><br \/>\n\t\t\t\t\t\t\t<img decoding=\"async\" width=\"640\" height=\"480\" src=\"https:\/\/autorai.nl\/wp-content\/uploads\/2024\/05\/kia-ev3-gtline-aventurinegreen-exterior-digital-1920x1080-011-640x480.jpg\" class=\"attachment-medium size-medium\" alt=\"\" loading=\"lazy\"><i class=\"fa fa-search-plus\" aria-hidden=\"true\"><\/i><br \/>\n\t\t\t\t\t\t<\/span><br \/>\n\t\t\t\t\t<\/figure>\n<figure>\n\t\t\t\t\t<span style=\"cursor: pointer\" data-src=\"https:\/\/autorai.nl\/wp-content\/uploads\/2024\/05\/kia-ev3-gtline-aventurinegreen-exterior-digital-1920x1080-010-1600x900.jpg\" data-fancybox=\"galery-1\" title=\"\"><br \/>\n\t\t\t\t\t\t\t<img decoding=\"async\" width=\"360\" height=\"270\" src=\"https:\/\/autorai.nl\/wp-content\/uploads\/2024\/05\/kia-ev3-gtline-aventurinegreen-exterior-digital-1920x1080-010-360x270.jpg\" class=\"attachment-small size-small\" alt=\"\" loading=\"lazy\"><i class=\"fa fa-search-plus\" aria-hidden=\"true\"><\/i><br \/>\n\t\t\t\t\t\t<\/span><br \/>\n\t\t\t\t\t<\/figure>\n<figure>\n\t\t\t\t\t<span style=\"cursor: pointer\" data-src=\"https:\/\/autorai.nl\/wp-content\/uploads\/2024\/05\/kia-ev3-gtline-aventurinegreen-exterior-digital-1920x1080-009-1600x900.jpg\" data-fancybox=\"galery-1\" title=\"\"><br \/>\n\t\t\t\t\t\t\t<img decoding=\"async\" width=\"360\" height=\"270\" src=\"https:\/\/autorai.nl\/wp-content\/uploads\/2024\/05\/kia-ev3-gtline-aventurinegreen-exterior-digital-1920x1080-009-360x270.jpg\" class=\"attachment-small size-small\" alt=\"\" loading=\"lazy\"><i class=\"fa fa-search-plus\" aria-hidden=\"true\"><\/i><br \/>\n\t\t\t\t\t\t<\/span><br \/>\n\t\t\t\t\t<\/figure>\n<figure>\n\t\t\t\t\t<span style=\"cursor: pointer\" data-src=\"https:\/\/autorai.nl\/wp-content\/uploads\/2024\/05\/kia-ev3-gtline-aventurinegreen-exterior-digital-1920x1080-008-1600x900.jpg\" data-fancybox=\"galery-1\" title=\"\"><br \/>\n\t\t\t\t\t\t\t<img decoding=\"async\" width=\"640\" height=\"480\" src=\"https:\/\/autorai.nl\/wp-content\/uploads\/2024\/05\/kia-ev3-gtline-aventurinegreen-exterior-digital-1920x1080-008-640x480.jpg\" class=\"attachment-medium size-medium\" alt=\"\" loading=\"lazy\"><i class=\"fa fa-search-plus\" aria-hidden=\"true\"><\/i><br \/>\n\t\t\t\t\t\t<\/span><br \/>\n\t\t\t\t\t<\/figure>\n<figure>\n\t\t\t\t\t<span style=\"cursor: pointer\" data-src=\"https:\/\/autorai.nl\/wp-content\/uploads\/2024\/05\/kia-ev3-gtline-aventurinegreen-exterior-digital-1920x1080-007-1600x900.jpg\" data-fancybox=\"galery-1\" title=\"\"><br \/>\n\t\t\t\t\t\t\t<img decoding=\"async\" width=\"360\" height=\"270\" src=\"https:\/\/autorai.nl\/wp-content\/uploads\/2024\/05\/kia-ev3-gtline-aventurinegreen-exterior-digital-1920x1080-007-360x270.jpg\" class=\"attachment-small size-small\" alt=\"\" loading=\"lazy\"><i class=\"fa fa-search-plus\" aria-hidden=\"true\"><\/i><br \/>\n\t\t\t\t\t\t<\/span><br \/>\n\t\t\t\t\t<\/figure>\n<figure>\n\t\t\t\t\t<span style=\"cursor: pointer\" data-src=\"https:\/\/autorai.nl\/wp-content\/uploads\/2024\/05\/kia-ev3-gtline-aventurinegreen-exterior-digital-1920x1080-006-1600x900.jpg\" data-fancybox=\"galery-1\" title=\"\"><br \/>\n\t\t\t\t\t\t\t<img decoding=\"async\" width=\"360\" height=\"270\" src=\"https:\/\/autorai.nl\/wp-content\/uploads\/2024\/05\/kia-ev3-gtline-aventurinegreen-exterior-digital-1920x1080-006-360x270.jpg\" class=\"attachment-small size-small\" alt=\"\" loading=\"lazy\"><i class=\"fa fa-search-plus\" aria-hidden=\"true\"><\/i><br \/>\n\t\t\t\t\t\t<\/span><br \/>\n\t\t\t\t\t<\/figure>\n<figure>\n\t\t\t\t\t<span style=\"cursor: pointer\" data-src=\"https:\/\/autorai.nl\/wp-content\/uploads\/2024\/05\/kia-ev3-gtline-aventurinegreen-exterior-digital-1920x1080-005-1600x900.jpg\" data-fancybox=\"galery-1\" title=\"\"><br \/>\n\t\t\t\t\t\t\t<img decoding=\"async\" width=\"640\" height=\"480\" src=\"https:\/\/autorai.nl\/wp-content\/uploads\/2024\/05\/kia-ev3-gtline-aventurinegreen-exterior-digital-1920x1080-005-640x480.jpg\" class=\"attachment-medium size-medium\" alt=\"\" loading=\"lazy\"><i class=\"fa fa-search-plus\" aria-hidden=\"true\"><\/i><br \/>\n\t\t\t\t\t\t<\/span><br \/>\n\t\t\t\t\t<\/figure>\n<figure>\n\t\t\t\t\t<span style=\"cursor: pointer\" data-src=\"https:\/\/autorai.nl\/wp-content\/uploads\/2024\/05\/kia-ev3-gtline-aventurinegreen-exterior-digital-1920x1080-004-1600x900.jpg\" data-fancybox=\"galery-1\" title=\"\"><br \/>\n\t\t\t\t\t\t\t<img decoding=\"async\" width=\"360\" height=\"270\" src=\"https:\/\/autorai.nl\/wp-content\/uploads\/2024\/05\/kia-ev3-gtline-aventurinegreen-exterior-digital-1920x1080-004-360x270.jpg\" class=\"attachment-small size-small\" alt=\"\" loading=\"lazy\"><i class=\"fa fa-search-plus\" aria-hidden=\"true\"><\/i><br \/>\n\t\t\t\t\t\t<\/span><br \/>\n\t\t\t\t\t<\/figure>\n<figure>\n\t\t\t\t\t<span style=\"cursor: pointer\" data-src=\"https:\/\/autorai.nl\/wp-content\/uploads\/2024\/05\/kia-ev3-gtline-aventurinegreen-exterior-digital-1920x1080-003-1600x900.jpg\" data-fancybox=\"galery-1\" title=\"\"><br \/>\n\t\t\t\t\t\t\t<img decoding=\"async\" width=\"360\" height=\"270\" src=\"https:\/\/autorai.nl\/wp-content\/uploads\/2024\/05\/kia-ev3-gtline-aventurinegreen-exterior-digital-1920x1080-003-360x270.jpg\" class=\"attachment-small size-small\" alt=\"\" loading=\"lazy\"><i class=\"fa fa-search-plus\" aria-hidden=\"true\"><\/i><br \/>\n\t\t\t\t\t\t<\/span><br \/>\n\t\t\t\t\t<\/figure>\n<figure>\n\t\t\t\t\t<span style=\"cursor: pointer\" data-src=\"https:\/\/autorai.nl\/wp-content\/uploads\/2024\/05\/kia-ev3-gtline-aventurinegreen-exterior-digital-1920x1080-002-1600x900.jpg\" data-fancybox=\"galery-1\" title=\"\"><br \/>\n\t\t\t\t\t\t\t<img decoding=\"async\" width=\"640\" height=\"480\" src=\"https:\/\/autorai.nl\/wp-content\/uploads\/2024\/05\/kia-ev3-gtline-aventurinegreen-exterior-digital-1920x1080-002-640x480.jpg\" class=\"attachment-medium size-medium\" alt=\"\" loading=\"lazy\"><i class=\"fa fa-search-plus\" aria-hidden=\"true\"><\/i><br \/>\n\t\t\t\t\t\t<\/span><br \/>\n\t\t\t\t\t<\/figure>\n<figure>\n\t\t\t\t\t<span style=\"cursor: pointer\" data-src=\"https:\/\/autorai.nl\/wp-content\/uploads\/2024\/05\/kia-ev3-gtline-aventurinegreen-exterior-digital-1920x1080-001-1600x900.jpg\" data-fancybox=\"galery-1\" title=\"\"><br \/>\n\t\t\t\t\t\t\t<img decoding=\"async\" width=\"360\" height=\"270\" src=\"https:\/\/autorai.nl\/wp-content\/uploads\/2024\/05\/kia-ev3-gtline-aventurinegreen-exterior-digital-1920x1080-001-360x270.jpg\" class=\"attachment-small size-small\" alt=\"\" loading=\"lazy\"><i class=\"fa fa-search-plus\" aria-hidden=\"true\"><\/i><br \/>\n\t\t\t\t\t\t<\/span><br \/>\n\t\t\t\t\t<\/figure>\n<figure>\n\t\t\t\t\t<span style=\"cursor: pointer\" data-src=\"https:\/\/autorai.nl\/wp-content\/uploads\/2024\/05\/kia-ev3-gtline-aventurinegreen-detail-digital-1920x1080-008-1600x900.jpg\" data-fancybox=\"galery-1\" title=\"\"><br \/>\n\t\t\t\t\t\t\t<img decoding=\"async\" width=\"360\" height=\"270\" src=\"https:\/\/autorai.nl\/wp-content\/uploads\/2024\/05\/kia-ev3-gtline-aventurinegreen-detail-digital-1920x1080-008-360x270.jpg\" class=\"attachment-small size-small\" alt=\"\" loading=\"lazy\"><i class=\"fa fa-search-plus\" aria-hidden=\"true\"><\/i><br \/>\n\t\t\t\t\t\t<\/span><br \/>\n\t\t\t\t\t<\/figure>\n<figure>\n\t\t\t\t\t<span style=\"cursor: pointer\" data-src=\"https:\/\/autorai.nl\/wp-content\/uploads\/2024\/05\/kia-ev3-gtline-aventurinegreen-detail-digital-1920x1080-007-1600x900.jpg\" data-fancybox=\"galery-1\" title=\"\"><br \/>\n\t\t\t\t\t\t\t<img decoding=\"async\" width=\"640\" height=\"480\" src=\"https:\/\/autorai.nl\/wp-content\/uploads\/2024\/05\/kia-ev3-gtline-aventurinegreen-detail-digital-1920x1080-007-640x480.jpg\" class=\"attachment-medium size-medium\" alt=\"\" loading=\"lazy\"><i class=\"fa fa-search-plus\" aria-hidden=\"true\"><\/i><br \/>\n\t\t\t\t\t\t<\/span><br \/>\n\t\t\t\t\t<\/figure>\n<figure>\n\t\t\t\t\t<span style=\"cursor: pointer\" data-src=\"https:\/\/autorai.nl\/wp-content\/uploads\/2024\/05\/kia-ev3-gtline-aventurinegreen-detail-digital-1920x1080-006-1600x900.jpg\" data-fancybox=\"galery-1\" title=\"\"><br \/>\n\t\t\t\t\t\t\t<img decoding=\"async\" width=\"360\" height=\"270\" src=\"https:\/\/autorai.nl\/wp-content\/uploads\/2024\/05\/kia-ev3-gtline-aventurinegreen-detail-digital-1920x1080-006-360x270.jpg\" class=\"attachment-small size-small\" alt=\"\" loading=\"lazy\"><i class=\"fa fa-search-plus\" aria-hidden=\"true\"><\/i><br \/>\n\t\t\t\t\t\t<\/span><br \/>\n\t\t\t\t\t<\/figure>\n<figure>\n\t\t\t\t\t<span style=\"cursor: pointer\" data-src=\"https:\/\/autorai.nl\/wp-content\/uploads\/2024\/05\/kia-ev3-gtline-aventurinegreen-detail-digital-1920x1080-005-1600x900.jpg\" data-fancybox=\"galery-1\" title=\"\"><br \/>\n\t\t\t\t\t\t\t<img decoding=\"async\" width=\"360\" height=\"270\" src=\"https:\/\/autorai.nl\/wp-content\/uploads\/2024\/05\/kia-ev3-gtline-aventurinegreen-detail-digital-1920x1080-005-360x270.jpg\" class=\"attachment-small size-small\" alt=\"\" loading=\"lazy\"><i class=\"fa fa-search-plus\" aria-hidden=\"true\"><\/i><br \/>\n\t\t\t\t\t\t<\/span><br \/>\n\t\t\t\t\t<\/figure>\n<figure>\n\t\t\t\t\t<span style=\"cursor: pointer\" data-src=\"https:\/\/autorai.nl\/wp-content\/uploads\/2024\/05\/kia-ev3-gtline-aventurinegreen-detail-digital-1920x1080-004-1600x900.jpg\" data-fancybox=\"galery-1\" title=\"\"><br \/>\n\t\t\t\t\t\t\t<img decoding=\"async\" width=\"640\" height=\"480\" src=\"https:\/\/autorai.nl\/wp-content\/uploads\/2024\/05\/kia-ev3-gtline-aventurinegreen-detail-digital-1920x1080-004-640x480.jpg\" class=\"attachment-medium size-medium\" alt=\"\" loading=\"lazy\"><i class=\"fa fa-search-plus\" aria-hidden=\"true\"><\/i><br \/>\n\t\t\t\t\t\t<\/span><br \/>\n\t\t\t\t\t<\/figure>\n<figure>\n\t\t\t\t\t<span style=\"cursor: pointer\" data-src=\"https:\/\/autorai.nl\/wp-content\/uploads\/2024\/05\/kia-ev3-gtline-aventurinegreen-detail-digital-1920x1080-003-1600x900.jpg\" data-fancybox=\"galery-1\" title=\"\"><br \/>\n\t\t\t\t\t\t\t<img decoding=\"async\" width=\"360\" height=\"270\" src=\"https:\/\/autorai.nl\/wp-content\/uploads\/2024\/05\/kia-ev3-gtline-aventurinegreen-detail-digital-1920x1080-003-360x270.jpg\" class=\"attachment-small size-small\" alt=\"\" loading=\"lazy\"><i class=\"fa fa-search-plus\" aria-hidden=\"true\"><\/i><br \/>\n\t\t\t\t\t\t<\/span><br \/>\n\t\t\t\t\t<\/figure>\n<figure>\n\t\t\t\t\t<span style=\"cursor: pointer\" data-src=\"https:\/\/autorai.nl\/wp-content\/uploads\/2024\/05\/kia-ev3-gtline-aventurinegreen-detail-digital-1920x1080-002-1600x900.jpg\" data-fancybox=\"galery-1\" title=\"\"><br \/>\n\t\t\t\t\t\t\t<img decoding=\"async\" width=\"360\" height=\"270\" src=\"https:\/\/autorai.nl\/wp-content\/uploads\/2024\/05\/kia-ev3-gtline-aventurinegreen-detail-digital-1920x1080-002-360x270.jpg\" class=\"attachment-small size-small\" alt=\"\" loading=\"lazy\"><i class=\"fa fa-search-plus\" aria-hidden=\"true\"><\/i><br \/>\n\t\t\t\t\t\t<\/span><br \/>\n\t\t\t\t\t<\/figure>\n<div class=\"clear\"><\/div>\n<\/div>\n","protected":false},"excerpt":{"rendered":"El nuevo Kia EV3 El Kia EV3 es la visi\u00f3n de Kia de un SUV el\u00e9ctrico compacto que no s\u00f3lo&hellip;","protected":false},"author":0,"featured_media":144999,"comment_status":"","ping_status":"open","sticky":false,"template":"","format":"standard","meta":{"footnotes":""},"categories":[126],"tags":[],"class_list":["post-145021","post","type-post","status-publish","format-standard","has-post-thumbnail","hentry","category-noticias-de-autos"],"acf":[],"yoast_head":"<!-- This site is optimized with the Yoast SEO plugin v21.2 - https:\/\/yoast.com\/wordpress\/plugins\/seo\/ -->\n<title>Kia EV3: un nuevo y prometedor SUV el\u00e9ctrico - All cars news<\/title>\n<meta name=\"robots\" content=\"index, follow, max-snippet:-1, max-image-preview:large, max-video-preview:-1\" \/>\n<link rel=\"canonical\" href=\"https:\/\/all-car-news.com\/es\/kia-ev3-un-nuevo-y-prometedor-suv-electrico\/\" \/>\n<meta property=\"og:locale\" content=\"es_ES\" \/>\n<meta property=\"og:type\" content=\"article\" \/>\n<meta property=\"og:title\" content=\"Kia EV3: un nuevo y prometedor SUV el\u00e9ctrico - All cars news\" \/>\n<meta property=\"og:description\" content=\"El nuevo Kia EV3 El Kia EV3 es la visi\u00f3n de Kia de un SUV el\u00e9ctrico compacto que no s\u00f3lo debe ser pr\u00e1ctico, sino tambi\u00e9n ofrecer placer de conducci\u00f3n. Tambi\u00e9n es interesante: el EV3 es el primer SUV compacto espec\u00edfico de Kia. As\u00ed que no tendr\u00e1 una cadena cinem\u00e1tica diferente, como en el caso del Niro. Hay [...]\" \/>\n<meta property=\"og:url\" content=\"https:\/\/all-car-news.com\/es\/kia-ev3-un-nuevo-y-prometedor-suv-electrico\/\" \/>\n<meta property=\"og:site_name\" content=\"All cars news\" \/>\n<meta property=\"article:published_time\" content=\"2024-05-23T12:01:00+00:00\" \/>\n<meta property=\"og:image\" content=\"https:\/\/autorai.nl\/wp-content\/uploads\/2024\/05\/kia-ev3-autorai-2024-foto1-1140x855.jpg\" \/>\n<meta name=\"twitter:card\" content=\"summary_large_image\" \/>\n<meta name=\"twitter:label1\" content=\"Tiempo de lectura\" \/>\n\t<meta name=\"twitter:data1\" content=\"4 minutos\" \/>\n<script type=\"application\/ld+json\" class=\"yoast-schema-graph\">{\"@context\":\"https:\/\/schema.org\",\"@graph\":[{\"@type\":\"Article\",\"@id\":\"https:\/\/all-car-news.com\/es\/kia-ev3-un-nuevo-y-prometedor-suv-electrico\/#article\",\"isPartOf\":{\"@id\":\"https:\/\/all-car-news.com\/es\/kia-ev3-un-nuevo-y-prometedor-suv-electrico\/\"},\"author\":{\"name\":\"\",\"@id\":\"\"},\"headline\":\"Kia EV3: un nuevo y prometedor SUV el\u00e9ctrico\",\"datePublished\":\"2024-05-23T12:01:00+00:00\",\"dateModified\":\"2024-05-23T12:01:00+00:00\",\"mainEntityOfPage\":{\"@id\":\"https:\/\/all-car-news.com\/es\/kia-ev3-un-nuevo-y-prometedor-suv-electrico\/\"},\"wordCount\":913,\"publisher\":{\"@id\":\"https:\/\/all-car-news.com\/es\/#organization\"},\"articleSection\":[\"noticias de autos\"],\"inLanguage\":\"es\"},{\"@type\":\"WebPage\",\"@id\":\"https:\/\/all-car-news.com\/es\/kia-ev3-un-nuevo-y-prometedor-suv-electrico\/\",\"url\":\"https:\/\/all-car-news.com\/es\/kia-ev3-un-nuevo-y-prometedor-suv-electrico\/\",\"name\":\"Kia EV3: un nuevo y prometedor SUV el\u00e9ctrico - All cars news\",\"isPartOf\":{\"@id\":\"https:\/\/all-car-news.com\/es\/#website\"},\"datePublished\":\"2024-05-23T12:01:00+00:00\",\"dateModified\":\"2024-05-23T12:01:00+00:00\",\"breadcrumb\":{\"@id\":\"https:\/\/all-car-news.com\/es\/kia-ev3-un-nuevo-y-prometedor-suv-electrico\/#breadcrumb\"},\"inLanguage\":\"es\",\"potentialAction\":[{\"@type\":\"ReadAction\",\"target\":[\"https:\/\/all-car-news.com\/es\/kia-ev3-un-nuevo-y-prometedor-suv-electrico\/\"]}]},{\"@type\":\"BreadcrumbList\",\"@id\":\"https:\/\/all-car-news.com\/es\/kia-ev3-un-nuevo-y-prometedor-suv-electrico\/#breadcrumb\",\"itemListElement\":[{\"@type\":\"ListItem\",\"position\":1,\"name\":\"Home\",\"item\":\"https:\/\/all-car-news.com\/es\/\"},{\"@type\":\"ListItem\",\"position\":2,\"name\":\"Kia EV3: un nuevo y prometedor SUV el\u00e9ctrico\"}]},{\"@type\":\"WebSite\",\"@id\":\"https:\/\/all-car-news.com\/es\/#website\",\"url\":\"https:\/\/all-car-news.com\/es\/\",\"name\":\"All cars news\",\"description\":\"\",\"publisher\":{\"@id\":\"https:\/\/all-car-news.com\/es\/#organization\"},\"potentialAction\":[{\"@type\":\"SearchAction\",\"target\":{\"@type\":\"EntryPoint\",\"urlTemplate\":\"https:\/\/all-car-news.com\/es\/?s={search_term_string}\"},\"query-input\":\"required name=search_term_string\"}],\"inLanguage\":\"es\"},{\"@type\":\"Organization\",\"@id\":\"https:\/\/all-car-news.com\/es\/#organization\",\"name\":\"All cars news\",\"url\":\"https:\/\/all-car-news.com\/es\/\",\"logo\":{\"@type\":\"ImageObject\",\"inLanguage\":\"es\",\"@id\":\"https:\/\/all-car-news.com\/es\/#\/schema\/logo\/image\/\",\"url\":\"https:\/\/all-car-news.com\/wp-content\/uploads\/2022\/02\/CMYK-AllCarNews_LANDSCAPE_300px-1.png\",\"contentUrl\":\"https:\/\/all-car-news.com\/wp-content\/uploads\/2022\/02\/CMYK-AllCarNews_LANDSCAPE_300px-1.png\",\"width\":300,\"height\":100,\"caption\":\"All cars news\"},\"image\":{\"@id\":\"https:\/\/all-car-news.com\/es\/#\/schema\/logo\/image\/\"}}]}<\/script>\n<!-- \/ Yoast SEO plugin. -->","yoast_head_json":{"title":"Kia EV3: un nuevo y prometedor SUV el\u00e9ctrico - All cars news","robots":{"index":"index","follow":"follow","max-snippet":"max-snippet:-1","max-image-preview":"max-image-preview:large","max-video-preview":"max-video-preview:-1"},"canonical":"https:\/\/all-car-news.com\/es\/kia-ev3-un-nuevo-y-prometedor-suv-electrico\/","og_locale":"es_ES","og_type":"article","og_title":"Kia EV3: un nuevo y prometedor SUV el\u00e9ctrico - All cars news","og_description":"El nuevo Kia EV3 El Kia EV3 es la visi\u00f3n de Kia de un SUV el\u00e9ctrico compacto que no s\u00f3lo debe ser pr\u00e1ctico, sino tambi\u00e9n ofrecer placer de conducci\u00f3n. Tambi\u00e9n es interesante: el EV3 es el primer SUV compacto espec\u00edfico de Kia. As\u00ed que no tendr\u00e1 una cadena cinem\u00e1tica diferente, como en el caso del Niro. Hay [...]","og_url":"https:\/\/all-car-news.com\/es\/kia-ev3-un-nuevo-y-prometedor-suv-electrico\/","og_site_name":"All cars news","article_published_time":"2024-05-23T12:01:00+00:00","og_image":[{"url":"https:\/\/autorai.nl\/wp-content\/uploads\/2024\/05\/kia-ev3-autorai-2024-foto1-1140x855.jpg"}],"twitter_card":"summary_large_image","twitter_misc":{"Tiempo de lectura":"4 minutos"},"schema":{"@context":"https:\/\/schema.org","@graph":[{"@type":"Article","@id":"https:\/\/all-car-news.com\/es\/kia-ev3-un-nuevo-y-prometedor-suv-electrico\/#article","isPartOf":{"@id":"https:\/\/all-car-news.com\/es\/kia-ev3-un-nuevo-y-prometedor-suv-electrico\/"},"author":{"name":"","@id":""},"headline":"Kia EV3: un nuevo y prometedor SUV el\u00e9ctrico","datePublished":"2024-05-23T12:01:00+00:00","dateModified":"2024-05-23T12:01:00+00:00","mainEntityOfPage":{"@id":"https:\/\/all-car-news.com\/es\/kia-ev3-un-nuevo-y-prometedor-suv-electrico\/"},"wordCount":913,"publisher":{"@id":"https:\/\/all-car-news.com\/es\/#organization"},"articleSection":["noticias de autos"],"inLanguage":"es"},{"@type":"WebPage","@id":"https:\/\/all-car-news.com\/es\/kia-ev3-un-nuevo-y-prometedor-suv-electrico\/","url":"https:\/\/all-car-news.com\/es\/kia-ev3-un-nuevo-y-prometedor-suv-electrico\/","name":"Kia EV3: un nuevo y prometedor SUV el\u00e9ctrico - All cars news","isPartOf":{"@id":"https:\/\/all-car-news.com\/es\/#website"},"datePublished":"2024-05-23T12:01:00+00:00","dateModified":"2024-05-23T12:01:00+00:00","breadcrumb":{"@id":"https:\/\/all-car-news.com\/es\/kia-ev3-un-nuevo-y-prometedor-suv-electrico\/#breadcrumb"},"inLanguage":"es","potentialAction":[{"@type":"ReadAction","target":["https:\/\/all-car-news.com\/es\/kia-ev3-un-nuevo-y-prometedor-suv-electrico\/"]}]},{"@type":"BreadcrumbList","@id":"https:\/\/all-car-news.com\/es\/kia-ev3-un-nuevo-y-prometedor-suv-electrico\/#breadcrumb","itemListElement":[{"@type":"ListItem","position":1,"name":"Home","item":"https:\/\/all-car-news.com\/es\/"},{"@type":"ListItem","position":2,"name":"Kia EV3: un nuevo y prometedor SUV el\u00e9ctrico"}]},{"@type":"WebSite","@id":"https:\/\/all-car-news.com\/es\/#website","url":"https:\/\/all-car-news.com\/es\/","name":"All cars news","description":"","publisher":{"@id":"https:\/\/all-car-news.com\/es\/#organization"},"potentialAction":[{"@type":"SearchAction","target":{"@type":"EntryPoint","urlTemplate":"https:\/\/all-car-news.com\/es\/?s={search_term_string}"},"query-input":"required name=search_term_string"}],"inLanguage":"es"},{"@type":"Organization","@id":"https:\/\/all-car-news.com\/es\/#organization","name":"All cars news","url":"https:\/\/all-car-news.com\/es\/","logo":{"@type":"ImageObject","inLanguage":"es","@id":"https:\/\/all-car-news.com\/es\/#\/schema\/logo\/image\/","url":"https:\/\/all-car-news.com\/wp-content\/uploads\/2022\/02\/CMYK-AllCarNews_LANDSCAPE_300px-1.png","contentUrl":"https:\/\/all-car-news.com\/wp-content\/uploads\/2022\/02\/CMYK-AllCarNews_LANDSCAPE_300px-1.png","width":300,"height":100,"caption":"All cars news"},"image":{"@id":"https:\/\/all-car-news.com\/es\/#\/schema\/logo\/image\/"}}]}},"_links":{"self":[{"href":"https:\/\/all-car-news.com\/es\/wp-json\/wp\/v2\/posts\/145021","targetHints":{"allow":["GET"]}}],"collection":[{"href":"https:\/\/all-car-news.com\/es\/wp-json\/wp\/v2\/posts"}],"about":[{"href":"https:\/\/all-car-news.com\/es\/wp-json\/wp\/v2\/types\/post"}],"replies":[{"embeddable":true,"href":"https:\/\/all-car-news.com\/es\/wp-json\/wp\/v2\/comments?post=145021"}],"version-history":[{"count":0,"href":"https:\/\/all-car-news.com\/es\/wp-json\/wp\/v2\/posts\/145021\/revisions"}],"wp:featuredmedia":[{"embeddable":true,"href":"https:\/\/all-car-news.com\/es\/wp-json\/wp\/v2\/media\/144999"}],"wp:attachment":[{"href":"https:\/\/all-car-news.com\/es\/wp-json\/wp\/v2\/media?parent=145021"}],"wp:term":[{"taxonomy":"category","embeddable":true,"href":"https:\/\/all-car-news.com\/es\/wp-json\/wp\/v2\/categories?post=145021"},{"taxonomy":"post_tag","embeddable":true,"href":"https:\/\/all-car-news.com\/es\/wp-json\/wp\/v2\/tags?post=145021"}],"curies":[{"name":"wp","href":"https:\/\/api.w.org\/{rel}","templated":true}]}}