{"id":144980,"date":"2024-05-21T08:49:00","date_gmt":"2024-05-21T08:49:00","guid":{"rendered":"https:\/\/all-car-news.com\/byd-seal-u-ahora-tambien-como-hibrido-enchufable\/"},"modified":"2024-05-21T08:49:00","modified_gmt":"2024-05-21T08:49:00","slug":"byd-seal-u-ahora-tambien-como-hibrido-enchufable","status":"publish","type":"post","link":"https:\/\/all-car-news.com\/es\/byd-seal-u-ahora-tambien-como-hibrido-enchufable\/","title":{"rendered":"BYD Seal U ahora tambi\u00e9n como h\u00edbrido enchufable"},"content":{"rendered":"<h2>Carga del BYD Seal U DM-i<\/h2>\n<p>La BYD Seal U DM-i incorpora una bater\u00eda BYD Blade m\u00e1s peque\u00f1a, que no contiene n\u00edquel ni cobalto. Cargar la bater\u00eda del 30 al 80% lleva unos 35 minutos con el cargador de 18 kW-DC. En casa o en una estaci\u00f3n de carga p\u00fablica, se pueden cargar hasta 11 kW. Adem\u00e1s de un modo EV, el coche tambi\u00e9n tiene un modo H\u00edbrido o HEV. En estos dos modos de conducci\u00f3n, el motor de gasolina proporciona potencia extra s\u00f3lo al acelerar. Al hacerlo, carga la bater\u00eda durante la conducci\u00f3n para que la propulsi\u00f3n el\u00e9ctrica est\u00e9 siempre disponible.<\/p>\n<h2>Dise\u00f1o SEAL U DM-i<\/h2>\n<p>El BYD SEAL U DM-i Design tiene una cadena cinem\u00e1tica con un motor de cuatro cilindros turboalimentado de 1,5 litros y 96 kW, dos motores el\u00e9ctricos, la bater\u00eda BYD Blade Battery (18,3 kWh) y tracci\u00f3n a las cuatro ruedas. La potencia del sistema es de 238 kW y el par m\u00e1ximo de 550 Nm. La aceleraci\u00f3n de 0 a 100 km\/h tarda 5,9 segundos. La autonom\u00eda el\u00e9ctrica del BYD SEAL U DM-i Design es de 70 kil\u00f3metros con un consumo el\u00e9ctrico combinado de 23,5 kWh\/100 km. Combinado con un consumo medio de 1,2 l\/100 km, la autonom\u00eda total es de 870 km (todas las cifras de autonom\u00eda seg\u00fan WLTP).&nbsp;<\/p>\n<figure class=\"wp-block-image size-content\"><img decoding=\"async\" loading=\"lazy\" width=\"1140\" height=\"760\" src=\"https:\/\/autorai.nl\/wp-content\/uploads\/2024\/05\/BYD-SEAL-U-DM-I-_DYNAMIC_1-1140x760.jpg\" alt=\"BYD SEAL U DM-i\" class=\"wp-image-178817\"><figcaption>BYD SEAL U DM-i<\/figcaption><\/figure>\n<h2><strong>Tambi\u00e9n como BYD SEAL U DM-i Boost y Comfort<\/strong><\/h2>\n<p>Las versiones Boost y Comfort de tracci\u00f3n delantera del BYD SEAL U DM-i tienen un motor de gasolina de 1,5 litros y un motor el\u00e9ctrico. La potencia del sistema es de 160 kW y el par m\u00e1ximo de 300 Nm. La versi\u00f3n Boost tiene una bater\u00eda de 18,3 kWh, que es buena para una autonom\u00eda el\u00e9ctrica de hasta 80 kil\u00f3metros con un consumo el\u00e9ctrico combinado de 21 kWh\/100 km. Combinado con un consumo medio de 0,9 l\/100 km, la autonom\u00eda total es de 1.080 km (todas las cifras de autonom\u00eda seg\u00fan WLTP).<\/p>\n<h2>Tambi\u00e9n con 26,6 kWh<\/h2>\n<p>La bater\u00eda Blade m\u00e1s grande (26,6 kWh) de la versi\u00f3n Confort permite una autonom\u00eda el\u00e9ctrica de 125 kil\u00f3metros, seg\u00fan la norma de ensayo WLTP.<\/p>\n<h2>Maletero<\/h2>\n<p>Con todos los asientos ocupados, el volumen del maletero es de 425 litros medidos bajo la bandeja trasera y de 552 litros hasta el techo. Abatiendo completamente los asientos traseros (60:40), la capacidad aumenta hasta 1.440 litros. Gracias a la funci\u00f3n Veh\u00edculo a Carga, es posible conectar dispositivos el\u00e9ctricos externos al BYD SEAL U DM-i. El peso m\u00e1ximo de remolque para el SEAL U DM-i Design es de 1.300 kg, para Boost y Comfort de 750 kg.<\/p>\n<h2>Entrega a partir del segundo semestre de 2024<\/h2>\n<p>&nbsp;Se espera que el nuevo BYD SEAL U DM-i llegue al mercado holand\u00e9s en el segundo semestre de 2024. Todos los modelos incluyen de serie una garant\u00eda del fabricante de 6 a\u00f1os\/150.000 km, una garant\u00eda de la bater\u00eda de 8 a\u00f1os\/200.000 km (capacidad m\u00ednima del 70%) y una garant\u00eda del motor el\u00e9ctrico de 8 a\u00f1os\/150.000 km. Los precios y las versiones holandesas se anunciar\u00e1n poco antes del lanzamiento al mercado.<\/p>\n<div class=\"galery shuffle galery-0\">\n<figure>\n\t\t\t\t\t<span style=\"cursor: pointer\" data-src=\"https:\/\/autorai.nl\/wp-content\/uploads\/2024\/05\/BYD-SEAL-U-DM-I-_INTERIOR_1-1600x1067.jpg\" data-fancybox=\"galery-0\" title=\"Vista interior del BYD SEAL U, con un moderno dise\u00f1o de coche con salpicadero digital, pantalla t\u00e1ctil central y techo solar panor\u00e1mico.\"><br \/>\n\t\t\t\t\t\t\t<img decoding=\"async\" width=\"640\" height=\"480\" src=\"https:\/\/autorai.nl\/wp-content\/uploads\/2024\/05\/BYD-SEAL-U-DM-I-_INTERIOR_1-640x480.jpg\" class=\"attachment-medium size-medium\" alt=\"Vista interior del BYD SEAL U, con un moderno dise\u00f1o de coche con salpicadero digital, pantalla t\u00e1ctil central y techo solar panor\u00e1mico.\" loading=\"lazy\"><i class=\"fa fa-search-plus\" aria-hidden=\"true\"><\/i><br \/>\n\t\t\t\t\t\t<\/span><br \/>\n\t\t\t\t\t<\/figure>\n<figure>\n\t\t\t\t\t<span style=\"cursor: pointer\" data-src=\"https:\/\/autorai.nl\/wp-content\/uploads\/2024\/05\/BYD-SEAL-U-DM-I-_EXTERIOR_2-1600x1067.jpg\" data-fancybox=\"galery-0\" title=\"Un todoterreno BYD SEAL U plateado est\u00e1 aparcado delante de un moderno edificio de cristal bajo un cielo azul brillante.\"><br \/>\n\t\t\t\t\t\t\t<img decoding=\"async\" width=\"360\" height=\"270\" src=\"https:\/\/autorai.nl\/wp-content\/uploads\/2024\/05\/BYD-SEAL-U-DM-I-_EXTERIOR_2-360x270.jpg\" class=\"attachment-small size-small\" alt=\"Un todoterreno BYD SEAL U plateado est\u00e1 aparcado delante de un moderno edificio de cristal bajo un cielo azul brillante.\" loading=\"lazy\"><i class=\"fa fa-search-plus\" aria-hidden=\"true\"><\/i><br \/>\n\t\t\t\t\t\t<\/span><br \/>\n\t\t\t\t\t<\/figure>\n<figure>\n\t\t\t\t\t<span style=\"cursor: pointer\" data-src=\"https:\/\/autorai.nl\/wp-content\/uploads\/2024\/05\/BYD-SEAL-U-DM-I-_EXTERIOR_1-1600x1067.jpg\" data-fancybox=\"galery-0\" title=\"Un todoterreno BYD SEAL U plateado est\u00e1 aparcado en una azotea frente a modernos edificios de cristal bajo un cielo azul brillante.\"><br \/>\n\t\t\t\t\t\t\t<img decoding=\"async\" width=\"360\" height=\"270\" src=\"https:\/\/autorai.nl\/wp-content\/uploads\/2024\/05\/BYD-SEAL-U-DM-I-_EXTERIOR_1-360x270.jpg\" class=\"attachment-small size-small\" alt=\"Un todoterreno BYD SEAL U plateado est\u00e1 aparcado en una azotea frente a modernos edificios de cristal bajo un cielo azul brillante.\" loading=\"lazy\"><i class=\"fa fa-search-plus\" aria-hidden=\"true\"><\/i><br \/>\n\t\t\t\t\t\t<\/span><br \/>\n\t\t\t\t\t<\/figure>\n<figure>\n\t\t\t\t\t<span style=\"cursor: pointer\" data-src=\"https:\/\/autorai.nl\/wp-content\/uploads\/2024\/05\/BYD-SEAL-U-DM-I-_DYNAMIC_049-1600x1067.jpg\" data-fancybox=\"galery-0\" title=\"En un d\u00eda despejado, un BYD SEAL U se desliza por una carretera de grava arbolada, con altos \u00e1rboles que se arquean sobre el camino y zonas de hierba a ambos lados.\"><br \/>\n\t\t\t\t\t\t\t<img decoding=\"async\" width=\"640\" height=\"480\" src=\"https:\/\/autorai.nl\/wp-content\/uploads\/2024\/05\/BYD-SEAL-U-DM-I-_DYNAMIC_049-640x480.jpg\" class=\"attachment-medium size-medium\" alt=\"En un d\u00eda despejado, un BYD SEAL U se desliza por una carretera de grava arbolada, con altos \u00e1rboles que se arquean sobre el camino y zonas de hierba a ambos lados.\" loading=\"lazy\"><i class=\"fa fa-search-plus\" aria-hidden=\"true\"><\/i><br \/>\n\t\t\t\t\t\t<\/span><br \/>\n\t\t\t\t\t<\/figure>\n<figure>\n\t\t\t\t\t<span style=\"cursor: pointer\" data-src=\"https:\/\/autorai.nl\/wp-content\/uploads\/2024\/05\/BYD-SEAL-U-DM-I-_DYNAMIC_3-1600x1067.jpg\" data-fancybox=\"galery-0\" title=\"Un todoterreno BYD SEAL U gris circula a gran velocidad por una carretera rural con vegetaci\u00f3n y \u00e1rboles de fondo bajo un cielo parcialmente nublado.\"><br \/>\n\t\t\t\t\t\t\t<img decoding=\"async\" width=\"360\" height=\"270\" src=\"https:\/\/autorai.nl\/wp-content\/uploads\/2024\/05\/BYD-SEAL-U-DM-I-_DYNAMIC_3-360x270.jpg\" class=\"attachment-small size-small\" alt=\"Un todoterreno BYD SEAL U gris circula a gran velocidad por una carretera rural con vegetaci\u00f3n y \u00e1rboles de fondo bajo un cielo parcialmente nublado.\" loading=\"lazy\"><i class=\"fa fa-search-plus\" aria-hidden=\"true\"><\/i><br \/>\n\t\t\t\t\t\t<\/span><br \/>\n\t\t\t\t\t<\/figure>\n<figure>\n\t\t\t\t\t<span style=\"cursor: pointer\" data-src=\"https:\/\/autorai.nl\/wp-content\/uploads\/2024\/05\/BYD-SEAL-U-DM-I-_DYNAMIC_2-1600x1067.jpg\" data-fancybox=\"galery-0\" title=\"BYD SEAL U DM-i\"><br \/>\n\t\t\t\t\t\t\t<img decoding=\"async\" width=\"360\" height=\"270\" src=\"https:\/\/autorai.nl\/wp-content\/uploads\/2024\/05\/BYD-SEAL-U-DM-I-_DYNAMIC_2-360x270.jpg\" class=\"attachment-small size-small\" alt=\"BYD SEAL U DM-i\" loading=\"lazy\"><i class=\"fa fa-search-plus\" aria-hidden=\"true\"><\/i><br \/>\n\t\t\t\t\t\t<\/span><br \/>\n\t\t\t\t\t<\/figure>\n<figure>\n\t\t\t\t\t<span style=\"cursor: pointer\" data-src=\"https:\/\/autorai.nl\/wp-content\/uploads\/2024\/05\/BYD-SEAL-U-DM-I-_DYNAMIC_1-1600x1067.jpg\" data-fancybox=\"galery-0\" title=\"BYD SEAL U DM-i\"><br \/>\n\t\t\t\t\t\t\t<img decoding=\"async\" width=\"640\" height=\"480\" src=\"https:\/\/autorai.nl\/wp-content\/uploads\/2024\/05\/BYD-SEAL-U-DM-I-_DYNAMIC_1-640x480.jpg\" class=\"attachment-medium size-medium\" alt=\"BYD SEAL U DM-i\" loading=\"lazy\"><i class=\"fa fa-search-plus\" aria-hidden=\"true\"><\/i><br \/>\n\t\t\t\t\t\t<\/span><br \/>\n\t\t\t\t\t<\/figure>\n<figure>\n\t\t\t\t\t<span style=\"cursor: pointer\" data-src=\"https:\/\/autorai.nl\/wp-content\/uploads\/2024\/05\/BYD-SEAL-U-DM-I-_DETAIL_032-1600x1067.jpg\" data-fancybox=\"galery-0\" title=\"Primer plano de la luz trasera y vista parcial del maletero de un coche BYD SEAL U DM-i gris, con la marca y los detalles de dise\u00f1o del coche claramente visibles.\"><br \/>\n\t\t\t\t\t\t\t<img decoding=\"async\" width=\"360\" height=\"270\" src=\"https:\/\/autorai.nl\/wp-content\/uploads\/2024\/05\/BYD-SEAL-U-DM-I-_DETAIL_032-360x270.jpg\" class=\"attachment-small size-small\" alt=\"Primer plano de la luz trasera y vista parcial del maletero de un coche BYD SEAL U DM-i gris, con la marca y los detalles de dise\u00f1o del coche claramente visibles.\" loading=\"lazy\"><i class=\"fa fa-search-plus\" aria-hidden=\"true\"><\/i><br \/>\n\t\t\t\t\t\t<\/span><br \/>\n\t\t\t\t\t<\/figure>\n<figure>\n\t\t\t\t\t<span style=\"cursor: pointer\" data-src=\"https:\/\/autorai.nl\/wp-content\/uploads\/2024\/05\/BYD-SEAL-U-DM-I-_INTERIOR_050-1600x1067.jpg\" data-fancybox=\"galery-0\" title=\"Interior de un BYD SEAL U con una gran pantalla t\u00e1ctil con informaci\u00f3n sobre la gesti\u00f3n de la energ\u00eda, incluidos los ajustes de frenado regenerativo y SOC. El volante y el salpicadero son parcialmente visibles.\"><br \/>\n\t\t\t\t\t\t\t<img decoding=\"async\" width=\"360\" height=\"270\" src=\"https:\/\/autorai.nl\/wp-content\/uploads\/2024\/05\/BYD-SEAL-U-DM-I-_INTERIOR_050-360x270.jpg\" class=\"attachment-small size-small\" alt=\"Interior de un BYD SEAL U con una gran pantalla t\u00e1ctil con informaci\u00f3n sobre la gesti\u00f3n de la energ\u00eda, incluidos los ajustes de frenado regenerativo y SOC. El volante y el salpicadero son parcialmente visibles.\" loading=\"lazy\"><i class=\"fa fa-search-plus\" aria-hidden=\"true\"><\/i><br \/>\n\t\t\t\t\t\t<\/span><br \/>\n\t\t\t\t\t<\/figure>\n<div class=\"clear\"><\/div>\n<\/div>\n<\/p>\n<figure class=\"wp-block-embed is-type-video is-provider-youtube wp-block-embed-youtube wp-embed-aspect-16-9 wp-has-aspect-ratio\">\n<div class=\"wp-block-embed__wrapper\">\n<\/div>\n<\/figure>\n","protected":false},"excerpt":{"rendered":"Carga de la BYD Seal U DM-i La BYD Seal U DM-i incorpora una bater\u00eda BYD Blade m\u00e1s peque\u00f1a, que&hellip;","protected":false},"author":0,"featured_media":144963,"comment_status":"","ping_status":"open","sticky":false,"template":"","format":"standard","meta":{"footnotes":""},"categories":[126],"tags":[],"class_list":["post-144980","post","type-post","status-publish","format-standard","has-post-thumbnail","hentry","category-noticias-de-autos"],"acf":[],"yoast_head":"<!-- This site is optimized with the Yoast SEO plugin v21.2 - https:\/\/yoast.com\/wordpress\/plugins\/seo\/ -->\n<title>BYD Seal U ahora tambi\u00e9n como h\u00edbrido enchufable - All cars news<\/title>\n<meta name=\"robots\" content=\"index, follow, max-snippet:-1, max-image-preview:large, max-video-preview:-1\" \/>\n<link rel=\"canonical\" href=\"https:\/\/all-car-news.com\/es\/byd-seal-u-ahora-tambien-como-hibrido-enchufable\/\" \/>\n<meta property=\"og:locale\" content=\"es_ES\" \/>\n<meta property=\"og:type\" content=\"article\" \/>\n<meta property=\"og:title\" content=\"BYD Seal U ahora tambi\u00e9n como h\u00edbrido enchufable - All cars news\" \/>\n<meta property=\"og:description\" content=\"Carga de la BYD Seal U DM-i La BYD Seal U DM-i incorpora una bater\u00eda BYD Blade m\u00e1s peque\u00f1a, que no contiene n\u00edquel ni cobalto. Cargar la bater\u00eda del 30 al 80% lleva unos 35 minutos con el cargador de 18 kW-DC. En casa o en una estaci\u00f3n de carga p\u00fablica, se pueden cargar hasta 11 kW. Adem\u00e1s de un [...]\" \/>\n<meta property=\"og:url\" content=\"https:\/\/all-car-news.com\/es\/byd-seal-u-ahora-tambien-como-hibrido-enchufable\/\" \/>\n<meta property=\"og:site_name\" content=\"All cars news\" \/>\n<meta property=\"article:published_time\" content=\"2024-05-21T08:49:00+00:00\" \/>\n<meta property=\"og:image\" content=\"https:\/\/autorai.nl\/wp-content\/uploads\/2024\/05\/BYD-SEAL-U-DM-I-_DYNAMIC_1-1140x760.jpg\" \/>\n<meta name=\"twitter:card\" content=\"summary_large_image\" \/>\n<meta name=\"twitter:label1\" content=\"Tiempo de lectura\" \/>\n\t<meta name=\"twitter:data1\" content=\"3 minutos\" \/>\n<script type=\"application\/ld+json\" class=\"yoast-schema-graph\">{\"@context\":\"https:\/\/schema.org\",\"@graph\":[{\"@type\":\"Article\",\"@id\":\"https:\/\/all-car-news.com\/es\/byd-seal-u-ahora-tambien-como-hibrido-enchufable\/#article\",\"isPartOf\":{\"@id\":\"https:\/\/all-car-news.com\/es\/byd-seal-u-ahora-tambien-como-hibrido-enchufable\/\"},\"author\":{\"name\":\"\",\"@id\":\"\"},\"headline\":\"BYD Seal U ahora tambi\u00e9n como h\u00edbrido enchufable\",\"datePublished\":\"2024-05-21T08:49:00+00:00\",\"dateModified\":\"2024-05-21T08:49:00+00:00\",\"mainEntityOfPage\":{\"@id\":\"https:\/\/all-car-news.com\/es\/byd-seal-u-ahora-tambien-como-hibrido-enchufable\/\"},\"wordCount\":543,\"publisher\":{\"@id\":\"https:\/\/all-car-news.com\/es\/#organization\"},\"articleSection\":[\"noticias de autos\"],\"inLanguage\":\"es\"},{\"@type\":\"WebPage\",\"@id\":\"https:\/\/all-car-news.com\/es\/byd-seal-u-ahora-tambien-como-hibrido-enchufable\/\",\"url\":\"https:\/\/all-car-news.com\/es\/byd-seal-u-ahora-tambien-como-hibrido-enchufable\/\",\"name\":\"BYD Seal U ahora tambi\u00e9n como h\u00edbrido enchufable - All cars news\",\"isPartOf\":{\"@id\":\"https:\/\/all-car-news.com\/es\/#website\"},\"datePublished\":\"2024-05-21T08:49:00+00:00\",\"dateModified\":\"2024-05-21T08:49:00+00:00\",\"breadcrumb\":{\"@id\":\"https:\/\/all-car-news.com\/es\/byd-seal-u-ahora-tambien-como-hibrido-enchufable\/#breadcrumb\"},\"inLanguage\":\"es\",\"potentialAction\":[{\"@type\":\"ReadAction\",\"target\":[\"https:\/\/all-car-news.com\/es\/byd-seal-u-ahora-tambien-como-hibrido-enchufable\/\"]}]},{\"@type\":\"BreadcrumbList\",\"@id\":\"https:\/\/all-car-news.com\/es\/byd-seal-u-ahora-tambien-como-hibrido-enchufable\/#breadcrumb\",\"itemListElement\":[{\"@type\":\"ListItem\",\"position\":1,\"name\":\"Home\",\"item\":\"https:\/\/all-car-news.com\/es\/\"},{\"@type\":\"ListItem\",\"position\":2,\"name\":\"BYD Seal U ahora tambi\u00e9n como h\u00edbrido enchufable\"}]},{\"@type\":\"WebSite\",\"@id\":\"https:\/\/all-car-news.com\/es\/#website\",\"url\":\"https:\/\/all-car-news.com\/es\/\",\"name\":\"All cars news\",\"description\":\"\",\"publisher\":{\"@id\":\"https:\/\/all-car-news.com\/es\/#organization\"},\"potentialAction\":[{\"@type\":\"SearchAction\",\"target\":{\"@type\":\"EntryPoint\",\"urlTemplate\":\"https:\/\/all-car-news.com\/es\/?s={search_term_string}\"},\"query-input\":\"required name=search_term_string\"}],\"inLanguage\":\"es\"},{\"@type\":\"Organization\",\"@id\":\"https:\/\/all-car-news.com\/es\/#organization\",\"name\":\"All cars news\",\"url\":\"https:\/\/all-car-news.com\/es\/\",\"logo\":{\"@type\":\"ImageObject\",\"inLanguage\":\"es\",\"@id\":\"https:\/\/all-car-news.com\/es\/#\/schema\/logo\/image\/\",\"url\":\"https:\/\/all-car-news.com\/wp-content\/uploads\/2022\/02\/CMYK-AllCarNews_LANDSCAPE_300px-1.png\",\"contentUrl\":\"https:\/\/all-car-news.com\/wp-content\/uploads\/2022\/02\/CMYK-AllCarNews_LANDSCAPE_300px-1.png\",\"width\":300,\"height\":100,\"caption\":\"All cars news\"},\"image\":{\"@id\":\"https:\/\/all-car-news.com\/es\/#\/schema\/logo\/image\/\"}}]}<\/script>\n<!-- \/ Yoast SEO plugin. -->","yoast_head_json":{"title":"BYD Seal U ahora tambi\u00e9n como h\u00edbrido enchufable - All cars news","robots":{"index":"index","follow":"follow","max-snippet":"max-snippet:-1","max-image-preview":"max-image-preview:large","max-video-preview":"max-video-preview:-1"},"canonical":"https:\/\/all-car-news.com\/es\/byd-seal-u-ahora-tambien-como-hibrido-enchufable\/","og_locale":"es_ES","og_type":"article","og_title":"BYD Seal U ahora tambi\u00e9n como h\u00edbrido enchufable - All cars news","og_description":"Carga de la BYD Seal U DM-i La BYD Seal U DM-i incorpora una bater\u00eda BYD Blade m\u00e1s peque\u00f1a, que no contiene n\u00edquel ni cobalto. Cargar la bater\u00eda del 30 al 80% lleva unos 35 minutos con el cargador de 18 kW-DC. En casa o en una estaci\u00f3n de carga p\u00fablica, se pueden cargar hasta 11 kW. Adem\u00e1s de un [...]","og_url":"https:\/\/all-car-news.com\/es\/byd-seal-u-ahora-tambien-como-hibrido-enchufable\/","og_site_name":"All cars news","article_published_time":"2024-05-21T08:49:00+00:00","og_image":[{"url":"https:\/\/autorai.nl\/wp-content\/uploads\/2024\/05\/BYD-SEAL-U-DM-I-_DYNAMIC_1-1140x760.jpg"}],"twitter_card":"summary_large_image","twitter_misc":{"Tiempo de lectura":"3 minutos"},"schema":{"@context":"https:\/\/schema.org","@graph":[{"@type":"Article","@id":"https:\/\/all-car-news.com\/es\/byd-seal-u-ahora-tambien-como-hibrido-enchufable\/#article","isPartOf":{"@id":"https:\/\/all-car-news.com\/es\/byd-seal-u-ahora-tambien-como-hibrido-enchufable\/"},"author":{"name":"","@id":""},"headline":"BYD Seal U ahora tambi\u00e9n como h\u00edbrido enchufable","datePublished":"2024-05-21T08:49:00+00:00","dateModified":"2024-05-21T08:49:00+00:00","mainEntityOfPage":{"@id":"https:\/\/all-car-news.com\/es\/byd-seal-u-ahora-tambien-como-hibrido-enchufable\/"},"wordCount":543,"publisher":{"@id":"https:\/\/all-car-news.com\/es\/#organization"},"articleSection":["noticias de autos"],"inLanguage":"es"},{"@type":"WebPage","@id":"https:\/\/all-car-news.com\/es\/byd-seal-u-ahora-tambien-como-hibrido-enchufable\/","url":"https:\/\/all-car-news.com\/es\/byd-seal-u-ahora-tambien-como-hibrido-enchufable\/","name":"BYD Seal U ahora tambi\u00e9n como h\u00edbrido enchufable - All cars news","isPartOf":{"@id":"https:\/\/all-car-news.com\/es\/#website"},"datePublished":"2024-05-21T08:49:00+00:00","dateModified":"2024-05-21T08:49:00+00:00","breadcrumb":{"@id":"https:\/\/all-car-news.com\/es\/byd-seal-u-ahora-tambien-como-hibrido-enchufable\/#breadcrumb"},"inLanguage":"es","potentialAction":[{"@type":"ReadAction","target":["https:\/\/all-car-news.com\/es\/byd-seal-u-ahora-tambien-como-hibrido-enchufable\/"]}]},{"@type":"BreadcrumbList","@id":"https:\/\/all-car-news.com\/es\/byd-seal-u-ahora-tambien-como-hibrido-enchufable\/#breadcrumb","itemListElement":[{"@type":"ListItem","position":1,"name":"Home","item":"https:\/\/all-car-news.com\/es\/"},{"@type":"ListItem","position":2,"name":"BYD Seal U ahora tambi\u00e9n como h\u00edbrido enchufable"}]},{"@type":"WebSite","@id":"https:\/\/all-car-news.com\/es\/#website","url":"https:\/\/all-car-news.com\/es\/","name":"All cars news","description":"","publisher":{"@id":"https:\/\/all-car-news.com\/es\/#organization"},"potentialAction":[{"@type":"SearchAction","target":{"@type":"EntryPoint","urlTemplate":"https:\/\/all-car-news.com\/es\/?s={search_term_string}"},"query-input":"required name=search_term_string"}],"inLanguage":"es"},{"@type":"Organization","@id":"https:\/\/all-car-news.com\/es\/#organization","name":"All cars news","url":"https:\/\/all-car-news.com\/es\/","logo":{"@type":"ImageObject","inLanguage":"es","@id":"https:\/\/all-car-news.com\/es\/#\/schema\/logo\/image\/","url":"https:\/\/all-car-news.com\/wp-content\/uploads\/2022\/02\/CMYK-AllCarNews_LANDSCAPE_300px-1.png","contentUrl":"https:\/\/all-car-news.com\/wp-content\/uploads\/2022\/02\/CMYK-AllCarNews_LANDSCAPE_300px-1.png","width":300,"height":100,"caption":"All cars news"},"image":{"@id":"https:\/\/all-car-news.com\/es\/#\/schema\/logo\/image\/"}}]}},"_links":{"self":[{"href":"https:\/\/all-car-news.com\/es\/wp-json\/wp\/v2\/posts\/144980","targetHints":{"allow":["GET"]}}],"collection":[{"href":"https:\/\/all-car-news.com\/es\/wp-json\/wp\/v2\/posts"}],"about":[{"href":"https:\/\/all-car-news.com\/es\/wp-json\/wp\/v2\/types\/post"}],"replies":[{"embeddable":true,"href":"https:\/\/all-car-news.com\/es\/wp-json\/wp\/v2\/comments?post=144980"}],"version-history":[{"count":0,"href":"https:\/\/all-car-news.com\/es\/wp-json\/wp\/v2\/posts\/144980\/revisions"}],"wp:featuredmedia":[{"embeddable":true,"href":"https:\/\/all-car-news.com\/es\/wp-json\/wp\/v2\/media\/144963"}],"wp:attachment":[{"href":"https:\/\/all-car-news.com\/es\/wp-json\/wp\/v2\/media?parent=144980"}],"wp:term":[{"taxonomy":"category","embeddable":true,"href":"https:\/\/all-car-news.com\/es\/wp-json\/wp\/v2\/categories?post=144980"},{"taxonomy":"post_tag","embeddable":true,"href":"https:\/\/all-car-news.com\/es\/wp-json\/wp\/v2\/tags?post=144980"}],"curies":[{"name":"wp","href":"https:\/\/api.w.org\/{rel}","templated":true}]}}