{"id":143957,"date":"2024-03-29T12:44:44","date_gmt":"2024-03-29T12:44:44","guid":{"rendered":"https:\/\/all-car-news.com\/este-es-el-ultimo-volvo-con-motor-diesel\/"},"modified":"2024-03-29T12:44:44","modified_gmt":"2024-03-29T12:44:44","slug":"este-es-el-ultimo-volvo-con-motor-diesel","status":"publish","type":"post","link":"https:\/\/all-car-news.com\/es\/este-es-el-ultimo-volvo-con-motor-diesel\/","title":{"rendered":"Este es el \u00faltimo Volvo con motor diesel."},"content":{"rendered":"<h2>El Volvo XC90 di\u00e9sel se une al Volvo 244<\/h2>\n<p>Para conmemorar el momento, se realiz\u00f3 una sesi\u00f3n fotogr\u00e1fica con el primer coche di\u00e9sel de Volvo: el Volvo 244. \u00abEl acontecimiento marca un hito enorme en los 97 a\u00f1os de historia de nuestra empresa. Con este paso, damos un paso de gigante hacia nuestras ambiciones de convertirnos en un fabricante de autom\u00f3viles totalmente el\u00e9ctricos y lograr cero emisiones netas de gases de efecto invernadero en 2040\u00bb, ha declarado Volvo.<\/p>\n<h2>Era el\u00e9ctrica Volvo<\/h2>\n<p>Todos los modelos actuales de Volvo tienen una cadena cinem\u00e1tica de gasolina electrificada o son totalmente el\u00e9ctricos. La proporci\u00f3n de BEV no har\u00e1 sino aumentar. Los Volvo EX30, EC40, EX40, EX90 y EM90 son s\u00f3lo el principio de la era el\u00e9ctrica de Volvo.<\/p>\n<figure class=\"wp-block-image size-content\"><img decoding=\"async\" loading=\"lazy\" width=\"1140\" height=\"760\" src=\"https:\/\/autorai.nl\/wp-content\/uploads\/2024\/03\/volvo-xc90-diesel3-1140x760.jpg\" alt=\"Este Volvo XC90 es el \u00faltimo Volvo con motor di\u00e9sel de la historia\" class=\"wp-image-176675\"><\/figure>\n<figure class=\"wp-block-image size-content\"><img decoding=\"async\" loading=\"lazy\" width=\"1140\" height=\"760\" src=\"https:\/\/autorai.nl\/wp-content\/uploads\/2024\/03\/volvo-xc90-diesel1-1140x760.jpg\" alt=\"\" class=\"wp-image-176676\"><\/figure>\n<figure class=\"wp-block-image size-content\"><img decoding=\"async\" loading=\"lazy\" width=\"1140\" height=\"760\" src=\"https:\/\/autorai.nl\/wp-content\/uploads\/2024\/03\/volvo-xc90-diesel2-1140x760.jpg\" alt=\"Este Volvo XC90 es el \u00faltimo Volvo con motor di\u00e9sel de la historia\" class=\"wp-image-176674\"><\/figure>\n","protected":false},"excerpt":{"rendered":"El Volvo XC90 di\u00e9sel se encuentra con el Volvo 244 Para celebrar el momento, se realiz\u00f3 una sesi\u00f3n fotogr\u00e1fica con&hellip;","protected":false},"author":0,"featured_media":143929,"comment_status":"","ping_status":"open","sticky":false,"template":"","format":"standard","meta":{"footnotes":""},"categories":[129,126],"tags":[],"class_list":["post-143957","post","type-post","status-publish","format-standard","has-post-thumbnail","hentry","category-fondo","category-noticias-de-autos"],"acf":[],"yoast_head":"<!-- This site is optimized with the Yoast SEO plugin v21.2 - https:\/\/yoast.com\/wordpress\/plugins\/seo\/ -->\n<title>Este es el \u00faltimo Volvo con motor diesel. - All cars news<\/title>\n<meta name=\"robots\" content=\"index, follow, max-snippet:-1, max-image-preview:large, max-video-preview:-1\" \/>\n<link rel=\"canonical\" href=\"https:\/\/all-car-news.com\/es\/este-es-el-ultimo-volvo-con-motor-diesel\/\" \/>\n<meta property=\"og:locale\" content=\"es_ES\" \/>\n<meta property=\"og:type\" content=\"article\" \/>\n<meta property=\"og:title\" content=\"Este es el \u00faltimo Volvo con motor diesel. - All cars news\" \/>\n<meta property=\"og:description\" content=\"El Volvo XC90 di\u00e9sel se encuentra con el Volvo 244 Para celebrar el momento, se realiz\u00f3 una sesi\u00f3n fotogr\u00e1fica con el primer coche di\u00e9sel de Volvo: el Volvo 244. &quot;El acontecimiento marca un hito enorme en los 97 a\u00f1os de historia de nuestra empresa. Con este traslado, damos un paso de gigante hacia nuestras ambiciones de [...]\" \/>\n<meta property=\"og:url\" content=\"https:\/\/all-car-news.com\/es\/este-es-el-ultimo-volvo-con-motor-diesel\/\" \/>\n<meta property=\"og:site_name\" content=\"All cars news\" \/>\n<meta property=\"article:published_time\" content=\"2024-03-29T12:44:44+00:00\" \/>\n<meta property=\"og:image\" content=\"https:\/\/autorai.nl\/wp-content\/uploads\/2024\/03\/volvo-xc90-diesel3-1140x760.jpg\" \/>\n<meta name=\"twitter:card\" content=\"summary_large_image\" \/>\n<meta name=\"twitter:label1\" content=\"Tiempo de lectura\" \/>\n\t<meta name=\"twitter:data1\" content=\"1 minuto\" \/>\n<script type=\"application\/ld+json\" class=\"yoast-schema-graph\">{\"@context\":\"https:\/\/schema.org\",\"@graph\":[{\"@type\":\"Article\",\"@id\":\"https:\/\/all-car-news.com\/es\/este-es-el-ultimo-volvo-con-motor-diesel\/#article\",\"isPartOf\":{\"@id\":\"https:\/\/all-car-news.com\/es\/este-es-el-ultimo-volvo-con-motor-diesel\/\"},\"author\":{\"name\":\"\",\"@id\":\"\"},\"headline\":\"Este es el \u00faltimo Volvo con motor diesel.\",\"datePublished\":\"2024-03-29T12:44:44+00:00\",\"dateModified\":\"2024-03-29T12:44:44+00:00\",\"mainEntityOfPage\":{\"@id\":\"https:\/\/all-car-news.com\/es\/este-es-el-ultimo-volvo-con-motor-diesel\/\"},\"wordCount\":141,\"publisher\":{\"@id\":\"https:\/\/all-car-news.com\/es\/#organization\"},\"articleSection\":[\"Fondo\",\"noticias de autos\"],\"inLanguage\":\"es\"},{\"@type\":\"WebPage\",\"@id\":\"https:\/\/all-car-news.com\/es\/este-es-el-ultimo-volvo-con-motor-diesel\/\",\"url\":\"https:\/\/all-car-news.com\/es\/este-es-el-ultimo-volvo-con-motor-diesel\/\",\"name\":\"Este es el \u00faltimo Volvo con motor diesel. - All cars news\",\"isPartOf\":{\"@id\":\"https:\/\/all-car-news.com\/es\/#website\"},\"datePublished\":\"2024-03-29T12:44:44+00:00\",\"dateModified\":\"2024-03-29T12:44:44+00:00\",\"breadcrumb\":{\"@id\":\"https:\/\/all-car-news.com\/es\/este-es-el-ultimo-volvo-con-motor-diesel\/#breadcrumb\"},\"inLanguage\":\"es\",\"potentialAction\":[{\"@type\":\"ReadAction\",\"target\":[\"https:\/\/all-car-news.com\/es\/este-es-el-ultimo-volvo-con-motor-diesel\/\"]}]},{\"@type\":\"BreadcrumbList\",\"@id\":\"https:\/\/all-car-news.com\/es\/este-es-el-ultimo-volvo-con-motor-diesel\/#breadcrumb\",\"itemListElement\":[{\"@type\":\"ListItem\",\"position\":1,\"name\":\"Home\",\"item\":\"https:\/\/all-car-news.com\/es\/\"},{\"@type\":\"ListItem\",\"position\":2,\"name\":\"Este es el \u00faltimo Volvo con motor diesel.\"}]},{\"@type\":\"WebSite\",\"@id\":\"https:\/\/all-car-news.com\/es\/#website\",\"url\":\"https:\/\/all-car-news.com\/es\/\",\"name\":\"All cars news\",\"description\":\"\",\"publisher\":{\"@id\":\"https:\/\/all-car-news.com\/es\/#organization\"},\"potentialAction\":[{\"@type\":\"SearchAction\",\"target\":{\"@type\":\"EntryPoint\",\"urlTemplate\":\"https:\/\/all-car-news.com\/es\/?s={search_term_string}\"},\"query-input\":\"required name=search_term_string\"}],\"inLanguage\":\"es\"},{\"@type\":\"Organization\",\"@id\":\"https:\/\/all-car-news.com\/es\/#organization\",\"name\":\"All cars news\",\"url\":\"https:\/\/all-car-news.com\/es\/\",\"logo\":{\"@type\":\"ImageObject\",\"inLanguage\":\"es\",\"@id\":\"https:\/\/all-car-news.com\/es\/#\/schema\/logo\/image\/\",\"url\":\"https:\/\/all-car-news.com\/wp-content\/uploads\/2022\/02\/CMYK-AllCarNews_LANDSCAPE_300px-1.png\",\"contentUrl\":\"https:\/\/all-car-news.com\/wp-content\/uploads\/2022\/02\/CMYK-AllCarNews_LANDSCAPE_300px-1.png\",\"width\":300,\"height\":100,\"caption\":\"All cars news\"},\"image\":{\"@id\":\"https:\/\/all-car-news.com\/es\/#\/schema\/logo\/image\/\"}}]}<\/script>\n<!-- \/ Yoast SEO plugin. -->","yoast_head_json":{"title":"Este es el \u00faltimo Volvo con motor diesel. - All cars news","robots":{"index":"index","follow":"follow","max-snippet":"max-snippet:-1","max-image-preview":"max-image-preview:large","max-video-preview":"max-video-preview:-1"},"canonical":"https:\/\/all-car-news.com\/es\/este-es-el-ultimo-volvo-con-motor-diesel\/","og_locale":"es_ES","og_type":"article","og_title":"Este es el \u00faltimo Volvo con motor diesel. - All cars news","og_description":"El Volvo XC90 di\u00e9sel se encuentra con el Volvo 244 Para celebrar el momento, se realiz\u00f3 una sesi\u00f3n fotogr\u00e1fica con el primer coche di\u00e9sel de Volvo: el Volvo 244. \"El acontecimiento marca un hito enorme en los 97 a\u00f1os de historia de nuestra empresa. Con este traslado, damos un paso de gigante hacia nuestras ambiciones de [...]","og_url":"https:\/\/all-car-news.com\/es\/este-es-el-ultimo-volvo-con-motor-diesel\/","og_site_name":"All cars news","article_published_time":"2024-03-29T12:44:44+00:00","og_image":[{"url":"https:\/\/autorai.nl\/wp-content\/uploads\/2024\/03\/volvo-xc90-diesel3-1140x760.jpg"}],"twitter_card":"summary_large_image","twitter_misc":{"Tiempo de lectura":"1 minuto"},"schema":{"@context":"https:\/\/schema.org","@graph":[{"@type":"Article","@id":"https:\/\/all-car-news.com\/es\/este-es-el-ultimo-volvo-con-motor-diesel\/#article","isPartOf":{"@id":"https:\/\/all-car-news.com\/es\/este-es-el-ultimo-volvo-con-motor-diesel\/"},"author":{"name":"","@id":""},"headline":"Este es el \u00faltimo Volvo con motor diesel.","datePublished":"2024-03-29T12:44:44+00:00","dateModified":"2024-03-29T12:44:44+00:00","mainEntityOfPage":{"@id":"https:\/\/all-car-news.com\/es\/este-es-el-ultimo-volvo-con-motor-diesel\/"},"wordCount":141,"publisher":{"@id":"https:\/\/all-car-news.com\/es\/#organization"},"articleSection":["Fondo","noticias de autos"],"inLanguage":"es"},{"@type":"WebPage","@id":"https:\/\/all-car-news.com\/es\/este-es-el-ultimo-volvo-con-motor-diesel\/","url":"https:\/\/all-car-news.com\/es\/este-es-el-ultimo-volvo-con-motor-diesel\/","name":"Este es el \u00faltimo Volvo con motor diesel. - All cars news","isPartOf":{"@id":"https:\/\/all-car-news.com\/es\/#website"},"datePublished":"2024-03-29T12:44:44+00:00","dateModified":"2024-03-29T12:44:44+00:00","breadcrumb":{"@id":"https:\/\/all-car-news.com\/es\/este-es-el-ultimo-volvo-con-motor-diesel\/#breadcrumb"},"inLanguage":"es","potentialAction":[{"@type":"ReadAction","target":["https:\/\/all-car-news.com\/es\/este-es-el-ultimo-volvo-con-motor-diesel\/"]}]},{"@type":"BreadcrumbList","@id":"https:\/\/all-car-news.com\/es\/este-es-el-ultimo-volvo-con-motor-diesel\/#breadcrumb","itemListElement":[{"@type":"ListItem","position":1,"name":"Home","item":"https:\/\/all-car-news.com\/es\/"},{"@type":"ListItem","position":2,"name":"Este es el \u00faltimo Volvo con motor diesel."}]},{"@type":"WebSite","@id":"https:\/\/all-car-news.com\/es\/#website","url":"https:\/\/all-car-news.com\/es\/","name":"All cars news","description":"","publisher":{"@id":"https:\/\/all-car-news.com\/es\/#organization"},"potentialAction":[{"@type":"SearchAction","target":{"@type":"EntryPoint","urlTemplate":"https:\/\/all-car-news.com\/es\/?s={search_term_string}"},"query-input":"required name=search_term_string"}],"inLanguage":"es"},{"@type":"Organization","@id":"https:\/\/all-car-news.com\/es\/#organization","name":"All cars news","url":"https:\/\/all-car-news.com\/es\/","logo":{"@type":"ImageObject","inLanguage":"es","@id":"https:\/\/all-car-news.com\/es\/#\/schema\/logo\/image\/","url":"https:\/\/all-car-news.com\/wp-content\/uploads\/2022\/02\/CMYK-AllCarNews_LANDSCAPE_300px-1.png","contentUrl":"https:\/\/all-car-news.com\/wp-content\/uploads\/2022\/02\/CMYK-AllCarNews_LANDSCAPE_300px-1.png","width":300,"height":100,"caption":"All cars news"},"image":{"@id":"https:\/\/all-car-news.com\/es\/#\/schema\/logo\/image\/"}}]}},"_links":{"self":[{"href":"https:\/\/all-car-news.com\/es\/wp-json\/wp\/v2\/posts\/143957","targetHints":{"allow":["GET"]}}],"collection":[{"href":"https:\/\/all-car-news.com\/es\/wp-json\/wp\/v2\/posts"}],"about":[{"href":"https:\/\/all-car-news.com\/es\/wp-json\/wp\/v2\/types\/post"}],"replies":[{"embeddable":true,"href":"https:\/\/all-car-news.com\/es\/wp-json\/wp\/v2\/comments?post=143957"}],"version-history":[{"count":0,"href":"https:\/\/all-car-news.com\/es\/wp-json\/wp\/v2\/posts\/143957\/revisions"}],"wp:featuredmedia":[{"embeddable":true,"href":"https:\/\/all-car-news.com\/es\/wp-json\/wp\/v2\/media\/143929"}],"wp:attachment":[{"href":"https:\/\/all-car-news.com\/es\/wp-json\/wp\/v2\/media?parent=143957"}],"wp:term":[{"taxonomy":"category","embeddable":true,"href":"https:\/\/all-car-news.com\/es\/wp-json\/wp\/v2\/categories?post=143957"},{"taxonomy":"post_tag","embeddable":true,"href":"https:\/\/all-car-news.com\/es\/wp-json\/wp\/v2\/tags?post=143957"}],"curies":[{"name":"wp","href":"https:\/\/api.w.org\/{rel}","templated":true}]}}