{"id":143880,"date":"2024-03-27T12:18:28","date_gmt":"2024-03-27T12:18:28","guid":{"rendered":"https:\/\/all-car-news.com\/volvo-ya-esta-resolviendo-la-fuente-de-molestias-ex30\/"},"modified":"2024-03-27T12:18:28","modified_gmt":"2024-03-27T12:18:28","slug":"volvo-ya-esta-resolviendo-la-fuente-de-molestias-ex30","status":"publish","type":"post","link":"https:\/\/all-car-news.com\/es\/volvo-ya-esta-resolviendo-la-fuente-de-molestias-ex30\/","title":{"rendered":"Volvo ya est\u00e1 resolviendo la fuente de molestias EX30"},"content":{"rendered":"<h2>Molestia resuelta<\/h2>\n<p>Para ir al grano: El volante del nuevo modelo incorpora botones de dise\u00f1o m\u00e1s claro para mejorar la experiencia del usuario. Con el tipo saliente, esos botones son bastante oscuros. As\u00ed que ese problema ya se ha solucionado. Tambi\u00e9n destacable: el distintivo EX30 se traslada del pilar C al port\u00f3n trasero.<\/p>\n<h2>Ajustes<\/h2>\n<p>Volvo introduce el Azul Nube como nuevo color de serie para el EX30, mientras que el Gris Vapor se ofrece ahora como color opcional con un coste de 795 euros. Para los interesados en la versi\u00f3n Plus del EX30, hay buenas noticias: el Pack Asientos El\u00e9ctricos, con asientos delanteros ajustables el\u00e9ctricamente, ya est\u00e1 disponible por 795 euros. Esto permite pedir este paquete conservando la subvenci\u00f3n SEPP.  <\/p>\n<figure class=\"wp-block-image size-full\"><img decoding=\"async\" loading=\"lazy\" width=\"1005\" height=\"666\" src=\"https:\/\/autorai.nl\/wp-content\/uploads\/2024\/03\/volvo-ex30-modeljaar-2025-foto1.jpg\" alt=\"Botones normales en el volante del Volvo EX30\" class=\"wp-image-176433\"><\/figure>\n<h2>Elecci\u00f3n adicional<\/h2>\n<p>Buenas noticias tambi\u00e9n en cuanto a la ampliaci\u00f3n de las opciones de combinaciones interiores y exteriores. Esto da a los clientes m\u00e1s libertad para personalizar su coche. Por ejemplo, el llamativo color exterior Amarillo Musgo est\u00e1 ahora disponible en combinaci\u00f3n con la tapicer\u00eda \u00cdndigo.<\/p>\n<h2>Fabricaci\u00f3n en Gante<\/h2>\n<p>En respuesta a la gran demanda del veh\u00edculo, Volvo Cars ha decidido recientemente empezar a construir el nuevo Volvo EX30 totalmente el\u00e9ctrico en su f\u00e1brica de Gante (B\u00e9lgica) a partir de 2025, ampliando as\u00ed la capacidad de producci\u00f3n del EX30. Para el nuevo a\u00f1o modelo, los precios al consumo del Volvo EX30 se mantienen sin cambios. El precio de partida sigue siendo el mismo: desde 36.795 euros.<\/p>\n<h2>SEPP<\/h2>\n<p>De este modo, hasta cuatro espect\u00e1culos pueden optar a\u00fan a las subvenciones del SEPP. El atractivo precio de partida del Volvo EX30 tambi\u00e9n significa que los clientes obtienen un SUV premium totalmente el\u00e9ctrico a un precio similar al de un equivalente con motor de combusti\u00f3n. La suscripci\u00f3n flexible a Care by Volvo, con precios fijos y un proceso de pedido transparente, facilita el pedido del Volvo EX30.<\/p>\n<div class=\"galery shuffle galery-0\">\n<figure>\n\t\t\t\t\t<span style=\"cursor: pointer\" data-src=\"https:\/\/autorai.nl\/wp-content\/uploads\/2024\/03\/volvo-ex30-modeljaar-2025-foto1.jpg\" data-fancybox=\"galery-0\" title=\"\"><br \/>\n\t\t\t\t\t\t\t<img decoding=\"async\" width=\"640\" height=\"480\" src=\"https:\/\/autorai.nl\/wp-content\/uploads\/2024\/03\/volvo-ex30-modeljaar-2025-foto1-640x480.jpg\" class=\"attachment-medium size-medium\" alt=\"Botones normales en el volante del Volvo EX30\" loading=\"lazy\"><i class=\"fa fa-search-plus\" aria-hidden=\"true\"><\/i><br \/>\n\t\t\t\t\t\t<\/span><br \/>\n\t\t\t\t\t<\/figure>\n<figure>\n\t\t\t\t\t<span style=\"cursor: pointer\" data-src=\"https:\/\/autorai.nl\/wp-content\/uploads\/2024\/03\/volvo-ex30-modeljaar-2025-update-foto5-1600x1000.jpg\" data-fancybox=\"galery-0\" title=\"\"><br \/>\n\t\t\t\t\t\t\t<img decoding=\"async\" width=\"360\" height=\"270\" src=\"https:\/\/autorai.nl\/wp-content\/uploads\/2024\/03\/volvo-ex30-modeljaar-2025-update-foto5-360x270.jpg\" class=\"attachment-small size-small\" alt=\"\" loading=\"lazy\"><i class=\"fa fa-search-plus\" aria-hidden=\"true\"><\/i><br \/>\n\t\t\t\t\t\t<\/span><br \/>\n\t\t\t\t\t<\/figure>\n<figure>\n\t\t\t\t\t<span style=\"cursor: pointer\" data-src=\"https:\/\/autorai.nl\/wp-content\/uploads\/2024\/03\/volvo-ex30-modeljaar-2025-update-foto4-1600x1000.jpg\" data-fancybox=\"galery-0\" title=\"\"><br \/>\n\t\t\t\t\t\t\t<img decoding=\"async\" width=\"360\" height=\"270\" src=\"https:\/\/autorai.nl\/wp-content\/uploads\/2024\/03\/volvo-ex30-modeljaar-2025-update-foto4-360x270.jpg\" class=\"attachment-small size-small\" alt=\"\" loading=\"lazy\"><i class=\"fa fa-search-plus\" aria-hidden=\"true\"><\/i><br \/>\n\t\t\t\t\t\t<\/span><br \/>\n\t\t\t\t\t<\/figure>\n<figure>\n\t\t\t\t\t<span style=\"cursor: pointer\" data-src=\"https:\/\/autorai.nl\/wp-content\/uploads\/2024\/03\/volvo-ex30-modeljaar-2025-update-foto3-1600x1000.jpg\" data-fancybox=\"galery-0\" title=\"\"><br \/>\n\t\t\t\t\t\t\t<img decoding=\"async\" width=\"640\" height=\"480\" src=\"https:\/\/autorai.nl\/wp-content\/uploads\/2024\/03\/volvo-ex30-modeljaar-2025-update-foto3-640x480.jpg\" class=\"attachment-medium size-medium\" alt=\"\" loading=\"lazy\"><i class=\"fa fa-search-plus\" aria-hidden=\"true\"><\/i><br \/>\n\t\t\t\t\t\t<\/span><br \/>\n\t\t\t\t\t<\/figure>\n<figure>\n\t\t\t\t\t<span style=\"cursor: pointer\" data-src=\"https:\/\/autorai.nl\/wp-content\/uploads\/2024\/03\/volvo-ex30-modeljaar-2025-update-foto2-1600x1000.jpg\" data-fancybox=\"galery-0\" title=\"\"><br \/>\n\t\t\t\t\t\t\t<img decoding=\"async\" width=\"360\" height=\"270\" src=\"https:\/\/autorai.nl\/wp-content\/uploads\/2024\/03\/volvo-ex30-modeljaar-2025-update-foto2-360x270.jpg\" class=\"attachment-small size-small\" alt=\"\" loading=\"lazy\"><i class=\"fa fa-search-plus\" aria-hidden=\"true\"><\/i><br \/>\n\t\t\t\t\t\t<\/span><br \/>\n\t\t\t\t\t<\/figure>\n<figure>\n\t\t\t\t\t<span style=\"cursor: pointer\" data-src=\"https:\/\/autorai.nl\/wp-content\/uploads\/2024\/03\/volvo-ex30-modeljaar-2025-foto18-1600x1200.jpg\" data-fancybox=\"galery-0\" title=\"Exterior del Volvo EX30\"><br \/>\n\t\t\t\t\t\t\t<img decoding=\"async\" width=\"360\" height=\"270\" src=\"https:\/\/autorai.nl\/wp-content\/uploads\/2024\/03\/volvo-ex30-modeljaar-2025-foto18-360x270.jpg\" class=\"attachment-small size-small\" alt=\"Volvo EX30 MY2025\" loading=\"lazy\"><i class=\"fa fa-search-plus\" aria-hidden=\"true\"><\/i><br \/>\n\t\t\t\t\t\t<\/span><br \/>\n\t\t\t\t\t<\/figure>\n<figure>\n\t\t\t\t\t<span style=\"cursor: pointer\" data-src=\"https:\/\/autorai.nl\/wp-content\/uploads\/2024\/03\/volvo-ex30-modeljaar-2025-foto17-1600x1200.jpg\" data-fancybox=\"galery-0\" title=\"Exterior del Volvo EX30\"><br \/>\n\t\t\t\t\t\t\t<img decoding=\"async\" width=\"640\" height=\"480\" src=\"https:\/\/autorai.nl\/wp-content\/uploads\/2024\/03\/volvo-ex30-modeljaar-2025-foto17-640x480.jpg\" class=\"attachment-medium size-medium\" alt=\"\" loading=\"lazy\"><i class=\"fa fa-search-plus\" aria-hidden=\"true\"><\/i><br \/>\n\t\t\t\t\t\t<\/span><br \/>\n\t\t\t\t\t<\/figure>\n<figure>\n\t\t\t\t\t<span style=\"cursor: pointer\" data-src=\"https:\/\/autorai.nl\/wp-content\/uploads\/2024\/03\/volvo-ex30-modeljaar-2025-foto16-1600x1200.jpg\" data-fancybox=\"galery-0\" title=\"Exterior del Volvo EX30\"><br \/>\n\t\t\t\t\t\t\t<img decoding=\"async\" width=\"360\" height=\"270\" src=\"https:\/\/autorai.nl\/wp-content\/uploads\/2024\/03\/volvo-ex30-modeljaar-2025-foto16-360x270.jpg\" class=\"attachment-small size-small\" alt=\"\" loading=\"lazy\"><i class=\"fa fa-search-plus\" aria-hidden=\"true\"><\/i><br \/>\n\t\t\t\t\t\t<\/span><br \/>\n\t\t\t\t\t<\/figure>\n<figure>\n\t\t\t\t\t<span style=\"cursor: pointer\" data-src=\"https:\/\/autorai.nl\/wp-content\/uploads\/2024\/03\/volvo-ex30-modeljaar-2025-foto5-1600x900.jpg\" data-fancybox=\"galery-0\" title=\"\"><br \/>\n\t\t\t\t\t\t\t<img decoding=\"async\" width=\"360\" height=\"270\" src=\"https:\/\/autorai.nl\/wp-content\/uploads\/2024\/03\/volvo-ex30-modeljaar-2025-foto5-360x270.jpg\" class=\"attachment-small size-small\" alt=\"\" loading=\"lazy\"><i class=\"fa fa-search-plus\" aria-hidden=\"true\"><\/i><br \/>\n\t\t\t\t\t\t<\/span><br \/>\n\t\t\t\t\t<\/figure>\n<figure>\n\t\t\t\t\t<span style=\"cursor: pointer\" data-src=\"https:\/\/autorai.nl\/wp-content\/uploads\/2024\/03\/volvo-ex30-modeljaar-2025-foto2-1600x900.jpg\" data-fancybox=\"galery-0\" title=\"\"><br \/>\n\t\t\t\t\t\t\t<img decoding=\"async\" width=\"640\" height=\"480\" src=\"https:\/\/autorai.nl\/wp-content\/uploads\/2024\/03\/volvo-ex30-modeljaar-2025-foto2-640x480.jpg\" class=\"attachment-medium size-medium\" alt=\"\" loading=\"lazy\"><i class=\"fa fa-search-plus\" aria-hidden=\"true\"><\/i><br \/>\n\t\t\t\t\t\t<\/span><br \/>\n\t\t\t\t\t<\/figure>\n<figure>\n\t\t\t\t\t<span style=\"cursor: pointer\" data-src=\"https:\/\/autorai.nl\/wp-content\/uploads\/2024\/03\/volvo-ex30-modeljaar-2025-update-foto7-1600x1000.jpg\" data-fancybox=\"galery-0\" title=\"\"><br \/>\n\t\t\t\t\t\t\t<img decoding=\"async\" width=\"360\" height=\"270\" src=\"https:\/\/autorai.nl\/wp-content\/uploads\/2024\/03\/volvo-ex30-modeljaar-2025-update-foto7-360x270.jpg\" class=\"attachment-small size-small\" alt=\"\" loading=\"lazy\"><i class=\"fa fa-search-plus\" aria-hidden=\"true\"><\/i><br \/>\n\t\t\t\t\t\t<\/span><br \/>\n\t\t\t\t\t<\/figure>\n<figure>\n\t\t\t\t\t<span style=\"cursor: pointer\" data-src=\"https:\/\/autorai.nl\/wp-content\/uploads\/2024\/03\/volvo-ex30-modeljaar-2025-update-foto6-1600x1000.jpg\" data-fancybox=\"galery-0\" title=\"\"><br \/>\n\t\t\t\t\t\t\t<img decoding=\"async\" width=\"360\" height=\"270\" src=\"https:\/\/autorai.nl\/wp-content\/uploads\/2024\/03\/volvo-ex30-modeljaar-2025-update-foto6-360x270.jpg\" class=\"attachment-small size-small\" alt=\"\" loading=\"lazy\"><i class=\"fa fa-search-plus\" aria-hidden=\"true\"><\/i><br \/>\n\t\t\t\t\t\t<\/span><br \/>\n\t\t\t\t\t<\/figure>\n<figure>\n\t\t\t\t\t<span style=\"cursor: pointer\" data-src=\"https:\/\/autorai.nl\/wp-content\/uploads\/2024\/03\/volvo-ex30-modeljaar-2025-update-foto8-1600x1000.jpg\" data-fancybox=\"galery-0\" title=\"\"><br \/>\n\t\t\t\t\t\t\t<img decoding=\"async\" width=\"640\" height=\"480\" src=\"https:\/\/autorai.nl\/wp-content\/uploads\/2024\/03\/volvo-ex30-modeljaar-2025-update-foto8-640x480.jpg\" class=\"attachment-medium size-medium\" alt=\"\" loading=\"lazy\"><i class=\"fa fa-search-plus\" aria-hidden=\"true\"><\/i><br \/>\n\t\t\t\t\t\t<\/span><br \/>\n\t\t\t\t\t<\/figure>\n<figure>\n\t\t\t\t\t<span style=\"cursor: pointer\" data-src=\"https:\/\/autorai.nl\/wp-content\/uploads\/2024\/03\/volvo-ex30-modeljaar-2025-update-foto1-1600x1000.jpg\" data-fancybox=\"galery-0\" title=\"\"><br \/>\n\t\t\t\t\t\t\t<img decoding=\"async\" width=\"360\" height=\"270\" src=\"https:\/\/autorai.nl\/wp-content\/uploads\/2024\/03\/volvo-ex30-modeljaar-2025-update-foto1-360x270.jpg\" class=\"attachment-small size-small\" alt=\"\" loading=\"lazy\"><i class=\"fa fa-search-plus\" aria-hidden=\"true\"><\/i><br \/>\n\t\t\t\t\t\t<\/span><br \/>\n\t\t\t\t\t<\/figure>\n<figure>\n\t\t\t\t\t<span style=\"cursor: pointer\" data-src=\"https:\/\/autorai.nl\/wp-content\/uploads\/2024\/03\/volvo-ex30-modeljaar-2025-update-foto12-1600x1000.jpg\" data-fancybox=\"galery-0\" title=\"\"><br \/>\n\t\t\t\t\t\t\t<img decoding=\"async\" width=\"360\" height=\"270\" src=\"https:\/\/autorai.nl\/wp-content\/uploads\/2024\/03\/volvo-ex30-modeljaar-2025-update-foto12-360x270.jpg\" class=\"attachment-small size-small\" alt=\"\" loading=\"lazy\"><i class=\"fa fa-search-plus\" aria-hidden=\"true\"><\/i><br \/>\n\t\t\t\t\t\t<\/span><br \/>\n\t\t\t\t\t<\/figure>\n<figure>\n\t\t\t\t\t<span style=\"cursor: pointer\" data-src=\"https:\/\/autorai.nl\/wp-content\/uploads\/2024\/03\/volvo-ex30-modeljaar-2025-update-foto11-1600x1000.jpg\" data-fancybox=\"galery-0\" title=\"\"><br \/>\n\t\t\t\t\t\t\t<img decoding=\"async\" width=\"640\" height=\"480\" src=\"https:\/\/autorai.nl\/wp-content\/uploads\/2024\/03\/volvo-ex30-modeljaar-2025-update-foto11-640x480.jpg\" class=\"attachment-medium size-medium\" alt=\"\" loading=\"lazy\"><i class=\"fa fa-search-plus\" aria-hidden=\"true\"><\/i><br \/>\n\t\t\t\t\t\t<\/span><br \/>\n\t\t\t\t\t<\/figure>\n<figure>\n\t\t\t\t\t<span style=\"cursor: pointer\" data-src=\"https:\/\/autorai.nl\/wp-content\/uploads\/2024\/03\/volvo-ex30-modeljaar-2025-update-foto10-1600x1000.jpg\" data-fancybox=\"galery-0\" title=\"\"><br \/>\n\t\t\t\t\t\t\t<img decoding=\"async\" width=\"360\" height=\"270\" src=\"https:\/\/autorai.nl\/wp-content\/uploads\/2024\/03\/volvo-ex30-modeljaar-2025-update-foto10-360x270.jpg\" class=\"attachment-small size-small\" alt=\"\" loading=\"lazy\"><i class=\"fa fa-search-plus\" aria-hidden=\"true\"><\/i><br \/>\n\t\t\t\t\t\t<\/span><br \/>\n\t\t\t\t\t<\/figure>\n<figure>\n\t\t\t\t\t<span style=\"cursor: pointer\" data-src=\"https:\/\/autorai.nl\/wp-content\/uploads\/2024\/03\/volvo-ex30-modeljaar-2025-update-foto9-1600x1000.jpg\" data-fancybox=\"galery-0\" title=\"\"><br \/>\n\t\t\t\t\t\t\t<img decoding=\"async\" width=\"360\" height=\"270\" src=\"https:\/\/autorai.nl\/wp-content\/uploads\/2024\/03\/volvo-ex30-modeljaar-2025-update-foto9-360x270.jpg\" class=\"attachment-small size-small\" alt=\"\" loading=\"lazy\"><i class=\"fa fa-search-plus\" aria-hidden=\"true\"><\/i><br \/>\n\t\t\t\t\t\t<\/span><br \/>\n\t\t\t\t\t<\/figure>\n<div class=\"clear\"><\/div>\n<\/div>\n","protected":false},"excerpt":{"rendered":"Molestia resuelta Para ir al grano: El volante del nuevo modelo incorpora botones con un dise\u00f1o m\u00e1s claro para mejorar&hellip;","protected":false},"author":0,"featured_media":143859,"comment_status":"","ping_status":"open","sticky":false,"template":"","format":"standard","meta":{"footnotes":""},"categories":[126],"tags":[],"class_list":["post-143880","post","type-post","status-publish","format-standard","has-post-thumbnail","hentry","category-noticias-de-autos"],"acf":[],"yoast_head":"<!-- This site is optimized with the Yoast SEO plugin v21.2 - https:\/\/yoast.com\/wordpress\/plugins\/seo\/ -->\n<title>Volvo ya est\u00e1 resolviendo la fuente de molestias EX30 - All cars news<\/title>\n<meta name=\"robots\" content=\"index, follow, max-snippet:-1, max-image-preview:large, max-video-preview:-1\" \/>\n<link rel=\"canonical\" href=\"https:\/\/all-car-news.com\/es\/volvo-ya-esta-resolviendo-la-fuente-de-molestias-ex30\/\" \/>\n<meta property=\"og:locale\" content=\"es_ES\" \/>\n<meta property=\"og:type\" content=\"article\" \/>\n<meta property=\"og:title\" content=\"Volvo ya est\u00e1 resolviendo la fuente de molestias EX30 - All cars news\" \/>\n<meta property=\"og:description\" content=\"Molestia resuelta Para ir al grano: El volante del nuevo modelo incorpora botones con un dise\u00f1o m\u00e1s claro para mejorar la experiencia del usuario. Con el tipo saliente, esos botones son bastante oscuros. As\u00ed que ese problema ya se ha solucionado. Tambi\u00e9n destacable: el distintivo EX30 se traslada del pilar C al port\u00f3n trasero. Ajustes Nube [...]\" \/>\n<meta property=\"og:url\" content=\"https:\/\/all-car-news.com\/es\/volvo-ya-esta-resolviendo-la-fuente-de-molestias-ex30\/\" \/>\n<meta property=\"og:site_name\" content=\"All cars news\" \/>\n<meta property=\"article:published_time\" content=\"2024-03-27T12:18:28+00:00\" \/>\n<meta property=\"og:image\" content=\"https:\/\/autorai.nl\/wp-content\/uploads\/2024\/03\/volvo-ex30-modeljaar-2025-foto1.jpg\" \/>\n<meta name=\"twitter:card\" content=\"summary_large_image\" \/>\n<meta name=\"twitter:label1\" content=\"Tiempo de lectura\" \/>\n\t<meta name=\"twitter:data1\" content=\"2 minutos\" \/>\n<script type=\"application\/ld+json\" class=\"yoast-schema-graph\">{\"@context\":\"https:\/\/schema.org\",\"@graph\":[{\"@type\":\"Article\",\"@id\":\"https:\/\/all-car-news.com\/es\/volvo-ya-esta-resolviendo-la-fuente-de-molestias-ex30\/#article\",\"isPartOf\":{\"@id\":\"https:\/\/all-car-news.com\/es\/volvo-ya-esta-resolviendo-la-fuente-de-molestias-ex30\/\"},\"author\":{\"name\":\"\",\"@id\":\"\"},\"headline\":\"Volvo ya est\u00e1 resolviendo la fuente de molestias EX30\",\"datePublished\":\"2024-03-27T12:18:28+00:00\",\"dateModified\":\"2024-03-27T12:18:28+00:00\",\"mainEntityOfPage\":{\"@id\":\"https:\/\/all-car-news.com\/es\/volvo-ya-esta-resolviendo-la-fuente-de-molestias-ex30\/\"},\"wordCount\":336,\"publisher\":{\"@id\":\"https:\/\/all-car-news.com\/es\/#organization\"},\"articleSection\":[\"noticias de autos\"],\"inLanguage\":\"es\"},{\"@type\":\"WebPage\",\"@id\":\"https:\/\/all-car-news.com\/es\/volvo-ya-esta-resolviendo-la-fuente-de-molestias-ex30\/\",\"url\":\"https:\/\/all-car-news.com\/es\/volvo-ya-esta-resolviendo-la-fuente-de-molestias-ex30\/\",\"name\":\"Volvo ya est\u00e1 resolviendo la fuente de molestias EX30 - All cars news\",\"isPartOf\":{\"@id\":\"https:\/\/all-car-news.com\/es\/#website\"},\"datePublished\":\"2024-03-27T12:18:28+00:00\",\"dateModified\":\"2024-03-27T12:18:28+00:00\",\"breadcrumb\":{\"@id\":\"https:\/\/all-car-news.com\/es\/volvo-ya-esta-resolviendo-la-fuente-de-molestias-ex30\/#breadcrumb\"},\"inLanguage\":\"es\",\"potentialAction\":[{\"@type\":\"ReadAction\",\"target\":[\"https:\/\/all-car-news.com\/es\/volvo-ya-esta-resolviendo-la-fuente-de-molestias-ex30\/\"]}]},{\"@type\":\"BreadcrumbList\",\"@id\":\"https:\/\/all-car-news.com\/es\/volvo-ya-esta-resolviendo-la-fuente-de-molestias-ex30\/#breadcrumb\",\"itemListElement\":[{\"@type\":\"ListItem\",\"position\":1,\"name\":\"Home\",\"item\":\"https:\/\/all-car-news.com\/es\/\"},{\"@type\":\"ListItem\",\"position\":2,\"name\":\"Volvo ya est\u00e1 resolviendo la fuente de molestias EX30\"}]},{\"@type\":\"WebSite\",\"@id\":\"https:\/\/all-car-news.com\/es\/#website\",\"url\":\"https:\/\/all-car-news.com\/es\/\",\"name\":\"All cars news\",\"description\":\"\",\"publisher\":{\"@id\":\"https:\/\/all-car-news.com\/es\/#organization\"},\"potentialAction\":[{\"@type\":\"SearchAction\",\"target\":{\"@type\":\"EntryPoint\",\"urlTemplate\":\"https:\/\/all-car-news.com\/es\/?s={search_term_string}\"},\"query-input\":\"required name=search_term_string\"}],\"inLanguage\":\"es\"},{\"@type\":\"Organization\",\"@id\":\"https:\/\/all-car-news.com\/es\/#organization\",\"name\":\"All cars news\",\"url\":\"https:\/\/all-car-news.com\/es\/\",\"logo\":{\"@type\":\"ImageObject\",\"inLanguage\":\"es\",\"@id\":\"https:\/\/all-car-news.com\/es\/#\/schema\/logo\/image\/\",\"url\":\"https:\/\/all-car-news.com\/wp-content\/uploads\/2022\/02\/CMYK-AllCarNews_LANDSCAPE_300px-1.png\",\"contentUrl\":\"https:\/\/all-car-news.com\/wp-content\/uploads\/2022\/02\/CMYK-AllCarNews_LANDSCAPE_300px-1.png\",\"width\":300,\"height\":100,\"caption\":\"All cars news\"},\"image\":{\"@id\":\"https:\/\/all-car-news.com\/es\/#\/schema\/logo\/image\/\"}}]}<\/script>\n<!-- \/ Yoast SEO plugin. -->","yoast_head_json":{"title":"Volvo ya est\u00e1 resolviendo la fuente de molestias EX30 - All cars news","robots":{"index":"index","follow":"follow","max-snippet":"max-snippet:-1","max-image-preview":"max-image-preview:large","max-video-preview":"max-video-preview:-1"},"canonical":"https:\/\/all-car-news.com\/es\/volvo-ya-esta-resolviendo-la-fuente-de-molestias-ex30\/","og_locale":"es_ES","og_type":"article","og_title":"Volvo ya est\u00e1 resolviendo la fuente de molestias EX30 - All cars news","og_description":"Molestia resuelta Para ir al grano: El volante del nuevo modelo incorpora botones con un dise\u00f1o m\u00e1s claro para mejorar la experiencia del usuario. Con el tipo saliente, esos botones son bastante oscuros. As\u00ed que ese problema ya se ha solucionado. Tambi\u00e9n destacable: el distintivo EX30 se traslada del pilar C al port\u00f3n trasero. Ajustes Nube [...]","og_url":"https:\/\/all-car-news.com\/es\/volvo-ya-esta-resolviendo-la-fuente-de-molestias-ex30\/","og_site_name":"All cars news","article_published_time":"2024-03-27T12:18:28+00:00","og_image":[{"url":"https:\/\/autorai.nl\/wp-content\/uploads\/2024\/03\/volvo-ex30-modeljaar-2025-foto1.jpg"}],"twitter_card":"summary_large_image","twitter_misc":{"Tiempo de lectura":"2 minutos"},"schema":{"@context":"https:\/\/schema.org","@graph":[{"@type":"Article","@id":"https:\/\/all-car-news.com\/es\/volvo-ya-esta-resolviendo-la-fuente-de-molestias-ex30\/#article","isPartOf":{"@id":"https:\/\/all-car-news.com\/es\/volvo-ya-esta-resolviendo-la-fuente-de-molestias-ex30\/"},"author":{"name":"","@id":""},"headline":"Volvo ya est\u00e1 resolviendo la fuente de molestias EX30","datePublished":"2024-03-27T12:18:28+00:00","dateModified":"2024-03-27T12:18:28+00:00","mainEntityOfPage":{"@id":"https:\/\/all-car-news.com\/es\/volvo-ya-esta-resolviendo-la-fuente-de-molestias-ex30\/"},"wordCount":336,"publisher":{"@id":"https:\/\/all-car-news.com\/es\/#organization"},"articleSection":["noticias de autos"],"inLanguage":"es"},{"@type":"WebPage","@id":"https:\/\/all-car-news.com\/es\/volvo-ya-esta-resolviendo-la-fuente-de-molestias-ex30\/","url":"https:\/\/all-car-news.com\/es\/volvo-ya-esta-resolviendo-la-fuente-de-molestias-ex30\/","name":"Volvo ya est\u00e1 resolviendo la fuente de molestias EX30 - All cars news","isPartOf":{"@id":"https:\/\/all-car-news.com\/es\/#website"},"datePublished":"2024-03-27T12:18:28+00:00","dateModified":"2024-03-27T12:18:28+00:00","breadcrumb":{"@id":"https:\/\/all-car-news.com\/es\/volvo-ya-esta-resolviendo-la-fuente-de-molestias-ex30\/#breadcrumb"},"inLanguage":"es","potentialAction":[{"@type":"ReadAction","target":["https:\/\/all-car-news.com\/es\/volvo-ya-esta-resolviendo-la-fuente-de-molestias-ex30\/"]}]},{"@type":"BreadcrumbList","@id":"https:\/\/all-car-news.com\/es\/volvo-ya-esta-resolviendo-la-fuente-de-molestias-ex30\/#breadcrumb","itemListElement":[{"@type":"ListItem","position":1,"name":"Home","item":"https:\/\/all-car-news.com\/es\/"},{"@type":"ListItem","position":2,"name":"Volvo ya est\u00e1 resolviendo la fuente de molestias EX30"}]},{"@type":"WebSite","@id":"https:\/\/all-car-news.com\/es\/#website","url":"https:\/\/all-car-news.com\/es\/","name":"All cars news","description":"","publisher":{"@id":"https:\/\/all-car-news.com\/es\/#organization"},"potentialAction":[{"@type":"SearchAction","target":{"@type":"EntryPoint","urlTemplate":"https:\/\/all-car-news.com\/es\/?s={search_term_string}"},"query-input":"required name=search_term_string"}],"inLanguage":"es"},{"@type":"Organization","@id":"https:\/\/all-car-news.com\/es\/#organization","name":"All cars news","url":"https:\/\/all-car-news.com\/es\/","logo":{"@type":"ImageObject","inLanguage":"es","@id":"https:\/\/all-car-news.com\/es\/#\/schema\/logo\/image\/","url":"https:\/\/all-car-news.com\/wp-content\/uploads\/2022\/02\/CMYK-AllCarNews_LANDSCAPE_300px-1.png","contentUrl":"https:\/\/all-car-news.com\/wp-content\/uploads\/2022\/02\/CMYK-AllCarNews_LANDSCAPE_300px-1.png","width":300,"height":100,"caption":"All cars news"},"image":{"@id":"https:\/\/all-car-news.com\/es\/#\/schema\/logo\/image\/"}}]}},"_links":{"self":[{"href":"https:\/\/all-car-news.com\/es\/wp-json\/wp\/v2\/posts\/143880","targetHints":{"allow":["GET"]}}],"collection":[{"href":"https:\/\/all-car-news.com\/es\/wp-json\/wp\/v2\/posts"}],"about":[{"href":"https:\/\/all-car-news.com\/es\/wp-json\/wp\/v2\/types\/post"}],"replies":[{"embeddable":true,"href":"https:\/\/all-car-news.com\/es\/wp-json\/wp\/v2\/comments?post=143880"}],"version-history":[{"count":0,"href":"https:\/\/all-car-news.com\/es\/wp-json\/wp\/v2\/posts\/143880\/revisions"}],"wp:featuredmedia":[{"embeddable":true,"href":"https:\/\/all-car-news.com\/es\/wp-json\/wp\/v2\/media\/143859"}],"wp:attachment":[{"href":"https:\/\/all-car-news.com\/es\/wp-json\/wp\/v2\/media?parent=143880"}],"wp:term":[{"taxonomy":"category","embeddable":true,"href":"https:\/\/all-car-news.com\/es\/wp-json\/wp\/v2\/categories?post=143880"},{"taxonomy":"post_tag","embeddable":true,"href":"https:\/\/all-car-news.com\/es\/wp-json\/wp\/v2\/tags?post=143880"}],"curies":[{"name":"wp","href":"https:\/\/api.w.org\/{rel}","templated":true}]}}