{"id":143778,"date":"2024-03-21T10:32:03","date_gmt":"2024-03-21T10:32:03","guid":{"rendered":"https:\/\/all-car-news.com\/bmw-vision-neue-klasse-x-llegara-en-2025\/"},"modified":"2024-03-21T10:32:03","modified_gmt":"2024-03-21T10:32:03","slug":"bmw-vision-neue-klasse-x-llegara-en-2025","status":"publish","type":"post","link":"https:\/\/all-car-news.com\/es\/bmw-vision-neue-klasse-x-llegara-en-2025\/","title":{"rendered":"BMW Vision Neue Klasse X llegar\u00e1 en 2025"},"content":{"rendered":"<h2>Tambi\u00e9n una berlina deportiva<\/h2>\n<p>Zipse: \u00abLa Neue Klasse ofrece una diversidad de modelos que los clientes desean hoy y en el futuro. Desde una berlina deportiva y todos sus derivados, hasta una moderna familia SAV. De este modo, subrayamos que la Neue Klasse es algo m\u00e1s que un coche o un concepto espec\u00edfico; es tambi\u00e9n una redefinici\u00f3n de BMW como marca, que al mismo tiempo irradiar\u00e1 m\u00e1s BMW que nunca.\u00bb<\/p>\n<h2>Conducci\u00f3n a un nivel a\u00fan m\u00e1s alto<\/h2>\n<p>\u00abNeue Klasse significa conducci\u00f3n BMW a un nivel a\u00fan m\u00e1s alto\u00bb, afirma Frank Weber, miembro del Consejo de Direcci\u00f3n de BMW AG responsable de Desarrollo. \u00abEl BMW del futuro tiene cuatro \u00absupercerebros\u00bb totalmente nuevos. Se trata de ordenadores con una potencia de c\u00e1lculo muy elevada que interact\u00faan inteligentemente entre s\u00ed para controlar sistemas que antes se controlaban por separado. El primer \u00absupercerebro\u00bb lo hemos desarrollado nosotros mismos. Controla toda la cadena cinem\u00e1tica y la din\u00e1mica de conducci\u00f3n con hasta diez veces m\u00e1s potencia de c\u00e1lculo que antes. El segundo supercerebro dar\u00e1 un paso de gigante hacia la conducci\u00f3n aut\u00f3noma\u00bb, afirma Weber. \u00abAdem\u00e1s, combinaremos el control de cuatro sistemas de control esenciales en un \u00fanico ordenador de alto rendimiento. Eso proporcionar\u00e1 m\u00e1s rendimiento din\u00e1mico, m\u00e1s precisi\u00f3n, m\u00e1s eficiencia y m\u00e1s placer de conducci\u00f3n\u00bb.<\/p>\n<figure class=\"wp-block-image size-content\"><img decoding=\"async\" loading=\"lazy\" width=\"1140\" height=\"760\" src=\"https:\/\/autorai.nl\/wp-content\/uploads\/2024\/03\/BMW-Vision-Neue-Klasse-X-2024-foto12-1140x760.jpg\" alt=\"BMW Vision Neue Klasse X  \" class=\"wp-image-176238\"><\/figure>\n<h2>Estructura del veh\u00edculo<\/h2>\n<p>El distintivo lenguaje de dise\u00f1o BMW X \u00abtwo-box\u00bb combinado con el nuevo estilo de la Neue Klasse representa un gran paso adelante en el dise\u00f1o exterior e interior. Con una mayor distancia al suelo, la estructura totalmente el\u00e9ctrica del veh\u00edculo abre nuevas v\u00edas a un interior a\u00fan m\u00e1s espacioso. Porque ahora es posible una mayor distancia entre ejes y voladizos m\u00e1s cortos con las proporciones cl\u00e1sicas de BMW. Grandes ventanales y un techo panor\u00e1mico de cristal llenan el interior de abundante luz exterior, creando un ambiente espacioso, complementado por un interior en colores c\u00e1lidos.<\/p>\n<h2>Nuevo lenguaje de dise\u00f1o<\/h2>\n<p>\u00abEl BMW Vision Neue Klasse X es un anticipo de nuestros modelos Neue Klasse X. A partir de los cuales se aplican los mismos principios a nuestros modelos Sport Activity Vehicle: el\u00e9ctrico, digital y circular\u00bb, dijo Adrian van Hooydonk, Jefe de Dise\u00f1o de BMW Group. \u00abLos modelos X siempre tendr\u00e1n un car\u00e1cter fuerte: monol\u00edticos, elegantes y con una interpretaci\u00f3n vertical muy distinguida de la firma luminosa de BMW\u00bb. El nuevo lenguaje de dise\u00f1o de los modelos BMW X tambi\u00e9n contribuye al aspecto decidido del modelo Vision concept. Las unidades de iluminaci\u00f3n LED dispuestas verticalmente ofrecen una nueva y fresca visi\u00f3n de la firma luminosa de BMW.<\/p>\n<h2>Parrilla de ri\u00f1\u00f3n BMW<\/h2>\n<p>En la parte delantera central, la parrilla de ri\u00f1\u00f3n de BMW se ha transformado en una escultura tridimensional con contornos dispuestos verticalmente y retroiluminados. Junto con los faros, las luces de la parrilla en forma de ri\u00f1\u00f3n dan la bienvenida al conductor en cuanto se acerca al coche. La escena de la iluminaci\u00f3n contin\u00faa en el interior. Los pilotos traseros se extienden hasta la mitad de la zaga y ofrecen una interpretaci\u00f3n horizontal de la conocida forma en L de BMW. Los elementos impresos en 3D se controlan individualmente con una intensidad de luz variable para crear un efecto de profundidad. Las superficies planas de cristal y el color de la carrocer\u00eda Coral Silver confieren al BMW Vision Neue Klasse X cierta ligereza. La parte trasera de las ventanillas laterales presenta el gui\u00f1o Hofmeister conocido de la marca, no con un borde cromado sino con una impresi\u00f3n reflectante, que crea una superficie transparente o reflectante, seg\u00fan el \u00e1ngulo de visi\u00f3n.<\/p>\n<figure class=\"wp-block-image size-content\"><img decoding=\"async\" loading=\"lazy\" width=\"1140\" height=\"760\" src=\"https:\/\/autorai.nl\/wp-content\/uploads\/2024\/03\/BMW-Vision-Neue-Klasse-X-2024-foto5-1140x760.jpg\" alt=\"BMW Vision Neue Klasse X  \" class=\"wp-image-176231\"><\/figure>\n<h2>BMW Visi\u00f3n Panor\u00e1mica<\/h2>\n<p>La posici\u00f3n m\u00e1s elevada del asiento proporciona una experiencia de conducci\u00f3n que inspira confianza. El volante redise\u00f1ado con botones multifunci\u00f3n, la pantalla central con manejo intuitivo Touch Control y el BMW Panoramic Vision, junto con el avanzado control por voz del BMW Intelligent Personal Assistant, sirven de interfaces para la interacci\u00f3n entre el ser humano y el veh\u00edculo. BMW Panoramic Vision proyecta informaci\u00f3n esencial en toda la anchura del parabrisas. En los modelos de serie de la Neue Klasse, esto se complementa con una versi\u00f3n mejorada del BMW 3D Head-Up Display.<\/p>\n<h2>Pantalla central<\/h2>\n<p>En el BMW Vision Neue Klasse X, la pantalla central est\u00e1 elegantemente integrada en el salpicadero, ofreciendo al conductor y al acompa\u00f1ante un acceso \u00f3ptimo a todas las funciones de infoentretenimiento. Los colores proyectados no s\u00f3lo forman parte de la iluminaci\u00f3n ambiental, sino tambi\u00e9n de la retroiluminaci\u00f3n de las partes del salpicadero recubiertas de tela.<\/p>\n<h2>Rueda Hypersonx&nbsp;<\/h2>\n<p>La Experiencia de Sonido Personal cobra vida en la nueva RUEDA <strong>HYPERSONX<\/strong>. Esta funci\u00f3n digital permite a los ocupantes disfrutar de un sonido personalizable en cada viaje. El sonido se puede ajustar con un toque del dedo en la RUEDA <strong>HYPERSONX<\/strong>y es una contribuci\u00f3n innovadora a una experiencia de usuario integral en el interior del BMW Vision Neue Klasse X.<\/p>\n<figure class=\"wp-block-image size-content\"><img decoding=\"async\" loading=\"lazy\" width=\"1140\" height=\"760\" src=\"https:\/\/autorai.nl\/wp-content\/uploads\/2024\/03\/BMW-Vision-Neue-Klasse-X-2024-foto10-1140x760.jpg\" alt=\"\" class=\"wp-image-176236\"><\/figure>\n<h2>tren motriz<\/h2>\n<p>La \u00faltima y sexta generaci\u00f3n de la tecnolog\u00eda BMW eDrive incluye motores el\u00e9ctricos eDrive mejorados y nuevas celdas de bater\u00eda redondas de iones de litio, con una densidad energ\u00e9tica m\u00e1s de un 20% superior a las celdas prism\u00e1ticas habituales en la actualidad. Junto con un sistema de 800 voltios, la velocidad de carga aumenta un 30%, lo que permite recargar 300 kil\u00f3metros en 10 minutos. La sexta generaci\u00f3n de BMW eDrive tambi\u00e9n ofrece hasta un 30% m\u00e1s de autonom\u00eda con la bater\u00eda llena. La aerodin\u00e1mica del BMW Vision Neue Klasse X muestra cifras impresionantes: con un 20% menos de resistencia aerodin\u00e1mica en comparaci\u00f3n con la gama X actual. Un perfil de neum\u00e1ticos espec\u00edficamente dise\u00f1ado y un sistema de frenado especial para los modelos totalmente el\u00e9ctricos aumentan la eficiencia del veh\u00edculo en m\u00e1s de un 25%.<\/p>\n<h2>Interior sin petr\u00f3leo<\/h2>\n<p>Para el interior se desarroll\u00f3 un material de superficie \u00abVerdana\u00bb totalmente vegetal, mineral y libre de petr\u00f3leo. En el BMW Vision Neue Klasse X, este material se utilizar\u00e1 en la parte inferior de los paneles de las puertas y en la consola central. Los pl\u00e1sticos marinos tambi\u00e9n se utilizan por primera vez para piezas moldeadas por inyecci\u00f3n. Estos componentes concretos constituyen el 30% de esta materia prima secundaria, derivada, por ejemplo, de redes de pesca desechadas.<\/p>\n<div class=\"galery shuffle galery-0\">\n<figure>\n\t\t\t\t\t<span style=\"cursor: pointer\" data-src=\"https:\/\/autorai.nl\/wp-content\/uploads\/2024\/03\/BMW-Vision-Neue-Klasse-X-2024-foto1-1600x1041.jpg\" data-fancybox=\"galery-0\" title=\"\"><br \/>\n\t\t\t\t\t\t\t<img decoding=\"async\" width=\"640\" height=\"480\" src=\"https:\/\/autorai.nl\/wp-content\/uploads\/2024\/03\/BMW-Vision-Neue-Klasse-X-2024-foto1-640x480.jpg\" class=\"attachment-medium size-medium\" alt=\"BMW Vision Neue Klasse X\" loading=\"lazy\"><i class=\"fa fa-search-plus\" aria-hidden=\"true\"><\/i><br \/>\n\t\t\t\t\t\t<\/span><br \/>\n\t\t\t\t\t<\/figure>\n<figure>\n\t\t\t\t\t<span style=\"cursor: pointer\" data-src=\"https:\/\/autorai.nl\/wp-content\/uploads\/2024\/03\/BMW-Vision-Neue-Klasse-X-2024-foto12-1600x1067.jpg\" data-fancybox=\"galery-0\" title=\"\"><br \/>\n\t\t\t\t\t\t\t<img decoding=\"async\" width=\"360\" height=\"270\" src=\"https:\/\/autorai.nl\/wp-content\/uploads\/2024\/03\/BMW-Vision-Neue-Klasse-X-2024-foto12-360x270.jpg\" class=\"attachment-small size-small\" alt=\"BMW Vision Neue Klasse X\" loading=\"lazy\"><i class=\"fa fa-search-plus\" aria-hidden=\"true\"><\/i><br \/>\n\t\t\t\t\t\t<\/span><br \/>\n\t\t\t\t\t<\/figure>\n<figure>\n\t\t\t\t\t<span style=\"cursor: pointer\" data-src=\"https:\/\/autorai.nl\/wp-content\/uploads\/2024\/03\/BMW-Vision-Neue-Klasse-X-2024-foto11-1600x1132.jpg\" data-fancybox=\"galery-0\" title=\"\"><br \/>\n\t\t\t\t\t\t\t<img decoding=\"async\" width=\"360\" height=\"270\" src=\"https:\/\/autorai.nl\/wp-content\/uploads\/2024\/03\/BMW-Vision-Neue-Klasse-X-2024-foto11-360x270.jpg\" class=\"attachment-small size-small\" alt=\"\" loading=\"lazy\"><i class=\"fa fa-search-plus\" aria-hidden=\"true\"><\/i><br \/>\n\t\t\t\t\t\t<\/span><br \/>\n\t\t\t\t\t<\/figure>\n<figure>\n\t\t\t\t\t<span style=\"cursor: pointer\" data-src=\"https:\/\/autorai.nl\/wp-content\/uploads\/2024\/03\/BMW-Vision-Neue-Klasse-X-2024-foto10-1600x1067.jpg\" data-fancybox=\"galery-0\" title=\"\"><br \/>\n\t\t\t\t\t\t\t<img decoding=\"async\" width=\"640\" height=\"480\" src=\"https:\/\/autorai.nl\/wp-content\/uploads\/2024\/03\/BMW-Vision-Neue-Klasse-X-2024-foto10-640x480.jpg\" class=\"attachment-medium size-medium\" alt=\"\" loading=\"lazy\"><i class=\"fa fa-search-plus\" aria-hidden=\"true\"><\/i><br \/>\n\t\t\t\t\t\t<\/span><br \/>\n\t\t\t\t\t<\/figure>\n<figure>\n\t\t\t\t\t<span style=\"cursor: pointer\" data-src=\"https:\/\/autorai.nl\/wp-content\/uploads\/2024\/03\/BMW-Vision-Neue-Klasse-X-2024-foto9-1600x1067.jpg\" data-fancybox=\"galery-0\" title=\"\"><br \/>\n\t\t\t\t\t\t\t<img decoding=\"async\" width=\"360\" height=\"270\" src=\"https:\/\/autorai.nl\/wp-content\/uploads\/2024\/03\/BMW-Vision-Neue-Klasse-X-2024-foto9-360x270.jpg\" class=\"attachment-small size-small\" alt=\"\" loading=\"lazy\"><i class=\"fa fa-search-plus\" aria-hidden=\"true\"><\/i><br \/>\n\t\t\t\t\t\t<\/span><br \/>\n\t\t\t\t\t<\/figure>\n<figure>\n\t\t\t\t\t<span style=\"cursor: pointer\" data-src=\"https:\/\/autorai.nl\/wp-content\/uploads\/2024\/03\/BMW-Vision-Neue-Klasse-X-2024-foto8-1600x1067.jpg\" data-fancybox=\"galery-0\" title=\"\"><br \/>\n\t\t\t\t\t\t\t<img decoding=\"async\" width=\"360\" height=\"270\" src=\"https:\/\/autorai.nl\/wp-content\/uploads\/2024\/03\/BMW-Vision-Neue-Klasse-X-2024-foto8-360x270.jpg\" class=\"attachment-small size-small\" alt=\"\" loading=\"lazy\"><i class=\"fa fa-search-plus\" aria-hidden=\"true\"><\/i><br \/>\n\t\t\t\t\t\t<\/span><br \/>\n\t\t\t\t\t<\/figure>\n<figure>\n\t\t\t\t\t<span style=\"cursor: pointer\" data-src=\"https:\/\/autorai.nl\/wp-content\/uploads\/2024\/03\/BMW-Vision-Neue-Klasse-X-2024-foto7-1600x1067.jpg\" data-fancybox=\"galery-0\" title=\"\"><br \/>\n\t\t\t\t\t\t\t<img decoding=\"async\" width=\"640\" height=\"480\" src=\"https:\/\/autorai.nl\/wp-content\/uploads\/2024\/03\/BMW-Vision-Neue-Klasse-X-2024-foto7-640x480.jpg\" class=\"attachment-medium size-medium\" alt=\"\" loading=\"lazy\"><i class=\"fa fa-search-plus\" aria-hidden=\"true\"><\/i><br \/>\n\t\t\t\t\t\t<\/span><br \/>\n\t\t\t\t\t<\/figure>\n<figure>\n\t\t\t\t\t<span style=\"cursor: pointer\" data-src=\"https:\/\/autorai.nl\/wp-content\/uploads\/2024\/03\/BMW-Vision-Neue-Klasse-X-2024-foto6-1600x1200.jpg\" data-fancybox=\"galery-0\" title=\"\"><br \/>\n\t\t\t\t\t\t\t<img decoding=\"async\" width=\"360\" height=\"270\" src=\"https:\/\/autorai.nl\/wp-content\/uploads\/2024\/03\/BMW-Vision-Neue-Klasse-X-2024-foto6-360x270.jpg\" class=\"attachment-small size-small\" alt=\"\" loading=\"lazy\"><i class=\"fa fa-search-plus\" aria-hidden=\"true\"><\/i><br \/>\n\t\t\t\t\t\t<\/span><br \/>\n\t\t\t\t\t<\/figure>\n<figure>\n\t\t\t\t\t<span style=\"cursor: pointer\" data-src=\"https:\/\/autorai.nl\/wp-content\/uploads\/2024\/03\/BMW-Vision-Neue-Klasse-X-2024-foto5-1600x1067.jpg\" data-fancybox=\"galery-0\" title=\"\"><br \/>\n\t\t\t\t\t\t\t<img decoding=\"async\" width=\"360\" height=\"270\" src=\"https:\/\/autorai.nl\/wp-content\/uploads\/2024\/03\/BMW-Vision-Neue-Klasse-X-2024-foto5-360x270.jpg\" class=\"attachment-small size-small\" alt=\"BMW Vision Neue Klasse X\" loading=\"lazy\"><i class=\"fa fa-search-plus\" aria-hidden=\"true\"><\/i><br \/>\n\t\t\t\t\t\t<\/span><br \/>\n\t\t\t\t\t<\/figure>\n<figure>\n\t\t\t\t\t<span style=\"cursor: pointer\" data-src=\"https:\/\/autorai.nl\/wp-content\/uploads\/2024\/03\/BMW-Vision-Neue-Klasse-X-2024-foto4-1600x1067.jpg\" data-fancybox=\"galery-0\" title=\"\"><br \/>\n\t\t\t\t\t\t\t<img decoding=\"async\" width=\"640\" height=\"480\" src=\"https:\/\/autorai.nl\/wp-content\/uploads\/2024\/03\/BMW-Vision-Neue-Klasse-X-2024-foto4-640x480.jpg\" class=\"attachment-medium size-medium\" alt=\"\" loading=\"lazy\"><i class=\"fa fa-search-plus\" aria-hidden=\"true\"><\/i><br \/>\n\t\t\t\t\t\t<\/span><br \/>\n\t\t\t\t\t<\/figure>\n<figure>\n\t\t\t\t\t<span style=\"cursor: pointer\" data-src=\"https:\/\/autorai.nl\/wp-content\/uploads\/2024\/03\/BMW-Vision-Neue-Klasse-X-2024-foto3-1600x1200.jpg\" data-fancybox=\"galery-0\" title=\"\"><br \/>\n\t\t\t\t\t\t\t<img decoding=\"async\" width=\"360\" height=\"270\" src=\"https:\/\/autorai.nl\/wp-content\/uploads\/2024\/03\/BMW-Vision-Neue-Klasse-X-2024-foto3-360x270.jpg\" class=\"attachment-small size-small\" alt=\"\" loading=\"lazy\"><i class=\"fa fa-search-plus\" aria-hidden=\"true\"><\/i><br \/>\n\t\t\t\t\t\t<\/span><br \/>\n\t\t\t\t\t<\/figure>\n<figure>\n\t\t\t\t\t<span style=\"cursor: pointer\" data-src=\"https:\/\/autorai.nl\/wp-content\/uploads\/2024\/03\/BMW-Vision-Neue-Klasse-X-2024-foto2-1600x1199.jpg\" data-fancybox=\"galery-0\" title=\"\"><br \/>\n\t\t\t\t\t\t\t<img decoding=\"async\" width=\"360\" height=\"270\" src=\"https:\/\/autorai.nl\/wp-content\/uploads\/2024\/03\/BMW-Vision-Neue-Klasse-X-2024-foto2-360x270.jpg\" class=\"attachment-small size-small\" alt=\"\" loading=\"lazy\"><i class=\"fa fa-search-plus\" aria-hidden=\"true\"><\/i><br \/>\n\t\t\t\t\t\t<\/span><br \/>\n\t\t\t\t\t<\/figure>\n<div class=\"clear\"><\/div>\n<\/div>\n","protected":false},"excerpt":{"rendered":"Tambi\u00e9n una berlina deportiva Zipse: \"La Neue Klasse ofrece una diversidad de modelos que los clientes desean hoy y en&hellip;","protected":false},"author":0,"featured_media":143764,"comment_status":"","ping_status":"open","sticky":false,"template":"","format":"standard","meta":{"footnotes":""},"categories":[126],"tags":[],"class_list":["post-143778","post","type-post","status-publish","format-standard","has-post-thumbnail","hentry","category-noticias-de-autos"],"acf":[],"yoast_head":"<!-- This site is optimized with the Yoast SEO plugin v21.2 - https:\/\/yoast.com\/wordpress\/plugins\/seo\/ -->\n<title>BMW Vision Neue Klasse X llegar\u00e1 en 2025 - All cars news<\/title>\n<meta name=\"robots\" content=\"index, follow, max-snippet:-1, max-image-preview:large, max-video-preview:-1\" \/>\n<link rel=\"canonical\" href=\"https:\/\/all-car-news.com\/es\/bmw-vision-neue-klasse-x-llegara-en-2025\/\" \/>\n<meta property=\"og:locale\" content=\"es_ES\" \/>\n<meta property=\"og:type\" content=\"article\" \/>\n<meta property=\"og:title\" content=\"BMW Vision Neue Klasse X llegar\u00e1 en 2025 - All cars news\" \/>\n<meta property=\"og:description\" content=\"Tambi\u00e9n una berlina deportiva Zipse: &quot;La Neue Klasse ofrece una diversidad de modelos que los clientes desean hoy y en el futuro. Desde una berlina deportiva y todos sus derivados, hasta una moderna familia SAV. De este modo, subrayamos que la Neue Klasse es algo m\u00e1s que un coche m\u00e1s o [...]\" \/>\n<meta property=\"og:url\" content=\"https:\/\/all-car-news.com\/es\/bmw-vision-neue-klasse-x-llegara-en-2025\/\" \/>\n<meta property=\"og:site_name\" content=\"All cars news\" \/>\n<meta property=\"article:published_time\" content=\"2024-03-21T10:32:03+00:00\" \/>\n<meta property=\"og:image\" content=\"https:\/\/autorai.nl\/wp-content\/uploads\/2024\/03\/BMW-Vision-Neue-Klasse-X-2024-foto12-1140x760.jpg\" \/>\n<meta name=\"twitter:card\" content=\"summary_large_image\" \/>\n<meta name=\"twitter:label1\" content=\"Tiempo de lectura\" \/>\n\t<meta name=\"twitter:data1\" content=\"6 minutos\" \/>\n<script type=\"application\/ld+json\" class=\"yoast-schema-graph\">{\"@context\":\"https:\/\/schema.org\",\"@graph\":[{\"@type\":\"Article\",\"@id\":\"https:\/\/all-car-news.com\/es\/bmw-vision-neue-klasse-x-llegara-en-2025\/#article\",\"isPartOf\":{\"@id\":\"https:\/\/all-car-news.com\/es\/bmw-vision-neue-klasse-x-llegara-en-2025\/\"},\"author\":{\"name\":\"\",\"@id\":\"\"},\"headline\":\"BMW Vision Neue Klasse X llegar\u00e1 en 2025\",\"datePublished\":\"2024-03-21T10:32:03+00:00\",\"dateModified\":\"2024-03-21T10:32:03+00:00\",\"mainEntityOfPage\":{\"@id\":\"https:\/\/all-car-news.com\/es\/bmw-vision-neue-klasse-x-llegara-en-2025\/\"},\"wordCount\":1117,\"publisher\":{\"@id\":\"https:\/\/all-car-news.com\/es\/#organization\"},\"articleSection\":[\"noticias de autos\"],\"inLanguage\":\"es\"},{\"@type\":\"WebPage\",\"@id\":\"https:\/\/all-car-news.com\/es\/bmw-vision-neue-klasse-x-llegara-en-2025\/\",\"url\":\"https:\/\/all-car-news.com\/es\/bmw-vision-neue-klasse-x-llegara-en-2025\/\",\"name\":\"BMW Vision Neue Klasse X llegar\u00e1 en 2025 - All cars news\",\"isPartOf\":{\"@id\":\"https:\/\/all-car-news.com\/es\/#website\"},\"datePublished\":\"2024-03-21T10:32:03+00:00\",\"dateModified\":\"2024-03-21T10:32:03+00:00\",\"breadcrumb\":{\"@id\":\"https:\/\/all-car-news.com\/es\/bmw-vision-neue-klasse-x-llegara-en-2025\/#breadcrumb\"},\"inLanguage\":\"es\",\"potentialAction\":[{\"@type\":\"ReadAction\",\"target\":[\"https:\/\/all-car-news.com\/es\/bmw-vision-neue-klasse-x-llegara-en-2025\/\"]}]},{\"@type\":\"BreadcrumbList\",\"@id\":\"https:\/\/all-car-news.com\/es\/bmw-vision-neue-klasse-x-llegara-en-2025\/#breadcrumb\",\"itemListElement\":[{\"@type\":\"ListItem\",\"position\":1,\"name\":\"Home\",\"item\":\"https:\/\/all-car-news.com\/es\/\"},{\"@type\":\"ListItem\",\"position\":2,\"name\":\"BMW Vision Neue Klasse X llegar\u00e1 en 2025\"}]},{\"@type\":\"WebSite\",\"@id\":\"https:\/\/all-car-news.com\/es\/#website\",\"url\":\"https:\/\/all-car-news.com\/es\/\",\"name\":\"All cars news\",\"description\":\"\",\"publisher\":{\"@id\":\"https:\/\/all-car-news.com\/es\/#organization\"},\"potentialAction\":[{\"@type\":\"SearchAction\",\"target\":{\"@type\":\"EntryPoint\",\"urlTemplate\":\"https:\/\/all-car-news.com\/es\/?s={search_term_string}\"},\"query-input\":\"required name=search_term_string\"}],\"inLanguage\":\"es\"},{\"@type\":\"Organization\",\"@id\":\"https:\/\/all-car-news.com\/es\/#organization\",\"name\":\"All cars news\",\"url\":\"https:\/\/all-car-news.com\/es\/\",\"logo\":{\"@type\":\"ImageObject\",\"inLanguage\":\"es\",\"@id\":\"https:\/\/all-car-news.com\/es\/#\/schema\/logo\/image\/\",\"url\":\"https:\/\/all-car-news.com\/wp-content\/uploads\/2022\/02\/CMYK-AllCarNews_LANDSCAPE_300px-1.png\",\"contentUrl\":\"https:\/\/all-car-news.com\/wp-content\/uploads\/2022\/02\/CMYK-AllCarNews_LANDSCAPE_300px-1.png\",\"width\":300,\"height\":100,\"caption\":\"All cars news\"},\"image\":{\"@id\":\"https:\/\/all-car-news.com\/es\/#\/schema\/logo\/image\/\"}}]}<\/script>\n<!-- \/ Yoast SEO plugin. -->","yoast_head_json":{"title":"BMW Vision Neue Klasse X llegar\u00e1 en 2025 - All cars news","robots":{"index":"index","follow":"follow","max-snippet":"max-snippet:-1","max-image-preview":"max-image-preview:large","max-video-preview":"max-video-preview:-1"},"canonical":"https:\/\/all-car-news.com\/es\/bmw-vision-neue-klasse-x-llegara-en-2025\/","og_locale":"es_ES","og_type":"article","og_title":"BMW Vision Neue Klasse X llegar\u00e1 en 2025 - All cars news","og_description":"Tambi\u00e9n una berlina deportiva Zipse: \"La Neue Klasse ofrece una diversidad de modelos que los clientes desean hoy y en el futuro. Desde una berlina deportiva y todos sus derivados, hasta una moderna familia SAV. De este modo, subrayamos que la Neue Klasse es algo m\u00e1s que un coche m\u00e1s o [...]","og_url":"https:\/\/all-car-news.com\/es\/bmw-vision-neue-klasse-x-llegara-en-2025\/","og_site_name":"All cars news","article_published_time":"2024-03-21T10:32:03+00:00","og_image":[{"url":"https:\/\/autorai.nl\/wp-content\/uploads\/2024\/03\/BMW-Vision-Neue-Klasse-X-2024-foto12-1140x760.jpg"}],"twitter_card":"summary_large_image","twitter_misc":{"Tiempo de lectura":"6 minutos"},"schema":{"@context":"https:\/\/schema.org","@graph":[{"@type":"Article","@id":"https:\/\/all-car-news.com\/es\/bmw-vision-neue-klasse-x-llegara-en-2025\/#article","isPartOf":{"@id":"https:\/\/all-car-news.com\/es\/bmw-vision-neue-klasse-x-llegara-en-2025\/"},"author":{"name":"","@id":""},"headline":"BMW Vision Neue Klasse X llegar\u00e1 en 2025","datePublished":"2024-03-21T10:32:03+00:00","dateModified":"2024-03-21T10:32:03+00:00","mainEntityOfPage":{"@id":"https:\/\/all-car-news.com\/es\/bmw-vision-neue-klasse-x-llegara-en-2025\/"},"wordCount":1117,"publisher":{"@id":"https:\/\/all-car-news.com\/es\/#organization"},"articleSection":["noticias de autos"],"inLanguage":"es"},{"@type":"WebPage","@id":"https:\/\/all-car-news.com\/es\/bmw-vision-neue-klasse-x-llegara-en-2025\/","url":"https:\/\/all-car-news.com\/es\/bmw-vision-neue-klasse-x-llegara-en-2025\/","name":"BMW Vision Neue Klasse X llegar\u00e1 en 2025 - All cars news","isPartOf":{"@id":"https:\/\/all-car-news.com\/es\/#website"},"datePublished":"2024-03-21T10:32:03+00:00","dateModified":"2024-03-21T10:32:03+00:00","breadcrumb":{"@id":"https:\/\/all-car-news.com\/es\/bmw-vision-neue-klasse-x-llegara-en-2025\/#breadcrumb"},"inLanguage":"es","potentialAction":[{"@type":"ReadAction","target":["https:\/\/all-car-news.com\/es\/bmw-vision-neue-klasse-x-llegara-en-2025\/"]}]},{"@type":"BreadcrumbList","@id":"https:\/\/all-car-news.com\/es\/bmw-vision-neue-klasse-x-llegara-en-2025\/#breadcrumb","itemListElement":[{"@type":"ListItem","position":1,"name":"Home","item":"https:\/\/all-car-news.com\/es\/"},{"@type":"ListItem","position":2,"name":"BMW Vision Neue Klasse X llegar\u00e1 en 2025"}]},{"@type":"WebSite","@id":"https:\/\/all-car-news.com\/es\/#website","url":"https:\/\/all-car-news.com\/es\/","name":"All cars news","description":"","publisher":{"@id":"https:\/\/all-car-news.com\/es\/#organization"},"potentialAction":[{"@type":"SearchAction","target":{"@type":"EntryPoint","urlTemplate":"https:\/\/all-car-news.com\/es\/?s={search_term_string}"},"query-input":"required name=search_term_string"}],"inLanguage":"es"},{"@type":"Organization","@id":"https:\/\/all-car-news.com\/es\/#organization","name":"All cars news","url":"https:\/\/all-car-news.com\/es\/","logo":{"@type":"ImageObject","inLanguage":"es","@id":"https:\/\/all-car-news.com\/es\/#\/schema\/logo\/image\/","url":"https:\/\/all-car-news.com\/wp-content\/uploads\/2022\/02\/CMYK-AllCarNews_LANDSCAPE_300px-1.png","contentUrl":"https:\/\/all-car-news.com\/wp-content\/uploads\/2022\/02\/CMYK-AllCarNews_LANDSCAPE_300px-1.png","width":300,"height":100,"caption":"All cars news"},"image":{"@id":"https:\/\/all-car-news.com\/es\/#\/schema\/logo\/image\/"}}]}},"_links":{"self":[{"href":"https:\/\/all-car-news.com\/es\/wp-json\/wp\/v2\/posts\/143778","targetHints":{"allow":["GET"]}}],"collection":[{"href":"https:\/\/all-car-news.com\/es\/wp-json\/wp\/v2\/posts"}],"about":[{"href":"https:\/\/all-car-news.com\/es\/wp-json\/wp\/v2\/types\/post"}],"replies":[{"embeddable":true,"href":"https:\/\/all-car-news.com\/es\/wp-json\/wp\/v2\/comments?post=143778"}],"version-history":[{"count":0,"href":"https:\/\/all-car-news.com\/es\/wp-json\/wp\/v2\/posts\/143778\/revisions"}],"wp:featuredmedia":[{"embeddable":true,"href":"https:\/\/all-car-news.com\/es\/wp-json\/wp\/v2\/media\/143764"}],"wp:attachment":[{"href":"https:\/\/all-car-news.com\/es\/wp-json\/wp\/v2\/media?parent=143778"}],"wp:term":[{"taxonomy":"category","embeddable":true,"href":"https:\/\/all-car-news.com\/es\/wp-json\/wp\/v2\/categories?post=143778"},{"taxonomy":"post_tag","embeddable":true,"href":"https:\/\/all-car-news.com\/es\/wp-json\/wp\/v2\/tags?post=143778"}],"curies":[{"name":"wp","href":"https:\/\/api.w.org\/{rel}","templated":true}]}}