{"id":143518,"date":"2023-10-03T09:06:00","date_gmt":"2023-10-03T09:06:00","guid":{"rendered":"https:\/\/all-car-news.com\/revision-citroen-c5-aircross-phev-180-e-hibrido-suave-2023\/"},"modified":"2023-10-03T09:06:00","modified_gmt":"2023-10-03T09:06:00","slug":"revision-citroen-c5-aircross-phev-180-e-hibrido-suave-2023","status":"publish","type":"post","link":"https:\/\/all-car-news.com\/es\/revision-citroen-c5-aircross-phev-180-e-hibrido-suave-2023\/","title":{"rendered":"Revisi\u00f3n &#8211; Citro\u00ebn C5 Aircross PHEV 180 e h\u00edbrido suave (2023)"},"content":{"rendered":"<p>El Citro\u00ebn C5 Aircross entr\u00f3 en el mercado en 2019 como el sucesor del C4 SpaceTourer en particular y ha sido el coche familiar de la marca desde entonces. Con \u00e9xito. La electrificaci\u00f3n tampoco escapa al C5 Aircross. As\u00ed, estuvo disponible desde el principio como <a href=\"https:\/\/autorai.nl\/autotest-citroen-c5-aircross-plug-in-hybrid\/\" target=\"_blank\" rel=\"noreferrer noopener\">H\u00edbrido Enchufable 225<\/a>, con un 29% de las ventas en Europa en lo que va de a\u00f1o. Despu\u00e9s de que el C5 Aircross ya sufriera <a href=\"https:\/\/autorai.nl\/review-citroen-c5-aircross-2022\/\" target=\"_blank\" rel=\"noreferrer noopener\">un lavado de cara<\/a> el a\u00f1o pasado, ahora tambi\u00e9n se actualiza la gama de motores con nuevas versiones electrificadas.<\/p>\n<div class=\"galery shuffle galery-0\">\n<figure>\n\t\t\t\t\t<span style=\"cursor: pointer\" data-src=\"https:\/\/autorai.nl\/wp-content\/uploads\/2023\/09\/Citroen-C5-Aircross-16-1600x1067.jpg\" data-fancybox=\"galery-0\" title=\"\"><br \/>\n\t\t\t\t\t\t\t<img decoding=\"async\" width=\"640\" height=\"480\" src=\"https:\/\/autorai.nl\/wp-content\/uploads\/2023\/09\/Citroen-C5-Aircross-16-640x480.jpg\" class=\"attachment-medium size-medium\" alt=\"\" loading=\"lazy\"><i class=\"fa fa-search-plus\" aria-hidden=\"true\"><\/i><br \/>\n\t\t\t\t\t\t<\/span><br \/>\n\t\t\t\t\t<\/figure>\n<figure>\n\t\t\t\t\t<span style=\"cursor: pointer\" data-src=\"https:\/\/autorai.nl\/wp-content\/uploads\/2023\/09\/Citroen-C5-Aircross-17-1600x1067.jpg\" data-fancybox=\"galery-0\" title=\"\"><br \/>\n\t\t\t\t\t\t\t<img decoding=\"async\" width=\"360\" height=\"270\" src=\"https:\/\/autorai.nl\/wp-content\/uploads\/2023\/09\/Citroen-C5-Aircross-17-360x270.jpg\" class=\"attachment-small size-small\" alt=\"\" loading=\"lazy\"><i class=\"fa fa-search-plus\" aria-hidden=\"true\"><\/i><br \/>\n\t\t\t\t\t\t<\/span><br \/>\n\t\t\t\t\t<\/figure>\n<figure>\n\t\t\t\t\t<span style=\"cursor: pointer\" data-src=\"https:\/\/autorai.nl\/wp-content\/uploads\/2023\/09\/Citroen-C5-Aircross-21-1600x1067.jpg\" data-fancybox=\"galery-0\" title=\"\"><br \/>\n\t\t\t\t\t\t\t<img decoding=\"async\" width=\"360\" height=\"270\" src=\"https:\/\/autorai.nl\/wp-content\/uploads\/2023\/09\/Citroen-C5-Aircross-21-360x270.jpg\" class=\"attachment-small size-small\" alt=\"\" loading=\"lazy\"><i class=\"fa fa-search-plus\" aria-hidden=\"true\"><\/i><br \/>\n\t\t\t\t\t\t<\/span><br \/>\n\t\t\t\t\t<\/figure>\n<div class=\"clear\"><\/div>\n<\/div>\n<h2><strong>Nuevo: Citro\u00ebn C5 Aircross Plug-in Hybrid 180<\/strong><\/h2>\n<p>La mayor novedad para el Citro\u00ebn C5 Aircross es la llegada del Plug-in Hybrid 180, que complementa al Plug-in Hybrid 225. As\u00ed que una versi\u00f3n menos potente, pero sobre todo una variante que rebaja el precio de partida de la versi\u00f3n h\u00edbrida enchufable. De hecho, el Plug-in Hybrid 225 tiene un precio de partida de 44.330 euros y el nuevo Plug-in Hybrid 180 est\u00e1 en la lista de precios desde 42.830 euros.<\/p>\n<p>El C5 Aircross 180 e-EAT8 Plug-in Hybrid combina un potente motor de gasolina 1.6 PureTech de 110 kW (150 CV) y un motor el\u00e9ctrico de 81 kW (110 CV), con una potencia total de 132 kW (180 CV) y un par motor de 360 Nm. La velocidad m\u00e1xima totalmente el\u00e9ctrica es de 135 km\/h.<\/p>\n<div class=\"galery shuffle galery-1\">\n<figure>\n\t\t\t\t\t<span style=\"cursor: pointer\" data-src=\"https:\/\/autorai.nl\/wp-content\/uploads\/2023\/09\/Citroen-C5-Aircross-22-1600x1067.jpg\" data-fancybox=\"galery-1\" title=\"\"><br \/>\n\t\t\t\t\t\t\t<img decoding=\"async\" width=\"640\" height=\"480\" src=\"https:\/\/autorai.nl\/wp-content\/uploads\/2023\/09\/Citroen-C5-Aircross-22-640x480.jpg\" class=\"attachment-medium size-medium\" alt=\"\" loading=\"lazy\"><i class=\"fa fa-search-plus\" aria-hidden=\"true\"><\/i><br \/>\n\t\t\t\t\t\t<\/span><br \/>\n\t\t\t\t\t<\/figure>\n<figure>\n\t\t\t\t\t<span style=\"cursor: pointer\" data-src=\"https:\/\/autorai.nl\/wp-content\/uploads\/2023\/09\/Citroen-C5-Aircross-15-1600x1067.jpg\" data-fancybox=\"galery-1\" title=\"\"><br \/>\n\t\t\t\t\t\t\t<img decoding=\"async\" width=\"360\" height=\"270\" src=\"https:\/\/autorai.nl\/wp-content\/uploads\/2023\/09\/Citroen-C5-Aircross-15-360x270.jpg\" class=\"attachment-small size-small\" alt=\"\" loading=\"lazy\"><i class=\"fa fa-search-plus\" aria-hidden=\"true\"><\/i><br \/>\n\t\t\t\t\t\t<\/span><br \/>\n\t\t\t\t\t<\/figure>\n<figure>\n\t\t\t\t\t<span style=\"cursor: pointer\" data-src=\"https:\/\/autorai.nl\/wp-content\/uploads\/2023\/09\/Citroen-C5-Aircross-24-1600x1067.jpg\" data-fancybox=\"galery-1\" title=\"\"><br \/>\n\t\t\t\t\t\t\t<img decoding=\"async\" width=\"360\" height=\"270\" src=\"https:\/\/autorai.nl\/wp-content\/uploads\/2023\/09\/Citroen-C5-Aircross-24-360x270.jpg\" class=\"attachment-small size-small\" alt=\"\" loading=\"lazy\"><i class=\"fa fa-search-plus\" aria-hidden=\"true\"><\/i><br \/>\n\t\t\t\t\t\t<\/span><br \/>\n\t\t\t\t\t<\/figure>\n<div class=\"clear\"><\/div>\n<\/div>\n<p>La nueva cadena cinem\u00e1tica tambi\u00e9n incluye una versi\u00f3n actualizada de la conocida transmisi\u00f3n autom\u00e1tica de ocho velocidades y una bater\u00eda de nueva generaci\u00f3n de 12,4 kWh. Gracias a una nueva qu\u00edmica, esta bater\u00eda ofrece un rendimiento a\u00fan mejor. As\u00ed, la autonom\u00eda totalmente el\u00e9ctrica es de 58 km (WLTP). Esto es m\u00e1s que en la versi\u00f3n h\u00edbrida enchufable existente.<\/p>\n<p>El actual 225 h\u00edbrido enchufable tambi\u00e9n recibe la bater\u00eda de nueva generaci\u00f3n. Con una capacidad de 14,2 kWh, la bater\u00eda tambi\u00e9n es ligeramente mayor que la del 180 h\u00edbrido enchufable. Por debajo de la l\u00ednea, la autonom\u00eda totalmente el\u00e9ctrica del 225 h\u00edbrido enchufable aumenta alrededor de un 15%, de 55 a 64 kil\u00f3metros (WLTP). En ambos modelos h\u00edbridos enchufables, la bater\u00eda se recarga completamente (con una estaci\u00f3n de carga normal) en poco m\u00e1s de 1,5 horas. Esto es ligeramente m\u00e1s r\u00e1pido que antes.<\/p>\n<div class=\"galery shuffle galery-2\">\n<figure>\n\t\t\t\t\t<span style=\"cursor: pointer\" data-src=\"https:\/\/autorai.nl\/wp-content\/uploads\/2023\/09\/Citroen-C5-Aircross-1-1600x1067.jpg\" data-fancybox=\"galery-2\" title=\"\"><br \/>\n\t\t\t\t\t\t\t<img decoding=\"async\" width=\"640\" height=\"480\" src=\"https:\/\/autorai.nl\/wp-content\/uploads\/2023\/09\/Citroen-C5-Aircross-1-640x480.jpg\" class=\"attachment-medium size-medium\" alt=\"\" loading=\"lazy\"><i class=\"fa fa-search-plus\" aria-hidden=\"true\"><\/i><br \/>\n\t\t\t\t\t\t<\/span><br \/>\n\t\t\t\t\t<\/figure>\n<figure>\n\t\t\t\t\t<span style=\"cursor: pointer\" data-src=\"https:\/\/autorai.nl\/wp-content\/uploads\/2023\/09\/Citroen-C5-Aircross-4-1600x1067.jpg\" data-fancybox=\"galery-2\" title=\"\"><br \/>\n\t\t\t\t\t\t\t<img decoding=\"async\" width=\"360\" height=\"270\" src=\"https:\/\/autorai.nl\/wp-content\/uploads\/2023\/09\/Citroen-C5-Aircross-4-360x270.jpg\" class=\"attachment-small size-small\" alt=\"\" loading=\"lazy\"><i class=\"fa fa-search-plus\" aria-hidden=\"true\"><\/i><br \/>\n\t\t\t\t\t\t<\/span><br \/>\n\t\t\t\t\t<\/figure>\n<figure>\n\t\t\t\t\t<span style=\"cursor: pointer\" data-src=\"https:\/\/autorai.nl\/wp-content\/uploads\/2023\/09\/Citroen-C5-Aircross-13-1600x1067.jpg\" data-fancybox=\"galery-2\" title=\"\"><br \/>\n\t\t\t\t\t\t\t<img decoding=\"async\" width=\"360\" height=\"270\" src=\"https:\/\/autorai.nl\/wp-content\/uploads\/2023\/09\/Citroen-C5-Aircross-13-360x270.jpg\" class=\"attachment-small size-small\" alt=\"\" loading=\"lazy\"><i class=\"fa fa-search-plus\" aria-hidden=\"true\"><\/i><br \/>\n\t\t\t\t\t\t<\/span><br \/>\n\t\t\t\t\t<\/figure>\n<div class=\"clear\"><\/div>\n<\/div>\n<h2><strong>Citro\u00ebn C5 Aircross Plug-in Hybrid 180 en la pr\u00e1ctica<\/strong><\/h2>\n<p>Conducimos el nuevo Citro\u00ebn C5 Aircross Plug-in Hybrid 180 en una ruta por la campi\u00f1a monta\u00f1osa al norte de Par\u00eds. La ruta tiene de todo, desde trozos de autopista hasta carreteras rurales y zonas urbanas. As\u00ed que da una imagen bastante buena de un viaje medio.<\/p>\n<p>El recorrido es de 69 km, por lo que en cualquier caso es superior a la autonom\u00eda totalmente el\u00e9ctrica. No obstante, la bater\u00eda dura un tiempo excepcionalmente largo y el motor de combustible s\u00f3lo se enciende hacia el final del trayecto. Por tanto, la autonom\u00eda te\u00f3rica totalmente el\u00e9ctrica se cumple con creces. Incluso en momentos en los que se necesita mucha potencia, el motor de combustible se enciende, como al incorporarse a una autopista. En los largos carriles de incorporaci\u00f3n de los Pa\u00edses Bajos, podr\u00eda ralentizar un poco la aceleraci\u00f3n y as\u00ed incorporarse totalmente el\u00e9ctrico.<\/p>\n<p>Tras la conducci\u00f3n, observamos un consumo pr\u00e1ctico de 2,0 l\/100 km, aunque en un h\u00edbrido enchufable eso no dice mucho. El consumo pr\u00e1ctico de un h\u00edbrido enchufable depende mucho de la duraci\u00f3n de los viajes y de la frecuencia de carga. Por ejemplo, durante un periodo de pruebas m\u00e1s largo en los Pa\u00edses Bajos, con un 225 h\u00edbrido enchufable anterior al lavado de cara, logramos un consumo pr\u00e1ctico de s\u00f3lo 0,9 l\/100 km. El consumo oficial WLTP del nuevo 180 h\u00edbrido enchufable es de 1,5 l\/100 km. En la pr\u00e1ctica, si cargas el coche adecuadamente y no recorres distancias demasiado largas, esto es perfectamente factible.<\/p>\n<div class=\"galery shuffle galery-3\">\n<figure>\n\t\t\t\t\t<span style=\"cursor: pointer\" data-src=\"https:\/\/autorai.nl\/wp-content\/uploads\/2023\/09\/Citroen-C5-Aircross-3-1600x1067.jpg\" data-fancybox=\"galery-3\" title=\"\"><br \/>\n\t\t\t\t\t\t\t<img decoding=\"async\" width=\"640\" height=\"480\" src=\"https:\/\/autorai.nl\/wp-content\/uploads\/2023\/09\/Citroen-C5-Aircross-3-640x480.jpg\" class=\"attachment-medium size-medium\" alt=\"\" loading=\"lazy\"><i class=\"fa fa-search-plus\" aria-hidden=\"true\"><\/i><br \/>\n\t\t\t\t\t\t<\/span><br \/>\n\t\t\t\t\t<\/figure>\n<figure>\n\t\t\t\t\t<span style=\"cursor: pointer\" data-src=\"https:\/\/autorai.nl\/wp-content\/uploads\/2023\/09\/Citroen-C5-Aircross-5-1600x1067.jpg\" data-fancybox=\"galery-3\" title=\"\"><br \/>\n\t\t\t\t\t\t\t<img decoding=\"async\" width=\"360\" height=\"270\" src=\"https:\/\/autorai.nl\/wp-content\/uploads\/2023\/09\/Citroen-C5-Aircross-5-360x270.jpg\" class=\"attachment-small size-small\" alt=\"\" loading=\"lazy\"><i class=\"fa fa-search-plus\" aria-hidden=\"true\"><\/i><br \/>\n\t\t\t\t\t\t<\/span><br \/>\n\t\t\t\t\t<\/figure>\n<figure>\n\t\t\t\t\t<span style=\"cursor: pointer\" data-src=\"https:\/\/autorai.nl\/wp-content\/uploads\/2023\/09\/Citroen-C5-Aircross-9-1600x1067.jpg\" data-fancybox=\"galery-3\" title=\"\"><br \/>\n\t\t\t\t\t\t\t<img decoding=\"async\" width=\"360\" height=\"270\" src=\"https:\/\/autorai.nl\/wp-content\/uploads\/2023\/09\/Citroen-C5-Aircross-9-360x270.jpg\" class=\"attachment-small size-small\" alt=\"\" loading=\"lazy\"><i class=\"fa fa-search-plus\" aria-hidden=\"true\"><\/i><br \/>\n\t\t\t\t\t\t<\/span><br \/>\n\t\t\t\t\t<\/figure>\n<div class=\"clear\"><\/div>\n<\/div>\n<h2><strong>Citro\u00ebn C5 Aircross h\u00edbrido suave<\/strong><\/h2>\n<p>Tambi\u00e9n hay un nuevo modelo electrificado no enchufado: el Hybrid 136, con nueva transmisi\u00f3n autom\u00e1tica de seis velocidades. El nuevo Hybrid 136 sustituye al motor de gasolina PureTech 130 con transmisi\u00f3n autom\u00e1tica de ocho velocidades. El motor de gasolina seguir\u00e1 estando disponible con transmisi\u00f3n manual. El nombre de h\u00edbrido quiz\u00e1 sea un poco <a href=\"https:\/\/autorai.nl\/column-misbruik-hybride\/\">enga\u00f1oso<\/a>, ya que se trata de un h\u00edbrido suave. Las ruedas no se accionan mediante un motor el\u00e9ctrico, sino que el motor de gasolina se apoya en una especie de gran motor de arranque el\u00e9ctrico. As\u00ed que no es realmente h\u00edbrido, pero todo ayuda.<\/p>\n<p>En concreto, a pesar de la potencia extra, el Hybrid 136 tiene un consumo oficial WLTP de 4,8 l\/100 km (1 en 20,8), frente a los 7,3 l\/100 km (1 en 13,7) del motor de gasolina, algo menos potente, sin ning\u00fan tipo de apoyo el\u00e9ctrico. Aun as\u00ed, una diferencia significativa. Tras un recorrido de prueba de 65 km por diversos tipos de carretera, registramos un consumo pr\u00e1ctico de 6,0 l\/100 km (1 en 16,6). Aun as\u00ed, es un buen precio y una notable mejora con respecto al h\u00edbrido no suave.<\/p>\n<div class=\"galery shuffle galery-4\">\n<figure>\n\t\t\t\t\t<span style=\"cursor: pointer\" data-src=\"https:\/\/autorai.nl\/wp-content\/uploads\/2023\/09\/Citroen-C5-Aircross-2-1600x1067.jpg\" data-fancybox=\"galery-4\" title=\"\"><br \/>\n\t\t\t\t\t\t\t<img decoding=\"async\" width=\"640\" height=\"480\" src=\"https:\/\/autorai.nl\/wp-content\/uploads\/2023\/09\/Citroen-C5-Aircross-2-640x480.jpg\" class=\"attachment-medium size-medium\" alt=\"\" loading=\"lazy\"><i class=\"fa fa-search-plus\" aria-hidden=\"true\"><\/i><br \/>\n\t\t\t\t\t\t<\/span><br \/>\n\t\t\t\t\t<\/figure>\n<figure>\n\t\t\t\t\t<span style=\"cursor: pointer\" data-src=\"https:\/\/autorai.nl\/wp-content\/uploads\/2023\/09\/Citroen-C5-Aircross-10-1600x1067.jpg\" data-fancybox=\"galery-4\" title=\"\"><br \/>\n\t\t\t\t\t\t\t<img decoding=\"async\" width=\"360\" height=\"270\" src=\"https:\/\/autorai.nl\/wp-content\/uploads\/2023\/09\/Citroen-C5-Aircross-10-360x270.jpg\" class=\"attachment-small size-small\" alt=\"\" loading=\"lazy\"><i class=\"fa fa-search-plus\" aria-hidden=\"true\"><\/i><br \/>\n\t\t\t\t\t\t<\/span><br \/>\n\t\t\t\t\t<\/figure>\n<figure>\n\t\t\t\t\t<span style=\"cursor: pointer\" data-src=\"https:\/\/autorai.nl\/wp-content\/uploads\/2023\/09\/Citroen-C5-Aircross-12-1600x1067.jpg\" data-fancybox=\"galery-4\" title=\"\"><br \/>\n\t\t\t\t\t\t\t<img decoding=\"async\" width=\"360\" height=\"270\" src=\"https:\/\/autorai.nl\/wp-content\/uploads\/2023\/09\/Citroen-C5-Aircross-12-360x270.jpg\" class=\"attachment-small size-small\" alt=\"\" loading=\"lazy\"><i class=\"fa fa-search-plus\" aria-hidden=\"true\"><\/i><br \/>\n\t\t\t\t\t\t<\/span><br \/>\n\t\t\t\t\t<\/figure>\n<div class=\"clear\"><\/div>\n<\/div>\n<h2><strong>Precios<\/strong><\/h2>\n<p>La lista de precios del Citro\u00ebn C5 Aircross sigue partiendo del ya existente motor de gasolina PureTech 130 S&amp;S con cambio manual. Ese modelo tiene un precio de partida de 37.900 euros. El nuevo Hybrid 136, m\u00e1s potente y econ\u00f3mico, est\u00e1 disponible a partir de 41.640 euros. Enchufarlo es ahora posible a partir de 42.830 euros para el tambi\u00e9n nuevo Plug-in Hybrid 180. Un coste adicional relativamente peque\u00f1o a cambio de a\u00fan m\u00e1s potencia y, si se carga correctamente, un consumo de combustible muy bajo. El actual 225 h\u00edbrido enchufable est\u00e1 disponible desde 44.330 euros.<\/p>\n<div class=\"galery shuffle galery-5\">\n<figure>\n\t\t\t\t\t<span style=\"cursor: pointer\" data-src=\"https:\/\/autorai.nl\/wp-content\/uploads\/2023\/09\/Citroen-C5-Aircross-6-1600x1067.jpg\" data-fancybox=\"galery-5\" title=\"\"><br \/>\n\t\t\t\t\t\t\t<img decoding=\"async\" width=\"640\" height=\"480\" src=\"https:\/\/autorai.nl\/wp-content\/uploads\/2023\/09\/Citroen-C5-Aircross-6-640x480.jpg\" class=\"attachment-medium size-medium\" alt=\"\" loading=\"lazy\"><i class=\"fa fa-search-plus\" aria-hidden=\"true\"><\/i><br \/>\n\t\t\t\t\t\t<\/span><br \/>\n\t\t\t\t\t<\/figure>\n<figure>\n\t\t\t\t\t<span style=\"cursor: pointer\" data-src=\"https:\/\/autorai.nl\/wp-content\/uploads\/2023\/09\/Citroen-C5-Aircross-18-1600x1067.jpg\" data-fancybox=\"galery-5\" title=\"\"><br \/>\n\t\t\t\t\t\t\t<img decoding=\"async\" width=\"360\" height=\"270\" src=\"https:\/\/autorai.nl\/wp-content\/uploads\/2023\/09\/Citroen-C5-Aircross-18-360x270.jpg\" class=\"attachment-small size-small\" alt=\"\" loading=\"lazy\"><i class=\"fa fa-search-plus\" aria-hidden=\"true\"><\/i><br \/>\n\t\t\t\t\t\t<\/span><br \/>\n\t\t\t\t\t<\/figure>\n<figure>\n\t\t\t\t\t<span style=\"cursor: pointer\" data-src=\"https:\/\/autorai.nl\/wp-content\/uploads\/2023\/09\/Citroen-C5-Aircross-25-1600x1067.jpg\" data-fancybox=\"galery-5\" title=\"\"><br \/>\n\t\t\t\t\t\t\t<img decoding=\"async\" width=\"360\" height=\"270\" src=\"https:\/\/autorai.nl\/wp-content\/uploads\/2023\/09\/Citroen-C5-Aircross-25-360x270.jpg\" class=\"attachment-small size-small\" alt=\"\" loading=\"lazy\"><i class=\"fa fa-search-plus\" aria-hidden=\"true\"><\/i><br \/>\n\t\t\t\t\t\t<\/span><br \/>\n\t\t\t\t\t<\/figure>\n<figure>\n\t\t\t\t\t<span style=\"cursor: pointer\" data-src=\"https:\/\/autorai.nl\/wp-content\/uploads\/2023\/09\/Citroen-C5-Aircross-8-1600x1067.jpg\" data-fancybox=\"galery-5\" title=\"\"><br \/>\n\t\t\t\t\t\t\t<img decoding=\"async\" width=\"640\" height=\"480\" src=\"https:\/\/autorai.nl\/wp-content\/uploads\/2023\/09\/Citroen-C5-Aircross-8-640x480.jpg\" class=\"attachment-medium size-medium\" alt=\"\" loading=\"lazy\"><i class=\"fa fa-search-plus\" aria-hidden=\"true\"><\/i><br \/>\n\t\t\t\t\t\t<\/span><br \/>\n\t\t\t\t\t<\/figure>\n<figure>\n\t\t\t\t\t<span style=\"cursor: pointer\" data-src=\"https:\/\/autorai.nl\/wp-content\/uploads\/2023\/09\/Citroen-C5-Aircross-29-1600x1067.jpg\" data-fancybox=\"galery-5\" title=\"\"><br \/>\n\t\t\t\t\t\t\t<img decoding=\"async\" width=\"360\" height=\"270\" src=\"https:\/\/autorai.nl\/wp-content\/uploads\/2023\/09\/Citroen-C5-Aircross-29-360x270.jpg\" class=\"attachment-small size-small\" alt=\"\" loading=\"lazy\"><i class=\"fa fa-search-plus\" aria-hidden=\"true\"><\/i><br \/>\n\t\t\t\t\t\t<\/span><br \/>\n\t\t\t\t\t<\/figure>\n<figure>\n\t\t\t\t\t<span style=\"cursor: pointer\" data-src=\"https:\/\/autorai.nl\/wp-content\/uploads\/2023\/09\/Citroen-C5-Aircross-32-1600x1067.jpg\" data-fancybox=\"galery-5\" title=\"\"><br \/>\n\t\t\t\t\t\t\t<img decoding=\"async\" width=\"360\" height=\"270\" src=\"https:\/\/autorai.nl\/wp-content\/uploads\/2023\/09\/Citroen-C5-Aircross-32-360x270.jpg\" class=\"attachment-small size-small\" alt=\"\" loading=\"lazy\"><i class=\"fa fa-search-plus\" aria-hidden=\"true\"><\/i><br \/>\n\t\t\t\t\t\t<\/span><br \/>\n\t\t\t\t\t<\/figure>\n<figure>\n\t\t\t\t\t<span style=\"cursor: pointer\" data-src=\"https:\/\/autorai.nl\/wp-content\/uploads\/2023\/09\/Citroen-C5-Aircross-11-1600x1067.jpg\" data-fancybox=\"galery-5\" title=\"\"><br \/>\n\t\t\t\t\t\t\t<img decoding=\"async\" width=\"640\" height=\"480\" src=\"https:\/\/autorai.nl\/wp-content\/uploads\/2023\/09\/Citroen-C5-Aircross-11-640x480.jpg\" class=\"attachment-medium size-medium\" alt=\"\" loading=\"lazy\"><i class=\"fa fa-search-plus\" aria-hidden=\"true\"><\/i><br \/>\n\t\t\t\t\t\t<\/span><br \/>\n\t\t\t\t\t<\/figure>\n<figure>\n\t\t\t\t\t<span style=\"cursor: pointer\" data-src=\"https:\/\/autorai.nl\/wp-content\/uploads\/2023\/09\/Citroen-C5-Aircross-34-1600x1067.jpg\" data-fancybox=\"galery-5\" title=\"\"><br \/>\n\t\t\t\t\t\t\t<img decoding=\"async\" width=\"360\" height=\"270\" src=\"https:\/\/autorai.nl\/wp-content\/uploads\/2023\/09\/Citroen-C5-Aircross-34-360x270.jpg\" class=\"attachment-small size-small\" alt=\"\" loading=\"lazy\"><i class=\"fa fa-search-plus\" aria-hidden=\"true\"><\/i><br \/>\n\t\t\t\t\t\t<\/span><br \/>\n\t\t\t\t\t<\/figure>\n<figure>\n\t\t\t\t\t<span style=\"cursor: pointer\" data-src=\"https:\/\/autorai.nl\/wp-content\/uploads\/2023\/09\/Citroen-C5-Aircross-35-1600x1067.jpg\" data-fancybox=\"galery-5\" title=\"\"><br \/>\n\t\t\t\t\t\t\t<img decoding=\"async\" width=\"360\" height=\"270\" src=\"https:\/\/autorai.nl\/wp-content\/uploads\/2023\/09\/Citroen-C5-Aircross-35-360x270.jpg\" class=\"attachment-small size-small\" alt=\"\" loading=\"lazy\"><i class=\"fa fa-search-plus\" aria-hidden=\"true\"><\/i><br \/>\n\t\t\t\t\t\t<\/span><br \/>\n\t\t\t\t\t<\/figure>\n<figure>\n\t\t\t\t\t<span style=\"cursor: pointer\" data-src=\"https:\/\/autorai.nl\/wp-content\/uploads\/2023\/09\/Citroen-C5-Aircross-31-1600x1067.jpg\" data-fancybox=\"galery-5\" title=\"\"><br \/>\n\t\t\t\t\t\t\t<img decoding=\"async\" width=\"640\" height=\"480\" src=\"https:\/\/autorai.nl\/wp-content\/uploads\/2023\/09\/Citroen-C5-Aircross-31-640x480.jpg\" class=\"attachment-medium size-medium\" alt=\"\" loading=\"lazy\"><i class=\"fa fa-search-plus\" aria-hidden=\"true\"><\/i><br \/>\n\t\t\t\t\t\t<\/span><br \/>\n\t\t\t\t\t<\/figure>\n<figure>\n\t\t\t\t\t<span style=\"cursor: pointer\" data-src=\"https:\/\/autorai.nl\/wp-content\/uploads\/2023\/09\/Citroen-C5-Aircross-33-1600x1067.jpg\" data-fancybox=\"galery-5\" title=\"\"><br \/>\n\t\t\t\t\t\t\t<img decoding=\"async\" width=\"360\" height=\"270\" src=\"https:\/\/autorai.nl\/wp-content\/uploads\/2023\/09\/Citroen-C5-Aircross-33-360x270.jpg\" class=\"attachment-small size-small\" alt=\"\" loading=\"lazy\"><i class=\"fa fa-search-plus\" aria-hidden=\"true\"><\/i><br \/>\n\t\t\t\t\t\t<\/span><br \/>\n\t\t\t\t\t<\/figure>\n<figure>\n\t\t\t\t\t<span style=\"cursor: pointer\" data-src=\"https:\/\/autorai.nl\/wp-content\/uploads\/2023\/09\/Citroen-C5-Aircross-36-1-1600x1067.jpg\" data-fancybox=\"galery-5\" title=\"\"><br \/>\n\t\t\t\t\t\t\t<img decoding=\"async\" width=\"360\" height=\"270\" src=\"https:\/\/autorai.nl\/wp-content\/uploads\/2023\/09\/Citroen-C5-Aircross-36-1-360x270.jpg\" class=\"attachment-small size-small\" alt=\"\" loading=\"lazy\"><i class=\"fa fa-search-plus\" aria-hidden=\"true\"><\/i><br \/>\n\t\t\t\t\t\t<\/span><br \/>\n\t\t\t\t\t<\/figure>\n<div class=\"clear\"><\/div>\n<\/div>\n","protected":false},"excerpt":{"rendered":"El Citro\u00ebn C5 Aircross entr\u00f3 en el mercado en 2019 como el sucesor del C4 SpaceTourer en particular y ha&hellip;","protected":false},"author":0,"featured_media":139486,"comment_status":"","ping_status":"open","sticky":false,"template":"","format":"standard","meta":{"footnotes":""},"categories":[126,145],"tags":[],"class_list":["post-143518","post","type-post","status-publish","format-standard","has-post-thumbnail","hentry","category-noticias-de-autos","category-pruebas-de-autos"],"acf":[],"yoast_head":"<!-- This site is optimized with the Yoast SEO plugin v21.2 - https:\/\/yoast.com\/wordpress\/plugins\/seo\/ -->\n<title>Revisi\u00f3n - Citro\u00ebn C5 Aircross PHEV 180 e h\u00edbrido suave (2023) - All cars news<\/title>\n<meta name=\"robots\" content=\"index, follow, max-snippet:-1, max-image-preview:large, max-video-preview:-1\" \/>\n<link rel=\"canonical\" href=\"https:\/\/all-car-news.com\/es\/revision-citroen-c5-aircross-phev-180-e-hibrido-suave-2023\/\" \/>\n<meta property=\"og:locale\" content=\"es_ES\" \/>\n<meta property=\"og:type\" content=\"article\" \/>\n<meta property=\"og:title\" content=\"Revisi\u00f3n - Citro\u00ebn C5 Aircross PHEV 180 e h\u00edbrido suave (2023) - All cars news\" \/>\n<meta property=\"og:description\" content=\"El Citro\u00ebn C5 Aircross entr\u00f3 en el mercado en 2019 como el sucesor del C4 SpaceTourer en particular y ha sido el coche familiar de la marca desde entonces. Con \u00e9xito. La electrificaci\u00f3n tampoco escapa al C5 Aircross. As\u00ed, estuvo disponible desde el principio como H\u00edbrido Enchufable 225, que ha supuesto [...] en lo que va de a\u00f1o.\" \/>\n<meta property=\"og:url\" content=\"https:\/\/all-car-news.com\/es\/revision-citroen-c5-aircross-phev-180-e-hibrido-suave-2023\/\" \/>\n<meta property=\"og:site_name\" content=\"All cars news\" \/>\n<meta property=\"article:published_time\" content=\"2023-10-03T09:06:00+00:00\" \/>\n<meta property=\"og:image\" content=\"https:\/\/autorai.nl\/wp-content\/uploads\/2023\/09\/Citroen-C5-Aircross-16-640x480.jpg\" \/>\n<meta name=\"twitter:card\" content=\"summary_large_image\" \/>\n<meta name=\"twitter:label1\" content=\"Tiempo de lectura\" \/>\n\t<meta name=\"twitter:data1\" content=\"5 minutos\" \/>\n<script type=\"application\/ld+json\" class=\"yoast-schema-graph\">{\"@context\":\"https:\/\/schema.org\",\"@graph\":[{\"@type\":\"Article\",\"@id\":\"https:\/\/all-car-news.com\/es\/revision-citroen-c5-aircross-phev-180-e-hibrido-suave-2023\/#article\",\"isPartOf\":{\"@id\":\"https:\/\/all-car-news.com\/es\/revision-citroen-c5-aircross-phev-180-e-hibrido-suave-2023\/\"},\"author\":{\"name\":\"\",\"@id\":\"\"},\"headline\":\"Revisi\u00f3n &#8211; Citro\u00ebn C5 Aircross PHEV 180 e h\u00edbrido suave (2023)\",\"datePublished\":\"2023-10-03T09:06:00+00:00\",\"dateModified\":\"2023-10-03T09:06:00+00:00\",\"mainEntityOfPage\":{\"@id\":\"https:\/\/all-car-news.com\/es\/revision-citroen-c5-aircross-phev-180-e-hibrido-suave-2023\/\"},\"wordCount\":966,\"publisher\":{\"@id\":\"https:\/\/all-car-news.com\/es\/#organization\"},\"articleSection\":[\"noticias de autos\",\"pruebas de autos\"],\"inLanguage\":\"es\"},{\"@type\":\"WebPage\",\"@id\":\"https:\/\/all-car-news.com\/es\/revision-citroen-c5-aircross-phev-180-e-hibrido-suave-2023\/\",\"url\":\"https:\/\/all-car-news.com\/es\/revision-citroen-c5-aircross-phev-180-e-hibrido-suave-2023\/\",\"name\":\"Revisi\u00f3n - Citro\u00ebn C5 Aircross PHEV 180 e h\u00edbrido suave (2023) - All cars news\",\"isPartOf\":{\"@id\":\"https:\/\/all-car-news.com\/es\/#website\"},\"datePublished\":\"2023-10-03T09:06:00+00:00\",\"dateModified\":\"2023-10-03T09:06:00+00:00\",\"breadcrumb\":{\"@id\":\"https:\/\/all-car-news.com\/es\/revision-citroen-c5-aircross-phev-180-e-hibrido-suave-2023\/#breadcrumb\"},\"inLanguage\":\"es\",\"potentialAction\":[{\"@type\":\"ReadAction\",\"target\":[\"https:\/\/all-car-news.com\/es\/revision-citroen-c5-aircross-phev-180-e-hibrido-suave-2023\/\"]}]},{\"@type\":\"BreadcrumbList\",\"@id\":\"https:\/\/all-car-news.com\/es\/revision-citroen-c5-aircross-phev-180-e-hibrido-suave-2023\/#breadcrumb\",\"itemListElement\":[{\"@type\":\"ListItem\",\"position\":1,\"name\":\"Home\",\"item\":\"https:\/\/all-car-news.com\/es\/\"},{\"@type\":\"ListItem\",\"position\":2,\"name\":\"Revisi\u00f3n &#8211; Citro\u00ebn C5 Aircross PHEV 180 e h\u00edbrido suave (2023)\"}]},{\"@type\":\"WebSite\",\"@id\":\"https:\/\/all-car-news.com\/es\/#website\",\"url\":\"https:\/\/all-car-news.com\/es\/\",\"name\":\"All cars news\",\"description\":\"\",\"publisher\":{\"@id\":\"https:\/\/all-car-news.com\/es\/#organization\"},\"potentialAction\":[{\"@type\":\"SearchAction\",\"target\":{\"@type\":\"EntryPoint\",\"urlTemplate\":\"https:\/\/all-car-news.com\/es\/?s={search_term_string}\"},\"query-input\":\"required name=search_term_string\"}],\"inLanguage\":\"es\"},{\"@type\":\"Organization\",\"@id\":\"https:\/\/all-car-news.com\/es\/#organization\",\"name\":\"All cars news\",\"url\":\"https:\/\/all-car-news.com\/es\/\",\"logo\":{\"@type\":\"ImageObject\",\"inLanguage\":\"es\",\"@id\":\"https:\/\/all-car-news.com\/es\/#\/schema\/logo\/image\/\",\"url\":\"https:\/\/all-car-news.com\/wp-content\/uploads\/2022\/02\/CMYK-AllCarNews_LANDSCAPE_300px-1.png\",\"contentUrl\":\"https:\/\/all-car-news.com\/wp-content\/uploads\/2022\/02\/CMYK-AllCarNews_LANDSCAPE_300px-1.png\",\"width\":300,\"height\":100,\"caption\":\"All cars news\"},\"image\":{\"@id\":\"https:\/\/all-car-news.com\/es\/#\/schema\/logo\/image\/\"}}]}<\/script>\n<!-- \/ Yoast SEO plugin. -->","yoast_head_json":{"title":"Revisi\u00f3n - Citro\u00ebn C5 Aircross PHEV 180 e h\u00edbrido suave (2023) - All cars news","robots":{"index":"index","follow":"follow","max-snippet":"max-snippet:-1","max-image-preview":"max-image-preview:large","max-video-preview":"max-video-preview:-1"},"canonical":"https:\/\/all-car-news.com\/es\/revision-citroen-c5-aircross-phev-180-e-hibrido-suave-2023\/","og_locale":"es_ES","og_type":"article","og_title":"Revisi\u00f3n - Citro\u00ebn C5 Aircross PHEV 180 e h\u00edbrido suave (2023) - All cars news","og_description":"El Citro\u00ebn C5 Aircross entr\u00f3 en el mercado en 2019 como el sucesor del C4 SpaceTourer en particular y ha sido el coche familiar de la marca desde entonces. Con \u00e9xito. La electrificaci\u00f3n tampoco escapa al C5 Aircross. As\u00ed, estuvo disponible desde el principio como H\u00edbrido Enchufable 225, que ha supuesto [...] en lo que va de a\u00f1o.","og_url":"https:\/\/all-car-news.com\/es\/revision-citroen-c5-aircross-phev-180-e-hibrido-suave-2023\/","og_site_name":"All cars news","article_published_time":"2023-10-03T09:06:00+00:00","og_image":[{"url":"https:\/\/autorai.nl\/wp-content\/uploads\/2023\/09\/Citroen-C5-Aircross-16-640x480.jpg"}],"twitter_card":"summary_large_image","twitter_misc":{"Tiempo de lectura":"5 minutos"},"schema":{"@context":"https:\/\/schema.org","@graph":[{"@type":"Article","@id":"https:\/\/all-car-news.com\/es\/revision-citroen-c5-aircross-phev-180-e-hibrido-suave-2023\/#article","isPartOf":{"@id":"https:\/\/all-car-news.com\/es\/revision-citroen-c5-aircross-phev-180-e-hibrido-suave-2023\/"},"author":{"name":"","@id":""},"headline":"Revisi\u00f3n &#8211; Citro\u00ebn C5 Aircross PHEV 180 e h\u00edbrido suave (2023)","datePublished":"2023-10-03T09:06:00+00:00","dateModified":"2023-10-03T09:06:00+00:00","mainEntityOfPage":{"@id":"https:\/\/all-car-news.com\/es\/revision-citroen-c5-aircross-phev-180-e-hibrido-suave-2023\/"},"wordCount":966,"publisher":{"@id":"https:\/\/all-car-news.com\/es\/#organization"},"articleSection":["noticias de autos","pruebas de autos"],"inLanguage":"es"},{"@type":"WebPage","@id":"https:\/\/all-car-news.com\/es\/revision-citroen-c5-aircross-phev-180-e-hibrido-suave-2023\/","url":"https:\/\/all-car-news.com\/es\/revision-citroen-c5-aircross-phev-180-e-hibrido-suave-2023\/","name":"Revisi\u00f3n - Citro\u00ebn C5 Aircross PHEV 180 e h\u00edbrido suave (2023) - All cars news","isPartOf":{"@id":"https:\/\/all-car-news.com\/es\/#website"},"datePublished":"2023-10-03T09:06:00+00:00","dateModified":"2023-10-03T09:06:00+00:00","breadcrumb":{"@id":"https:\/\/all-car-news.com\/es\/revision-citroen-c5-aircross-phev-180-e-hibrido-suave-2023\/#breadcrumb"},"inLanguage":"es","potentialAction":[{"@type":"ReadAction","target":["https:\/\/all-car-news.com\/es\/revision-citroen-c5-aircross-phev-180-e-hibrido-suave-2023\/"]}]},{"@type":"BreadcrumbList","@id":"https:\/\/all-car-news.com\/es\/revision-citroen-c5-aircross-phev-180-e-hibrido-suave-2023\/#breadcrumb","itemListElement":[{"@type":"ListItem","position":1,"name":"Home","item":"https:\/\/all-car-news.com\/es\/"},{"@type":"ListItem","position":2,"name":"Revisi\u00f3n &#8211; Citro\u00ebn C5 Aircross PHEV 180 e h\u00edbrido suave (2023)"}]},{"@type":"WebSite","@id":"https:\/\/all-car-news.com\/es\/#website","url":"https:\/\/all-car-news.com\/es\/","name":"All cars news","description":"","publisher":{"@id":"https:\/\/all-car-news.com\/es\/#organization"},"potentialAction":[{"@type":"SearchAction","target":{"@type":"EntryPoint","urlTemplate":"https:\/\/all-car-news.com\/es\/?s={search_term_string}"},"query-input":"required name=search_term_string"}],"inLanguage":"es"},{"@type":"Organization","@id":"https:\/\/all-car-news.com\/es\/#organization","name":"All cars news","url":"https:\/\/all-car-news.com\/es\/","logo":{"@type":"ImageObject","inLanguage":"es","@id":"https:\/\/all-car-news.com\/es\/#\/schema\/logo\/image\/","url":"https:\/\/all-car-news.com\/wp-content\/uploads\/2022\/02\/CMYK-AllCarNews_LANDSCAPE_300px-1.png","contentUrl":"https:\/\/all-car-news.com\/wp-content\/uploads\/2022\/02\/CMYK-AllCarNews_LANDSCAPE_300px-1.png","width":300,"height":100,"caption":"All cars news"},"image":{"@id":"https:\/\/all-car-news.com\/es\/#\/schema\/logo\/image\/"}}]}},"_links":{"self":[{"href":"https:\/\/all-car-news.com\/es\/wp-json\/wp\/v2\/posts\/143518","targetHints":{"allow":["GET"]}}],"collection":[{"href":"https:\/\/all-car-news.com\/es\/wp-json\/wp\/v2\/posts"}],"about":[{"href":"https:\/\/all-car-news.com\/es\/wp-json\/wp\/v2\/types\/post"}],"replies":[{"embeddable":true,"href":"https:\/\/all-car-news.com\/es\/wp-json\/wp\/v2\/comments?post=143518"}],"version-history":[{"count":0,"href":"https:\/\/all-car-news.com\/es\/wp-json\/wp\/v2\/posts\/143518\/revisions"}],"wp:featuredmedia":[{"embeddable":true,"href":"https:\/\/all-car-news.com\/es\/wp-json\/wp\/v2\/media\/139486"}],"wp:attachment":[{"href":"https:\/\/all-car-news.com\/es\/wp-json\/wp\/v2\/media?parent=143518"}],"wp:term":[{"taxonomy":"category","embeddable":true,"href":"https:\/\/all-car-news.com\/es\/wp-json\/wp\/v2\/categories?post=143518"},{"taxonomy":"post_tag","embeddable":true,"href":"https:\/\/all-car-news.com\/es\/wp-json\/wp\/v2\/tags?post=143518"}],"curies":[{"name":"wp","href":"https:\/\/api.w.org\/{rel}","templated":true}]}}