{"id":143332,"date":"2024-02-28T08:30:00","date_gmt":"2024-02-28T08:30:00","guid":{"rendered":"https:\/\/all-car-news.com\/volvo-cambia-de-gama-diferentes-nombres-para-los-modelos-xc40-y-c40\/"},"modified":"2024-02-28T08:30:00","modified_gmt":"2024-02-28T08:30:00","slug":"volvo-cambia-de-gama-diferentes-nombres-para-los-modelos-xc40-y-c40","status":"publish","type":"post","link":"https:\/\/all-car-news.com\/es\/volvo-cambia-de-gama-diferentes-nombres-para-los-modelos-xc40-y-c40\/","title":{"rendered":"Volvo cambia de gama: diferentes nombres para los modelos XC40 y C40"},"content":{"rendered":"<h2>Volvo XC40 Recharge se convierte en Volvo EX40, C40 en EC40<\/h2>\n<p>El Volvo XC40 Recharge se llama ahora EX40. Tambi\u00e9n se ha cambiado el nombre del modelo C40 Recharge, que pasa a llamarse EC40.&nbsp;Con esto, la denominaci\u00f3n de los modelos totalmente el\u00e9ctricos de Volvo siempre ser\u00e1 reconocible por la letra inicial \u00abE\u00bb. El nombre del modelo para la versi\u00f3n Mild-hybrid no cambiar\u00e1, seguir\u00e1 siendo XC40.&nbsp;Los nuevos nombres de los modelos coinciden con la introducci\u00f3n del nuevo a\u00f1o modelo 2025.<\/p>\n<h2>El XC40 es el coche m\u00e1s vendido en los Pa\u00edses Bajos<\/h2>\n<p>El Volvo XC40 es actualmente el coche m\u00e1s vendido en los Pa\u00edses Bajos.&nbsp;El popular SUV fue galardonado en 2023 con el premio Business Car of the Year 2024 y sigui\u00f3 siendo muy solicitado entre los compradores empresariales y particulares, con m\u00e1s de 8.500 matriculaciones, de las cuales m\u00e1s de 6.300 fueron totalmente el\u00e9ctricas. En el grupo de los 40 de Volvo, todas las variantes del modelo supusieron en conjunto unas ventas de m\u00e1s de 10.000 unidades en 2023. Este \u00e9xito puede atribuirse en parte a las actualizaciones de producto a las que se han sometido ambos modelos el\u00e9ctricos en 2023.&nbsp;Actualmente circulan m\u00e1s de 45.000 XC40 en los Pa\u00edses Bajos.<\/p>\n<figure class=\"wp-block-image size-content\"><img decoding=\"async\" loading=\"lazy\" width=\"1140\" height=\"760\" src=\"https:\/\/autorai.nl\/wp-content\/uploads\/2024\/02\/volvo-ex40-2024-foto2-1140x760.jpg\" alt=\"Volvo EX40\" class=\"wp-image-175045\"><figcaption>Volvo EX40<\/figcaption><\/figure>\n<h2>Cambios en los productos<\/h2>\n<p>En el a\u00f1o modelo 2025, Volvo introducir\u00e1 una serie de cambios en el producto EX40, con una autonom\u00eda de hasta 576 km, en los Pa\u00edses Bajos. Para&nbsp;el motor \u00fanico dispondr\u00e1 de una nueva bater\u00eda de 70 kWh (antes 69 kWh), con carga r\u00e1pida de hasta 180 kW (antes 135 kW). Esto reduce el tiempo de carga del 10-80% de 34 minutos a 26 minutos.<\/p>\n<h2>Rendimiento del motor bicil\u00edndrico<\/h2>\n<p>El Twin Motor ser\u00e1 sucedido por el Twin Motor Performance en el a\u00f1o modelo 2025.<br \/>Esta versi\u00f3n Performance tiene m\u00e1s potencia y una aceleraci\u00f3n ligeramente m\u00e1s r\u00e1pida. La potencia extra en el eje delantero aumenta de 150 CV (110 kW) a 184 CV (135 kW).&nbsp;La potencia del sistema de 442 CV (325 kW) explica la aceleraci\u00f3n de 0 a 100 km\/h del coche en 4,6 segundos. Adem\u00e1s del aumento de potencia, tambi\u00e9n hay un modo de conducci\u00f3n Performance. Esto proporciona una respuesta m\u00e1s r\u00e1pida del pedal y garantiza que ambos motores est\u00e9n siempre engranados. Al conducir despacio y en modo de conducci\u00f3n normal, el motor del eje delantero se apaga para ahorrar energ\u00eda. El motor vuelve a embragar en ambos ejes cuando se necesita mucha potencia o tracci\u00f3n.<\/p>\n<figure class=\"wp-block-image size-content\"><img decoding=\"async\" loading=\"lazy\" width=\"1140\" height=\"760\" src=\"https:\/\/autorai.nl\/wp-content\/uploads\/2024\/02\/volvo-ex40-2024-foto3-1140x760.jpg\" alt=\"Volvo EX40 Black Edition\" class=\"wp-image-175046\"><figcaption>Volvo EX40 Black Edition<\/figcaption><\/figure>\n<h2>Subvenci\u00f3n SEPP<\/h2>\n<p>El Single Motor sigue estando disponible en la versi\u00f3n Essential, incluso con la tecnolog\u00eda de bater\u00eda mejorada, con una subvenci\u00f3n SEPP de 2.950 euros. De hecho, cuesta 45.995 euros, pero el valor fiscal del Single Motor Essential es de 44.830 euros.<\/p>\n<h2>Edici\u00f3n Business y Black<\/h2>\n<p>Con motivo del lanzamiento del EX40 y el EC40, Volvo presenta la Business Edition y la Black Edition en ambos modelos. La Business Edition es una versi\u00f3n muy completa y fiscalmente atractiva para el empresario. El coche est\u00e1 totalmente equipado con caracter\u00edsticas que incluyen: Control de Crucero Adaptativo con Pilot Assist, Sistema de Informaci\u00f3n de Puntos Ciegos (incluyendo Alerta de Tr\u00e1fico Cruzado), c\u00e1maras de 360 grados y cristales traseros extra tintados. El EX40 Business Edition tiene un precio de partida de 49.995 euros.<\/p>\n<p>La versi\u00f3n Black Edition combina un exterior completamente negro con una serie de opciones de lujo adicionales. Por ejemplo, el coche est\u00e1 acabado en Negro Onyx metalizado, los logotipos y emblemas son de color negro brillante y las llantas de 20 pulgadas tambi\u00e9n son completamente negras brillantes. El Black Edition tambi\u00e9n cuenta con audio premium Harman Kardon, c\u00e1maras de 360 grados y los faros Pixel LED. El EX40 Black Edition est\u00e1 disponible desde 54.995 euros. Tanto la Business como la Black Edition tambi\u00e9n est\u00e1n disponibles en la Volvo EC40.<\/p>\n<p>Frits Giesbers, Director de Operaciones Comerciales, afirma: \u00ab<em>Con las mejoras de producto y las nuevas versiones, esperamos continuar con el \u00e9xito de los Volvo EX40 y EC40 en los Pa\u00edses Bajos. Aqu\u00ed, la estabilidad y la seguridad son los principios rectores de nuestra estrategia de precios. La base est\u00e1 en buena forma, los valores residuales de nuestros coches son altos. Principios importantes que contribuyen a reforzar nuestra estrategia de sostenibilidad, junto con nuestros socios minoristas y nuestros clientes.\u00bb<\/em><\/p>\n<figure class=\"wp-block-image size-content\"><img decoding=\"async\" loading=\"lazy\" width=\"1140\" height=\"760\" src=\"https:\/\/autorai.nl\/wp-content\/uploads\/2024\/02\/volvo-ex40-2024-foto1-1140x760.jpg\" alt=\"Volvo EC40\" class=\"wp-image-175044\"><figcaption>Volvo EC40<\/figcaption><\/figure>\n<h2>Los precios<\/h2>\n<p>El Volvo EX40 puede encargarse a partir de ahora por precios que empiezan en 45.995 euros. A trav\u00e9s de Care by Volvo, la suscripci\u00f3n flexible para autom\u00f3viles, el Volvo EX40 est\u00e1 disponible desde 749 euros al mes (flexible) o desde 699 euros al mes (fijo).<\/p>\n<\/p>\n<figure class=\"wp-block-table is-style-stripes\">\n<table>\n<tbody>\n<tr>\n<td><strong>Volvo EX40<\/strong><strong><\/strong><\/td>\n<td><strong>Motor \u00fanico<\/strong><strong><\/strong><\/td>\n<td><strong>Gama ampliada de un solo motor<\/strong><strong><\/strong><\/td>\n<td><strong>Rendimiento del motor bicil\u00edndrico<\/strong><strong><\/strong><\/td>\n<\/tr>\n<tr>\n<td>Esencial<\/td>\n<td>\u20ac 45.995<\/td>\n<td><\/td>\n<td><\/td>\n<\/tr>\n<tr>\n<td>N\u00facleo<\/td>\n<td>\u20ac 48.995<\/td>\n<td>\u20ac 51.995<\/td>\n<td><\/td>\n<\/tr>\n<tr>\n<td>Edici\u00f3n Business<\/td>\n<td>\u20ac 49.995<\/td>\n<td>52.995 euros (nuevo)<\/td>\n<td><\/td>\n<\/tr>\n<tr>\n<td>M\u00e1s<\/td>\n<td>\u20ac 52.495<\/td>\n<td>\u20ac 55.495<\/td>\n<td>\u20ac 59.495<\/td>\n<\/tr>\n<tr>\n<td>Plus &#8211; Black Edition<\/td>\n<td>54.995 euros (nuevo)<\/td>\n<td>57.995 euros (nuevo)<\/td>\n<td>61.995 euros (nuevo)<\/td>\n<\/tr>\n<tr>\n<td>Ultra<\/td>\n<td><\/td>\n<td>\u20ac 58.495<\/td>\n<td>\u20ac 62.495<\/td>\n<\/tr>\n<tr>\n<td>Ultra &#8211; Edici\u00f3n Negra<\/td>\n<td><\/td>\n<td>60.995 euros (nuevo)<\/td>\n<td>64.995 euros (nuevo)<\/td>\n<\/tr>\n<tr>\n<td><\/td>\n<td><\/td>\n<td><\/td>\n<td><\/td>\n<\/tr>\n<tr>\n<td><\/td>\n<td><\/td>\n<td><\/td>\n<td><\/td>\n<\/tr>\n<tr>\n<td><strong>Volvo EC40<\/strong><strong><\/strong><\/td>\n<td><strong>Motor \u00fanico<\/strong><strong><\/strong><\/td>\n<td><strong>Gama ampliada de un solo motor<\/strong><strong><\/strong><\/td>\n<td><strong>Rendimiento del motor bicil\u00edndrico<\/strong><strong><\/strong><\/td>\n<\/tr>\n<tr>\n<td>N\u00facleo<\/td>\n<td>\u20ac 50.495<\/td>\n<td>\u20ac 53.495<\/td>\n<td><\/td>\n<\/tr>\n<tr>\n<td>Edici\u00f3n Business<\/td>\n<td>51.495 euros (nuevo)<\/td>\n<td>54.495 euros (nuevo)<\/td>\n<td><\/td>\n<\/tr>\n<tr>\n<td>M\u00e1s<\/td>\n<td>\u20ac 53.995<\/td>\n<td>\u20ac 56.995<\/td>\n<td>\u20ac 60.995<\/td>\n<\/tr>\n<tr>\n<td>Plus &#8211; Black Edition<\/td>\n<td>56.495 euros (nuevo)<\/td>\n<td>59.495 euros (nuevo)<\/td>\n<td>63.495 \u20ac (nuevo)<\/td>\n<\/tr>\n<tr>\n<td>Ultra<\/td>\n<td><\/td>\n<td>\u20ac 59.495<\/td>\n<td>\u20ac 63.495<\/td>\n<\/tr>\n<tr>\n<td>Ultra &#8211; Black Edition<\/td>\n<td><\/td>\n<td>61.995 euros (nuevo)<\/td>\n<td>65.995 euros (nuevo)<\/td>\n<\/tr>\n<\/tbody>\n<\/table>\n<\/figure>\n","protected":false},"excerpt":{"rendered":"Volvo XC40 Recharge se convierte en Volvo EX40, el C40 pasa a llamarse EC40 El Volvo XC40 Recharge pasa a&hellip;","protected":false},"author":0,"featured_media":143325,"comment_status":"","ping_status":"open","sticky":false,"template":"","format":"standard","meta":{"footnotes":""},"categories":[126],"tags":[],"class_list":["post-143332","post","type-post","status-publish","format-standard","has-post-thumbnail","hentry","category-noticias-de-autos"],"acf":[],"yoast_head":"<!-- This site is optimized with the Yoast SEO plugin v21.2 - https:\/\/yoast.com\/wordpress\/plugins\/seo\/ -->\n<title>Volvo cambia de gama: diferentes nombres para los modelos XC40 y C40 - All cars news<\/title>\n<meta name=\"robots\" content=\"index, follow, max-snippet:-1, max-image-preview:large, max-video-preview:-1\" \/>\n<link rel=\"canonical\" href=\"https:\/\/all-car-news.com\/es\/volvo-cambia-de-gama-diferentes-nombres-para-los-modelos-xc40-y-c40\/\" \/>\n<meta property=\"og:locale\" content=\"es_ES\" \/>\n<meta property=\"og:type\" content=\"article\" \/>\n<meta property=\"og:title\" content=\"Volvo cambia de gama: diferentes nombres para los modelos XC40 y C40 - All cars news\" \/>\n<meta property=\"og:description\" content=\"Volvo XC40 Recharge se convierte en Volvo EX40, el C40 pasa a llamarse EC40 El Volvo XC40 Recharge pasa a llamarse EX40. Tambi\u00e9n se ha cambiado el nombre del modelo C40 Recharge, que pasa a llamarse EC40.&nbsp;Con esto, la denominaci\u00f3n de los modelos totalmente el\u00e9ctricos de Volvo siempre ser\u00e1 reconocible por la letra inicial &quot;E&quot;. El nombre del modelo para la versi\u00f3n Mild-hybrid no cambia, sigue siendo XC40.&nbsp;Los nuevos nombres de los modelos coinciden [...]\" \/>\n<meta property=\"og:url\" content=\"https:\/\/all-car-news.com\/es\/volvo-cambia-de-gama-diferentes-nombres-para-los-modelos-xc40-y-c40\/\" \/>\n<meta property=\"og:site_name\" content=\"All cars news\" \/>\n<meta property=\"article:published_time\" content=\"2024-02-28T08:30:00+00:00\" \/>\n<meta property=\"og:image\" content=\"https:\/\/autorai.nl\/wp-content\/uploads\/2024\/02\/volvo-ex40-2024-foto2-1140x760.jpg\" \/>\n<meta name=\"twitter:card\" content=\"summary_large_image\" \/>\n<meta name=\"twitter:label1\" content=\"Tiempo de lectura\" \/>\n\t<meta name=\"twitter:data1\" content=\"4 minutos\" \/>\n<script type=\"application\/ld+json\" class=\"yoast-schema-graph\">{\"@context\":\"https:\/\/schema.org\",\"@graph\":[{\"@type\":\"Article\",\"@id\":\"https:\/\/all-car-news.com\/es\/volvo-cambia-de-gama-diferentes-nombres-para-los-modelos-xc40-y-c40\/#article\",\"isPartOf\":{\"@id\":\"https:\/\/all-car-news.com\/es\/volvo-cambia-de-gama-diferentes-nombres-para-los-modelos-xc40-y-c40\/\"},\"author\":{\"name\":\"\",\"@id\":\"\"},\"headline\":\"Volvo cambia de gama: diferentes nombres para los modelos XC40 y C40\",\"datePublished\":\"2024-02-28T08:30:00+00:00\",\"dateModified\":\"2024-02-28T08:30:00+00:00\",\"mainEntityOfPage\":{\"@id\":\"https:\/\/all-car-news.com\/es\/volvo-cambia-de-gama-diferentes-nombres-para-los-modelos-xc40-y-c40\/\"},\"wordCount\":886,\"publisher\":{\"@id\":\"https:\/\/all-car-news.com\/es\/#organization\"},\"articleSection\":[\"noticias de autos\"],\"inLanguage\":\"es\"},{\"@type\":\"WebPage\",\"@id\":\"https:\/\/all-car-news.com\/es\/volvo-cambia-de-gama-diferentes-nombres-para-los-modelos-xc40-y-c40\/\",\"url\":\"https:\/\/all-car-news.com\/es\/volvo-cambia-de-gama-diferentes-nombres-para-los-modelos-xc40-y-c40\/\",\"name\":\"Volvo cambia de gama: diferentes nombres para los modelos XC40 y C40 - All cars news\",\"isPartOf\":{\"@id\":\"https:\/\/all-car-news.com\/es\/#website\"},\"datePublished\":\"2024-02-28T08:30:00+00:00\",\"dateModified\":\"2024-02-28T08:30:00+00:00\",\"breadcrumb\":{\"@id\":\"https:\/\/all-car-news.com\/es\/volvo-cambia-de-gama-diferentes-nombres-para-los-modelos-xc40-y-c40\/#breadcrumb\"},\"inLanguage\":\"es\",\"potentialAction\":[{\"@type\":\"ReadAction\",\"target\":[\"https:\/\/all-car-news.com\/es\/volvo-cambia-de-gama-diferentes-nombres-para-los-modelos-xc40-y-c40\/\"]}]},{\"@type\":\"BreadcrumbList\",\"@id\":\"https:\/\/all-car-news.com\/es\/volvo-cambia-de-gama-diferentes-nombres-para-los-modelos-xc40-y-c40\/#breadcrumb\",\"itemListElement\":[{\"@type\":\"ListItem\",\"position\":1,\"name\":\"Home\",\"item\":\"https:\/\/all-car-news.com\/es\/\"},{\"@type\":\"ListItem\",\"position\":2,\"name\":\"Volvo cambia de gama: diferentes nombres para los modelos XC40 y C40\"}]},{\"@type\":\"WebSite\",\"@id\":\"https:\/\/all-car-news.com\/es\/#website\",\"url\":\"https:\/\/all-car-news.com\/es\/\",\"name\":\"All cars news\",\"description\":\"\",\"publisher\":{\"@id\":\"https:\/\/all-car-news.com\/es\/#organization\"},\"potentialAction\":[{\"@type\":\"SearchAction\",\"target\":{\"@type\":\"EntryPoint\",\"urlTemplate\":\"https:\/\/all-car-news.com\/es\/?s={search_term_string}\"},\"query-input\":\"required name=search_term_string\"}],\"inLanguage\":\"es\"},{\"@type\":\"Organization\",\"@id\":\"https:\/\/all-car-news.com\/es\/#organization\",\"name\":\"All cars news\",\"url\":\"https:\/\/all-car-news.com\/es\/\",\"logo\":{\"@type\":\"ImageObject\",\"inLanguage\":\"es\",\"@id\":\"https:\/\/all-car-news.com\/es\/#\/schema\/logo\/image\/\",\"url\":\"https:\/\/all-car-news.com\/wp-content\/uploads\/2022\/02\/CMYK-AllCarNews_LANDSCAPE_300px-1.png\",\"contentUrl\":\"https:\/\/all-car-news.com\/wp-content\/uploads\/2022\/02\/CMYK-AllCarNews_LANDSCAPE_300px-1.png\",\"width\":300,\"height\":100,\"caption\":\"All cars news\"},\"image\":{\"@id\":\"https:\/\/all-car-news.com\/es\/#\/schema\/logo\/image\/\"}}]}<\/script>\n<!-- \/ Yoast SEO plugin. -->","yoast_head_json":{"title":"Volvo cambia de gama: diferentes nombres para los modelos XC40 y C40 - All cars news","robots":{"index":"index","follow":"follow","max-snippet":"max-snippet:-1","max-image-preview":"max-image-preview:large","max-video-preview":"max-video-preview:-1"},"canonical":"https:\/\/all-car-news.com\/es\/volvo-cambia-de-gama-diferentes-nombres-para-los-modelos-xc40-y-c40\/","og_locale":"es_ES","og_type":"article","og_title":"Volvo cambia de gama: diferentes nombres para los modelos XC40 y C40 - All cars news","og_description":"Volvo XC40 Recharge se convierte en Volvo EX40, el C40 pasa a llamarse EC40 El Volvo XC40 Recharge pasa a llamarse EX40. Tambi\u00e9n se ha cambiado el nombre del modelo C40 Recharge, que pasa a llamarse EC40.&nbsp;Con esto, la denominaci\u00f3n de los modelos totalmente el\u00e9ctricos de Volvo siempre ser\u00e1 reconocible por la letra inicial \"E\". El nombre del modelo para la versi\u00f3n Mild-hybrid no cambia, sigue siendo XC40.&nbsp;Los nuevos nombres de los modelos coinciden [...]","og_url":"https:\/\/all-car-news.com\/es\/volvo-cambia-de-gama-diferentes-nombres-para-los-modelos-xc40-y-c40\/","og_site_name":"All cars news","article_published_time":"2024-02-28T08:30:00+00:00","og_image":[{"url":"https:\/\/autorai.nl\/wp-content\/uploads\/2024\/02\/volvo-ex40-2024-foto2-1140x760.jpg"}],"twitter_card":"summary_large_image","twitter_misc":{"Tiempo de lectura":"4 minutos"},"schema":{"@context":"https:\/\/schema.org","@graph":[{"@type":"Article","@id":"https:\/\/all-car-news.com\/es\/volvo-cambia-de-gama-diferentes-nombres-para-los-modelos-xc40-y-c40\/#article","isPartOf":{"@id":"https:\/\/all-car-news.com\/es\/volvo-cambia-de-gama-diferentes-nombres-para-los-modelos-xc40-y-c40\/"},"author":{"name":"","@id":""},"headline":"Volvo cambia de gama: diferentes nombres para los modelos XC40 y C40","datePublished":"2024-02-28T08:30:00+00:00","dateModified":"2024-02-28T08:30:00+00:00","mainEntityOfPage":{"@id":"https:\/\/all-car-news.com\/es\/volvo-cambia-de-gama-diferentes-nombres-para-los-modelos-xc40-y-c40\/"},"wordCount":886,"publisher":{"@id":"https:\/\/all-car-news.com\/es\/#organization"},"articleSection":["noticias de autos"],"inLanguage":"es"},{"@type":"WebPage","@id":"https:\/\/all-car-news.com\/es\/volvo-cambia-de-gama-diferentes-nombres-para-los-modelos-xc40-y-c40\/","url":"https:\/\/all-car-news.com\/es\/volvo-cambia-de-gama-diferentes-nombres-para-los-modelos-xc40-y-c40\/","name":"Volvo cambia de gama: diferentes nombres para los modelos XC40 y C40 - All cars news","isPartOf":{"@id":"https:\/\/all-car-news.com\/es\/#website"},"datePublished":"2024-02-28T08:30:00+00:00","dateModified":"2024-02-28T08:30:00+00:00","breadcrumb":{"@id":"https:\/\/all-car-news.com\/es\/volvo-cambia-de-gama-diferentes-nombres-para-los-modelos-xc40-y-c40\/#breadcrumb"},"inLanguage":"es","potentialAction":[{"@type":"ReadAction","target":["https:\/\/all-car-news.com\/es\/volvo-cambia-de-gama-diferentes-nombres-para-los-modelos-xc40-y-c40\/"]}]},{"@type":"BreadcrumbList","@id":"https:\/\/all-car-news.com\/es\/volvo-cambia-de-gama-diferentes-nombres-para-los-modelos-xc40-y-c40\/#breadcrumb","itemListElement":[{"@type":"ListItem","position":1,"name":"Home","item":"https:\/\/all-car-news.com\/es\/"},{"@type":"ListItem","position":2,"name":"Volvo cambia de gama: diferentes nombres para los modelos XC40 y C40"}]},{"@type":"WebSite","@id":"https:\/\/all-car-news.com\/es\/#website","url":"https:\/\/all-car-news.com\/es\/","name":"All cars news","description":"","publisher":{"@id":"https:\/\/all-car-news.com\/es\/#organization"},"potentialAction":[{"@type":"SearchAction","target":{"@type":"EntryPoint","urlTemplate":"https:\/\/all-car-news.com\/es\/?s={search_term_string}"},"query-input":"required name=search_term_string"}],"inLanguage":"es"},{"@type":"Organization","@id":"https:\/\/all-car-news.com\/es\/#organization","name":"All cars news","url":"https:\/\/all-car-news.com\/es\/","logo":{"@type":"ImageObject","inLanguage":"es","@id":"https:\/\/all-car-news.com\/es\/#\/schema\/logo\/image\/","url":"https:\/\/all-car-news.com\/wp-content\/uploads\/2022\/02\/CMYK-AllCarNews_LANDSCAPE_300px-1.png","contentUrl":"https:\/\/all-car-news.com\/wp-content\/uploads\/2022\/02\/CMYK-AllCarNews_LANDSCAPE_300px-1.png","width":300,"height":100,"caption":"All cars news"},"image":{"@id":"https:\/\/all-car-news.com\/es\/#\/schema\/logo\/image\/"}}]}},"_links":{"self":[{"href":"https:\/\/all-car-news.com\/es\/wp-json\/wp\/v2\/posts\/143332","targetHints":{"allow":["GET"]}}],"collection":[{"href":"https:\/\/all-car-news.com\/es\/wp-json\/wp\/v2\/posts"}],"about":[{"href":"https:\/\/all-car-news.com\/es\/wp-json\/wp\/v2\/types\/post"}],"replies":[{"embeddable":true,"href":"https:\/\/all-car-news.com\/es\/wp-json\/wp\/v2\/comments?post=143332"}],"version-history":[{"count":0,"href":"https:\/\/all-car-news.com\/es\/wp-json\/wp\/v2\/posts\/143332\/revisions"}],"wp:featuredmedia":[{"embeddable":true,"href":"https:\/\/all-car-news.com\/es\/wp-json\/wp\/v2\/media\/143325"}],"wp:attachment":[{"href":"https:\/\/all-car-news.com\/es\/wp-json\/wp\/v2\/media?parent=143332"}],"wp:term":[{"taxonomy":"category","embeddable":true,"href":"https:\/\/all-car-news.com\/es\/wp-json\/wp\/v2\/categories?post=143332"},{"taxonomy":"post_tag","embeddable":true,"href":"https:\/\/all-car-news.com\/es\/wp-json\/wp\/v2\/tags?post=143332"}],"curies":[{"name":"wp","href":"https:\/\/api.w.org\/{rel}","templated":true}]}}