{"id":143230,"date":"2024-02-23T15:38:00","date_gmt":"2024-02-23T15:38:00","guid":{"rendered":"https:\/\/all-car-news.com\/visto-un-fiat-128-1100-de-1979\/"},"modified":"2024-02-23T15:38:00","modified_gmt":"2024-02-23T15:38:00","slug":"visto-un-fiat-128-1100-de-1979","status":"publish","type":"post","link":"https:\/\/all-car-news.com\/es\/visto-un-fiat-128-1100-de-1979\/","title":{"rendered":"Visto: un Fiat 128 1100 de 1979"},"content":{"rendered":"<p>En 1969, <a href=\"https:\/\/autorai.nl\/autozoeker\/fiat\/\" target=\"_blank\" rel=\"noreferrer noopener\">Fiat<\/a> present\u00f3 el 128 como sucesor de la familia de modelos 1100. El Fiat 128 no tiene ni de lejos el estatus de icono que tienen los Fiat 500 y 600, pero fue un coche bastante innovador cuando se present\u00f3. En primer lugar, porque combinaba el motor delantero con la tracci\u00f3n delantera. Eso en s\u00ed mismo no era una primicia (basta pensar en el cl\u00e1sico Mini), pero Fiat introdujo las mejoras necesarias y, adem\u00e1s, en el segmento de los compactos a\u00fan distaba mucho de ser habitual.<\/p>\n<h2><strong>El Fiat 128 tiene un dise\u00f1o muy eficiente<\/strong><\/h2>\n<p>Como el espacio disponible tambi\u00e9n se aprovechaba de forma muy eficiente para el resto del coche, el Fiat 128 ofrec\u00eda espacio suficiente para toda la familia a pesar de sus dimensiones compactas (l x a x a: 3,8 x 1,6 x 1,35 metros). Seg\u00fan los est\u00e1ndares de la \u00e9poca, entonces. Seg\u00fan Fiat, la cadena cinem\u00e1tica s\u00f3lo ocupaba el 20% del espacio interior. El motor en cuesti\u00f3n era inicialmente un cuatro cilindros de 1,1 litros con 36 kW (49 CV); m\u00e1s tarde se a\u00f1adi\u00f3 tambi\u00e9n a la gama un cuatro cilindros de 1,3 litros con 49 kW (67 CV). Dado su bajo peso, esa potencia era suficiente para hacer del Fiat un coche peque\u00f1o y suave para la \u00e9poca. Tambi\u00e9n aparecieron modelos posteriores con m\u00e1s potencia.<\/p>\n<figure class=\"wp-block-image size-full\"><img decoding=\"async\" loading=\"lazy\" width=\"800\" height=\"450\" src=\"https:\/\/autorai.nl\/wp-content\/uploads\/2024\/02\/Fiat-128-1.jpg\" alt=\"\" class=\"wp-image-174724\"><\/figure>\n<h2><strong>El Fiat 128 fue un gran \u00e9xito<\/strong><\/h2>\n<p>El concepto tuvo \u00e9xito: s\u00f3lo de los modelos berlina y familiar se fabricaron m\u00e1s de 2,7 millones de unidades. Gracias al \u00e9xito del Fiat 128, muchas m\u00e1s marcas empezaron a adoptar una cadena cinem\u00e1tica tan compacta. Algunos incluso consideran al 128 como el padre fundador del coche compacto moderno.<\/p>\n<h2><strong>El Fiat 128 tuvo numerosas variantes<\/strong><\/h2>\n<p>El Fiat 128 es m\u00e1s conocido como sed\u00e1n de dos y cuatro puertas, pero el modelo tambi\u00e9n tuvo otras variantes. Tambi\u00e9n una variante familiar de tres puertas y una versi\u00f3n coup\u00e9. Este \u00faltimo ten\u00eda un dise\u00f1o muy diferente del sed\u00e1n y la ranchera. Fuera de Europa, exist\u00edan otras variantes, como una ranchera de cinco puertas e incluso un pick-up. Tambi\u00e9n se fabric\u00f3 bajo licencia el Fiat 128, que inclu\u00eda una versi\u00f3n con port\u00f3n trasero. El 128 tambi\u00e9n sirvi\u00f3 de base t\u00e9cnica para otros modelos, incluido el famoso Fiat X1\/9 con motor central.<\/p>\n<div class=\"galery galery-0\">\n<figure>\n\t\t\t\t\t<span style=\"cursor: pointer\" data-src=\"https:\/\/autorai.nl\/wp-content\/uploads\/2024\/02\/Fiat-128-2.jpg\" data-fancybox=\"galery-0\" title=\"\"><br \/>\n\t\t\t\t\t\t\t<img decoding=\"async\" width=\"360\" height=\"270\" src=\"https:\/\/autorai.nl\/wp-content\/uploads\/2024\/02\/Fiat-128-2-360x270.jpg\" class=\"attachment-small size-small\" alt=\"\" loading=\"lazy\"><i class=\"fa fa-search-plus\" aria-hidden=\"true\"><\/i><br \/>\n\t\t\t\t\t\t<\/span><br \/>\n\t\t\t\t\t<\/figure>\n<figure>\n\t\t\t\t\t<span style=\"cursor: pointer\" data-src=\"https:\/\/autorai.nl\/wp-content\/uploads\/2024\/02\/Fiat-128-3.jpg\" data-fancybox=\"galery-0\" title=\"\"><br \/>\n\t\t\t\t\t\t\t<img decoding=\"async\" width=\"360\" height=\"270\" src=\"https:\/\/autorai.nl\/wp-content\/uploads\/2024\/02\/Fiat-128-3-360x270.jpg\" class=\"attachment-small size-small\" alt=\"\" loading=\"lazy\"><i class=\"fa fa-search-plus\" aria-hidden=\"true\"><\/i><br \/>\n\t\t\t\t\t\t<\/span><br \/>\n\t\t\t\t\t<\/figure>\n<figure>\n\t\t\t\t\t<span style=\"cursor: pointer\" data-src=\"https:\/\/autorai.nl\/wp-content\/uploads\/2024\/02\/Fiat-128-4.jpg\" data-fancybox=\"galery-0\" title=\"\"><br \/>\n\t\t\t\t\t\t\t<img decoding=\"async\" width=\"360\" height=\"270\" src=\"https:\/\/autorai.nl\/wp-content\/uploads\/2024\/02\/Fiat-128-4-360x270.jpg\" class=\"attachment-small size-small\" alt=\"\" loading=\"lazy\"><i class=\"fa fa-search-plus\" aria-hidden=\"true\"><\/i><br \/>\n\t\t\t\t\t\t<\/span><br \/>\n\t\t\t\t\t<\/figure>\n<figure>\n\t\t\t\t\t<span style=\"cursor: pointer\" data-src=\"https:\/\/autorai.nl\/wp-content\/uploads\/2024\/02\/Fiat-128-5.jpg\" data-fancybox=\"galery-0\" title=\"\"><br \/>\n\t\t\t\t\t\t\t<img decoding=\"async\" width=\"360\" height=\"270\" src=\"https:\/\/autorai.nl\/wp-content\/uploads\/2024\/02\/Fiat-128-5-360x270.jpg\" class=\"attachment-small size-small\" alt=\"\" loading=\"lazy\"><i class=\"fa fa-search-plus\" aria-hidden=\"true\"><\/i><br \/>\n\t\t\t\t\t\t<\/span><br \/>\n\t\t\t\t\t<\/figure>\n<div class=\"clear\"><\/div>\n<\/div>\n<p>Con eso, todav\u00eda no hemos tenido todas las variantes del Fiat 128. Esto inclu\u00eda la producci\u00f3n local en Argentina, Colombia, Sri Lanka y Sud\u00e1frica, con algunas variantes espec\u00edficas para cada mercado. En Espa\u00f1a, SEAT vendi\u00f3 su propia variante del coche. En Serbia y Polonia, Zastava construy\u00f3 sus propias variantes bajo licencia, algunas de las cuales fueron a su vez producidas bajo licencia por Nasr en Egipto. La producci\u00f3n regular del Fiat 128 finaliz\u00f3 en 1985, para dar paso a los Fiat Ritmo y Regata. Sin embargo, los \u00faltimos modelos con licencia del 128 no salieron de la cadena de montaje hasta 2008.<\/p>\n<div class=\"galery galery-1\">\n<figure>\n\t\t\t\t\t<span style=\"cursor: pointer\" data-src=\"https:\/\/autorai.nl\/wp-content\/uploads\/2024\/02\/Fiat-128-Familiar.jpg\" data-fancybox=\"galery-1\" title=\"\"><br \/>\n\t\t\t\t\t\t\t<img decoding=\"async\" width=\"360\" height=\"270\" src=\"https:\/\/autorai.nl\/wp-content\/uploads\/2024\/02\/Fiat-128-Familiar-360x270.jpg\" class=\"attachment-small size-small\" alt=\"\" loading=\"lazy\"><i class=\"fa fa-search-plus\" aria-hidden=\"true\"><\/i><br \/>\n\t\t\t\t\t\t<\/span><br \/>\n\t\t\t\t\t<\/figure>\n<figure>\n\t\t\t\t\t<span style=\"cursor: pointer\" data-src=\"https:\/\/autorai.nl\/wp-content\/uploads\/2024\/02\/Fiat-X1-9-1600x900.jpg\" data-fancybox=\"galery-1\" title=\"\"><br \/>\n\t\t\t\t\t\t\t<img decoding=\"async\" width=\"360\" height=\"270\" src=\"https:\/\/autorai.nl\/wp-content\/uploads\/2024\/02\/Fiat-X1-9-360x270.jpg\" class=\"attachment-small size-small\" alt=\"\" loading=\"lazy\"><i class=\"fa fa-search-plus\" aria-hidden=\"true\"><\/i><br \/>\n\t\t\t\t\t\t<\/span><br \/>\n\t\t\t\t\t<\/figure>\n<figure>\n\t\t\t\t\t<span style=\"cursor: pointer\" data-src=\"https:\/\/autorai.nl\/wp-content\/uploads\/2024\/02\/Zastava-101.jpg\" data-fancybox=\"galery-1\" title=\"\"><br \/>\n\t\t\t\t\t\t\t<img decoding=\"async\" width=\"360\" height=\"270\" src=\"https:\/\/autorai.nl\/wp-content\/uploads\/2024\/02\/Zastava-101-360x270.jpg\" class=\"attachment-small size-small\" alt=\"\" loading=\"lazy\"><i class=\"fa fa-search-plus\" aria-hidden=\"true\"><\/i><br \/>\n\t\t\t\t\t\t<\/span><br \/>\n\t\t\t\t\t<\/figure>\n<figure>\n\t\t\t\t\t<span style=\"cursor: pointer\" data-src=\"https:\/\/autorai.nl\/wp-content\/uploads\/2024\/02\/Zastava-1100.jpg\" data-fancybox=\"galery-1\" title=\"\"><br \/>\n\t\t\t\t\t\t\t<img decoding=\"async\" width=\"360\" height=\"270\" src=\"https:\/\/autorai.nl\/wp-content\/uploads\/2024\/02\/Zastava-1100-360x270.jpg\" class=\"attachment-small size-small\" alt=\"\" loading=\"lazy\"><i class=\"fa fa-search-plus\" aria-hidden=\"true\"><\/i><br \/>\n\t\t\t\t\t\t<\/span><br \/>\n\t\t\t\t\t<\/figure>\n<div class=\"clear\"><\/div>\n<\/div>\n<h2><strong>El esp\u00e9cimen manchado<\/strong><\/h2>\n<p>Nos encontramos con este Fiat 128 1100. As\u00ed que con este, el 1.1-litros est\u00e1 bajo el cap\u00f3. La RDW ya no conoce el n\u00famero de matr\u00edcula de este Fiat, pero la combinaci\u00f3n de letras deja claro que fue expedido en 1979. Otro sitio web de comprobaci\u00f3n de matr\u00edculas confirma que el Fiat es original holand\u00e9s de ese a\u00f1o. El coche ni siquiera habr\u00eda cambiado de manos. Sin embargo, la ITV est\u00e1 caducada desde 2004 y en 2016 la matr\u00edcula fue declarada \u00abtemporalmente inv\u00e1lida\u00bb.<\/p>\n<p>Como el coche fue visto en una propiedad privada, esta vez no mencionamos el lugar, mostramos el menor entorno posible y la matr\u00edcula ha quedado parcialmente irreconocible. A\u00fan as\u00ed, esperamos que alguien reconozca el coche en concreto. Al fin y al cabo, debe tener una historia interesante que la acompa\u00f1e y nos pica la curiosidad. \u00bfPor qu\u00e9 ha estado aparcado tanto tiempo el cochecito? En cualquier caso, esperamos que el Fiat vuelva a resurgir, ya que hace que las calles parezcan mucho m\u00e1s alegres.<\/p>\n<figure class=\"wp-block-image size-content\"><img decoding=\"async\" loading=\"lazy\" width=\"1140\" height=\"641\" src=\"https:\/\/autorai.nl\/wp-content\/uploads\/2024\/02\/AutoRAI-Gespot-Fiat-128-1100-header-1140x641.jpg\" alt=\"\" class=\"wp-image-174723\"><\/figure>\n","protected":false},"excerpt":{"rendered":"En 1969, Fiat present\u00f3 el 128 como sucesor de la familia de modelos 1100. El Fiat 128 no tiene ni&hellip;","protected":false},"author":0,"featured_media":143228,"comment_status":"","ping_status":"open","sticky":false,"template":"","format":"standard","meta":{"footnotes":""},"categories":[178,126],"tags":[],"class_list":["post-143230","post","type-post","status-publish","format-standard","has-post-thumbnail","hentry","category-diversion","category-noticias-de-autos"],"acf":[],"yoast_head":"<!-- This site is optimized with the Yoast SEO plugin v21.2 - https:\/\/yoast.com\/wordpress\/plugins\/seo\/ -->\n<title>Visto: un Fiat 128 1100 de 1979 - All cars news<\/title>\n<meta name=\"robots\" content=\"index, follow, max-snippet:-1, max-image-preview:large, max-video-preview:-1\" \/>\n<link rel=\"canonical\" href=\"https:\/\/all-car-news.com\/es\/visto-un-fiat-128-1100-de-1979\/\" \/>\n<meta property=\"og:locale\" content=\"es_ES\" \/>\n<meta property=\"og:type\" content=\"article\" \/>\n<meta property=\"og:title\" content=\"Visto: un Fiat 128 1100 de 1979 - All cars news\" \/>\n<meta property=\"og:description\" content=\"En 1969, Fiat present\u00f3 el 128 como sucesor de la familia de modelos 1100. El Fiat 128 no tiene ni de lejos el estatus de icono que tienen los Fiat 500 y 600, pero fue un coche bastante innovador cuando se present\u00f3. En primer lugar, porque combinaba el motor delantero con la tracci\u00f3n delantera. Eso en s\u00ed mismo no era una primicia (piense [...]\" \/>\n<meta property=\"og:url\" content=\"https:\/\/all-car-news.com\/es\/visto-un-fiat-128-1100-de-1979\/\" \/>\n<meta property=\"og:site_name\" content=\"All cars news\" \/>\n<meta property=\"article:published_time\" content=\"2024-02-23T15:38:00+00:00\" \/>\n<meta property=\"og:image\" content=\"https:\/\/autorai.nl\/wp-content\/uploads\/2024\/02\/Fiat-128-1.jpg\" \/>\n<meta name=\"twitter:card\" content=\"summary_large_image\" \/>\n<meta name=\"twitter:label1\" content=\"Tiempo de lectura\" \/>\n\t<meta name=\"twitter:data1\" content=\"3 minutos\" \/>\n<script type=\"application\/ld+json\" class=\"yoast-schema-graph\">{\"@context\":\"https:\/\/schema.org\",\"@graph\":[{\"@type\":\"Article\",\"@id\":\"https:\/\/all-car-news.com\/es\/visto-un-fiat-128-1100-de-1979\/#article\",\"isPartOf\":{\"@id\":\"https:\/\/all-car-news.com\/es\/visto-un-fiat-128-1100-de-1979\/\"},\"author\":{\"name\":\"\",\"@id\":\"\"},\"headline\":\"Visto: un Fiat 128 1100 de 1979\",\"datePublished\":\"2024-02-23T15:38:00+00:00\",\"dateModified\":\"2024-02-23T15:38:00+00:00\",\"mainEntityOfPage\":{\"@id\":\"https:\/\/all-car-news.com\/es\/visto-un-fiat-128-1100-de-1979\/\"},\"wordCount\":675,\"publisher\":{\"@id\":\"https:\/\/all-car-news.com\/es\/#organization\"},\"articleSection\":[\"Diversi\u00f3n\",\"noticias de autos\"],\"inLanguage\":\"es\"},{\"@type\":\"WebPage\",\"@id\":\"https:\/\/all-car-news.com\/es\/visto-un-fiat-128-1100-de-1979\/\",\"url\":\"https:\/\/all-car-news.com\/es\/visto-un-fiat-128-1100-de-1979\/\",\"name\":\"Visto: un Fiat 128 1100 de 1979 - All cars news\",\"isPartOf\":{\"@id\":\"https:\/\/all-car-news.com\/es\/#website\"},\"datePublished\":\"2024-02-23T15:38:00+00:00\",\"dateModified\":\"2024-02-23T15:38:00+00:00\",\"breadcrumb\":{\"@id\":\"https:\/\/all-car-news.com\/es\/visto-un-fiat-128-1100-de-1979\/#breadcrumb\"},\"inLanguage\":\"es\",\"potentialAction\":[{\"@type\":\"ReadAction\",\"target\":[\"https:\/\/all-car-news.com\/es\/visto-un-fiat-128-1100-de-1979\/\"]}]},{\"@type\":\"BreadcrumbList\",\"@id\":\"https:\/\/all-car-news.com\/es\/visto-un-fiat-128-1100-de-1979\/#breadcrumb\",\"itemListElement\":[{\"@type\":\"ListItem\",\"position\":1,\"name\":\"Home\",\"item\":\"https:\/\/all-car-news.com\/es\/\"},{\"@type\":\"ListItem\",\"position\":2,\"name\":\"Visto: un Fiat 128 1100 de 1979\"}]},{\"@type\":\"WebSite\",\"@id\":\"https:\/\/all-car-news.com\/es\/#website\",\"url\":\"https:\/\/all-car-news.com\/es\/\",\"name\":\"All cars news\",\"description\":\"\",\"publisher\":{\"@id\":\"https:\/\/all-car-news.com\/es\/#organization\"},\"potentialAction\":[{\"@type\":\"SearchAction\",\"target\":{\"@type\":\"EntryPoint\",\"urlTemplate\":\"https:\/\/all-car-news.com\/es\/?s={search_term_string}\"},\"query-input\":\"required name=search_term_string\"}],\"inLanguage\":\"es\"},{\"@type\":\"Organization\",\"@id\":\"https:\/\/all-car-news.com\/es\/#organization\",\"name\":\"All cars news\",\"url\":\"https:\/\/all-car-news.com\/es\/\",\"logo\":{\"@type\":\"ImageObject\",\"inLanguage\":\"es\",\"@id\":\"https:\/\/all-car-news.com\/es\/#\/schema\/logo\/image\/\",\"url\":\"https:\/\/all-car-news.com\/wp-content\/uploads\/2022\/02\/CMYK-AllCarNews_LANDSCAPE_300px-1.png\",\"contentUrl\":\"https:\/\/all-car-news.com\/wp-content\/uploads\/2022\/02\/CMYK-AllCarNews_LANDSCAPE_300px-1.png\",\"width\":300,\"height\":100,\"caption\":\"All cars news\"},\"image\":{\"@id\":\"https:\/\/all-car-news.com\/es\/#\/schema\/logo\/image\/\"}}]}<\/script>\n<!-- \/ Yoast SEO plugin. -->","yoast_head_json":{"title":"Visto: un Fiat 128 1100 de 1979 - All cars news","robots":{"index":"index","follow":"follow","max-snippet":"max-snippet:-1","max-image-preview":"max-image-preview:large","max-video-preview":"max-video-preview:-1"},"canonical":"https:\/\/all-car-news.com\/es\/visto-un-fiat-128-1100-de-1979\/","og_locale":"es_ES","og_type":"article","og_title":"Visto: un Fiat 128 1100 de 1979 - All cars news","og_description":"En 1969, Fiat present\u00f3 el 128 como sucesor de la familia de modelos 1100. El Fiat 128 no tiene ni de lejos el estatus de icono que tienen los Fiat 500 y 600, pero fue un coche bastante innovador cuando se present\u00f3. En primer lugar, porque combinaba el motor delantero con la tracci\u00f3n delantera. Eso en s\u00ed mismo no era una primicia (piense [...]","og_url":"https:\/\/all-car-news.com\/es\/visto-un-fiat-128-1100-de-1979\/","og_site_name":"All cars news","article_published_time":"2024-02-23T15:38:00+00:00","og_image":[{"url":"https:\/\/autorai.nl\/wp-content\/uploads\/2024\/02\/Fiat-128-1.jpg"}],"twitter_card":"summary_large_image","twitter_misc":{"Tiempo de lectura":"3 minutos"},"schema":{"@context":"https:\/\/schema.org","@graph":[{"@type":"Article","@id":"https:\/\/all-car-news.com\/es\/visto-un-fiat-128-1100-de-1979\/#article","isPartOf":{"@id":"https:\/\/all-car-news.com\/es\/visto-un-fiat-128-1100-de-1979\/"},"author":{"name":"","@id":""},"headline":"Visto: un Fiat 128 1100 de 1979","datePublished":"2024-02-23T15:38:00+00:00","dateModified":"2024-02-23T15:38:00+00:00","mainEntityOfPage":{"@id":"https:\/\/all-car-news.com\/es\/visto-un-fiat-128-1100-de-1979\/"},"wordCount":675,"publisher":{"@id":"https:\/\/all-car-news.com\/es\/#organization"},"articleSection":["Diversi\u00f3n","noticias de autos"],"inLanguage":"es"},{"@type":"WebPage","@id":"https:\/\/all-car-news.com\/es\/visto-un-fiat-128-1100-de-1979\/","url":"https:\/\/all-car-news.com\/es\/visto-un-fiat-128-1100-de-1979\/","name":"Visto: un Fiat 128 1100 de 1979 - All cars news","isPartOf":{"@id":"https:\/\/all-car-news.com\/es\/#website"},"datePublished":"2024-02-23T15:38:00+00:00","dateModified":"2024-02-23T15:38:00+00:00","breadcrumb":{"@id":"https:\/\/all-car-news.com\/es\/visto-un-fiat-128-1100-de-1979\/#breadcrumb"},"inLanguage":"es","potentialAction":[{"@type":"ReadAction","target":["https:\/\/all-car-news.com\/es\/visto-un-fiat-128-1100-de-1979\/"]}]},{"@type":"BreadcrumbList","@id":"https:\/\/all-car-news.com\/es\/visto-un-fiat-128-1100-de-1979\/#breadcrumb","itemListElement":[{"@type":"ListItem","position":1,"name":"Home","item":"https:\/\/all-car-news.com\/es\/"},{"@type":"ListItem","position":2,"name":"Visto: un Fiat 128 1100 de 1979"}]},{"@type":"WebSite","@id":"https:\/\/all-car-news.com\/es\/#website","url":"https:\/\/all-car-news.com\/es\/","name":"All cars news","description":"","publisher":{"@id":"https:\/\/all-car-news.com\/es\/#organization"},"potentialAction":[{"@type":"SearchAction","target":{"@type":"EntryPoint","urlTemplate":"https:\/\/all-car-news.com\/es\/?s={search_term_string}"},"query-input":"required name=search_term_string"}],"inLanguage":"es"},{"@type":"Organization","@id":"https:\/\/all-car-news.com\/es\/#organization","name":"All cars news","url":"https:\/\/all-car-news.com\/es\/","logo":{"@type":"ImageObject","inLanguage":"es","@id":"https:\/\/all-car-news.com\/es\/#\/schema\/logo\/image\/","url":"https:\/\/all-car-news.com\/wp-content\/uploads\/2022\/02\/CMYK-AllCarNews_LANDSCAPE_300px-1.png","contentUrl":"https:\/\/all-car-news.com\/wp-content\/uploads\/2022\/02\/CMYK-AllCarNews_LANDSCAPE_300px-1.png","width":300,"height":100,"caption":"All cars news"},"image":{"@id":"https:\/\/all-car-news.com\/es\/#\/schema\/logo\/image\/"}}]}},"_links":{"self":[{"href":"https:\/\/all-car-news.com\/es\/wp-json\/wp\/v2\/posts\/143230","targetHints":{"allow":["GET"]}}],"collection":[{"href":"https:\/\/all-car-news.com\/es\/wp-json\/wp\/v2\/posts"}],"about":[{"href":"https:\/\/all-car-news.com\/es\/wp-json\/wp\/v2\/types\/post"}],"replies":[{"embeddable":true,"href":"https:\/\/all-car-news.com\/es\/wp-json\/wp\/v2\/comments?post=143230"}],"version-history":[{"count":0,"href":"https:\/\/all-car-news.com\/es\/wp-json\/wp\/v2\/posts\/143230\/revisions"}],"wp:featuredmedia":[{"embeddable":true,"href":"https:\/\/all-car-news.com\/es\/wp-json\/wp\/v2\/media\/143228"}],"wp:attachment":[{"href":"https:\/\/all-car-news.com\/es\/wp-json\/wp\/v2\/media?parent=143230"}],"wp:term":[{"taxonomy":"category","embeddable":true,"href":"https:\/\/all-car-news.com\/es\/wp-json\/wp\/v2\/categories?post=143230"},{"taxonomy":"post_tag","embeddable":true,"href":"https:\/\/all-car-news.com\/es\/wp-json\/wp\/v2\/tags?post=143230"}],"curies":[{"name":"wp","href":"https:\/\/api.w.org\/{rel}","templated":true}]}}