{"id":142242,"date":"2024-01-12T08:18:13","date_gmt":"2024-01-12T08:18:13","guid":{"rendered":"https:\/\/all-car-news.com\/toyota-gr-yaris-tambien-como-edicion-especial-de-sebastien-ogier-y-kalle-rovanpera\/"},"modified":"2024-01-12T08:18:13","modified_gmt":"2024-01-12T08:18:13","slug":"toyota-gr-yaris-tambien-como-edicion-especial-de-sebastien-ogier-y-kalle-rovanpera","status":"publish","type":"post","link":"https:\/\/all-car-news.com\/es\/toyota-gr-yaris-tambien-como-edicion-especial-de-sebastien-ogier-y-kalle-rovanpera\/","title":{"rendered":"Toyota GR Yaris tambi\u00e9n como edici\u00f3n especial de S\u00e9bastien Ogier y Kalle Rovanper\u00e4"},"content":{"rendered":"<h2>\u00c9xito en el WRC<\/h2>\n<p>Las dos ediciones especiales reflejan el \u00e9xito de Toyota GAZOO Racing en el Campeonato del Mundo de Rallyes (WRC). As\u00ed, Ogier se convirti\u00f3 en campe\u00f3n del mundo en 2021 y Rovanper\u00e4 lo hizo en 2023. La Edici\u00f3n Especial S\u00e9bastien Ogier y la Edici\u00f3n Especial Kalle Rovanper\u00e4 tienen caracter\u00edsticas diferentes.<\/p>\n<h2>Toyota GR Yaris S\u00e9bastien Ogier Edici\u00f3n Especial<\/h2>\n<p>La Edici\u00f3n Especial S\u00e9bastien Ogier tiene un acabado exclusivo en un bonito tono plateado mate y emblemas negros Toyota GAZOO Racing en ambas puertas. Esta versi\u00f3n tambi\u00e9n tiene pinzas de freno azules y hay unos peque\u00f1os emblemas en las ruedas que indican que se trata de una edici\u00f3n especial. Se han introducido algunos cambios menores en el interior, como costuras de contraste en azul, blanco y rojo y una placa especial en el salpicadero.<\/p>\n<figure class=\"wp-block-image size-content\"><img decoding=\"async\" loading=\"lazy\" width=\"1140\" height=\"761\" src=\"https:\/\/autorai.nl\/wp-content\/uploads\/2024\/01\/Toyota-GR-Yaris-ook-als-Se%CC%81bastien-Ogier-en-Kalle-Rovanpera%CC%88-Special-Edition-foto2-1140x761.jpg\" alt=\"Toyota GR Yaris S\u00e9bastien Ogier Edici\u00f3n Especial  \" class=\"wp-image-172699\"><\/figure>\n<h2>Toyota GR Yaris Kalle Rovanper\u00e4 Edici\u00f3n Especial<\/h2>\n<p>Mucho m\u00e1s extrema es la Edici\u00f3n Especial Kalle Rovanper\u00e4. El Rovanper\u00e4 Edition tiene un acabado exterior claramente inspirado en los rallies, con el blanco, el rojo y el gris como colores principales. Esta versi\u00f3n especial tambi\u00e9n incorpora emblemas del Campeonato del Mundo de Rallyes, decoraciones en las llantas y pinzas de freno rojas. El coche tambi\u00e9n cuenta con un paquete aerodin\u00e1mico especial consistente en un splitter delantero m\u00e1s pronunciado y un aler\u00f3n trasero considerable. La Edici\u00f3n Especial Kalle Rovanper\u00e4 tambi\u00e9n tiene costuras de contraste azules y plateadas y una insignia interior especial.<\/p>\n<figure class=\"wp-block-image size-content\"><img decoding=\"async\" loading=\"lazy\" width=\"1140\" height=\"761\" src=\"https:\/\/autorai.nl\/wp-content\/uploads\/2024\/01\/Toyota-GR-Yaris-ook-als-Se%CC%81bastien-Ogier-en-Kalle-Rovanpera%CC%88-Special-Edition-foto1-1140x761.jpg\" alt=\"Toyota GR Yaris Kalle Rovanper\u00e4 Edici\u00f3n Especial\" class=\"wp-image-172698\"><\/figure>\n<h2>Circulaci\u00f3n<\/h2>\n<p>A\u00fan no se sabe nada de la tirada de ninguno de los dos modelos. Toyota anunciar\u00e1 pronto m\u00e1s detalles sobre la versi\u00f3n europea. No obstante, se espera que ambas versiones lleguen a los Pa\u00edses Bajos. El GR Yaris normal llegar\u00e1 a los Pa\u00edses Bajos en el verano de 2024.  <a href=\"https:\/\/autorai.nl\/nieuwe-toyota-gr-yaris-2024\/\"><strong>\u00bfQuieres saber m\u00e1s sobre el nuevo Toyota GR Yaris?<\/strong><\/a><\/p>\n<\/p>\n<figure class=\"wp-block-embed is-type-video is-provider-youtube wp-block-embed-youtube wp-embed-aspect-16-9 wp-has-aspect-ratio\">\n<div class=\"wp-block-embed__wrapper\">\n<\/div>\n<\/figure>\n<figure class=\"wp-block-image size-content\"><img decoding=\"async\" loading=\"lazy\" width=\"1140\" height=\"597\" src=\"https:\/\/autorai.nl\/wp-content\/uploads\/2024\/01\/Toyota-GR-Yaris-ook-als-Se%CC%81bastien-Ogier-en-Kalle-Rovanpera%CC%88-Special-Edition-foto4-1140x597.jpg\" alt=\"\" class=\"wp-image-172701\"><\/figure>\n","protected":false},"excerpt":{"rendered":"\u00c9xito en el WRC Las dos ediciones especiales reflejan el \u00e9xito de Toyota GAZOO Racing en el Campeonato del Mundo&hellip;","protected":false},"author":0,"featured_media":142219,"comment_status":"","ping_status":"open","sticky":false,"template":"","format":"standard","meta":{"footnotes":""},"categories":[126],"tags":[],"class_list":["post-142242","post","type-post","status-publish","format-standard","has-post-thumbnail","hentry","category-noticias-de-autos"],"acf":[],"yoast_head":"<!-- This site is optimized with the Yoast SEO plugin v21.2 - https:\/\/yoast.com\/wordpress\/plugins\/seo\/ -->\n<title>Toyota GR Yaris tambi\u00e9n como edici\u00f3n especial de S\u00e9bastien Ogier y Kalle Rovanper\u00e4 - All cars news<\/title>\n<meta name=\"robots\" content=\"index, follow, max-snippet:-1, max-image-preview:large, max-video-preview:-1\" \/>\n<link rel=\"canonical\" href=\"https:\/\/all-car-news.com\/es\/toyota-gr-yaris-tambien-como-edicion-especial-de-sebastien-ogier-y-kalle-rovanpera\/\" \/>\n<meta property=\"og:locale\" content=\"es_ES\" \/>\n<meta property=\"og:type\" content=\"article\" \/>\n<meta property=\"og:title\" content=\"Toyota GR Yaris tambi\u00e9n como edici\u00f3n especial de S\u00e9bastien Ogier y Kalle Rovanper\u00e4 - All cars news\" \/>\n<meta property=\"og:description\" content=\"\u00c9xito en el WRC Las dos ediciones especiales reflejan el \u00e9xito de Toyota GAZOO Racing en el Campeonato del Mundo de Rallyes (WRC). As\u00ed, Ogier se convirti\u00f3 en campe\u00f3n del mundo en 2021 y Rovanper\u00e4 lo hizo en 2023. La Edici\u00f3n Especial S\u00e9bastien Ogier y la Edici\u00f3n Especial Kalle Rovanper\u00e4 tienen caracter\u00edsticas diferentes. Toyota GR Yaris S\u00e9bastien Ogier Edici\u00f3n Especial El [...]\" \/>\n<meta property=\"og:url\" content=\"https:\/\/all-car-news.com\/es\/toyota-gr-yaris-tambien-como-edicion-especial-de-sebastien-ogier-y-kalle-rovanpera\/\" \/>\n<meta property=\"og:site_name\" content=\"All cars news\" \/>\n<meta property=\"article:published_time\" content=\"2024-01-12T08:18:13+00:00\" \/>\n<meta property=\"og:image\" content=\"https:\/\/autorai.nl\/wp-content\/uploads\/2024\/01\/Toyota-GR-Yaris-ook-als-Se%CC%81bastien-Ogier-en-Kalle-Rovanpera%CC%88-Special-Edition-foto2-1140x761.jpg\" \/>\n<meta name=\"twitter:card\" content=\"summary_large_image\" \/>\n<meta name=\"twitter:label1\" content=\"Tiempo de lectura\" \/>\n\t<meta name=\"twitter:data1\" content=\"2 minutos\" \/>\n<script type=\"application\/ld+json\" class=\"yoast-schema-graph\">{\"@context\":\"https:\/\/schema.org\",\"@graph\":[{\"@type\":\"Article\",\"@id\":\"https:\/\/all-car-news.com\/es\/toyota-gr-yaris-tambien-como-edicion-especial-de-sebastien-ogier-y-kalle-rovanpera\/#article\",\"isPartOf\":{\"@id\":\"https:\/\/all-car-news.com\/es\/toyota-gr-yaris-tambien-como-edicion-especial-de-sebastien-ogier-y-kalle-rovanpera\/\"},\"author\":{\"name\":\"\",\"@id\":\"\"},\"headline\":\"Toyota GR Yaris tambi\u00e9n como edici\u00f3n especial de S\u00e9bastien Ogier y Kalle Rovanper\u00e4\",\"datePublished\":\"2024-01-12T08:18:13+00:00\",\"dateModified\":\"2024-01-12T08:18:13+00:00\",\"mainEntityOfPage\":{\"@id\":\"https:\/\/all-car-news.com\/es\/toyota-gr-yaris-tambien-como-edicion-especial-de-sebastien-ogier-y-kalle-rovanpera\/\"},\"wordCount\":336,\"publisher\":{\"@id\":\"https:\/\/all-car-news.com\/es\/#organization\"},\"articleSection\":[\"noticias de autos\"],\"inLanguage\":\"es\"},{\"@type\":\"WebPage\",\"@id\":\"https:\/\/all-car-news.com\/es\/toyota-gr-yaris-tambien-como-edicion-especial-de-sebastien-ogier-y-kalle-rovanpera\/\",\"url\":\"https:\/\/all-car-news.com\/es\/toyota-gr-yaris-tambien-como-edicion-especial-de-sebastien-ogier-y-kalle-rovanpera\/\",\"name\":\"Toyota GR Yaris tambi\u00e9n como edici\u00f3n especial de S\u00e9bastien Ogier y Kalle Rovanper\u00e4 - All cars news\",\"isPartOf\":{\"@id\":\"https:\/\/all-car-news.com\/es\/#website\"},\"datePublished\":\"2024-01-12T08:18:13+00:00\",\"dateModified\":\"2024-01-12T08:18:13+00:00\",\"breadcrumb\":{\"@id\":\"https:\/\/all-car-news.com\/es\/toyota-gr-yaris-tambien-como-edicion-especial-de-sebastien-ogier-y-kalle-rovanpera\/#breadcrumb\"},\"inLanguage\":\"es\",\"potentialAction\":[{\"@type\":\"ReadAction\",\"target\":[\"https:\/\/all-car-news.com\/es\/toyota-gr-yaris-tambien-como-edicion-especial-de-sebastien-ogier-y-kalle-rovanpera\/\"]}]},{\"@type\":\"BreadcrumbList\",\"@id\":\"https:\/\/all-car-news.com\/es\/toyota-gr-yaris-tambien-como-edicion-especial-de-sebastien-ogier-y-kalle-rovanpera\/#breadcrumb\",\"itemListElement\":[{\"@type\":\"ListItem\",\"position\":1,\"name\":\"Home\",\"item\":\"https:\/\/all-car-news.com\/es\/\"},{\"@type\":\"ListItem\",\"position\":2,\"name\":\"Toyota GR Yaris tambi\u00e9n como edici\u00f3n especial de S\u00e9bastien Ogier y Kalle Rovanper\u00e4\"}]},{\"@type\":\"WebSite\",\"@id\":\"https:\/\/all-car-news.com\/es\/#website\",\"url\":\"https:\/\/all-car-news.com\/es\/\",\"name\":\"All cars news\",\"description\":\"\",\"publisher\":{\"@id\":\"https:\/\/all-car-news.com\/es\/#organization\"},\"potentialAction\":[{\"@type\":\"SearchAction\",\"target\":{\"@type\":\"EntryPoint\",\"urlTemplate\":\"https:\/\/all-car-news.com\/es\/?s={search_term_string}\"},\"query-input\":\"required name=search_term_string\"}],\"inLanguage\":\"es\"},{\"@type\":\"Organization\",\"@id\":\"https:\/\/all-car-news.com\/es\/#organization\",\"name\":\"All cars news\",\"url\":\"https:\/\/all-car-news.com\/es\/\",\"logo\":{\"@type\":\"ImageObject\",\"inLanguage\":\"es\",\"@id\":\"https:\/\/all-car-news.com\/es\/#\/schema\/logo\/image\/\",\"url\":\"https:\/\/all-car-news.com\/wp-content\/uploads\/2022\/02\/CMYK-AllCarNews_LANDSCAPE_300px-1.png\",\"contentUrl\":\"https:\/\/all-car-news.com\/wp-content\/uploads\/2022\/02\/CMYK-AllCarNews_LANDSCAPE_300px-1.png\",\"width\":300,\"height\":100,\"caption\":\"All cars news\"},\"image\":{\"@id\":\"https:\/\/all-car-news.com\/es\/#\/schema\/logo\/image\/\"}}]}<\/script>\n<!-- \/ Yoast SEO plugin. -->","yoast_head_json":{"title":"Toyota GR Yaris tambi\u00e9n como edici\u00f3n especial de S\u00e9bastien Ogier y Kalle Rovanper\u00e4 - All cars news","robots":{"index":"index","follow":"follow","max-snippet":"max-snippet:-1","max-image-preview":"max-image-preview:large","max-video-preview":"max-video-preview:-1"},"canonical":"https:\/\/all-car-news.com\/es\/toyota-gr-yaris-tambien-como-edicion-especial-de-sebastien-ogier-y-kalle-rovanpera\/","og_locale":"es_ES","og_type":"article","og_title":"Toyota GR Yaris tambi\u00e9n como edici\u00f3n especial de S\u00e9bastien Ogier y Kalle Rovanper\u00e4 - All cars news","og_description":"\u00c9xito en el WRC Las dos ediciones especiales reflejan el \u00e9xito de Toyota GAZOO Racing en el Campeonato del Mundo de Rallyes (WRC). As\u00ed, Ogier se convirti\u00f3 en campe\u00f3n del mundo en 2021 y Rovanper\u00e4 lo hizo en 2023. La Edici\u00f3n Especial S\u00e9bastien Ogier y la Edici\u00f3n Especial Kalle Rovanper\u00e4 tienen caracter\u00edsticas diferentes. Toyota GR Yaris S\u00e9bastien Ogier Edici\u00f3n Especial El [...]","og_url":"https:\/\/all-car-news.com\/es\/toyota-gr-yaris-tambien-como-edicion-especial-de-sebastien-ogier-y-kalle-rovanpera\/","og_site_name":"All cars news","article_published_time":"2024-01-12T08:18:13+00:00","og_image":[{"url":"https:\/\/autorai.nl\/wp-content\/uploads\/2024\/01\/Toyota-GR-Yaris-ook-als-Se%CC%81bastien-Ogier-en-Kalle-Rovanpera%CC%88-Special-Edition-foto2-1140x761.jpg"}],"twitter_card":"summary_large_image","twitter_misc":{"Tiempo de lectura":"2 minutos"},"schema":{"@context":"https:\/\/schema.org","@graph":[{"@type":"Article","@id":"https:\/\/all-car-news.com\/es\/toyota-gr-yaris-tambien-como-edicion-especial-de-sebastien-ogier-y-kalle-rovanpera\/#article","isPartOf":{"@id":"https:\/\/all-car-news.com\/es\/toyota-gr-yaris-tambien-como-edicion-especial-de-sebastien-ogier-y-kalle-rovanpera\/"},"author":{"name":"","@id":""},"headline":"Toyota GR Yaris tambi\u00e9n como edici\u00f3n especial de S\u00e9bastien Ogier y Kalle Rovanper\u00e4","datePublished":"2024-01-12T08:18:13+00:00","dateModified":"2024-01-12T08:18:13+00:00","mainEntityOfPage":{"@id":"https:\/\/all-car-news.com\/es\/toyota-gr-yaris-tambien-como-edicion-especial-de-sebastien-ogier-y-kalle-rovanpera\/"},"wordCount":336,"publisher":{"@id":"https:\/\/all-car-news.com\/es\/#organization"},"articleSection":["noticias de autos"],"inLanguage":"es"},{"@type":"WebPage","@id":"https:\/\/all-car-news.com\/es\/toyota-gr-yaris-tambien-como-edicion-especial-de-sebastien-ogier-y-kalle-rovanpera\/","url":"https:\/\/all-car-news.com\/es\/toyota-gr-yaris-tambien-como-edicion-especial-de-sebastien-ogier-y-kalle-rovanpera\/","name":"Toyota GR Yaris tambi\u00e9n como edici\u00f3n especial de S\u00e9bastien Ogier y Kalle Rovanper\u00e4 - All cars news","isPartOf":{"@id":"https:\/\/all-car-news.com\/es\/#website"},"datePublished":"2024-01-12T08:18:13+00:00","dateModified":"2024-01-12T08:18:13+00:00","breadcrumb":{"@id":"https:\/\/all-car-news.com\/es\/toyota-gr-yaris-tambien-como-edicion-especial-de-sebastien-ogier-y-kalle-rovanpera\/#breadcrumb"},"inLanguage":"es","potentialAction":[{"@type":"ReadAction","target":["https:\/\/all-car-news.com\/es\/toyota-gr-yaris-tambien-como-edicion-especial-de-sebastien-ogier-y-kalle-rovanpera\/"]}]},{"@type":"BreadcrumbList","@id":"https:\/\/all-car-news.com\/es\/toyota-gr-yaris-tambien-como-edicion-especial-de-sebastien-ogier-y-kalle-rovanpera\/#breadcrumb","itemListElement":[{"@type":"ListItem","position":1,"name":"Home","item":"https:\/\/all-car-news.com\/es\/"},{"@type":"ListItem","position":2,"name":"Toyota GR Yaris tambi\u00e9n como edici\u00f3n especial de S\u00e9bastien Ogier y Kalle Rovanper\u00e4"}]},{"@type":"WebSite","@id":"https:\/\/all-car-news.com\/es\/#website","url":"https:\/\/all-car-news.com\/es\/","name":"All cars news","description":"","publisher":{"@id":"https:\/\/all-car-news.com\/es\/#organization"},"potentialAction":[{"@type":"SearchAction","target":{"@type":"EntryPoint","urlTemplate":"https:\/\/all-car-news.com\/es\/?s={search_term_string}"},"query-input":"required name=search_term_string"}],"inLanguage":"es"},{"@type":"Organization","@id":"https:\/\/all-car-news.com\/es\/#organization","name":"All cars news","url":"https:\/\/all-car-news.com\/es\/","logo":{"@type":"ImageObject","inLanguage":"es","@id":"https:\/\/all-car-news.com\/es\/#\/schema\/logo\/image\/","url":"https:\/\/all-car-news.com\/wp-content\/uploads\/2022\/02\/CMYK-AllCarNews_LANDSCAPE_300px-1.png","contentUrl":"https:\/\/all-car-news.com\/wp-content\/uploads\/2022\/02\/CMYK-AllCarNews_LANDSCAPE_300px-1.png","width":300,"height":100,"caption":"All cars news"},"image":{"@id":"https:\/\/all-car-news.com\/es\/#\/schema\/logo\/image\/"}}]}},"_links":{"self":[{"href":"https:\/\/all-car-news.com\/es\/wp-json\/wp\/v2\/posts\/142242","targetHints":{"allow":["GET"]}}],"collection":[{"href":"https:\/\/all-car-news.com\/es\/wp-json\/wp\/v2\/posts"}],"about":[{"href":"https:\/\/all-car-news.com\/es\/wp-json\/wp\/v2\/types\/post"}],"replies":[{"embeddable":true,"href":"https:\/\/all-car-news.com\/es\/wp-json\/wp\/v2\/comments?post=142242"}],"version-history":[{"count":0,"href":"https:\/\/all-car-news.com\/es\/wp-json\/wp\/v2\/posts\/142242\/revisions"}],"wp:featuredmedia":[{"embeddable":true,"href":"https:\/\/all-car-news.com\/es\/wp-json\/wp\/v2\/media\/142219"}],"wp:attachment":[{"href":"https:\/\/all-car-news.com\/es\/wp-json\/wp\/v2\/media?parent=142242"}],"wp:term":[{"taxonomy":"category","embeddable":true,"href":"https:\/\/all-car-news.com\/es\/wp-json\/wp\/v2\/categories?post=142242"},{"taxonomy":"post_tag","embeddable":true,"href":"https:\/\/all-car-news.com\/es\/wp-json\/wp\/v2\/tags?post=142242"}],"curies":[{"name":"wp","href":"https:\/\/api.w.org\/{rel}","templated":true}]}}