{"id":142132,"date":"2024-01-09T14:58:41","date_gmt":"2024-01-09T14:58:41","guid":{"rendered":"https:\/\/all-car-news.com\/bmw-ha-tenido-un-ano-excepcional\/"},"modified":"2024-01-09T14:58:41","modified_gmt":"2024-01-09T14:58:41","slug":"bmw-ha-tenido-un-ano-excepcional","status":"publish","type":"post","link":"https:\/\/all-car-news.com\/es\/bmw-ha-tenido-un-ano-excepcional\/","title":{"rendered":"BMW ha tenido un a\u00f1o excepcional"},"content":{"rendered":"<h2>Coches el\u00e9ctricos<\/h2>\n<p>El atractivo de la marca b\u00e1vara parece m\u00e1s fuerte que nunca. Nunca antes el Grupo BMW hab\u00eda vendido tantos coches como en 2023. No s\u00f3lo la propia BMW, sino tambi\u00e9n marcas como MINI y Rolls-Royce han tenido un buen a\u00f1o. Lo que tambi\u00e9n les alegrar\u00e1 en M\u00fanich es el hecho de que los modelos el\u00e9ctricos est\u00e1n resultando muy populares. En 2023 se vendieron un total de 376.183 VE, lo que representa un s\u00f3lido crecimiento del 74,4%. BMW conf\u00eda en que el crecimiento de los coches el\u00e9ctricos contin\u00fae. El objetivo de la marca es que uno de cada cinco veh\u00edculos de nueva entrega sea totalmente el\u00e9ctrico en 2024, y que en 2025 lo sea uno de cada cuatro.  <\/p>\n<figure class=\"wp-block-image size-content\"><img decoding=\"async\" loading=\"lazy\" width=\"1140\" height=\"641\" src=\"https:\/\/autorai.nl\/wp-content\/uploads\/2023\/07\/BMW-i4-eDrive40-Frankrijk-Challenge-3-1140x641.jpg\" alt=\"\" class=\"wp-image-162710\"><\/figure>\n<h2>Segmento superior<\/h2>\n<p>Destaca la fuerte demanda de modelos de gama alta, como el <a href=\"https:\/\/www.youtube.com\/watch?v=yPGDOUOeKPI&amp;ab_channel=AutoRAITV\" target=\"_blank\" rel=\"noreferrer noopener\">BMW Serie 7<\/a> y el colosal BMW X7. Estos modelos encontraron una gran demanda en 2023. Sin embargo, los modelos m\u00e1s populares son algo m\u00e1s compactos: el BMW X1, el BMW Serie 3 y el BMW X3. La divisi\u00f3n de altas prestaciones, BMW M, tambi\u00e9n obtuvo buenos resultados el a\u00f1o pasado. Con 202.530 coches vendidos, un 14,3% m\u00e1s, lograron el mejor resultado de su historia. Modelos como el M2, el XM y el M3 Touring son populares, pero el modelo M m\u00e1s vendido es el\u00e9ctrico: el i4 M50.  <\/p>\n<figure class=\"wp-block-image size-content\"><img decoding=\"async\" loading=\"lazy\" width=\"1140\" height=\"713\" src=\"https:\/\/autorai.nl\/wp-content\/uploads\/2023\/04\/P90499831_lowRes_the-bmw-xm-label-red-1-1140x713.jpg\" alt=\"\" class=\"wp-image-156001\"><\/figure>\n<h2>MINI<\/h2>\n<p>MINI, la marca l\u00fadica y compacta del Grupo BMW, registr\u00f3 unas ventas totales de 295.474 veh\u00edculos en 2023, lo que supone un modesto crecimiento del 0,9%. Destaca el crecimiento del 3,5% de los modelos MINI totalmente el\u00e9ctricos. De los casi 300.000 MINI vendidos, 45.261 eran totalmente el\u00e9ctricos. El MINI Cooper SE -que lleva en el mercado desde 2020- sigue siendo el favorito absoluto.<\/p>\n<figure class=\"wp-block-image size-content\"><img decoding=\"async\" loading=\"lazy\" width=\"1140\" height=\"760\" src=\"https:\/\/autorai.nl\/wp-content\/uploads\/2023\/12\/MINI-Cooper-SE-John-Cooper-Works-2024-foto31-1140x760.jpg\" alt=\"\" class=\"wp-image-170417\"><\/figure>\n<h2>Rolls-Royce<\/h2>\n<p>Rolls-Royce Motor Cars ya no tuvo ninguna queja en 2023. Con un r\u00e9cord de 6.032 coches de lujo salidos de los concesionarios, fue un a\u00f1o para enmarcar para la marca de lujo brit\u00e1nica. Con la introducci\u00f3n del Spectre totalmente el\u00e9ctrico, se espera que la demanda de modelos Rolls-Royce siga siendo tan alta como siempre.<\/p>\n<figure class=\"wp-block-image size-content\"><img decoding=\"async\" loading=\"lazy\" width=\"1140\" height=\"855\" src=\"https:\/\/autorai.nl\/wp-content\/uploads\/2023\/08\/rolls-royce-cullinan-inspired-by-fashion-2023-foto33-1140x855.jpg\" alt=\"\" class=\"wp-image-164448\"><\/figure>\n<h2>Motorrad<\/h2>\n<p>Por \u00faltimo, pero no por ello menos importante, BMW Motorrad, la divisi\u00f3n de motocicletas del Grupo BMW, concluy\u00f3 su centenario por todo lo alto. Con una cifra r\u00e9cord de 209.257 motocicletas y scooters entregados en 2023, fue claramente tiempo de fiesta en el mundo de las dos ruedas de BMW. Seg\u00fan la marca, las regiones de Europa, Asia, Norteam\u00e9rica y Latinoam\u00e9rica obtuvieron resultados especialmente buenos.<\/p><\/p>\n","protected":false},"excerpt":{"rendered":"Coches el\u00e9ctricos El atractivo de la marca b\u00e1vara parece m\u00e1s fuerte que nunca. Nunca antes el Grupo BMW hab\u00eda vendido&hellip;","protected":false},"author":0,"featured_media":142111,"comment_status":"","ping_status":"open","sticky":false,"template":"","format":"standard","meta":{"footnotes":""},"categories":[126],"tags":[],"class_list":["post-142132","post","type-post","status-publish","format-standard","has-post-thumbnail","hentry","category-noticias-de-autos"],"acf":[],"yoast_head":"<!-- This site is optimized with the Yoast SEO plugin v21.2 - https:\/\/yoast.com\/wordpress\/plugins\/seo\/ -->\n<title>BMW ha tenido un a\u00f1o excepcional - All cars news<\/title>\n<meta name=\"robots\" content=\"index, follow, max-snippet:-1, max-image-preview:large, max-video-preview:-1\" \/>\n<link rel=\"canonical\" href=\"https:\/\/all-car-news.com\/es\/bmw-ha-tenido-un-ano-excepcional\/\" \/>\n<meta property=\"og:locale\" content=\"es_ES\" \/>\n<meta property=\"og:type\" content=\"article\" \/>\n<meta property=\"og:title\" content=\"BMW ha tenido un a\u00f1o excepcional - All cars news\" \/>\n<meta property=\"og:description\" content=\"Coches el\u00e9ctricos El atractivo de la marca b\u00e1vara parece m\u00e1s fuerte que nunca. Nunca antes el Grupo BMW hab\u00eda vendido tantos coches como en 2023. No s\u00f3lo la propia BMW, sino tambi\u00e9n marcas como MINI y Rolls-Royce han tenido un buen a\u00f1o. De lo que tambi\u00e9n se alegrar\u00e1n en M\u00fanich es de que [...]\" \/>\n<meta property=\"og:url\" content=\"https:\/\/all-car-news.com\/es\/bmw-ha-tenido-un-ano-excepcional\/\" \/>\n<meta property=\"og:site_name\" content=\"All cars news\" \/>\n<meta property=\"article:published_time\" content=\"2024-01-09T14:58:41+00:00\" \/>\n<meta property=\"og:image\" content=\"https:\/\/autorai.nl\/wp-content\/uploads\/2023\/07\/BMW-i4-eDrive40-Frankrijk-Challenge-3-1140x641.jpg\" \/>\n<meta name=\"twitter:card\" content=\"summary_large_image\" \/>\n<meta name=\"twitter:label1\" content=\"Tiempo de lectura\" \/>\n\t<meta name=\"twitter:data1\" content=\"2 minutos\" \/>\n<script type=\"application\/ld+json\" class=\"yoast-schema-graph\">{\"@context\":\"https:\/\/schema.org\",\"@graph\":[{\"@type\":\"Article\",\"@id\":\"https:\/\/all-car-news.com\/es\/bmw-ha-tenido-un-ano-excepcional\/#article\",\"isPartOf\":{\"@id\":\"https:\/\/all-car-news.com\/es\/bmw-ha-tenido-un-ano-excepcional\/\"},\"author\":{\"name\":\"\",\"@id\":\"\"},\"headline\":\"BMW ha tenido un a\u00f1o excepcional\",\"datePublished\":\"2024-01-09T14:58:41+00:00\",\"dateModified\":\"2024-01-09T14:58:41+00:00\",\"mainEntityOfPage\":{\"@id\":\"https:\/\/all-car-news.com\/es\/bmw-ha-tenido-un-ano-excepcional\/\"},\"wordCount\":430,\"publisher\":{\"@id\":\"https:\/\/all-car-news.com\/es\/#organization\"},\"articleSection\":[\"noticias de autos\"],\"inLanguage\":\"es\"},{\"@type\":\"WebPage\",\"@id\":\"https:\/\/all-car-news.com\/es\/bmw-ha-tenido-un-ano-excepcional\/\",\"url\":\"https:\/\/all-car-news.com\/es\/bmw-ha-tenido-un-ano-excepcional\/\",\"name\":\"BMW ha tenido un a\u00f1o excepcional - All cars news\",\"isPartOf\":{\"@id\":\"https:\/\/all-car-news.com\/es\/#website\"},\"datePublished\":\"2024-01-09T14:58:41+00:00\",\"dateModified\":\"2024-01-09T14:58:41+00:00\",\"breadcrumb\":{\"@id\":\"https:\/\/all-car-news.com\/es\/bmw-ha-tenido-un-ano-excepcional\/#breadcrumb\"},\"inLanguage\":\"es\",\"potentialAction\":[{\"@type\":\"ReadAction\",\"target\":[\"https:\/\/all-car-news.com\/es\/bmw-ha-tenido-un-ano-excepcional\/\"]}]},{\"@type\":\"BreadcrumbList\",\"@id\":\"https:\/\/all-car-news.com\/es\/bmw-ha-tenido-un-ano-excepcional\/#breadcrumb\",\"itemListElement\":[{\"@type\":\"ListItem\",\"position\":1,\"name\":\"Home\",\"item\":\"https:\/\/all-car-news.com\/es\/\"},{\"@type\":\"ListItem\",\"position\":2,\"name\":\"BMW ha tenido un a\u00f1o excepcional\"}]},{\"@type\":\"WebSite\",\"@id\":\"https:\/\/all-car-news.com\/es\/#website\",\"url\":\"https:\/\/all-car-news.com\/es\/\",\"name\":\"All cars news\",\"description\":\"\",\"publisher\":{\"@id\":\"https:\/\/all-car-news.com\/es\/#organization\"},\"potentialAction\":[{\"@type\":\"SearchAction\",\"target\":{\"@type\":\"EntryPoint\",\"urlTemplate\":\"https:\/\/all-car-news.com\/es\/?s={search_term_string}\"},\"query-input\":\"required name=search_term_string\"}],\"inLanguage\":\"es\"},{\"@type\":\"Organization\",\"@id\":\"https:\/\/all-car-news.com\/es\/#organization\",\"name\":\"All cars news\",\"url\":\"https:\/\/all-car-news.com\/es\/\",\"logo\":{\"@type\":\"ImageObject\",\"inLanguage\":\"es\",\"@id\":\"https:\/\/all-car-news.com\/es\/#\/schema\/logo\/image\/\",\"url\":\"https:\/\/all-car-news.com\/wp-content\/uploads\/2022\/02\/CMYK-AllCarNews_LANDSCAPE_300px-1.png\",\"contentUrl\":\"https:\/\/all-car-news.com\/wp-content\/uploads\/2022\/02\/CMYK-AllCarNews_LANDSCAPE_300px-1.png\",\"width\":300,\"height\":100,\"caption\":\"All cars news\"},\"image\":{\"@id\":\"https:\/\/all-car-news.com\/es\/#\/schema\/logo\/image\/\"}}]}<\/script>\n<!-- \/ Yoast SEO plugin. -->","yoast_head_json":{"title":"BMW ha tenido un a\u00f1o excepcional - All cars news","robots":{"index":"index","follow":"follow","max-snippet":"max-snippet:-1","max-image-preview":"max-image-preview:large","max-video-preview":"max-video-preview:-1"},"canonical":"https:\/\/all-car-news.com\/es\/bmw-ha-tenido-un-ano-excepcional\/","og_locale":"es_ES","og_type":"article","og_title":"BMW ha tenido un a\u00f1o excepcional - All cars news","og_description":"Coches el\u00e9ctricos El atractivo de la marca b\u00e1vara parece m\u00e1s fuerte que nunca. Nunca antes el Grupo BMW hab\u00eda vendido tantos coches como en 2023. No s\u00f3lo la propia BMW, sino tambi\u00e9n marcas como MINI y Rolls-Royce han tenido un buen a\u00f1o. De lo que tambi\u00e9n se alegrar\u00e1n en M\u00fanich es de que [...]","og_url":"https:\/\/all-car-news.com\/es\/bmw-ha-tenido-un-ano-excepcional\/","og_site_name":"All cars news","article_published_time":"2024-01-09T14:58:41+00:00","og_image":[{"url":"https:\/\/autorai.nl\/wp-content\/uploads\/2023\/07\/BMW-i4-eDrive40-Frankrijk-Challenge-3-1140x641.jpg"}],"twitter_card":"summary_large_image","twitter_misc":{"Tiempo de lectura":"2 minutos"},"schema":{"@context":"https:\/\/schema.org","@graph":[{"@type":"Article","@id":"https:\/\/all-car-news.com\/es\/bmw-ha-tenido-un-ano-excepcional\/#article","isPartOf":{"@id":"https:\/\/all-car-news.com\/es\/bmw-ha-tenido-un-ano-excepcional\/"},"author":{"name":"","@id":""},"headline":"BMW ha tenido un a\u00f1o excepcional","datePublished":"2024-01-09T14:58:41+00:00","dateModified":"2024-01-09T14:58:41+00:00","mainEntityOfPage":{"@id":"https:\/\/all-car-news.com\/es\/bmw-ha-tenido-un-ano-excepcional\/"},"wordCount":430,"publisher":{"@id":"https:\/\/all-car-news.com\/es\/#organization"},"articleSection":["noticias de autos"],"inLanguage":"es"},{"@type":"WebPage","@id":"https:\/\/all-car-news.com\/es\/bmw-ha-tenido-un-ano-excepcional\/","url":"https:\/\/all-car-news.com\/es\/bmw-ha-tenido-un-ano-excepcional\/","name":"BMW ha tenido un a\u00f1o excepcional - All cars news","isPartOf":{"@id":"https:\/\/all-car-news.com\/es\/#website"},"datePublished":"2024-01-09T14:58:41+00:00","dateModified":"2024-01-09T14:58:41+00:00","breadcrumb":{"@id":"https:\/\/all-car-news.com\/es\/bmw-ha-tenido-un-ano-excepcional\/#breadcrumb"},"inLanguage":"es","potentialAction":[{"@type":"ReadAction","target":["https:\/\/all-car-news.com\/es\/bmw-ha-tenido-un-ano-excepcional\/"]}]},{"@type":"BreadcrumbList","@id":"https:\/\/all-car-news.com\/es\/bmw-ha-tenido-un-ano-excepcional\/#breadcrumb","itemListElement":[{"@type":"ListItem","position":1,"name":"Home","item":"https:\/\/all-car-news.com\/es\/"},{"@type":"ListItem","position":2,"name":"BMW ha tenido un a\u00f1o excepcional"}]},{"@type":"WebSite","@id":"https:\/\/all-car-news.com\/es\/#website","url":"https:\/\/all-car-news.com\/es\/","name":"All cars news","description":"","publisher":{"@id":"https:\/\/all-car-news.com\/es\/#organization"},"potentialAction":[{"@type":"SearchAction","target":{"@type":"EntryPoint","urlTemplate":"https:\/\/all-car-news.com\/es\/?s={search_term_string}"},"query-input":"required name=search_term_string"}],"inLanguage":"es"},{"@type":"Organization","@id":"https:\/\/all-car-news.com\/es\/#organization","name":"All cars news","url":"https:\/\/all-car-news.com\/es\/","logo":{"@type":"ImageObject","inLanguage":"es","@id":"https:\/\/all-car-news.com\/es\/#\/schema\/logo\/image\/","url":"https:\/\/all-car-news.com\/wp-content\/uploads\/2022\/02\/CMYK-AllCarNews_LANDSCAPE_300px-1.png","contentUrl":"https:\/\/all-car-news.com\/wp-content\/uploads\/2022\/02\/CMYK-AllCarNews_LANDSCAPE_300px-1.png","width":300,"height":100,"caption":"All cars news"},"image":{"@id":"https:\/\/all-car-news.com\/es\/#\/schema\/logo\/image\/"}}]}},"_links":{"self":[{"href":"https:\/\/all-car-news.com\/es\/wp-json\/wp\/v2\/posts\/142132","targetHints":{"allow":["GET"]}}],"collection":[{"href":"https:\/\/all-car-news.com\/es\/wp-json\/wp\/v2\/posts"}],"about":[{"href":"https:\/\/all-car-news.com\/es\/wp-json\/wp\/v2\/types\/post"}],"replies":[{"embeddable":true,"href":"https:\/\/all-car-news.com\/es\/wp-json\/wp\/v2\/comments?post=142132"}],"version-history":[{"count":0,"href":"https:\/\/all-car-news.com\/es\/wp-json\/wp\/v2\/posts\/142132\/revisions"}],"wp:featuredmedia":[{"embeddable":true,"href":"https:\/\/all-car-news.com\/es\/wp-json\/wp\/v2\/media\/142111"}],"wp:attachment":[{"href":"https:\/\/all-car-news.com\/es\/wp-json\/wp\/v2\/media?parent=142132"}],"wp:term":[{"taxonomy":"category","embeddable":true,"href":"https:\/\/all-car-news.com\/es\/wp-json\/wp\/v2\/categories?post=142132"},{"taxonomy":"post_tag","embeddable":true,"href":"https:\/\/all-car-news.com\/es\/wp-json\/wp\/v2\/tags?post=142132"}],"curies":[{"name":"wp","href":"https:\/\/api.w.org\/{rel}","templated":true}]}}