{"id":141708,"date":"2023-12-28T10:00:00","date_gmt":"2023-12-28T10:00:00","guid":{"rendered":"https:\/\/all-car-news.com\/aumento-del-numero-de-infractores-de-trafico-enviados-al-cbr-por-comportamiento-inseguro-al-volante\/"},"modified":"2023-12-28T10:00:00","modified_gmt":"2023-12-28T10:00:00","slug":"aumento-del-numero-de-infractores-de-trafico-enviados-al-cbr-por-comportamiento-inseguro-al-volante","status":"publish","type":"post","link":"https:\/\/all-car-news.com\/es\/aumento-del-numero-de-infractores-de-trafico-enviados-al-cbr-por-comportamiento-inseguro-al-volante\/","title":{"rendered":"Aumento del n\u00famero de infractores de tr\u00e1fico enviados al CBR por comportamiento inseguro al volante"},"content":{"rendered":"<h2>Nuevos cursos<\/h2>\n<\/p>\n<p>Este aumento se debe en gran medida a la introducci\u00f3n de dos nuevos cursos el 1 de abril de este a\u00f1o: el curso breve sobre comportamiento y tr\u00e1fico (LEMG) y el curso sobre drogas y tr\u00e1fico (EMD). \u00abSin embargo, las cifras tambi\u00e9n muestran lo persistente que es este problema\u00bb, afirm\u00f3 Alexander Pechtold, director general de CBR. \u00abSe presta mucha atenci\u00f3n a las v\u00edctimas de accidentes de tr\u00e1fico y a las campa\u00f1as, pero algunas personas siguen pensando que pueden participar en el tr\u00e1fico despu\u00e9s de haber consumido alcohol y drogas.<\/p>\n<\/p>\n<figure class=\"wp-block-table\">\n<table>\n<tbody>\n<tr>\n<td><\/td>\n<td>2022<\/td>\n<td>2023<\/td>\n<td>Diferencia<\/td>\n<\/tr>\n<tr>\n<td>Conducir bajo los efectos de las DROGAS<\/td>\n<td>5.139<\/td>\n<td>5.267<\/td>\n<td>128<\/td>\n<\/tr>\n<tr>\n<td>Conducir bajo los efectos del ALCOHOL<\/td>\n<td>12.703<\/td>\n<td>11.043<\/td>\n<td>-1.660<\/td>\n<\/tr>\n<tr>\n<td>Comportamiento<\/td>\n<td>1.964<\/td>\n<td>5.528<\/td>\n<td>3.564<\/td>\n<\/tr>\n<tr>\n<td>Otros<\/td>\n<td>2.446<\/td>\n<td>2.287<\/td>\n<td>-159<\/td>\n<\/tr>\n<tr>\n<td>Total<\/td>\n<td>22.262<\/td>\n<td>24.125<\/td>\n<td>1.873<\/td>\n<\/tr>\n<\/tbody>\n<\/table>\n<\/figure>\n<h2 id=\"Drugs-anchor\">Drogas<\/h2>\n<p>El n\u00famero de conductores a los que se les impondr\u00e1 el curso de la EMD por consumo de drogas en 2023 supera los 2.000. El CBR impone esta medida desde el 1 de abril a los automovilistas sorprendidos por primera vez conduciendo bajo los efectos del alcohol. Hasta esa fecha, estas personas deb\u00edan presentarse para ser investigadas. Ahora bien, esto s\u00f3lo ocurre si los conductores son detenidos por conducir bajo los efectos del alcohol al menos dos veces en el plazo de 2 a\u00f1os.<\/p>\n<h2 id=\"Rijgedrag-anchor\">Comportamiento de conducci\u00f3n<\/h2>\n<p>El n\u00famero de infractores de tr\u00e1fico que participan obligatoriamente en el curso de comportamiento al volante se ha duplicado con creces, hasta superar los 5.500. Esto se debe a la introducci\u00f3n de la LEMG, que desde el 1 de abril se impone principalmente a los infractores que por primera vez circulaban a entre 50 y 60 km por hora, tanto dentro como fuera de las zonas urbanizadas. Este curso ya se ha impuesto 2.275 veces este a\u00f1o.<\/p>\n<h2>Bebidas navide\u00f1as<\/h2>\n<p>Pechtold subray\u00f3 la importancia de los esfuerzos del CBR y de la polic\u00eda para mejorar la seguridad vial. \u00abEs preocupante que demasiadas personas sigan poni\u00e9ndose al volante bajo los efectos del alcohol y que el comportamiento al volante deje a menudo mucho que desear. Sin embargo, tambi\u00e9n somos positivos. La polic\u00eda es cada vez m\u00e1s capaz de llegar hasta el CBR por infracciones de tr\u00e1fico. Juntos seguimos dando la cara, sobre todo en este mes en el que algunas personas toman la decisi\u00f3n equivocada al volver a casa en coche o en ciclomotor despu\u00e9s de tomar una copa navide\u00f1a. No lo hagas\u00bb.<\/p>\n","protected":false},"excerpt":{"rendered":"Nuevos cursos Este aumento se debe en gran medida a la introducci\u00f3n de dos nuevos cursos el 1 de abril&hellip;","protected":false},"author":0,"featured_media":141698,"comment_status":"","ping_status":"open","sticky":false,"template":"","format":"standard","meta":{"footnotes":""},"categories":[129,126],"tags":[],"class_list":["post-141708","post","type-post","status-publish","format-standard","has-post-thumbnail","hentry","category-fondo","category-noticias-de-autos"],"acf":[],"yoast_head":"<!-- This site is optimized with the Yoast SEO plugin v21.2 - https:\/\/yoast.com\/wordpress\/plugins\/seo\/ -->\n<title>Aumento del n\u00famero de infractores de tr\u00e1fico enviados al CBR por comportamiento inseguro al volante - All cars news<\/title>\n<meta name=\"robots\" content=\"index, follow, max-snippet:-1, max-image-preview:large, max-video-preview:-1\" \/>\n<link rel=\"canonical\" href=\"https:\/\/all-car-news.com\/es\/aumento-del-numero-de-infractores-de-trafico-enviados-al-cbr-por-comportamiento-inseguro-al-volante\/\" \/>\n<meta property=\"og:locale\" content=\"es_ES\" \/>\n<meta property=\"og:type\" content=\"article\" \/>\n<meta property=\"og:title\" content=\"Aumento del n\u00famero de infractores de tr\u00e1fico enviados al CBR por comportamiento inseguro al volante - All cars news\" \/>\n<meta property=\"og:description\" content=\"Nuevos cursos Este aumento se debe en gran medida a la introducci\u00f3n de dos nuevos cursos el 1 de abril de este a\u00f1o: el curso breve sobre comportamiento y tr\u00e1fico (LEMG) y el curso sobre drogas y tr\u00e1fico (EMD). &quot;Sin embargo, las cifras tambi\u00e9n muestran lo persistente que es este problema&quot;, afirm\u00f3 Alexander Pechtold, director general de CBR. \u2020\" \/>\n<meta property=\"og:url\" content=\"https:\/\/all-car-news.com\/es\/aumento-del-numero-de-infractores-de-trafico-enviados-al-cbr-por-comportamiento-inseguro-al-volante\/\" \/>\n<meta property=\"og:site_name\" content=\"All cars news\" \/>\n<meta property=\"article:published_time\" content=\"2023-12-28T10:00:00+00:00\" \/>\n<meta name=\"twitter:card\" content=\"summary_large_image\" \/>\n<meta name=\"twitter:label1\" content=\"Tiempo de lectura\" \/>\n\t<meta name=\"twitter:data1\" content=\"2 minutos\" \/>\n<script type=\"application\/ld+json\" class=\"yoast-schema-graph\">{\"@context\":\"https:\/\/schema.org\",\"@graph\":[{\"@type\":\"Article\",\"@id\":\"https:\/\/all-car-news.com\/es\/aumento-del-numero-de-infractores-de-trafico-enviados-al-cbr-por-comportamiento-inseguro-al-volante\/#article\",\"isPartOf\":{\"@id\":\"https:\/\/all-car-news.com\/es\/aumento-del-numero-de-infractores-de-trafico-enviados-al-cbr-por-comportamiento-inseguro-al-volante\/\"},\"author\":{\"name\":\"\",\"@id\":\"\"},\"headline\":\"Aumento del n\u00famero de infractores de tr\u00e1fico enviados al CBR por comportamiento inseguro al volante\",\"datePublished\":\"2023-12-28T10:00:00+00:00\",\"dateModified\":\"2023-12-28T10:00:00+00:00\",\"mainEntityOfPage\":{\"@id\":\"https:\/\/all-car-news.com\/es\/aumento-del-numero-de-infractores-de-trafico-enviados-al-cbr-por-comportamiento-inseguro-al-volante\/\"},\"wordCount\":416,\"publisher\":{\"@id\":\"https:\/\/all-car-news.com\/es\/#organization\"},\"articleSection\":[\"Fondo\",\"noticias de autos\"],\"inLanguage\":\"es\"},{\"@type\":\"WebPage\",\"@id\":\"https:\/\/all-car-news.com\/es\/aumento-del-numero-de-infractores-de-trafico-enviados-al-cbr-por-comportamiento-inseguro-al-volante\/\",\"url\":\"https:\/\/all-car-news.com\/es\/aumento-del-numero-de-infractores-de-trafico-enviados-al-cbr-por-comportamiento-inseguro-al-volante\/\",\"name\":\"Aumento del n\u00famero de infractores de tr\u00e1fico enviados al CBR por comportamiento inseguro al volante - All cars news\",\"isPartOf\":{\"@id\":\"https:\/\/all-car-news.com\/es\/#website\"},\"datePublished\":\"2023-12-28T10:00:00+00:00\",\"dateModified\":\"2023-12-28T10:00:00+00:00\",\"breadcrumb\":{\"@id\":\"https:\/\/all-car-news.com\/es\/aumento-del-numero-de-infractores-de-trafico-enviados-al-cbr-por-comportamiento-inseguro-al-volante\/#breadcrumb\"},\"inLanguage\":\"es\",\"potentialAction\":[{\"@type\":\"ReadAction\",\"target\":[\"https:\/\/all-car-news.com\/es\/aumento-del-numero-de-infractores-de-trafico-enviados-al-cbr-por-comportamiento-inseguro-al-volante\/\"]}]},{\"@type\":\"BreadcrumbList\",\"@id\":\"https:\/\/all-car-news.com\/es\/aumento-del-numero-de-infractores-de-trafico-enviados-al-cbr-por-comportamiento-inseguro-al-volante\/#breadcrumb\",\"itemListElement\":[{\"@type\":\"ListItem\",\"position\":1,\"name\":\"Home\",\"item\":\"https:\/\/all-car-news.com\/es\/\"},{\"@type\":\"ListItem\",\"position\":2,\"name\":\"Aumento del n\u00famero de infractores de tr\u00e1fico enviados al CBR por comportamiento inseguro al volante\"}]},{\"@type\":\"WebSite\",\"@id\":\"https:\/\/all-car-news.com\/es\/#website\",\"url\":\"https:\/\/all-car-news.com\/es\/\",\"name\":\"All cars news\",\"description\":\"\",\"publisher\":{\"@id\":\"https:\/\/all-car-news.com\/es\/#organization\"},\"potentialAction\":[{\"@type\":\"SearchAction\",\"target\":{\"@type\":\"EntryPoint\",\"urlTemplate\":\"https:\/\/all-car-news.com\/es\/?s={search_term_string}\"},\"query-input\":\"required name=search_term_string\"}],\"inLanguage\":\"es\"},{\"@type\":\"Organization\",\"@id\":\"https:\/\/all-car-news.com\/es\/#organization\",\"name\":\"All cars news\",\"url\":\"https:\/\/all-car-news.com\/es\/\",\"logo\":{\"@type\":\"ImageObject\",\"inLanguage\":\"es\",\"@id\":\"https:\/\/all-car-news.com\/es\/#\/schema\/logo\/image\/\",\"url\":\"https:\/\/all-car-news.com\/wp-content\/uploads\/2022\/02\/CMYK-AllCarNews_LANDSCAPE_300px-1.png\",\"contentUrl\":\"https:\/\/all-car-news.com\/wp-content\/uploads\/2022\/02\/CMYK-AllCarNews_LANDSCAPE_300px-1.png\",\"width\":300,\"height\":100,\"caption\":\"All cars news\"},\"image\":{\"@id\":\"https:\/\/all-car-news.com\/es\/#\/schema\/logo\/image\/\"}}]}<\/script>\n<!-- \/ Yoast SEO plugin. -->","yoast_head_json":{"title":"Aumento del n\u00famero de infractores de tr\u00e1fico enviados al CBR por comportamiento inseguro al volante - All cars news","robots":{"index":"index","follow":"follow","max-snippet":"max-snippet:-1","max-image-preview":"max-image-preview:large","max-video-preview":"max-video-preview:-1"},"canonical":"https:\/\/all-car-news.com\/es\/aumento-del-numero-de-infractores-de-trafico-enviados-al-cbr-por-comportamiento-inseguro-al-volante\/","og_locale":"es_ES","og_type":"article","og_title":"Aumento del n\u00famero de infractores de tr\u00e1fico enviados al CBR por comportamiento inseguro al volante - All cars news","og_description":"Nuevos cursos Este aumento se debe en gran medida a la introducci\u00f3n de dos nuevos cursos el 1 de abril de este a\u00f1o: el curso breve sobre comportamiento y tr\u00e1fico (LEMG) y el curso sobre drogas y tr\u00e1fico (EMD). \"Sin embargo, las cifras tambi\u00e9n muestran lo persistente que es este problema\", afirm\u00f3 Alexander Pechtold, director general de CBR. \u2020","og_url":"https:\/\/all-car-news.com\/es\/aumento-del-numero-de-infractores-de-trafico-enviados-al-cbr-por-comportamiento-inseguro-al-volante\/","og_site_name":"All cars news","article_published_time":"2023-12-28T10:00:00+00:00","twitter_card":"summary_large_image","twitter_misc":{"Tiempo de lectura":"2 minutos"},"schema":{"@context":"https:\/\/schema.org","@graph":[{"@type":"Article","@id":"https:\/\/all-car-news.com\/es\/aumento-del-numero-de-infractores-de-trafico-enviados-al-cbr-por-comportamiento-inseguro-al-volante\/#article","isPartOf":{"@id":"https:\/\/all-car-news.com\/es\/aumento-del-numero-de-infractores-de-trafico-enviados-al-cbr-por-comportamiento-inseguro-al-volante\/"},"author":{"name":"","@id":""},"headline":"Aumento del n\u00famero de infractores de tr\u00e1fico enviados al CBR por comportamiento inseguro al volante","datePublished":"2023-12-28T10:00:00+00:00","dateModified":"2023-12-28T10:00:00+00:00","mainEntityOfPage":{"@id":"https:\/\/all-car-news.com\/es\/aumento-del-numero-de-infractores-de-trafico-enviados-al-cbr-por-comportamiento-inseguro-al-volante\/"},"wordCount":416,"publisher":{"@id":"https:\/\/all-car-news.com\/es\/#organization"},"articleSection":["Fondo","noticias de autos"],"inLanguage":"es"},{"@type":"WebPage","@id":"https:\/\/all-car-news.com\/es\/aumento-del-numero-de-infractores-de-trafico-enviados-al-cbr-por-comportamiento-inseguro-al-volante\/","url":"https:\/\/all-car-news.com\/es\/aumento-del-numero-de-infractores-de-trafico-enviados-al-cbr-por-comportamiento-inseguro-al-volante\/","name":"Aumento del n\u00famero de infractores de tr\u00e1fico enviados al CBR por comportamiento inseguro al volante - All cars news","isPartOf":{"@id":"https:\/\/all-car-news.com\/es\/#website"},"datePublished":"2023-12-28T10:00:00+00:00","dateModified":"2023-12-28T10:00:00+00:00","breadcrumb":{"@id":"https:\/\/all-car-news.com\/es\/aumento-del-numero-de-infractores-de-trafico-enviados-al-cbr-por-comportamiento-inseguro-al-volante\/#breadcrumb"},"inLanguage":"es","potentialAction":[{"@type":"ReadAction","target":["https:\/\/all-car-news.com\/es\/aumento-del-numero-de-infractores-de-trafico-enviados-al-cbr-por-comportamiento-inseguro-al-volante\/"]}]},{"@type":"BreadcrumbList","@id":"https:\/\/all-car-news.com\/es\/aumento-del-numero-de-infractores-de-trafico-enviados-al-cbr-por-comportamiento-inseguro-al-volante\/#breadcrumb","itemListElement":[{"@type":"ListItem","position":1,"name":"Home","item":"https:\/\/all-car-news.com\/es\/"},{"@type":"ListItem","position":2,"name":"Aumento del n\u00famero de infractores de tr\u00e1fico enviados al CBR por comportamiento inseguro al volante"}]},{"@type":"WebSite","@id":"https:\/\/all-car-news.com\/es\/#website","url":"https:\/\/all-car-news.com\/es\/","name":"All cars news","description":"","publisher":{"@id":"https:\/\/all-car-news.com\/es\/#organization"},"potentialAction":[{"@type":"SearchAction","target":{"@type":"EntryPoint","urlTemplate":"https:\/\/all-car-news.com\/es\/?s={search_term_string}"},"query-input":"required name=search_term_string"}],"inLanguage":"es"},{"@type":"Organization","@id":"https:\/\/all-car-news.com\/es\/#organization","name":"All cars news","url":"https:\/\/all-car-news.com\/es\/","logo":{"@type":"ImageObject","inLanguage":"es","@id":"https:\/\/all-car-news.com\/es\/#\/schema\/logo\/image\/","url":"https:\/\/all-car-news.com\/wp-content\/uploads\/2022\/02\/CMYK-AllCarNews_LANDSCAPE_300px-1.png","contentUrl":"https:\/\/all-car-news.com\/wp-content\/uploads\/2022\/02\/CMYK-AllCarNews_LANDSCAPE_300px-1.png","width":300,"height":100,"caption":"All cars news"},"image":{"@id":"https:\/\/all-car-news.com\/es\/#\/schema\/logo\/image\/"}}]}},"_links":{"self":[{"href":"https:\/\/all-car-news.com\/es\/wp-json\/wp\/v2\/posts\/141708","targetHints":{"allow":["GET"]}}],"collection":[{"href":"https:\/\/all-car-news.com\/es\/wp-json\/wp\/v2\/posts"}],"about":[{"href":"https:\/\/all-car-news.com\/es\/wp-json\/wp\/v2\/types\/post"}],"replies":[{"embeddable":true,"href":"https:\/\/all-car-news.com\/es\/wp-json\/wp\/v2\/comments?post=141708"}],"version-history":[{"count":0,"href":"https:\/\/all-car-news.com\/es\/wp-json\/wp\/v2\/posts\/141708\/revisions"}],"wp:featuredmedia":[{"embeddable":true,"href":"https:\/\/all-car-news.com\/es\/wp-json\/wp\/v2\/media\/141698"}],"wp:attachment":[{"href":"https:\/\/all-car-news.com\/es\/wp-json\/wp\/v2\/media?parent=141708"}],"wp:term":[{"taxonomy":"category","embeddable":true,"href":"https:\/\/all-car-news.com\/es\/wp-json\/wp\/v2\/categories?post=141708"},{"taxonomy":"post_tag","embeddable":true,"href":"https:\/\/all-car-news.com\/es\/wp-json\/wp\/v2\/tags?post=141708"}],"curies":[{"name":"wp","href":"https:\/\/api.w.org\/{rel}","templated":true}]}}