{"id":141605,"date":"2023-12-22T15:12:53","date_gmt":"2023-12-22T15:12:53","guid":{"rendered":"https:\/\/all-car-news.com\/bmw-muestra-el-m5-touring-con-traje-navideno\/"},"modified":"2023-12-22T15:12:53","modified_gmt":"2023-12-22T15:12:53","slug":"bmw-muestra-el-m5-touring-con-traje-navideno","status":"publish","type":"post","link":"https:\/\/all-car-news.com\/es\/bmw-muestra-el-m5-touring-con-traje-navideno\/","title":{"rendered":"BMW muestra el M5 Touring con traje navide\u00f1o"},"content":{"rendered":"<h2>BMW M5 Touring<\/h2>\n<p>En un breve <a href=\"https:\/\/youtu.be\/gMZY0VQCcoM?si=DB4nAvL7S8G04xdy\">v\u00eddeo<\/a>, BMW muestra el nuevo M5 Touring. Desgraciadamente, a\u00fan no puedes tirar del papel de regalo, ya que la presentaci\u00f3n no est\u00e1 prevista hasta mediados de 2024. A pesar de su empaque, se pueden detectar claramente algunos elementos deportivos t\u00edpicos de M, como un aler\u00f3n grueso y cuatro salidas de escape del grosor de un pu\u00f1o. Lo que no se ve, por supuesto, es lo que ocurre bajo la piel. Al igual que el futuro BMW M5 Sed\u00e1n, la variante Touring tambi\u00e9n contar\u00e1 con una cadena cinem\u00e1tica parcialmente electrificada. Apostamos por la cadena cinem\u00e1tica del BMW XM, compuesta por un V8 de 4,4 litros asistido por un motor el\u00e9ctrico, que juntos rinden 748 CV y 1.000 Nm de par.<a href=\"https:\/\/leasevergelijker.nl\/private-lease\/BMW\/i3\/?utm_source=autorai.nl&amp;utm_medium=cpc&amp;utm_campaign=autorai.nl_lease\" target=\"_blank\" rel=\"noreferrer noopener\"><\/a><\/p>\n<\/p>\n<figure class=\"wp-block-embed is-type-video is-provider-youtube wp-block-embed-youtube wp-embed-aspect-16-9 wp-has-aspect-ratio\">\n<div class=\"wp-block-embed__wrapper\">\n<\/div>\n<\/figure>\n","protected":false},"excerpt":{"rendered":"BMW M5 Touring En un breve v\u00eddeo, BMW muestra el nuevo M5 Touring. Desgraciadamente, a\u00fan no puedes tirar del papel&hellip;","protected":false},"author":0,"featured_media":141598,"comment_status":"","ping_status":"open","sticky":false,"template":"","format":"standard","meta":{"footnotes":""},"categories":[126],"tags":[],"class_list":["post-141605","post","type-post","status-publish","format-standard","has-post-thumbnail","hentry","category-noticias-de-autos"],"acf":[],"yoast_head":"<!-- This site is optimized with the Yoast SEO plugin v21.2 - https:\/\/yoast.com\/wordpress\/plugins\/seo\/ -->\n<title>BMW muestra el M5 Touring con traje navide\u00f1o - All cars news<\/title>\n<meta name=\"robots\" content=\"index, follow, max-snippet:-1, max-image-preview:large, max-video-preview:-1\" \/>\n<link rel=\"canonical\" href=\"https:\/\/all-car-news.com\/es\/bmw-muestra-el-m5-touring-con-traje-navideno\/\" \/>\n<meta property=\"og:locale\" content=\"es_ES\" \/>\n<meta property=\"og:type\" content=\"article\" \/>\n<meta property=\"og:title\" content=\"BMW muestra el M5 Touring con traje navide\u00f1o - All cars news\" \/>\n<meta property=\"og:description\" content=\"BMW M5 Touring En un breve v\u00eddeo, BMW muestra el nuevo M5 Touring. Desgraciadamente, a\u00fan no puedes tirar del papel de regalo, ya que la presentaci\u00f3n no est\u00e1 prevista hasta mediados de 2024. A pesar de su empaque, se pueden detectar claramente algunos elementos deportivos t\u00edpicos de M, como un aler\u00f3n grueso y cuatro salidas de escape del grosor de un pu\u00f1o. Que, por supuesto, no [...]\" \/>\n<meta property=\"og:url\" content=\"https:\/\/all-car-news.com\/es\/bmw-muestra-el-m5-touring-con-traje-navideno\/\" \/>\n<meta property=\"og:site_name\" content=\"All cars news\" \/>\n<meta property=\"article:published_time\" content=\"2023-12-22T15:12:53+00:00\" \/>\n<meta name=\"twitter:card\" content=\"summary_large_image\" \/>\n<meta name=\"twitter:label1\" content=\"Tiempo de lectura\" \/>\n\t<meta name=\"twitter:data1\" content=\"1 minuto\" \/>\n<script type=\"application\/ld+json\" class=\"yoast-schema-graph\">{\"@context\":\"https:\/\/schema.org\",\"@graph\":[{\"@type\":\"Article\",\"@id\":\"https:\/\/all-car-news.com\/es\/bmw-muestra-el-m5-touring-con-traje-navideno\/#article\",\"isPartOf\":{\"@id\":\"https:\/\/all-car-news.com\/es\/bmw-muestra-el-m5-touring-con-traje-navideno\/\"},\"author\":{\"name\":\"\",\"@id\":\"\"},\"headline\":\"BMW muestra el M5 Touring con traje navide\u00f1o\",\"datePublished\":\"2023-12-22T15:12:53+00:00\",\"dateModified\":\"2023-12-22T15:12:53+00:00\",\"mainEntityOfPage\":{\"@id\":\"https:\/\/all-car-news.com\/es\/bmw-muestra-el-m5-touring-con-traje-navideno\/\"},\"wordCount\":141,\"publisher\":{\"@id\":\"https:\/\/all-car-news.com\/es\/#organization\"},\"articleSection\":[\"noticias de autos\"],\"inLanguage\":\"es\"},{\"@type\":\"WebPage\",\"@id\":\"https:\/\/all-car-news.com\/es\/bmw-muestra-el-m5-touring-con-traje-navideno\/\",\"url\":\"https:\/\/all-car-news.com\/es\/bmw-muestra-el-m5-touring-con-traje-navideno\/\",\"name\":\"BMW muestra el M5 Touring con traje navide\u00f1o - All cars news\",\"isPartOf\":{\"@id\":\"https:\/\/all-car-news.com\/es\/#website\"},\"datePublished\":\"2023-12-22T15:12:53+00:00\",\"dateModified\":\"2023-12-22T15:12:53+00:00\",\"breadcrumb\":{\"@id\":\"https:\/\/all-car-news.com\/es\/bmw-muestra-el-m5-touring-con-traje-navideno\/#breadcrumb\"},\"inLanguage\":\"es\",\"potentialAction\":[{\"@type\":\"ReadAction\",\"target\":[\"https:\/\/all-car-news.com\/es\/bmw-muestra-el-m5-touring-con-traje-navideno\/\"]}]},{\"@type\":\"BreadcrumbList\",\"@id\":\"https:\/\/all-car-news.com\/es\/bmw-muestra-el-m5-touring-con-traje-navideno\/#breadcrumb\",\"itemListElement\":[{\"@type\":\"ListItem\",\"position\":1,\"name\":\"Home\",\"item\":\"https:\/\/all-car-news.com\/es\/\"},{\"@type\":\"ListItem\",\"position\":2,\"name\":\"BMW muestra el M5 Touring con traje navide\u00f1o\"}]},{\"@type\":\"WebSite\",\"@id\":\"https:\/\/all-car-news.com\/es\/#website\",\"url\":\"https:\/\/all-car-news.com\/es\/\",\"name\":\"All cars news\",\"description\":\"\",\"publisher\":{\"@id\":\"https:\/\/all-car-news.com\/es\/#organization\"},\"potentialAction\":[{\"@type\":\"SearchAction\",\"target\":{\"@type\":\"EntryPoint\",\"urlTemplate\":\"https:\/\/all-car-news.com\/es\/?s={search_term_string}\"},\"query-input\":\"required name=search_term_string\"}],\"inLanguage\":\"es\"},{\"@type\":\"Organization\",\"@id\":\"https:\/\/all-car-news.com\/es\/#organization\",\"name\":\"All cars news\",\"url\":\"https:\/\/all-car-news.com\/es\/\",\"logo\":{\"@type\":\"ImageObject\",\"inLanguage\":\"es\",\"@id\":\"https:\/\/all-car-news.com\/es\/#\/schema\/logo\/image\/\",\"url\":\"https:\/\/all-car-news.com\/wp-content\/uploads\/2022\/02\/CMYK-AllCarNews_LANDSCAPE_300px-1.png\",\"contentUrl\":\"https:\/\/all-car-news.com\/wp-content\/uploads\/2022\/02\/CMYK-AllCarNews_LANDSCAPE_300px-1.png\",\"width\":300,\"height\":100,\"caption\":\"All cars news\"},\"image\":{\"@id\":\"https:\/\/all-car-news.com\/es\/#\/schema\/logo\/image\/\"}}]}<\/script>\n<!-- \/ Yoast SEO plugin. -->","yoast_head_json":{"title":"BMW muestra el M5 Touring con traje navide\u00f1o - All cars news","robots":{"index":"index","follow":"follow","max-snippet":"max-snippet:-1","max-image-preview":"max-image-preview:large","max-video-preview":"max-video-preview:-1"},"canonical":"https:\/\/all-car-news.com\/es\/bmw-muestra-el-m5-touring-con-traje-navideno\/","og_locale":"es_ES","og_type":"article","og_title":"BMW muestra el M5 Touring con traje navide\u00f1o - All cars news","og_description":"BMW M5 Touring En un breve v\u00eddeo, BMW muestra el nuevo M5 Touring. Desgraciadamente, a\u00fan no puedes tirar del papel de regalo, ya que la presentaci\u00f3n no est\u00e1 prevista hasta mediados de 2024. A pesar de su empaque, se pueden detectar claramente algunos elementos deportivos t\u00edpicos de M, como un aler\u00f3n grueso y cuatro salidas de escape del grosor de un pu\u00f1o. Que, por supuesto, no [...]","og_url":"https:\/\/all-car-news.com\/es\/bmw-muestra-el-m5-touring-con-traje-navideno\/","og_site_name":"All cars news","article_published_time":"2023-12-22T15:12:53+00:00","twitter_card":"summary_large_image","twitter_misc":{"Tiempo de lectura":"1 minuto"},"schema":{"@context":"https:\/\/schema.org","@graph":[{"@type":"Article","@id":"https:\/\/all-car-news.com\/es\/bmw-muestra-el-m5-touring-con-traje-navideno\/#article","isPartOf":{"@id":"https:\/\/all-car-news.com\/es\/bmw-muestra-el-m5-touring-con-traje-navideno\/"},"author":{"name":"","@id":""},"headline":"BMW muestra el M5 Touring con traje navide\u00f1o","datePublished":"2023-12-22T15:12:53+00:00","dateModified":"2023-12-22T15:12:53+00:00","mainEntityOfPage":{"@id":"https:\/\/all-car-news.com\/es\/bmw-muestra-el-m5-touring-con-traje-navideno\/"},"wordCount":141,"publisher":{"@id":"https:\/\/all-car-news.com\/es\/#organization"},"articleSection":["noticias de autos"],"inLanguage":"es"},{"@type":"WebPage","@id":"https:\/\/all-car-news.com\/es\/bmw-muestra-el-m5-touring-con-traje-navideno\/","url":"https:\/\/all-car-news.com\/es\/bmw-muestra-el-m5-touring-con-traje-navideno\/","name":"BMW muestra el M5 Touring con traje navide\u00f1o - All cars news","isPartOf":{"@id":"https:\/\/all-car-news.com\/es\/#website"},"datePublished":"2023-12-22T15:12:53+00:00","dateModified":"2023-12-22T15:12:53+00:00","breadcrumb":{"@id":"https:\/\/all-car-news.com\/es\/bmw-muestra-el-m5-touring-con-traje-navideno\/#breadcrumb"},"inLanguage":"es","potentialAction":[{"@type":"ReadAction","target":["https:\/\/all-car-news.com\/es\/bmw-muestra-el-m5-touring-con-traje-navideno\/"]}]},{"@type":"BreadcrumbList","@id":"https:\/\/all-car-news.com\/es\/bmw-muestra-el-m5-touring-con-traje-navideno\/#breadcrumb","itemListElement":[{"@type":"ListItem","position":1,"name":"Home","item":"https:\/\/all-car-news.com\/es\/"},{"@type":"ListItem","position":2,"name":"BMW muestra el M5 Touring con traje navide\u00f1o"}]},{"@type":"WebSite","@id":"https:\/\/all-car-news.com\/es\/#website","url":"https:\/\/all-car-news.com\/es\/","name":"All cars news","description":"","publisher":{"@id":"https:\/\/all-car-news.com\/es\/#organization"},"potentialAction":[{"@type":"SearchAction","target":{"@type":"EntryPoint","urlTemplate":"https:\/\/all-car-news.com\/es\/?s={search_term_string}"},"query-input":"required name=search_term_string"}],"inLanguage":"es"},{"@type":"Organization","@id":"https:\/\/all-car-news.com\/es\/#organization","name":"All cars news","url":"https:\/\/all-car-news.com\/es\/","logo":{"@type":"ImageObject","inLanguage":"es","@id":"https:\/\/all-car-news.com\/es\/#\/schema\/logo\/image\/","url":"https:\/\/all-car-news.com\/wp-content\/uploads\/2022\/02\/CMYK-AllCarNews_LANDSCAPE_300px-1.png","contentUrl":"https:\/\/all-car-news.com\/wp-content\/uploads\/2022\/02\/CMYK-AllCarNews_LANDSCAPE_300px-1.png","width":300,"height":100,"caption":"All cars news"},"image":{"@id":"https:\/\/all-car-news.com\/es\/#\/schema\/logo\/image\/"}}]}},"_links":{"self":[{"href":"https:\/\/all-car-news.com\/es\/wp-json\/wp\/v2\/posts\/141605","targetHints":{"allow":["GET"]}}],"collection":[{"href":"https:\/\/all-car-news.com\/es\/wp-json\/wp\/v2\/posts"}],"about":[{"href":"https:\/\/all-car-news.com\/es\/wp-json\/wp\/v2\/types\/post"}],"replies":[{"embeddable":true,"href":"https:\/\/all-car-news.com\/es\/wp-json\/wp\/v2\/comments?post=141605"}],"version-history":[{"count":0,"href":"https:\/\/all-car-news.com\/es\/wp-json\/wp\/v2\/posts\/141605\/revisions"}],"wp:featuredmedia":[{"embeddable":true,"href":"https:\/\/all-car-news.com\/es\/wp-json\/wp\/v2\/media\/141598"}],"wp:attachment":[{"href":"https:\/\/all-car-news.com\/es\/wp-json\/wp\/v2\/media?parent=141605"}],"wp:term":[{"taxonomy":"category","embeddable":true,"href":"https:\/\/all-car-news.com\/es\/wp-json\/wp\/v2\/categories?post=141605"},{"taxonomy":"post_tag","embeddable":true,"href":"https:\/\/all-car-news.com\/es\/wp-json\/wp\/v2\/tags?post=141605"}],"curies":[{"name":"wp","href":"https:\/\/api.w.org\/{rel}","templated":true}]}}