{"id":141542,"date":"2023-12-21T12:38:41","date_gmt":"2023-12-21T12:38:41","guid":{"rendered":"https:\/\/all-car-news.com\/cupra-baja-los-precios-nace-considerablemente-mas-barato-que-el-volkswagen-id-3\/"},"modified":"2023-12-21T12:38:41","modified_gmt":"2023-12-21T12:38:41","slug":"cupra-baja-los-precios-nace-considerablemente-mas-barato-que-el-volkswagen-id-3","status":"publish","type":"post","link":"https:\/\/all-car-news.com\/es\/cupra-baja-los-precios-nace-considerablemente-mas-barato-que-el-volkswagen-id-3\/","title":{"rendered":"Cupra baja los precios: Nace considerablemente m\u00e1s barato que el Volkswagen ID.3"},"content":{"rendered":"<h2>Nacido Impulso<\/h2>\n<p>Mientras que en Volkswagen tienes que pagar 42.690 euros por un ID.3 de entrada de gama, en Cupra pagar\u00e1s ahora 36.940 euros por t\u00e9cnicamente el mismo modelo. Bastante diferencia de precio, aunque debemos se\u00f1alar que el ID.3 ha recibido desde entonces un lavado de cara provisional, el Born todav\u00eda no. Por ese dinero, te llevas las llaves del Born Impulse, que cuenta con un motor el\u00e9ctrico de 204 CV y un paquete de bater\u00edas de 58 kWh, con una autonom\u00eda de hasta 425 kil\u00f3metros. Dado que el fondo de subvenciones del SEPP est\u00e1 lejos de agotarse -y, adem\u00e1s, volver\u00e1 a llenarse a partir de 2024-, los particulares pueden beneficiarse de una subvenci\u00f3n de 2.950 euros, lo que permite conducir el Born desde tan solo 33.990 euros.<\/p>\n<figure class=\"wp-block-image size-content\"><img decoding=\"async\" loading=\"lazy\" width=\"1140\" height=\"644\" src=\"https:\/\/autorai.nl\/wp-content\/uploads\/2023\/12\/cupraborn1-1140x644.jpg\" alt=\"\" class=\"wp-image-171887\"><\/figure>\n<h2>Potencia adicional<\/h2>\n<p>Todos los modelos Born -excepto el modelo b\u00e1sico que hemos descrito antes- vienen ahora de serie con el motor el\u00e9ctrico extra potente de 231 CV. El motor el\u00e9ctrico viene de serie en combinaci\u00f3n con el paquete de bater\u00edas de 58 kWh, que ofrece una autonom\u00eda de hasta 421 kil\u00f3metros. El Born Business y el Born Performance vienen opcionalmente con el pack de bater\u00edas de 77 kWh, para una autonom\u00eda de hasta 550 kil\u00f3metros.  <\/p>\n<\/p>\n<figure class=\"wp-block-embed is-type-video is-provider-youtube wp-block-embed-youtube wp-embed-aspect-16-9 wp-has-aspect-ratio\">\n<div class=\"wp-block-embed__wrapper\">\n<\/div>\n<\/figure>\n<p><a href=\"https:\/\/content.presspage.com\/uploads\/2534\/aa41cab1-3540-43ef-8d20-e9551a1feae5\/1920_cupraborn2-3.jpg?10000\"><\/a><\/p>\n","protected":false},"excerpt":{"rendered":"Impulso Nacido Donde en Volkswagen tienes que pagar 42.690 euros por un ID.3 de entrada de gama, en Cupra pagar\u00e1s&hellip;","protected":false},"author":0,"featured_media":141532,"comment_status":"","ping_status":"open","sticky":false,"template":"","format":"standard","meta":{"footnotes":""},"categories":[126],"tags":[],"class_list":["post-141542","post","type-post","status-publish","format-standard","has-post-thumbnail","hentry","category-noticias-de-autos"],"acf":[],"yoast_head":"<!-- This site is optimized with the Yoast SEO plugin v21.2 - https:\/\/yoast.com\/wordpress\/plugins\/seo\/ -->\n<title>Cupra baja los precios: Nace considerablemente m\u00e1s barato que el Volkswagen ID.3 - All cars news<\/title>\n<meta name=\"robots\" content=\"index, follow, max-snippet:-1, max-image-preview:large, max-video-preview:-1\" \/>\n<link rel=\"canonical\" href=\"https:\/\/all-car-news.com\/es\/cupra-baja-los-precios-nace-considerablemente-mas-barato-que-el-volkswagen-id-3\/\" \/>\n<meta property=\"og:locale\" content=\"es_ES\" \/>\n<meta property=\"og:type\" content=\"article\" \/>\n<meta property=\"og:title\" content=\"Cupra baja los precios: Nace considerablemente m\u00e1s barato que el Volkswagen ID.3 - All cars news\" \/>\n<meta property=\"og:description\" content=\"Impulso Nacido Donde en Volkswagen tienes que pagar 42.690 euros por un ID.3 de entrada de gama, en Cupra pagar\u00e1s ahora 36.940 euros por t\u00e9cnicamente el mismo modelo. Bastante diferencia de precio, aunque debemos se\u00f1alar que el ID.3 ha recibido desde entonces un lavado de cara provisional, el Born todav\u00eda no. Por ese dinero, te llevas las llaves del [...]\" \/>\n<meta property=\"og:url\" content=\"https:\/\/all-car-news.com\/es\/cupra-baja-los-precios-nace-considerablemente-mas-barato-que-el-volkswagen-id-3\/\" \/>\n<meta property=\"og:site_name\" content=\"All cars news\" \/>\n<meta property=\"article:published_time\" content=\"2023-12-21T12:38:41+00:00\" \/>\n<meta property=\"og:image\" content=\"https:\/\/autorai.nl\/wp-content\/uploads\/2023\/12\/cupraborn1-1140x644.jpg\" \/>\n<meta name=\"twitter:card\" content=\"summary_large_image\" \/>\n<meta name=\"twitter:label1\" content=\"Tiempo de lectura\" \/>\n\t<meta name=\"twitter:data1\" content=\"1 minuto\" \/>\n<script type=\"application\/ld+json\" class=\"yoast-schema-graph\">{\"@context\":\"https:\/\/schema.org\",\"@graph\":[{\"@type\":\"Article\",\"@id\":\"https:\/\/all-car-news.com\/es\/cupra-baja-los-precios-nace-considerablemente-mas-barato-que-el-volkswagen-id-3\/#article\",\"isPartOf\":{\"@id\":\"https:\/\/all-car-news.com\/es\/cupra-baja-los-precios-nace-considerablemente-mas-barato-que-el-volkswagen-id-3\/\"},\"author\":{\"name\":\"\",\"@id\":\"\"},\"headline\":\"Cupra baja los precios: Nace considerablemente m\u00e1s barato que el Volkswagen ID.3\",\"datePublished\":\"2023-12-21T12:38:41+00:00\",\"dateModified\":\"2023-12-21T12:38:41+00:00\",\"mainEntityOfPage\":{\"@id\":\"https:\/\/all-car-news.com\/es\/cupra-baja-los-precios-nace-considerablemente-mas-barato-que-el-volkswagen-id-3\/\"},\"wordCount\":224,\"publisher\":{\"@id\":\"https:\/\/all-car-news.com\/es\/#organization\"},\"articleSection\":[\"noticias de autos\"],\"inLanguage\":\"es\"},{\"@type\":\"WebPage\",\"@id\":\"https:\/\/all-car-news.com\/es\/cupra-baja-los-precios-nace-considerablemente-mas-barato-que-el-volkswagen-id-3\/\",\"url\":\"https:\/\/all-car-news.com\/es\/cupra-baja-los-precios-nace-considerablemente-mas-barato-que-el-volkswagen-id-3\/\",\"name\":\"Cupra baja los precios: Nace considerablemente m\u00e1s barato que el Volkswagen ID.3 - All cars news\",\"isPartOf\":{\"@id\":\"https:\/\/all-car-news.com\/es\/#website\"},\"datePublished\":\"2023-12-21T12:38:41+00:00\",\"dateModified\":\"2023-12-21T12:38:41+00:00\",\"breadcrumb\":{\"@id\":\"https:\/\/all-car-news.com\/es\/cupra-baja-los-precios-nace-considerablemente-mas-barato-que-el-volkswagen-id-3\/#breadcrumb\"},\"inLanguage\":\"es\",\"potentialAction\":[{\"@type\":\"ReadAction\",\"target\":[\"https:\/\/all-car-news.com\/es\/cupra-baja-los-precios-nace-considerablemente-mas-barato-que-el-volkswagen-id-3\/\"]}]},{\"@type\":\"BreadcrumbList\",\"@id\":\"https:\/\/all-car-news.com\/es\/cupra-baja-los-precios-nace-considerablemente-mas-barato-que-el-volkswagen-id-3\/#breadcrumb\",\"itemListElement\":[{\"@type\":\"ListItem\",\"position\":1,\"name\":\"Home\",\"item\":\"https:\/\/all-car-news.com\/es\/\"},{\"@type\":\"ListItem\",\"position\":2,\"name\":\"Cupra baja los precios: Nace considerablemente m\u00e1s barato que el Volkswagen ID.3\"}]},{\"@type\":\"WebSite\",\"@id\":\"https:\/\/all-car-news.com\/es\/#website\",\"url\":\"https:\/\/all-car-news.com\/es\/\",\"name\":\"All cars news\",\"description\":\"\",\"publisher\":{\"@id\":\"https:\/\/all-car-news.com\/es\/#organization\"},\"potentialAction\":[{\"@type\":\"SearchAction\",\"target\":{\"@type\":\"EntryPoint\",\"urlTemplate\":\"https:\/\/all-car-news.com\/es\/?s={search_term_string}\"},\"query-input\":\"required name=search_term_string\"}],\"inLanguage\":\"es\"},{\"@type\":\"Organization\",\"@id\":\"https:\/\/all-car-news.com\/es\/#organization\",\"name\":\"All cars news\",\"url\":\"https:\/\/all-car-news.com\/es\/\",\"logo\":{\"@type\":\"ImageObject\",\"inLanguage\":\"es\",\"@id\":\"https:\/\/all-car-news.com\/es\/#\/schema\/logo\/image\/\",\"url\":\"https:\/\/all-car-news.com\/wp-content\/uploads\/2022\/02\/CMYK-AllCarNews_LANDSCAPE_300px-1.png\",\"contentUrl\":\"https:\/\/all-car-news.com\/wp-content\/uploads\/2022\/02\/CMYK-AllCarNews_LANDSCAPE_300px-1.png\",\"width\":300,\"height\":100,\"caption\":\"All cars news\"},\"image\":{\"@id\":\"https:\/\/all-car-news.com\/es\/#\/schema\/logo\/image\/\"}}]}<\/script>\n<!-- \/ Yoast SEO plugin. -->","yoast_head_json":{"title":"Cupra baja los precios: Nace considerablemente m\u00e1s barato que el Volkswagen ID.3 - All cars news","robots":{"index":"index","follow":"follow","max-snippet":"max-snippet:-1","max-image-preview":"max-image-preview:large","max-video-preview":"max-video-preview:-1"},"canonical":"https:\/\/all-car-news.com\/es\/cupra-baja-los-precios-nace-considerablemente-mas-barato-que-el-volkswagen-id-3\/","og_locale":"es_ES","og_type":"article","og_title":"Cupra baja los precios: Nace considerablemente m\u00e1s barato que el Volkswagen ID.3 - All cars news","og_description":"Impulso Nacido Donde en Volkswagen tienes que pagar 42.690 euros por un ID.3 de entrada de gama, en Cupra pagar\u00e1s ahora 36.940 euros por t\u00e9cnicamente el mismo modelo. Bastante diferencia de precio, aunque debemos se\u00f1alar que el ID.3 ha recibido desde entonces un lavado de cara provisional, el Born todav\u00eda no. Por ese dinero, te llevas las llaves del [...]","og_url":"https:\/\/all-car-news.com\/es\/cupra-baja-los-precios-nace-considerablemente-mas-barato-que-el-volkswagen-id-3\/","og_site_name":"All cars news","article_published_time":"2023-12-21T12:38:41+00:00","og_image":[{"url":"https:\/\/autorai.nl\/wp-content\/uploads\/2023\/12\/cupraborn1-1140x644.jpg"}],"twitter_card":"summary_large_image","twitter_misc":{"Tiempo de lectura":"1 minuto"},"schema":{"@context":"https:\/\/schema.org","@graph":[{"@type":"Article","@id":"https:\/\/all-car-news.com\/es\/cupra-baja-los-precios-nace-considerablemente-mas-barato-que-el-volkswagen-id-3\/#article","isPartOf":{"@id":"https:\/\/all-car-news.com\/es\/cupra-baja-los-precios-nace-considerablemente-mas-barato-que-el-volkswagen-id-3\/"},"author":{"name":"","@id":""},"headline":"Cupra baja los precios: Nace considerablemente m\u00e1s barato que el Volkswagen ID.3","datePublished":"2023-12-21T12:38:41+00:00","dateModified":"2023-12-21T12:38:41+00:00","mainEntityOfPage":{"@id":"https:\/\/all-car-news.com\/es\/cupra-baja-los-precios-nace-considerablemente-mas-barato-que-el-volkswagen-id-3\/"},"wordCount":224,"publisher":{"@id":"https:\/\/all-car-news.com\/es\/#organization"},"articleSection":["noticias de autos"],"inLanguage":"es"},{"@type":"WebPage","@id":"https:\/\/all-car-news.com\/es\/cupra-baja-los-precios-nace-considerablemente-mas-barato-que-el-volkswagen-id-3\/","url":"https:\/\/all-car-news.com\/es\/cupra-baja-los-precios-nace-considerablemente-mas-barato-que-el-volkswagen-id-3\/","name":"Cupra baja los precios: Nace considerablemente m\u00e1s barato que el Volkswagen ID.3 - All cars news","isPartOf":{"@id":"https:\/\/all-car-news.com\/es\/#website"},"datePublished":"2023-12-21T12:38:41+00:00","dateModified":"2023-12-21T12:38:41+00:00","breadcrumb":{"@id":"https:\/\/all-car-news.com\/es\/cupra-baja-los-precios-nace-considerablemente-mas-barato-que-el-volkswagen-id-3\/#breadcrumb"},"inLanguage":"es","potentialAction":[{"@type":"ReadAction","target":["https:\/\/all-car-news.com\/es\/cupra-baja-los-precios-nace-considerablemente-mas-barato-que-el-volkswagen-id-3\/"]}]},{"@type":"BreadcrumbList","@id":"https:\/\/all-car-news.com\/es\/cupra-baja-los-precios-nace-considerablemente-mas-barato-que-el-volkswagen-id-3\/#breadcrumb","itemListElement":[{"@type":"ListItem","position":1,"name":"Home","item":"https:\/\/all-car-news.com\/es\/"},{"@type":"ListItem","position":2,"name":"Cupra baja los precios: Nace considerablemente m\u00e1s barato que el Volkswagen ID.3"}]},{"@type":"WebSite","@id":"https:\/\/all-car-news.com\/es\/#website","url":"https:\/\/all-car-news.com\/es\/","name":"All cars news","description":"","publisher":{"@id":"https:\/\/all-car-news.com\/es\/#organization"},"potentialAction":[{"@type":"SearchAction","target":{"@type":"EntryPoint","urlTemplate":"https:\/\/all-car-news.com\/es\/?s={search_term_string}"},"query-input":"required name=search_term_string"}],"inLanguage":"es"},{"@type":"Organization","@id":"https:\/\/all-car-news.com\/es\/#organization","name":"All cars news","url":"https:\/\/all-car-news.com\/es\/","logo":{"@type":"ImageObject","inLanguage":"es","@id":"https:\/\/all-car-news.com\/es\/#\/schema\/logo\/image\/","url":"https:\/\/all-car-news.com\/wp-content\/uploads\/2022\/02\/CMYK-AllCarNews_LANDSCAPE_300px-1.png","contentUrl":"https:\/\/all-car-news.com\/wp-content\/uploads\/2022\/02\/CMYK-AllCarNews_LANDSCAPE_300px-1.png","width":300,"height":100,"caption":"All cars news"},"image":{"@id":"https:\/\/all-car-news.com\/es\/#\/schema\/logo\/image\/"}}]}},"_links":{"self":[{"href":"https:\/\/all-car-news.com\/es\/wp-json\/wp\/v2\/posts\/141542","targetHints":{"allow":["GET"]}}],"collection":[{"href":"https:\/\/all-car-news.com\/es\/wp-json\/wp\/v2\/posts"}],"about":[{"href":"https:\/\/all-car-news.com\/es\/wp-json\/wp\/v2\/types\/post"}],"replies":[{"embeddable":true,"href":"https:\/\/all-car-news.com\/es\/wp-json\/wp\/v2\/comments?post=141542"}],"version-history":[{"count":0,"href":"https:\/\/all-car-news.com\/es\/wp-json\/wp\/v2\/posts\/141542\/revisions"}],"wp:featuredmedia":[{"embeddable":true,"href":"https:\/\/all-car-news.com\/es\/wp-json\/wp\/v2\/media\/141532"}],"wp:attachment":[{"href":"https:\/\/all-car-news.com\/es\/wp-json\/wp\/v2\/media?parent=141542"}],"wp:term":[{"taxonomy":"category","embeddable":true,"href":"https:\/\/all-car-news.com\/es\/wp-json\/wp\/v2\/categories?post=141542"},{"taxonomy":"post_tag","embeddable":true,"href":"https:\/\/all-car-news.com\/es\/wp-json\/wp\/v2\/tags?post=141542"}],"curies":[{"name":"wp","href":"https:\/\/api.w.org\/{rel}","templated":true}]}}