{"id":141490,"date":"2023-12-19T12:57:53","date_gmt":"2023-12-19T12:57:53","guid":{"rendered":"https:\/\/all-car-news.com\/el-suzuki-evx-y-el-toyota-urban-suv-son-hermanos\/"},"modified":"2023-12-19T12:57:53","modified_gmt":"2023-12-19T12:57:53","slug":"el-suzuki-evx-y-el-toyota-urban-suv-son-hermanos","status":"publish","type":"post","link":"https:\/\/all-car-news.com\/es\/el-suzuki-evx-y-el-toyota-urban-suv-son-hermanos\/","title":{"rendered":"El Suzuki EVX y el Toyota Urban SUV son hermanos"},"content":{"rendered":"<h2>Dimensiones de Suzuki y Toyota<\/h2>\n<p>El <a href=\"https:\/\/autorai.nl\/productieversie-toyota-urban-suv-komt-al-in-2024\/\">Toyota Urban SUV Concept<\/a> tendr\u00e1 una longitud de 4,3 metros, una anchura de 1,82 metros y una altura de 1,62 metros. Suzuki indica las siguientes dimensiones para el EVX: una longitud de 4,3 metros, una anchura de 1,8 metros y una altura de 1,6 metros. Coincidencia, \u00bfeh?<\/p>\n<p>Por cierto, el nombre eVX significa Crucero Vers\u00e1til Emocional. El Suzuki eVX Concept ofrece un anticipo muy concreto de este prometedor modelo. Podemos decir lo mismo del SUV Urban de Toyota. Tambi\u00e9n est\u00e1 lista para la producci\u00f3n en un 95%.<\/p>\n<figure class=\"wp-block-image size-content\"><img decoding=\"async\" loading=\"lazy\" width=\"1140\" height=\"713\" src=\"https:\/\/autorai.nl\/wp-content\/uploads\/2023\/12\/toyota-urban-suv-suzuki-evx-1140x713.jpg\" alt=\"Suzuki EVX y Toyota Urban SUV\" class=\"wp-image-171777\"><\/figure>\n<h2>Bater\u00edas y autonom\u00eda<\/h2>\n<p>El Toyota y el Suzuki tienen un espacio interior especialmente generoso gracias a una distancia entre ejes considerable. El modelo de estudio Suzuki EVX tiene tracci\u00f3n a las cuatro ruedas y cuenta con una bater\u00eda de 60 kWh, buena para una autonom\u00eda de hasta 500 kil\u00f3metros seg\u00fan el WLTC (el ciclo de conducci\u00f3n del m\u00e9todo de medici\u00f3n WLTP). Toyota no menciona a\u00fan ninguna especificaci\u00f3n, salvo que habr\u00e1 dos paquetes de bater\u00edas disponibles. De hecho, Suzuki ya est\u00e1 regalando una de esas bater\u00edas.<\/p>\n<h2>Planes Suzuki<\/h2>\n<p>Suzuki anunciar\u00e1 m\u00e1s detalles sobre su nuevo SUV el\u00e9ctrico del segmento B en 2024. Toyota est\u00e1 haciendo lo mismo con la versi\u00f3n de producci\u00f3n del SUV Urban. Suzuki presentar\u00e1 un total de cinco modelos totalmente nuevos con propulsi\u00f3n el\u00e9ctrica en Europa hasta 2030. La marca est\u00e1 invirtiendo m\u00e1s de 30.000 millones de euros en todos los BEV. El objetivo: alrededor del 80% de todos los coches Suzuki vendidos deber\u00e1n tener un sistema de propulsi\u00f3n el\u00e9ctrico en torno a 2030.<\/p>\n<div class=\"galery shuffle galery-0\">\n<figure>\n\t\t\t\t\t<span style=\"cursor: pointer\" data-src=\"https:\/\/autorai.nl\/wp-content\/uploads\/2023\/12\/Suzuki_eWX_elektrische_auto_1.webp\" data-fancybox=\"galery-0\" title=\"\"><br \/>\n\t\t\t\t\t\t\t<img decoding=\"async\" width=\"640\" height=\"480\" src=\"https:\/\/autorai.nl\/wp-content\/uploads\/2023\/12\/Suzuki_eWX_elektrische_auto_1-640x480.webp\" class=\"attachment-medium size-medium\" alt=\"\" loading=\"lazy\"><i class=\"fa fa-search-plus\" aria-hidden=\"true\"><\/i><br \/>\n\t\t\t\t\t\t<\/span><br \/>\n\t\t\t\t\t<\/figure>\n<figure>\n\t\t\t\t\t<span style=\"cursor: pointer\" data-src=\"https:\/\/autorai.nl\/wp-content\/uploads\/2023\/12\/Suzuki_eWX_elektrische_auto_9.webp\" data-fancybox=\"galery-0\" title=\"\"><br \/>\n\t\t\t\t\t\t\t<img decoding=\"async\" width=\"360\" height=\"270\" src=\"https:\/\/autorai.nl\/wp-content\/uploads\/2023\/12\/Suzuki_eWX_elektrische_auto_9-360x270.webp\" class=\"attachment-small size-small\" alt=\"\" loading=\"lazy\"><i class=\"fa fa-search-plus\" aria-hidden=\"true\"><\/i><br \/>\n\t\t\t\t\t\t<\/span><br \/>\n\t\t\t\t\t<\/figure>\n<figure>\n\t\t\t\t\t<span style=\"cursor: pointer\" data-src=\"https:\/\/autorai.nl\/wp-content\/uploads\/2023\/12\/Suzuki_eWX_elektrische_auto_4.webp\" data-fancybox=\"galery-0\" title=\"\"><br \/>\n\t\t\t\t\t\t\t<img decoding=\"async\" width=\"360\" height=\"270\" src=\"https:\/\/autorai.nl\/wp-content\/uploads\/2023\/12\/Suzuki_eWX_elektrische_auto_4-360x270.webp\" class=\"attachment-small size-small\" alt=\"\" loading=\"lazy\"><i class=\"fa fa-search-plus\" aria-hidden=\"true\"><\/i><br \/>\n\t\t\t\t\t\t<\/span><br \/>\n\t\t\t\t\t<\/figure>\n<div class=\"clear\"><\/div>\n<\/div>\n<h2>Muchos m\u00e1s modelos<\/h2>\n<p>En una presentaci\u00f3n oficial, Suzuki present\u00f3 al p\u00fablico una gama de cinco modelos. \u00bfEn qu\u00e9 debemos pensar? A un todoterreno el\u00e9ctrico dise\u00f1ado para el Jimny, un tr\u00edo de utilitarios o crossovers el\u00e9ctricos y un familiar similar al Wagon R (eWX). Suzuki dar\u00e1 a conocer m\u00e1s informaci\u00f3n sobre todos los modelos el\u00e9ctricos en un futuro pr\u00f3ximo.<\/p>\n<p>Por su parte, Toyota tambi\u00e9n presenta varios modelos el\u00e9ctricos. Adem\u00e1s de la versi\u00f3n de producci\u00f3n del Urban SUV, la marca tambi\u00e9n presentar\u00e1 un crossover el\u00e9ctrico bajo la denominaci\u00f3n bZ4X, un modelo por encima del bZ4X y un crossover BEV insignia.<\/p>\n<\/p>\n<figure class=\"wp-block-embed is-type-video is-provider-youtube wp-block-embed-youtube wp-embed-aspect-16-9 wp-has-aspect-ratio\">\n<div class=\"wp-block-embed__wrapper\">\n<\/div>\n<\/figure>\n<div class=\"galery shuffle galery-1\">\n<figure>\n\t\t\t\t\t<span style=\"cursor: pointer\" data-src=\"https:\/\/autorai.nl\/wp-content\/uploads\/2023\/12\/suzuki-evx-concept-foto1.webp\" data-fancybox=\"galery-1\" title=\"\"><br \/>\n\t\t\t\t\t\t\t<img decoding=\"async\" width=\"640\" height=\"480\" src=\"https:\/\/autorai.nl\/wp-content\/uploads\/2023\/12\/suzuki-evx-concept-foto1-640x480.webp\" class=\"attachment-medium size-medium\" alt=\"\" loading=\"lazy\"><i class=\"fa fa-search-plus\" aria-hidden=\"true\"><\/i><br \/>\n\t\t\t\t\t\t<\/span><br \/>\n\t\t\t\t\t<\/figure>\n<figure>\n\t\t\t\t\t<span style=\"cursor: pointer\" data-src=\"https:\/\/autorai.nl\/wp-content\/uploads\/2023\/12\/suzuki-evx-concept-foto9-1600x900.jpg\" data-fancybox=\"galery-1\" title=\"\"><br \/>\n\t\t\t\t\t\t\t<img decoding=\"async\" width=\"360\" height=\"270\" src=\"https:\/\/autorai.nl\/wp-content\/uploads\/2023\/12\/suzuki-evx-concept-foto9-360x270.jpg\" class=\"attachment-small size-small\" alt=\"\" loading=\"lazy\"><i class=\"fa fa-search-plus\" aria-hidden=\"true\"><\/i><br \/>\n\t\t\t\t\t\t<\/span><br \/>\n\t\t\t\t\t<\/figure>\n<figure>\n\t\t\t\t\t<span style=\"cursor: pointer\" data-src=\"https:\/\/autorai.nl\/wp-content\/uploads\/2023\/12\/suzuki-evx-concept-foto8-1600x900.jpg\" data-fancybox=\"galery-1\" title=\"\"><br \/>\n\t\t\t\t\t\t\t<img decoding=\"async\" width=\"360\" height=\"270\" src=\"https:\/\/autorai.nl\/wp-content\/uploads\/2023\/12\/suzuki-evx-concept-foto8-360x270.jpg\" class=\"attachment-small size-small\" alt=\"\" loading=\"lazy\"><i class=\"fa fa-search-plus\" aria-hidden=\"true\"><\/i><br \/>\n\t\t\t\t\t\t<\/span><br \/>\n\t\t\t\t\t<\/figure>\n<figure>\n\t\t\t\t\t<span style=\"cursor: pointer\" data-src=\"https:\/\/autorai.nl\/wp-content\/uploads\/2023\/12\/suzuki-evx-concept-foto7-1600x900.jpg\" data-fancybox=\"galery-1\" title=\"\"><br \/>\n\t\t\t\t\t\t\t<img decoding=\"async\" width=\"640\" height=\"480\" src=\"https:\/\/autorai.nl\/wp-content\/uploads\/2023\/12\/suzuki-evx-concept-foto7-640x480.jpg\" class=\"attachment-medium size-medium\" alt=\"\" loading=\"lazy\"><i class=\"fa fa-search-plus\" aria-hidden=\"true\"><\/i><br \/>\n\t\t\t\t\t\t<\/span><br \/>\n\t\t\t\t\t<\/figure>\n<figure>\n\t\t\t\t\t<span style=\"cursor: pointer\" data-src=\"https:\/\/autorai.nl\/wp-content\/uploads\/2023\/12\/suzuki-evx-concept-foto6-1600x900.jpg\" data-fancybox=\"galery-1\" title=\"\"><br \/>\n\t\t\t\t\t\t\t<img decoding=\"async\" width=\"360\" height=\"270\" src=\"https:\/\/autorai.nl\/wp-content\/uploads\/2023\/12\/suzuki-evx-concept-foto6-360x270.jpg\" class=\"attachment-small size-small\" alt=\"\" loading=\"lazy\"><i class=\"fa fa-search-plus\" aria-hidden=\"true\"><\/i><br \/>\n\t\t\t\t\t\t<\/span><br \/>\n\t\t\t\t\t<\/figure>\n<figure>\n\t\t\t\t\t<span style=\"cursor: pointer\" data-src=\"https:\/\/autorai.nl\/wp-content\/uploads\/2023\/12\/suzuki-evx-concept-foto5-1600x900.jpg\" data-fancybox=\"galery-1\" title=\"\"><br \/>\n\t\t\t\t\t\t\t<img decoding=\"async\" width=\"360\" height=\"270\" src=\"https:\/\/autorai.nl\/wp-content\/uploads\/2023\/12\/suzuki-evx-concept-foto5-360x270.jpg\" class=\"attachment-small size-small\" alt=\"\" loading=\"lazy\"><i class=\"fa fa-search-plus\" aria-hidden=\"true\"><\/i><br \/>\n\t\t\t\t\t\t<\/span><br \/>\n\t\t\t\t\t<\/figure>\n<figure>\n\t\t\t\t\t<span style=\"cursor: pointer\" data-src=\"https:\/\/autorai.nl\/wp-content\/uploads\/2023\/12\/suzuki-evx-concept-foto4-1600x900.jpg\" data-fancybox=\"galery-1\" title=\"\"><br \/>\n\t\t\t\t\t\t\t<img decoding=\"async\" width=\"640\" height=\"480\" src=\"https:\/\/autorai.nl\/wp-content\/uploads\/2023\/12\/suzuki-evx-concept-foto4-640x480.jpg\" class=\"attachment-medium size-medium\" alt=\"\" loading=\"lazy\"><i class=\"fa fa-search-plus\" aria-hidden=\"true\"><\/i><br \/>\n\t\t\t\t\t\t<\/span><br \/>\n\t\t\t\t\t<\/figure>\n<figure>\n\t\t\t\t\t<span style=\"cursor: pointer\" data-src=\"https:\/\/autorai.nl\/wp-content\/uploads\/2023\/12\/suzuki-evx-concept-foto3-1600x900.jpg\" data-fancybox=\"galery-1\" title=\"\"><br \/>\n\t\t\t\t\t\t\t<img decoding=\"async\" width=\"360\" height=\"270\" src=\"https:\/\/autorai.nl\/wp-content\/uploads\/2023\/12\/suzuki-evx-concept-foto3-360x270.jpg\" class=\"attachment-small size-small\" alt=\"\" loading=\"lazy\"><i class=\"fa fa-search-plus\" aria-hidden=\"true\"><\/i><br \/>\n\t\t\t\t\t\t<\/span><br \/>\n\t\t\t\t\t<\/figure>\n<figure>\n\t\t\t\t\t<span style=\"cursor: pointer\" data-src=\"https:\/\/autorai.nl\/wp-content\/uploads\/2023\/12\/suzuki-evx-concept-foto2-1600x900.jpg\" data-fancybox=\"galery-1\" title=\"\"><br \/>\n\t\t\t\t\t\t\t<img decoding=\"async\" width=\"360\" height=\"270\" src=\"https:\/\/autorai.nl\/wp-content\/uploads\/2023\/12\/suzuki-evx-concept-foto2-360x270.jpg\" class=\"attachment-small size-small\" alt=\"\" loading=\"lazy\"><i class=\"fa fa-search-plus\" aria-hidden=\"true\"><\/i><br \/>\n\t\t\t\t\t\t<\/span><br \/>\n\t\t\t\t\t<\/figure>\n<div class=\"clear\"><\/div>\n<\/div>\n","protected":false},"excerpt":{"rendered":"Dimensiones Suzuki y Toyota El Toyota Urban SUV Concept tendr\u00e1 una longitud de 4,3 metros, una anchura de 1,82 metros&hellip;","protected":false},"author":0,"featured_media":141462,"comment_status":"","ping_status":"open","sticky":false,"template":"","format":"standard","meta":{"footnotes":""},"categories":[126],"tags":[],"class_list":["post-141490","post","type-post","status-publish","format-standard","has-post-thumbnail","hentry","category-noticias-de-autos"],"acf":[],"yoast_head":"<!-- This site is optimized with the Yoast SEO plugin v21.2 - https:\/\/yoast.com\/wordpress\/plugins\/seo\/ -->\n<title>El Suzuki EVX y el Toyota Urban SUV son hermanos - All cars news<\/title>\n<meta name=\"robots\" content=\"index, follow, max-snippet:-1, max-image-preview:large, max-video-preview:-1\" \/>\n<link rel=\"canonical\" href=\"https:\/\/all-car-news.com\/es\/el-suzuki-evx-y-el-toyota-urban-suv-son-hermanos\/\" \/>\n<meta property=\"og:locale\" content=\"es_ES\" \/>\n<meta property=\"og:type\" content=\"article\" \/>\n<meta property=\"og:title\" content=\"El Suzuki EVX y el Toyota Urban SUV son hermanos - All cars news\" \/>\n<meta property=\"og:description\" content=\"Dimensiones Suzuki y Toyota El Toyota Urban SUV Concept tendr\u00e1 una longitud de 4,3 metros, una anchura de 1,82 metros y una altura de 1,62 metros. Suzuki indica las siguientes dimensiones para el EVX: una longitud de 4,3 metros, una anchura de 1,8 metros y una altura de 1,6 metros. Coincidencia, \u00bfeh? El nombre eVX [...]\" \/>\n<meta property=\"og:url\" content=\"https:\/\/all-car-news.com\/es\/el-suzuki-evx-y-el-toyota-urban-suv-son-hermanos\/\" \/>\n<meta property=\"og:site_name\" content=\"All cars news\" \/>\n<meta property=\"article:published_time\" content=\"2023-12-19T12:57:53+00:00\" \/>\n<meta property=\"og:image\" content=\"https:\/\/autorai.nl\/wp-content\/uploads\/2023\/12\/toyota-urban-suv-suzuki-evx-1140x713.jpg\" \/>\n<meta name=\"twitter:card\" content=\"summary_large_image\" \/>\n<meta name=\"twitter:label1\" content=\"Tiempo de lectura\" \/>\n\t<meta name=\"twitter:data1\" content=\"2 minutos\" \/>\n<script type=\"application\/ld+json\" class=\"yoast-schema-graph\">{\"@context\":\"https:\/\/schema.org\",\"@graph\":[{\"@type\":\"Article\",\"@id\":\"https:\/\/all-car-news.com\/es\/el-suzuki-evx-y-el-toyota-urban-suv-son-hermanos\/#article\",\"isPartOf\":{\"@id\":\"https:\/\/all-car-news.com\/es\/el-suzuki-evx-y-el-toyota-urban-suv-son-hermanos\/\"},\"author\":{\"name\":\"\",\"@id\":\"\"},\"headline\":\"El Suzuki EVX y el Toyota Urban SUV son hermanos\",\"datePublished\":\"2023-12-19T12:57:53+00:00\",\"dateModified\":\"2023-12-19T12:57:53+00:00\",\"mainEntityOfPage\":{\"@id\":\"https:\/\/all-car-news.com\/es\/el-suzuki-evx-y-el-toyota-urban-suv-son-hermanos\/\"},\"wordCount\":401,\"publisher\":{\"@id\":\"https:\/\/all-car-news.com\/es\/#organization\"},\"articleSection\":[\"noticias de autos\"],\"inLanguage\":\"es\"},{\"@type\":\"WebPage\",\"@id\":\"https:\/\/all-car-news.com\/es\/el-suzuki-evx-y-el-toyota-urban-suv-son-hermanos\/\",\"url\":\"https:\/\/all-car-news.com\/es\/el-suzuki-evx-y-el-toyota-urban-suv-son-hermanos\/\",\"name\":\"El Suzuki EVX y el Toyota Urban SUV son hermanos - All cars news\",\"isPartOf\":{\"@id\":\"https:\/\/all-car-news.com\/es\/#website\"},\"datePublished\":\"2023-12-19T12:57:53+00:00\",\"dateModified\":\"2023-12-19T12:57:53+00:00\",\"breadcrumb\":{\"@id\":\"https:\/\/all-car-news.com\/es\/el-suzuki-evx-y-el-toyota-urban-suv-son-hermanos\/#breadcrumb\"},\"inLanguage\":\"es\",\"potentialAction\":[{\"@type\":\"ReadAction\",\"target\":[\"https:\/\/all-car-news.com\/es\/el-suzuki-evx-y-el-toyota-urban-suv-son-hermanos\/\"]}]},{\"@type\":\"BreadcrumbList\",\"@id\":\"https:\/\/all-car-news.com\/es\/el-suzuki-evx-y-el-toyota-urban-suv-son-hermanos\/#breadcrumb\",\"itemListElement\":[{\"@type\":\"ListItem\",\"position\":1,\"name\":\"Home\",\"item\":\"https:\/\/all-car-news.com\/es\/\"},{\"@type\":\"ListItem\",\"position\":2,\"name\":\"El Suzuki EVX y el Toyota Urban SUV son hermanos\"}]},{\"@type\":\"WebSite\",\"@id\":\"https:\/\/all-car-news.com\/es\/#website\",\"url\":\"https:\/\/all-car-news.com\/es\/\",\"name\":\"All cars news\",\"description\":\"\",\"publisher\":{\"@id\":\"https:\/\/all-car-news.com\/es\/#organization\"},\"potentialAction\":[{\"@type\":\"SearchAction\",\"target\":{\"@type\":\"EntryPoint\",\"urlTemplate\":\"https:\/\/all-car-news.com\/es\/?s={search_term_string}\"},\"query-input\":\"required name=search_term_string\"}],\"inLanguage\":\"es\"},{\"@type\":\"Organization\",\"@id\":\"https:\/\/all-car-news.com\/es\/#organization\",\"name\":\"All cars news\",\"url\":\"https:\/\/all-car-news.com\/es\/\",\"logo\":{\"@type\":\"ImageObject\",\"inLanguage\":\"es\",\"@id\":\"https:\/\/all-car-news.com\/es\/#\/schema\/logo\/image\/\",\"url\":\"https:\/\/all-car-news.com\/wp-content\/uploads\/2022\/02\/CMYK-AllCarNews_LANDSCAPE_300px-1.png\",\"contentUrl\":\"https:\/\/all-car-news.com\/wp-content\/uploads\/2022\/02\/CMYK-AllCarNews_LANDSCAPE_300px-1.png\",\"width\":300,\"height\":100,\"caption\":\"All cars news\"},\"image\":{\"@id\":\"https:\/\/all-car-news.com\/es\/#\/schema\/logo\/image\/\"}}]}<\/script>\n<!-- \/ Yoast SEO plugin. -->","yoast_head_json":{"title":"El Suzuki EVX y el Toyota Urban SUV son hermanos - All cars news","robots":{"index":"index","follow":"follow","max-snippet":"max-snippet:-1","max-image-preview":"max-image-preview:large","max-video-preview":"max-video-preview:-1"},"canonical":"https:\/\/all-car-news.com\/es\/el-suzuki-evx-y-el-toyota-urban-suv-son-hermanos\/","og_locale":"es_ES","og_type":"article","og_title":"El Suzuki EVX y el Toyota Urban SUV son hermanos - All cars news","og_description":"Dimensiones Suzuki y Toyota El Toyota Urban SUV Concept tendr\u00e1 una longitud de 4,3 metros, una anchura de 1,82 metros y una altura de 1,62 metros. Suzuki indica las siguientes dimensiones para el EVX: una longitud de 4,3 metros, una anchura de 1,8 metros y una altura de 1,6 metros. Coincidencia, \u00bfeh? El nombre eVX [...]","og_url":"https:\/\/all-car-news.com\/es\/el-suzuki-evx-y-el-toyota-urban-suv-son-hermanos\/","og_site_name":"All cars news","article_published_time":"2023-12-19T12:57:53+00:00","og_image":[{"url":"https:\/\/autorai.nl\/wp-content\/uploads\/2023\/12\/toyota-urban-suv-suzuki-evx-1140x713.jpg"}],"twitter_card":"summary_large_image","twitter_misc":{"Tiempo de lectura":"2 minutos"},"schema":{"@context":"https:\/\/schema.org","@graph":[{"@type":"Article","@id":"https:\/\/all-car-news.com\/es\/el-suzuki-evx-y-el-toyota-urban-suv-son-hermanos\/#article","isPartOf":{"@id":"https:\/\/all-car-news.com\/es\/el-suzuki-evx-y-el-toyota-urban-suv-son-hermanos\/"},"author":{"name":"","@id":""},"headline":"El Suzuki EVX y el Toyota Urban SUV son hermanos","datePublished":"2023-12-19T12:57:53+00:00","dateModified":"2023-12-19T12:57:53+00:00","mainEntityOfPage":{"@id":"https:\/\/all-car-news.com\/es\/el-suzuki-evx-y-el-toyota-urban-suv-son-hermanos\/"},"wordCount":401,"publisher":{"@id":"https:\/\/all-car-news.com\/es\/#organization"},"articleSection":["noticias de autos"],"inLanguage":"es"},{"@type":"WebPage","@id":"https:\/\/all-car-news.com\/es\/el-suzuki-evx-y-el-toyota-urban-suv-son-hermanos\/","url":"https:\/\/all-car-news.com\/es\/el-suzuki-evx-y-el-toyota-urban-suv-son-hermanos\/","name":"El Suzuki EVX y el Toyota Urban SUV son hermanos - All cars news","isPartOf":{"@id":"https:\/\/all-car-news.com\/es\/#website"},"datePublished":"2023-12-19T12:57:53+00:00","dateModified":"2023-12-19T12:57:53+00:00","breadcrumb":{"@id":"https:\/\/all-car-news.com\/es\/el-suzuki-evx-y-el-toyota-urban-suv-son-hermanos\/#breadcrumb"},"inLanguage":"es","potentialAction":[{"@type":"ReadAction","target":["https:\/\/all-car-news.com\/es\/el-suzuki-evx-y-el-toyota-urban-suv-son-hermanos\/"]}]},{"@type":"BreadcrumbList","@id":"https:\/\/all-car-news.com\/es\/el-suzuki-evx-y-el-toyota-urban-suv-son-hermanos\/#breadcrumb","itemListElement":[{"@type":"ListItem","position":1,"name":"Home","item":"https:\/\/all-car-news.com\/es\/"},{"@type":"ListItem","position":2,"name":"El Suzuki EVX y el Toyota Urban SUV son hermanos"}]},{"@type":"WebSite","@id":"https:\/\/all-car-news.com\/es\/#website","url":"https:\/\/all-car-news.com\/es\/","name":"All cars news","description":"","publisher":{"@id":"https:\/\/all-car-news.com\/es\/#organization"},"potentialAction":[{"@type":"SearchAction","target":{"@type":"EntryPoint","urlTemplate":"https:\/\/all-car-news.com\/es\/?s={search_term_string}"},"query-input":"required name=search_term_string"}],"inLanguage":"es"},{"@type":"Organization","@id":"https:\/\/all-car-news.com\/es\/#organization","name":"All cars news","url":"https:\/\/all-car-news.com\/es\/","logo":{"@type":"ImageObject","inLanguage":"es","@id":"https:\/\/all-car-news.com\/es\/#\/schema\/logo\/image\/","url":"https:\/\/all-car-news.com\/wp-content\/uploads\/2022\/02\/CMYK-AllCarNews_LANDSCAPE_300px-1.png","contentUrl":"https:\/\/all-car-news.com\/wp-content\/uploads\/2022\/02\/CMYK-AllCarNews_LANDSCAPE_300px-1.png","width":300,"height":100,"caption":"All cars news"},"image":{"@id":"https:\/\/all-car-news.com\/es\/#\/schema\/logo\/image\/"}}]}},"_links":{"self":[{"href":"https:\/\/all-car-news.com\/es\/wp-json\/wp\/v2\/posts\/141490","targetHints":{"allow":["GET"]}}],"collection":[{"href":"https:\/\/all-car-news.com\/es\/wp-json\/wp\/v2\/posts"}],"about":[{"href":"https:\/\/all-car-news.com\/es\/wp-json\/wp\/v2\/types\/post"}],"replies":[{"embeddable":true,"href":"https:\/\/all-car-news.com\/es\/wp-json\/wp\/v2\/comments?post=141490"}],"version-history":[{"count":0,"href":"https:\/\/all-car-news.com\/es\/wp-json\/wp\/v2\/posts\/141490\/revisions"}],"wp:featuredmedia":[{"embeddable":true,"href":"https:\/\/all-car-news.com\/es\/wp-json\/wp\/v2\/media\/141462"}],"wp:attachment":[{"href":"https:\/\/all-car-news.com\/es\/wp-json\/wp\/v2\/media?parent=141490"}],"wp:term":[{"taxonomy":"category","embeddable":true,"href":"https:\/\/all-car-news.com\/es\/wp-json\/wp\/v2\/categories?post=141490"},{"taxonomy":"post_tag","embeddable":true,"href":"https:\/\/all-car-news.com\/es\/wp-json\/wp\/v2\/tags?post=141490"}],"curies":[{"name":"wp","href":"https:\/\/api.w.org\/{rel}","templated":true}]}}