{"id":141442,"date":"2023-12-18T11:09:01","date_gmt":"2023-12-18T11:09:01","guid":{"rendered":"https:\/\/all-car-news.com\/este-kamm-912c-porsche-912-solo-pesa-699-kilogramos\/"},"modified":"2023-12-18T11:09:01","modified_gmt":"2023-12-18T11:09:01","slug":"este-kamm-912c-porsche-912-solo-pesa-699-kilogramos","status":"publish","type":"post","link":"https:\/\/all-car-news.com\/es\/este-kamm-912c-porsche-912-solo-pesa-699-kilogramos\/","title":{"rendered":"Este KAMM 912c (Porsche 912) s\u00f3lo pesa 699 kilogramos."},"content":{"rendered":"<h2>KAMM 912c<\/h2>\n<p>El KAMM 912c, lanzado en 2022, recibi\u00f3 grandes elogios en todo el mundo por su combinaci\u00f3n de altas prestaciones y bajo peso. El mod residual de 750 kilos -con carrocer\u00eda de fibra de semicarbono- conservaba su techo de acero y los paneles laterales traseros originales. Por lo dem\u00e1s, se utiliz\u00f3 mucha fibra de carbono principalmente para mantener bajo el peso.<\/p>\n<h2>699 kilogramos<\/h2>\n<p>Para 2024, KAMManufaktur va un paso m\u00e1s all\u00e1: un 912c totalmente de carbono, con todos los paneles de la carrocer\u00eda sustituidos por fibra de carbono. Con esta opci\u00f3n, se espera que el peso total descienda hasta los 699 kilogramos, lo que supone un ahorro de m\u00e1s de 300 kilogramos en comparaci\u00f3n con un 912 est\u00e1ndar. En comparaci\u00f3n con la versi\u00f3n de fibra de semicarbono, la variante totalmente de carbono sigue siendo m\u00e1s de 50 kilogramos m\u00e1s ligera.<\/p>\n<p>Al elegir la carrocer\u00eda fabricada \u00edntegramente en fibra de carbono, los propietarios pueden elegir entre diversas opciones de acabado, que van desde un tejido totalmente visible hasta un aspecto cl\u00e1sico totalmente pintado.<\/p>\n<figure class=\"wp-block-image size-content\"><img decoding=\"async\" loading=\"lazy\" width=\"1140\" height=\"1140\" src=\"https:\/\/autorai.nl\/wp-content\/uploads\/2023\/12\/KAMM912cCarbon3-1140x1140.jpg\" alt=\"KAMM 912c\" class=\"wp-image-171716\"><\/figure>\n<h2>Reparto del peso 50-50<\/h2>\n<p>El fundador de KAMManufaktur, Mikl\u00f3s K\u00e1zm\u00e9r, afirma: \u00abEn KAMM, siempre estamos buscando nuevas formas de ahorrar peso al tiempo que mejoramos la din\u00e1mica de conducci\u00f3n. Con el 912c totalmente de carbono, nuestro objetivo es ahorrar peso en la parte trasera y superior del coche, para conseguir una distribuci\u00f3n del peso lo m\u00e1s cercana posible al 50-50.\u00bb<\/p>\n<h2>Motor de cuatro cilindros refrigerado por aire<\/h2>\n<p>El 2024 912c tambi\u00e9n incorpora una serie de mejoras t\u00e9cnicas, como un motor de cuatro cilindros refrigerado por aire m\u00e1s potente, nuevas opciones de asiento dise\u00f1adas por KAMM, aerodin\u00e1mica mejorada para una mayor estabilidad, aire acondicionado mejorado y mayor conectividad de audio y tel\u00e9fono en el coche.<\/p>\n<h2>Carrocer\u00eda de fibra de carbono<\/h2>\n<p>Mikl\u00f3s K\u00e1zm\u00e9r a\u00f1ade: \u00abSoy un perfeccionista y busco constantemente nuevas formas innovadoras de mejorar el 912c. Nuestra nueva carrocer\u00eda de fibra de carbono es un buen ejemplo de ello, con un ajuste perfecto, una resistencia incre\u00edble y un mayor ahorro de peso\u00bb. Adem\u00e1s, el 912c de 2024 ofrecer\u00e1 una serie de mejoras para aumentar a\u00fan m\u00e1s el placer de conducir y proporcionar una experiencia de propiedad a\u00fan m\u00e1s gratificante. Estamos deseando entregar los primeros coches a los clientes a principios de 2024 y mostraremos nuestro nuevo coche de desarrollo al mundo para su evaluaci\u00f3n a finales de este a\u00f1o.\u00bb<\/p>\n<h2>El precio del KAMM 912c<\/h2>\n<p>El KAMM 912c 2024 totalmente de carbono cuesta 400.000 euros en su equipamiento de serie, incluido un 912 donante. Los clientes tambi\u00e9n pueden optar por donar su propio 912 para su conversi\u00f3n, con un coste de 360.000 euros. El KAMM 912c semicarbono cuesta 360.000 euros en equipamiento de serie y 320.000 euros si el comprador aporta su propio 912.<\/p>\n<div class=\"galery galery-0\">\n<figure>\n\t\t\t\t\t<span style=\"cursor: pointer\" data-src=\"https:\/\/autorai.nl\/wp-content\/uploads\/2023\/12\/KAMM912cCarbon-1600x1600.jpg\" data-fancybox=\"galery-0\" title=\"\"><br \/>\n\t\t\t\t\t\t\t<img decoding=\"async\" width=\"360\" height=\"270\" src=\"https:\/\/autorai.nl\/wp-content\/uploads\/2023\/12\/KAMM912cCarbon-360x270.jpg\" class=\"attachment-small size-small\" alt=\"KAMM 912c\" loading=\"lazy\"><i class=\"fa fa-search-plus\" aria-hidden=\"true\"><\/i><br \/>\n\t\t\t\t\t\t<\/span><br \/>\n\t\t\t\t\t<\/figure>\n<figure>\n\t\t\t\t\t<span style=\"cursor: pointer\" data-src=\"https:\/\/autorai.nl\/wp-content\/uploads\/2023\/12\/KAMM912cCarbon9-1600x1600.jpg\" data-fancybox=\"galery-0\" title=\"\"><br \/>\n\t\t\t\t\t\t\t<img decoding=\"async\" width=\"360\" height=\"270\" src=\"https:\/\/autorai.nl\/wp-content\/uploads\/2023\/12\/KAMM912cCarbon9-360x270.jpg\" class=\"attachment-small size-small\" alt=\"\" loading=\"lazy\"><i class=\"fa fa-search-plus\" aria-hidden=\"true\"><\/i><br \/>\n\t\t\t\t\t\t<\/span><br \/>\n\t\t\t\t\t<\/figure>\n<figure>\n\t\t\t\t\t<span style=\"cursor: pointer\" data-src=\"https:\/\/autorai.nl\/wp-content\/uploads\/2023\/12\/KAMM912cCarbon8-1600x1600.jpg\" data-fancybox=\"galery-0\" title=\"\"><br \/>\n\t\t\t\t\t\t\t<img decoding=\"async\" width=\"360\" height=\"270\" src=\"https:\/\/autorai.nl\/wp-content\/uploads\/2023\/12\/KAMM912cCarbon8-360x270.jpg\" class=\"attachment-small size-small\" alt=\"\" loading=\"lazy\"><i class=\"fa fa-search-plus\" aria-hidden=\"true\"><\/i><br \/>\n\t\t\t\t\t\t<\/span><br \/>\n\t\t\t\t\t<\/figure>\n<figure>\n\t\t\t\t\t<span style=\"cursor: pointer\" data-src=\"https:\/\/autorai.nl\/wp-content\/uploads\/2023\/12\/KAMM912cCarbon7-1600x1600.jpg\" data-fancybox=\"galery-0\" title=\"\"><br \/>\n\t\t\t\t\t\t\t<img decoding=\"async\" width=\"360\" height=\"270\" src=\"https:\/\/autorai.nl\/wp-content\/uploads\/2023\/12\/KAMM912cCarbon7-360x270.jpg\" class=\"attachment-small size-small\" alt=\"\" loading=\"lazy\"><i class=\"fa fa-search-plus\" aria-hidden=\"true\"><\/i><br \/>\n\t\t\t\t\t\t<\/span><br \/>\n\t\t\t\t\t<\/figure>\n<figure>\n\t\t\t\t\t<span style=\"cursor: pointer\" data-src=\"https:\/\/autorai.nl\/wp-content\/uploads\/2023\/12\/KAMM912cCarbon6-1600x1600.jpg\" data-fancybox=\"galery-0\" title=\"\"><br \/>\n\t\t\t\t\t\t\t<img decoding=\"async\" width=\"360\" height=\"270\" src=\"https:\/\/autorai.nl\/wp-content\/uploads\/2023\/12\/KAMM912cCarbon6-360x270.jpg\" class=\"attachment-small size-small\" alt=\"\" loading=\"lazy\"><i class=\"fa fa-search-plus\" aria-hidden=\"true\"><\/i><br \/>\n\t\t\t\t\t\t<\/span><br \/>\n\t\t\t\t\t<\/figure>\n<figure>\n\t\t\t\t\t<span style=\"cursor: pointer\" data-src=\"https:\/\/autorai.nl\/wp-content\/uploads\/2023\/12\/KAMM912cCarbon5-1600x1600.jpg\" data-fancybox=\"galery-0\" title=\"\"><br \/>\n\t\t\t\t\t\t\t<img decoding=\"async\" width=\"360\" height=\"270\" src=\"https:\/\/autorai.nl\/wp-content\/uploads\/2023\/12\/KAMM912cCarbon5-360x270.jpg\" class=\"attachment-small size-small\" alt=\"\" loading=\"lazy\"><i class=\"fa fa-search-plus\" aria-hidden=\"true\"><\/i><br \/>\n\t\t\t\t\t\t<\/span><br \/>\n\t\t\t\t\t<\/figure>\n<figure>\n\t\t\t\t\t<span style=\"cursor: pointer\" data-src=\"https:\/\/autorai.nl\/wp-content\/uploads\/2023\/12\/KAMM912cCarbon4-1600x1600.jpg\" data-fancybox=\"galery-0\" title=\"\"><br \/>\n\t\t\t\t\t\t\t<img decoding=\"async\" width=\"360\" height=\"270\" src=\"https:\/\/autorai.nl\/wp-content\/uploads\/2023\/12\/KAMM912cCarbon4-360x270.jpg\" class=\"attachment-small size-small\" alt=\"\" loading=\"lazy\"><i class=\"fa fa-search-plus\" aria-hidden=\"true\"><\/i><br \/>\n\t\t\t\t\t\t<\/span><br \/>\n\t\t\t\t\t<\/figure>\n<figure>\n\t\t\t\t\t<span style=\"cursor: pointer\" data-src=\"https:\/\/autorai.nl\/wp-content\/uploads\/2023\/12\/KAMM912cCarbon3-1600x1600.jpg\" data-fancybox=\"galery-0\" title=\"\"><br \/>\n\t\t\t\t\t\t\t<img decoding=\"async\" width=\"360\" height=\"270\" src=\"https:\/\/autorai.nl\/wp-content\/uploads\/2023\/12\/KAMM912cCarbon3-360x270.jpg\" class=\"attachment-small size-small\" alt=\"KAMM 912c\" loading=\"lazy\"><i class=\"fa fa-search-plus\" aria-hidden=\"true\"><\/i><br \/>\n\t\t\t\t\t\t<\/span><br \/>\n\t\t\t\t\t<\/figure>\n<figure>\n\t\t\t\t\t<span style=\"cursor: pointer\" data-src=\"https:\/\/autorai.nl\/wp-content\/uploads\/2023\/12\/KAMM912cCarbon2-1600x1600.jpg\" data-fancybox=\"galery-0\" title=\"\"><br \/>\n\t\t\t\t\t\t\t<img decoding=\"async\" width=\"360\" height=\"270\" src=\"https:\/\/autorai.nl\/wp-content\/uploads\/2023\/12\/KAMM912cCarbon2-360x270.jpg\" class=\"attachment-small size-small\" alt=\"\" loading=\"lazy\"><i class=\"fa fa-search-plus\" aria-hidden=\"true\"><\/i><br \/>\n\t\t\t\t\t\t<\/span><br \/>\n\t\t\t\t\t<\/figure>\n<figure>\n\t\t\t\t\t<span style=\"cursor: pointer\" data-src=\"https:\/\/autorai.nl\/wp-content\/uploads\/2023\/12\/KAMM912cCarbon1-1600x1600.jpg\" data-fancybox=\"galery-0\" title=\"\"><br \/>\n\t\t\t\t\t\t\t<img decoding=\"async\" width=\"360\" height=\"270\" src=\"https:\/\/autorai.nl\/wp-content\/uploads\/2023\/12\/KAMM912cCarbon1-360x270.jpg\" class=\"attachment-small size-small\" alt=\"\" loading=\"lazy\"><i class=\"fa fa-search-plus\" aria-hidden=\"true\"><\/i><br \/>\n\t\t\t\t\t\t<\/span><br \/>\n\t\t\t\t\t<\/figure>\n<div class=\"clear\"><\/div>\n<\/div>\n","protected":false},"excerpt":{"rendered":"KAMM 912c El KAMM 912c, lanzado en 2022, recibi\u00f3 grandes elogios en todo el mundo por su combinaci\u00f3n de alto&hellip;","protected":false},"author":0,"featured_media":141405,"comment_status":"","ping_status":"open","sticky":false,"template":"","format":"standard","meta":{"footnotes":""},"categories":[126],"tags":[],"class_list":["post-141442","post","type-post","status-publish","format-standard","has-post-thumbnail","hentry","category-noticias-de-autos"],"acf":[],"yoast_head":"<!-- This site is optimized with the Yoast SEO plugin v21.2 - https:\/\/yoast.com\/wordpress\/plugins\/seo\/ -->\n<title>Este KAMM 912c (Porsche 912) s\u00f3lo pesa 699 kilogramos. - All cars news<\/title>\n<meta name=\"robots\" content=\"index, follow, max-snippet:-1, max-image-preview:large, max-video-preview:-1\" \/>\n<link rel=\"canonical\" href=\"https:\/\/all-car-news.com\/es\/este-kamm-912c-porsche-912-solo-pesa-699-kilogramos\/\" \/>\n<meta property=\"og:locale\" content=\"es_ES\" \/>\n<meta property=\"og:type\" content=\"article\" \/>\n<meta property=\"og:title\" content=\"Este KAMM 912c (Porsche 912) s\u00f3lo pesa 699 kilogramos. - All cars news\" \/>\n<meta property=\"og:description\" content=\"KAMM 912c El KAMM 912c, lanzado en 2022, recibi\u00f3 grandes elogios en todo el mundo por su combinaci\u00f3n de alto rendimiento y bajo peso. El mod residual de 750 kilos -con carrocer\u00eda de fibra de semicarbono- conservaba su techo de acero y los paneles laterales traseros originales. Pero aparte de eso, utiliz\u00f3 principalmente mucha fibra de carbono [...]\" \/>\n<meta property=\"og:url\" content=\"https:\/\/all-car-news.com\/es\/este-kamm-912c-porsche-912-solo-pesa-699-kilogramos\/\" \/>\n<meta property=\"og:site_name\" content=\"All cars news\" \/>\n<meta property=\"article:published_time\" content=\"2023-12-18T11:09:01+00:00\" \/>\n<meta property=\"og:image\" content=\"https:\/\/autorai.nl\/wp-content\/uploads\/2023\/12\/KAMM912cCarbon3-1140x1140.jpg\" \/>\n<meta name=\"twitter:card\" content=\"summary_large_image\" \/>\n<meta name=\"twitter:label1\" content=\"Tiempo de lectura\" \/>\n\t<meta name=\"twitter:data1\" content=\"2 minutos\" \/>\n<script type=\"application\/ld+json\" class=\"yoast-schema-graph\">{\"@context\":\"https:\/\/schema.org\",\"@graph\":[{\"@type\":\"Article\",\"@id\":\"https:\/\/all-car-news.com\/es\/este-kamm-912c-porsche-912-solo-pesa-699-kilogramos\/#article\",\"isPartOf\":{\"@id\":\"https:\/\/all-car-news.com\/es\/este-kamm-912c-porsche-912-solo-pesa-699-kilogramos\/\"},\"author\":{\"name\":\"\",\"@id\":\"\"},\"headline\":\"Este KAMM 912c (Porsche 912) s\u00f3lo pesa 699 kilogramos.\",\"datePublished\":\"2023-12-18T11:09:01+00:00\",\"dateModified\":\"2023-12-18T11:09:01+00:00\",\"mainEntityOfPage\":{\"@id\":\"https:\/\/all-car-news.com\/es\/este-kamm-912c-porsche-912-solo-pesa-699-kilogramos\/\"},\"wordCount\":488,\"publisher\":{\"@id\":\"https:\/\/all-car-news.com\/es\/#organization\"},\"articleSection\":[\"noticias de autos\"],\"inLanguage\":\"es\"},{\"@type\":\"WebPage\",\"@id\":\"https:\/\/all-car-news.com\/es\/este-kamm-912c-porsche-912-solo-pesa-699-kilogramos\/\",\"url\":\"https:\/\/all-car-news.com\/es\/este-kamm-912c-porsche-912-solo-pesa-699-kilogramos\/\",\"name\":\"Este KAMM 912c (Porsche 912) s\u00f3lo pesa 699 kilogramos. - All cars news\",\"isPartOf\":{\"@id\":\"https:\/\/all-car-news.com\/es\/#website\"},\"datePublished\":\"2023-12-18T11:09:01+00:00\",\"dateModified\":\"2023-12-18T11:09:01+00:00\",\"breadcrumb\":{\"@id\":\"https:\/\/all-car-news.com\/es\/este-kamm-912c-porsche-912-solo-pesa-699-kilogramos\/#breadcrumb\"},\"inLanguage\":\"es\",\"potentialAction\":[{\"@type\":\"ReadAction\",\"target\":[\"https:\/\/all-car-news.com\/es\/este-kamm-912c-porsche-912-solo-pesa-699-kilogramos\/\"]}]},{\"@type\":\"BreadcrumbList\",\"@id\":\"https:\/\/all-car-news.com\/es\/este-kamm-912c-porsche-912-solo-pesa-699-kilogramos\/#breadcrumb\",\"itemListElement\":[{\"@type\":\"ListItem\",\"position\":1,\"name\":\"Home\",\"item\":\"https:\/\/all-car-news.com\/es\/\"},{\"@type\":\"ListItem\",\"position\":2,\"name\":\"Este KAMM 912c (Porsche 912) s\u00f3lo pesa 699 kilogramos.\"}]},{\"@type\":\"WebSite\",\"@id\":\"https:\/\/all-car-news.com\/es\/#website\",\"url\":\"https:\/\/all-car-news.com\/es\/\",\"name\":\"All cars news\",\"description\":\"\",\"publisher\":{\"@id\":\"https:\/\/all-car-news.com\/es\/#organization\"},\"potentialAction\":[{\"@type\":\"SearchAction\",\"target\":{\"@type\":\"EntryPoint\",\"urlTemplate\":\"https:\/\/all-car-news.com\/es\/?s={search_term_string}\"},\"query-input\":\"required name=search_term_string\"}],\"inLanguage\":\"es\"},{\"@type\":\"Organization\",\"@id\":\"https:\/\/all-car-news.com\/es\/#organization\",\"name\":\"All cars news\",\"url\":\"https:\/\/all-car-news.com\/es\/\",\"logo\":{\"@type\":\"ImageObject\",\"inLanguage\":\"es\",\"@id\":\"https:\/\/all-car-news.com\/es\/#\/schema\/logo\/image\/\",\"url\":\"https:\/\/all-car-news.com\/wp-content\/uploads\/2022\/02\/CMYK-AllCarNews_LANDSCAPE_300px-1.png\",\"contentUrl\":\"https:\/\/all-car-news.com\/wp-content\/uploads\/2022\/02\/CMYK-AllCarNews_LANDSCAPE_300px-1.png\",\"width\":300,\"height\":100,\"caption\":\"All cars news\"},\"image\":{\"@id\":\"https:\/\/all-car-news.com\/es\/#\/schema\/logo\/image\/\"}}]}<\/script>\n<!-- \/ Yoast SEO plugin. -->","yoast_head_json":{"title":"Este KAMM 912c (Porsche 912) s\u00f3lo pesa 699 kilogramos. - All cars news","robots":{"index":"index","follow":"follow","max-snippet":"max-snippet:-1","max-image-preview":"max-image-preview:large","max-video-preview":"max-video-preview:-1"},"canonical":"https:\/\/all-car-news.com\/es\/este-kamm-912c-porsche-912-solo-pesa-699-kilogramos\/","og_locale":"es_ES","og_type":"article","og_title":"Este KAMM 912c (Porsche 912) s\u00f3lo pesa 699 kilogramos. - All cars news","og_description":"KAMM 912c El KAMM 912c, lanzado en 2022, recibi\u00f3 grandes elogios en todo el mundo por su combinaci\u00f3n de alto rendimiento y bajo peso. El mod residual de 750 kilos -con carrocer\u00eda de fibra de semicarbono- conservaba su techo de acero y los paneles laterales traseros originales. Pero aparte de eso, utiliz\u00f3 principalmente mucha fibra de carbono [...]","og_url":"https:\/\/all-car-news.com\/es\/este-kamm-912c-porsche-912-solo-pesa-699-kilogramos\/","og_site_name":"All cars news","article_published_time":"2023-12-18T11:09:01+00:00","og_image":[{"url":"https:\/\/autorai.nl\/wp-content\/uploads\/2023\/12\/KAMM912cCarbon3-1140x1140.jpg"}],"twitter_card":"summary_large_image","twitter_misc":{"Tiempo de lectura":"2 minutos"},"schema":{"@context":"https:\/\/schema.org","@graph":[{"@type":"Article","@id":"https:\/\/all-car-news.com\/es\/este-kamm-912c-porsche-912-solo-pesa-699-kilogramos\/#article","isPartOf":{"@id":"https:\/\/all-car-news.com\/es\/este-kamm-912c-porsche-912-solo-pesa-699-kilogramos\/"},"author":{"name":"","@id":""},"headline":"Este KAMM 912c (Porsche 912) s\u00f3lo pesa 699 kilogramos.","datePublished":"2023-12-18T11:09:01+00:00","dateModified":"2023-12-18T11:09:01+00:00","mainEntityOfPage":{"@id":"https:\/\/all-car-news.com\/es\/este-kamm-912c-porsche-912-solo-pesa-699-kilogramos\/"},"wordCount":488,"publisher":{"@id":"https:\/\/all-car-news.com\/es\/#organization"},"articleSection":["noticias de autos"],"inLanguage":"es"},{"@type":"WebPage","@id":"https:\/\/all-car-news.com\/es\/este-kamm-912c-porsche-912-solo-pesa-699-kilogramos\/","url":"https:\/\/all-car-news.com\/es\/este-kamm-912c-porsche-912-solo-pesa-699-kilogramos\/","name":"Este KAMM 912c (Porsche 912) s\u00f3lo pesa 699 kilogramos. - All cars news","isPartOf":{"@id":"https:\/\/all-car-news.com\/es\/#website"},"datePublished":"2023-12-18T11:09:01+00:00","dateModified":"2023-12-18T11:09:01+00:00","breadcrumb":{"@id":"https:\/\/all-car-news.com\/es\/este-kamm-912c-porsche-912-solo-pesa-699-kilogramos\/#breadcrumb"},"inLanguage":"es","potentialAction":[{"@type":"ReadAction","target":["https:\/\/all-car-news.com\/es\/este-kamm-912c-porsche-912-solo-pesa-699-kilogramos\/"]}]},{"@type":"BreadcrumbList","@id":"https:\/\/all-car-news.com\/es\/este-kamm-912c-porsche-912-solo-pesa-699-kilogramos\/#breadcrumb","itemListElement":[{"@type":"ListItem","position":1,"name":"Home","item":"https:\/\/all-car-news.com\/es\/"},{"@type":"ListItem","position":2,"name":"Este KAMM 912c (Porsche 912) s\u00f3lo pesa 699 kilogramos."}]},{"@type":"WebSite","@id":"https:\/\/all-car-news.com\/es\/#website","url":"https:\/\/all-car-news.com\/es\/","name":"All cars news","description":"","publisher":{"@id":"https:\/\/all-car-news.com\/es\/#organization"},"potentialAction":[{"@type":"SearchAction","target":{"@type":"EntryPoint","urlTemplate":"https:\/\/all-car-news.com\/es\/?s={search_term_string}"},"query-input":"required name=search_term_string"}],"inLanguage":"es"},{"@type":"Organization","@id":"https:\/\/all-car-news.com\/es\/#organization","name":"All cars news","url":"https:\/\/all-car-news.com\/es\/","logo":{"@type":"ImageObject","inLanguage":"es","@id":"https:\/\/all-car-news.com\/es\/#\/schema\/logo\/image\/","url":"https:\/\/all-car-news.com\/wp-content\/uploads\/2022\/02\/CMYK-AllCarNews_LANDSCAPE_300px-1.png","contentUrl":"https:\/\/all-car-news.com\/wp-content\/uploads\/2022\/02\/CMYK-AllCarNews_LANDSCAPE_300px-1.png","width":300,"height":100,"caption":"All cars news"},"image":{"@id":"https:\/\/all-car-news.com\/es\/#\/schema\/logo\/image\/"}}]}},"_links":{"self":[{"href":"https:\/\/all-car-news.com\/es\/wp-json\/wp\/v2\/posts\/141442","targetHints":{"allow":["GET"]}}],"collection":[{"href":"https:\/\/all-car-news.com\/es\/wp-json\/wp\/v2\/posts"}],"about":[{"href":"https:\/\/all-car-news.com\/es\/wp-json\/wp\/v2\/types\/post"}],"replies":[{"embeddable":true,"href":"https:\/\/all-car-news.com\/es\/wp-json\/wp\/v2\/comments?post=141442"}],"version-history":[{"count":0,"href":"https:\/\/all-car-news.com\/es\/wp-json\/wp\/v2\/posts\/141442\/revisions"}],"wp:featuredmedia":[{"embeddable":true,"href":"https:\/\/all-car-news.com\/es\/wp-json\/wp\/v2\/media\/141405"}],"wp:attachment":[{"href":"https:\/\/all-car-news.com\/es\/wp-json\/wp\/v2\/media?parent=141442"}],"wp:term":[{"taxonomy":"category","embeddable":true,"href":"https:\/\/all-car-news.com\/es\/wp-json\/wp\/v2\/categories?post=141442"},{"taxonomy":"post_tag","embeddable":true,"href":"https:\/\/all-car-news.com\/es\/wp-json\/wp\/v2\/tags?post=141442"}],"curies":[{"name":"wp","href":"https:\/\/api.w.org\/{rel}","templated":true}]}}