{"id":141237,"date":"2023-12-11T18:00:35","date_gmt":"2023-12-11T18:00:35","guid":{"rendered":"https:\/\/all-car-news.com\/peugeot-408-phev-2024-el-frances-dinamico\/"},"modified":"2023-12-11T18:00:35","modified_gmt":"2023-12-11T18:00:35","slug":"peugeot-408-phev-2024-el-frances-dinamico","status":"publish","type":"post","link":"https:\/\/all-car-news.com\/es\/peugeot-408-phev-2024-el-frances-dinamico\/","title":{"rendered":"Peugeot 408 PHEV (2024) &#8211; El franc\u00e9s din\u00e1mico"},"content":{"rendered":"<h2>Peugeot 408<\/h2>\n<p>Los franceses llaman al 408 fastback din\u00e1mico, pero nosotros preferimos describirlo como un liftback que se eleva un poco sobre sus ruedas. El 408 tiene un aspecto peculiar. Bajo la superficie, el coche comparte sus genes con el 308 y el 308 SW, pero tambi\u00e9n reconocemos rasgos t\u00edpicos del 308 en el exterior, como las luces diurnas en forma de colmillo y los pilotos traseros LED en forma de garra. Es abrumadoramente un coche para gente que quiere en su entrada algo diferente al resto de la calle.<\/p>\n<figure class=\"wp-block-image size-content\"><img decoding=\"async\" loading=\"lazy\" width=\"1140\" height=\"760\" src=\"https:\/\/autorai.nl\/wp-content\/uploads\/2023\/12\/Peugeot-408-PHEV-2024-7-1140x760.jpg\" alt=\"\" class=\"wp-image-171077\"><\/figure>\n<h2>i-Cockpit<\/h2>\n<p>El interior est\u00e1 tomado directamente del 308, pero no por ello es menos peculiar. Est\u00e1 presente la \u00faltima generaci\u00f3n del i-Cockpit, reconocible por el volante deportivo compacto con el cuadro de instrumentos digital sobre \u00e9l. As\u00ed que para leer eso, tienes que mirar por encima del volante. No tenemos problemas con esto, pero si usted es m\u00e1s bajo o m\u00e1s alto, esto puede ser un desaf\u00edo. En el peor de los casos, te quedas mirando el aro del volante y no tienes ni idea de la velocidad exacta a la que conduces. As\u00ed que, si el 408 est\u00e1 en tu radar, te recomendamos que hagas una prueba de conducci\u00f3n en tu concesionario Peugeot m\u00e1s cercano.<\/p>\n<figure class=\"wp-block-image size-content\"><img decoding=\"async\" loading=\"lazy\" width=\"1140\" height=\"760\" src=\"https:\/\/autorai.nl\/wp-content\/uploads\/2023\/12\/Peugeot-408-PHEV-2024-16-1140x760.jpg\" alt=\"\" class=\"wp-image-171078\"><\/figure>\n<h2>Pesonalizaci\u00f3n<\/h2>\n<p>El i-Cockpit incorpora los llamados i-Toggles. Se trata de botones digitales que puedes controlar en una pantalla adicional situada bajo el sistema de infoentretenimiento. Puede elegir qu\u00e9 botones aparecen aqu\u00ed. Por ejemplo, puedes poner aqu\u00ed tu emisora de radio favorita como <em>acceso directo<\/em> o un bot\u00f3n para la calefacci\u00f3n de los asientos. Un sistema muy pr\u00e1ctico que permite personalizar considerablemente el sistema de infoentretenimiento. Hablando de asientos, son realmente magn\u00edficos en la versi\u00f3n GT que conducimos.  &nbsp;<\/p>\n<figure class=\"wp-block-image size-content\"><img decoding=\"async\" loading=\"lazy\" width=\"1140\" height=\"760\" src=\"https:\/\/autorai.nl\/wp-content\/uploads\/2023\/12\/Peugeot-408-PHEV-2024-38-1140x760.jpg\" alt=\"\" class=\"wp-image-171079\"><\/figure>\n<h2>Poco espacio para las piernas<\/h2>\n<p>A pesar de una distancia entre ejes de casi 2,79 metros, el espacio para las piernas en la parte trasera es un poco decepcionante. Hay espacio m\u00e1s que suficiente para los ni\u00f1os, pero como adultos, preferir\u00edas no pasar un largo viaje de vacaciones sentado en la parte trasera. Aunque el espacio para la cabeza es notablemente generoso. El maletero tambi\u00e9n es considerable, con una capacidad de 536 litros que pueden ampliarse hasta 1.611 litros al abatir el respaldo del asiento trasero.  <\/p>\n<figure class=\"wp-block-image size-content\"><img decoding=\"async\" loading=\"lazy\" width=\"1140\" height=\"760\" src=\"https:\/\/autorai.nl\/wp-content\/uploads\/2023\/12\/Peugeot-408-PHEV-2024-30-1140x760.jpg\" alt=\"\" class=\"wp-image-171081\"><\/figure>\n<h2>H\u00edbrido enchufable<\/h2>\n<p>Las cadenas cinem\u00e1ticas del 408 se copiaron una a una del <a href=\"https:\/\/youtu.be\/UAeG_PyvV2Y?si=MOZwrNTgVdYHr-ym\" target=\"_blank\" rel=\"noreferrer noopener\">308<\/a>. La gama de motores incluye un motor de gasolina de 130 CV y dos h\u00edbridos enchufables con potencias de 180 y 225 CV, respectivamente. Conducimos el h\u00edbrido enchufable con 180 CV. La cadena cinem\u00e1tica consta de un motor PureTech de 150 CV y un motor el\u00e9ctrico de 110 CV. Al igual que todas las variantes de motor, el cambio del PHEV se realiza mediante una transmisi\u00f3n autom\u00e1tica de ocho velocidades.<\/p>\n<figure class=\"wp-block-image size-content\"><img decoding=\"async\" loading=\"lazy\" width=\"1140\" height=\"760\" src=\"https:\/\/autorai.nl\/wp-content\/uploads\/2023\/12\/Peugeot-408-PHEV-2024-25-1140x760.jpg\" alt=\"\" class=\"wp-image-171080\"><\/figure>\n<h2>Chico suave<\/h2>\n<p>Gracias al motor el\u00e9ctrico, el coche sale disparado con suavidad. El motor de gasolina engrana instant\u00e1neamente cuando se pisa m\u00e1s a fondo el pedal del acelerador. Los dos motores funcionan muy bien juntos. La energ\u00eda nunca escasea. Es pan comido adelantar r\u00e1pidamente o acelerar por la autopista. All\u00ed, el motor el\u00e9ctrico tambi\u00e9n puede hacer todo el trabajo por s\u00ed solo, siempre que no se conduzca a m\u00e1s de 135 km\/h.  <\/p>\n<figure class=\"wp-block-image size-content\"><img decoding=\"async\" loading=\"lazy\" width=\"1140\" height=\"760\" src=\"https:\/\/autorai.nl\/wp-content\/uploads\/2023\/12\/Peugeot-408-PHEV-2024-20-1140x760.jpg\" alt=\"\" class=\"wp-image-171082\"><\/figure>\n<h2>60 kil\u00f3metros<\/h2>\n<p>Seg\u00fan Peugeot, hay potencia suficiente para 60 kil\u00f3metros totalmente el\u00e9ctricos. Estas cifras deben tomarse siempre con cautela. En la pr\u00e1ctica, no llegamos m\u00e1s all\u00e1 de 45 kil\u00f3metros con electricidad. Esto tendr\u00e1 que ver principalmente con las gigantescas llantas Monolithe de 20 pulgadas sobre las que rodaba el coche de pruebas. Parecen tremendamente resistentes y robustas -nosotros pensamos lo mismo-, pero arrebatan unos kil\u00f3metros preciosos.  <\/p>\n<figure class=\"wp-block-image size-content\"><img decoding=\"async\" loading=\"lazy\" width=\"1140\" height=\"760\" src=\"https:\/\/autorai.nl\/wp-content\/uploads\/2023\/12\/Peugeot-408-PHEV-2024-31-1140x760.jpg\" alt=\"\" class=\"wp-image-171083\"><\/figure>\n<h2>Paseos diarios<\/h2>\n<p>Aun as\u00ed, pudimos realizar casi toda la conducci\u00f3n diaria durante nuestra semana de pruebas de forma sostenible. Ah\u00ed radica, por supuesto, el punto fuerte de un PHEV: conducci\u00f3n el\u00e9ctrica casi todo el a\u00f1o y s\u00f3lo en distancias m\u00e1s largas se incorpora el motor de combusti\u00f3n. De serie, el coche admite una potencia de carga de hasta 3,7 kW, pero es posible ampliarla a 7,4 kW. H\u00e1galo siempre, ya que le proporcionar\u00e1 muchos kil\u00f3metros ecol\u00f3gicos adicionales incluso con una carga relativamente corta.<\/p>\n<figure class=\"wp-block-image size-content\"><img decoding=\"async\" loading=\"lazy\" width=\"1140\" height=\"760\" src=\"https:\/\/autorai.nl\/wp-content\/uploads\/2023\/12\/Peugeot-408-PHEV-2024-2-1140x760.jpg\" alt=\"\" class=\"wp-image-171084\"><\/figure>\n<h2>408 GT<\/h2>\n<p>Como ya hemos mencionado, conducimos la versi\u00f3n GT lujosamente vestida: dos letras que le sientan realmente bien al coche. No es un coche excesivamente potente y r\u00e1pido, pero es bastante suave y c\u00f3modo. En resumen: un aut\u00e9ntico <em>gran turismo<\/em>. Un coche que es m\u00e1s que capaz de ser un devorador de kil\u00f3metros, incluso cuando la bater\u00eda est\u00e1 agotada y el motor de gasolina tiene que ponerse a trabajar. Personalmente, elegir\u00edamos un tama\u00f1o de rueda ligeramente m\u00e1s peque\u00f1o, por ese extra de confort, pero incluso con las ruedas de 20 pulgadas debajo, tenemos poco de lo que quejarnos en ese aspecto.  <\/p>\n<figure class=\"wp-block-image size-content\"><img decoding=\"async\" loading=\"lazy\" width=\"1140\" height=\"760\" src=\"https:\/\/autorai.nl\/wp-content\/uploads\/2023\/12\/Peugeot-408-PHEV-2024-14-1140x760.jpg\" alt=\"\" class=\"wp-image-171085\"><\/figure>\n<h2>Peugeot 408 el\u00e9ctrico: el e-408<\/h2>\n<p>Los que prefieran la conducci\u00f3n totalmente el\u00e9ctrica tendr\u00e1n que esperar hasta el verano. Entonces se espera que el e-408 llegue a nuestro pa\u00eds. Incorpora el nuevo sistema de propulsi\u00f3n el\u00e9ctrica Stellantis, que ya conocemos del Peugeot e-308 y del Opel Astra El\u00e9ctrico. Consta de una bater\u00eda de 54 kWh, que proporciona unos 400 kil\u00f3metros el\u00e9ctricos. Aunque con 156 CV tiene menos potencia que el PHEV, sabemos por experiencia que el tren motriz es lo suficientemente \u00e1gil. Echa un vistazo a nuestra prueba con el <a href=\"https:\/\/autorai.nl\/review-peugeot-e-308-2024-de-fijnste-308\/\" target=\"_blank\" rel=\"noreferrer noopener\">e-308<\/a> aqu\u00ed:  <\/p>\n<figure class=\"wp-block-embed is-type-video is-provider-youtube wp-block-embed-youtube wp-embed-aspect-16-9 wp-has-aspect-ratio\">\n<div class=\"wp-block-embed__wrapper\">\n<\/div>\n<\/figure>\n","protected":false},"excerpt":{"rendered":"Peugeot 408 Los franceses llaman al 408 fastback din\u00e1mico, pero nosotros preferimos describirlo como un liftback un poco m\u00e1s alto&hellip;","protected":false},"author":0,"featured_media":141211,"comment_status":"","ping_status":"open","sticky":false,"template":"","format":"standard","meta":{"footnotes":""},"categories":[145],"tags":[],"class_list":["post-141237","post","type-post","status-publish","format-standard","has-post-thumbnail","hentry","category-pruebas-de-autos"],"acf":[],"yoast_head":"<!-- This site is optimized with the Yoast SEO plugin v21.2 - https:\/\/yoast.com\/wordpress\/plugins\/seo\/ -->\n<title>Peugeot 408 PHEV (2024) - El franc\u00e9s din\u00e1mico - All cars news<\/title>\n<meta name=\"robots\" content=\"index, follow, max-snippet:-1, max-image-preview:large, max-video-preview:-1\" \/>\n<link rel=\"canonical\" href=\"https:\/\/all-car-news.com\/es\/peugeot-408-phev-2024-el-frances-dinamico\/\" \/>\n<meta property=\"og:locale\" content=\"es_ES\" \/>\n<meta property=\"og:type\" content=\"article\" \/>\n<meta property=\"og:title\" content=\"Peugeot 408 PHEV (2024) - El franc\u00e9s din\u00e1mico - All cars news\" \/>\n<meta property=\"og:description\" content=\"Peugeot 408 Los franceses llaman al 408 fastback din\u00e1mico, pero nosotros preferimos describirlo como un liftback un poco m\u00e1s alto sobre sus ruedas. El 408 tiene un aspecto peculiar. Bajo la superficie, el coche comparte sus genes con el 308 y el 308 SW, pero tambi\u00e9n reconocemos rasgos t\u00edpicos del 308 en el exterior, [...].\" \/>\n<meta property=\"og:url\" content=\"https:\/\/all-car-news.com\/es\/peugeot-408-phev-2024-el-frances-dinamico\/\" \/>\n<meta property=\"og:site_name\" content=\"All cars news\" \/>\n<meta property=\"article:published_time\" content=\"2023-12-11T18:00:35+00:00\" \/>\n<meta property=\"og:image\" content=\"https:\/\/autorai.nl\/wp-content\/uploads\/2023\/12\/Peugeot-408-PHEV-2024-7-1140x760.jpg\" \/>\n<meta name=\"twitter:card\" content=\"summary_large_image\" \/>\n<meta name=\"twitter:label1\" content=\"Tiempo de lectura\" \/>\n\t<meta name=\"twitter:data1\" content=\"5 minutos\" \/>\n<script type=\"application\/ld+json\" class=\"yoast-schema-graph\">{\"@context\":\"https:\/\/schema.org\",\"@graph\":[{\"@type\":\"Article\",\"@id\":\"https:\/\/all-car-news.com\/es\/peugeot-408-phev-2024-el-frances-dinamico\/#article\",\"isPartOf\":{\"@id\":\"https:\/\/all-car-news.com\/es\/peugeot-408-phev-2024-el-frances-dinamico\/\"},\"author\":{\"name\":\"\",\"@id\":\"\"},\"headline\":\"Peugeot 408 PHEV (2024) &#8211; El franc\u00e9s din\u00e1mico\",\"datePublished\":\"2023-12-11T18:00:35+00:00\",\"dateModified\":\"2023-12-11T18:00:35+00:00\",\"mainEntityOfPage\":{\"@id\":\"https:\/\/all-car-news.com\/es\/peugeot-408-phev-2024-el-frances-dinamico\/\"},\"wordCount\":920,\"publisher\":{\"@id\":\"https:\/\/all-car-news.com\/es\/#organization\"},\"articleSection\":[\"pruebas de autos\"],\"inLanguage\":\"es\"},{\"@type\":\"WebPage\",\"@id\":\"https:\/\/all-car-news.com\/es\/peugeot-408-phev-2024-el-frances-dinamico\/\",\"url\":\"https:\/\/all-car-news.com\/es\/peugeot-408-phev-2024-el-frances-dinamico\/\",\"name\":\"Peugeot 408 PHEV (2024) - El franc\u00e9s din\u00e1mico - All cars news\",\"isPartOf\":{\"@id\":\"https:\/\/all-car-news.com\/es\/#website\"},\"datePublished\":\"2023-12-11T18:00:35+00:00\",\"dateModified\":\"2023-12-11T18:00:35+00:00\",\"breadcrumb\":{\"@id\":\"https:\/\/all-car-news.com\/es\/peugeot-408-phev-2024-el-frances-dinamico\/#breadcrumb\"},\"inLanguage\":\"es\",\"potentialAction\":[{\"@type\":\"ReadAction\",\"target\":[\"https:\/\/all-car-news.com\/es\/peugeot-408-phev-2024-el-frances-dinamico\/\"]}]},{\"@type\":\"BreadcrumbList\",\"@id\":\"https:\/\/all-car-news.com\/es\/peugeot-408-phev-2024-el-frances-dinamico\/#breadcrumb\",\"itemListElement\":[{\"@type\":\"ListItem\",\"position\":1,\"name\":\"Home\",\"item\":\"https:\/\/all-car-news.com\/es\/\"},{\"@type\":\"ListItem\",\"position\":2,\"name\":\"Peugeot 408 PHEV (2024) &#8211; El franc\u00e9s din\u00e1mico\"}]},{\"@type\":\"WebSite\",\"@id\":\"https:\/\/all-car-news.com\/es\/#website\",\"url\":\"https:\/\/all-car-news.com\/es\/\",\"name\":\"All cars news\",\"description\":\"\",\"publisher\":{\"@id\":\"https:\/\/all-car-news.com\/es\/#organization\"},\"potentialAction\":[{\"@type\":\"SearchAction\",\"target\":{\"@type\":\"EntryPoint\",\"urlTemplate\":\"https:\/\/all-car-news.com\/es\/?s={search_term_string}\"},\"query-input\":\"required name=search_term_string\"}],\"inLanguage\":\"es\"},{\"@type\":\"Organization\",\"@id\":\"https:\/\/all-car-news.com\/es\/#organization\",\"name\":\"All cars news\",\"url\":\"https:\/\/all-car-news.com\/es\/\",\"logo\":{\"@type\":\"ImageObject\",\"inLanguage\":\"es\",\"@id\":\"https:\/\/all-car-news.com\/es\/#\/schema\/logo\/image\/\",\"url\":\"https:\/\/all-car-news.com\/wp-content\/uploads\/2022\/02\/CMYK-AllCarNews_LANDSCAPE_300px-1.png\",\"contentUrl\":\"https:\/\/all-car-news.com\/wp-content\/uploads\/2022\/02\/CMYK-AllCarNews_LANDSCAPE_300px-1.png\",\"width\":300,\"height\":100,\"caption\":\"All cars news\"},\"image\":{\"@id\":\"https:\/\/all-car-news.com\/es\/#\/schema\/logo\/image\/\"}}]}<\/script>\n<!-- \/ Yoast SEO plugin. -->","yoast_head_json":{"title":"Peugeot 408 PHEV (2024) - El franc\u00e9s din\u00e1mico - All cars news","robots":{"index":"index","follow":"follow","max-snippet":"max-snippet:-1","max-image-preview":"max-image-preview:large","max-video-preview":"max-video-preview:-1"},"canonical":"https:\/\/all-car-news.com\/es\/peugeot-408-phev-2024-el-frances-dinamico\/","og_locale":"es_ES","og_type":"article","og_title":"Peugeot 408 PHEV (2024) - El franc\u00e9s din\u00e1mico - All cars news","og_description":"Peugeot 408 Los franceses llaman al 408 fastback din\u00e1mico, pero nosotros preferimos describirlo como un liftback un poco m\u00e1s alto sobre sus ruedas. El 408 tiene un aspecto peculiar. Bajo la superficie, el coche comparte sus genes con el 308 y el 308 SW, pero tambi\u00e9n reconocemos rasgos t\u00edpicos del 308 en el exterior, [...].","og_url":"https:\/\/all-car-news.com\/es\/peugeot-408-phev-2024-el-frances-dinamico\/","og_site_name":"All cars news","article_published_time":"2023-12-11T18:00:35+00:00","og_image":[{"url":"https:\/\/autorai.nl\/wp-content\/uploads\/2023\/12\/Peugeot-408-PHEV-2024-7-1140x760.jpg"}],"twitter_card":"summary_large_image","twitter_misc":{"Tiempo de lectura":"5 minutos"},"schema":{"@context":"https:\/\/schema.org","@graph":[{"@type":"Article","@id":"https:\/\/all-car-news.com\/es\/peugeot-408-phev-2024-el-frances-dinamico\/#article","isPartOf":{"@id":"https:\/\/all-car-news.com\/es\/peugeot-408-phev-2024-el-frances-dinamico\/"},"author":{"name":"","@id":""},"headline":"Peugeot 408 PHEV (2024) &#8211; El franc\u00e9s din\u00e1mico","datePublished":"2023-12-11T18:00:35+00:00","dateModified":"2023-12-11T18:00:35+00:00","mainEntityOfPage":{"@id":"https:\/\/all-car-news.com\/es\/peugeot-408-phev-2024-el-frances-dinamico\/"},"wordCount":920,"publisher":{"@id":"https:\/\/all-car-news.com\/es\/#organization"},"articleSection":["pruebas de autos"],"inLanguage":"es"},{"@type":"WebPage","@id":"https:\/\/all-car-news.com\/es\/peugeot-408-phev-2024-el-frances-dinamico\/","url":"https:\/\/all-car-news.com\/es\/peugeot-408-phev-2024-el-frances-dinamico\/","name":"Peugeot 408 PHEV (2024) - El franc\u00e9s din\u00e1mico - All cars news","isPartOf":{"@id":"https:\/\/all-car-news.com\/es\/#website"},"datePublished":"2023-12-11T18:00:35+00:00","dateModified":"2023-12-11T18:00:35+00:00","breadcrumb":{"@id":"https:\/\/all-car-news.com\/es\/peugeot-408-phev-2024-el-frances-dinamico\/#breadcrumb"},"inLanguage":"es","potentialAction":[{"@type":"ReadAction","target":["https:\/\/all-car-news.com\/es\/peugeot-408-phev-2024-el-frances-dinamico\/"]}]},{"@type":"BreadcrumbList","@id":"https:\/\/all-car-news.com\/es\/peugeot-408-phev-2024-el-frances-dinamico\/#breadcrumb","itemListElement":[{"@type":"ListItem","position":1,"name":"Home","item":"https:\/\/all-car-news.com\/es\/"},{"@type":"ListItem","position":2,"name":"Peugeot 408 PHEV (2024) &#8211; El franc\u00e9s din\u00e1mico"}]},{"@type":"WebSite","@id":"https:\/\/all-car-news.com\/es\/#website","url":"https:\/\/all-car-news.com\/es\/","name":"All cars news","description":"","publisher":{"@id":"https:\/\/all-car-news.com\/es\/#organization"},"potentialAction":[{"@type":"SearchAction","target":{"@type":"EntryPoint","urlTemplate":"https:\/\/all-car-news.com\/es\/?s={search_term_string}"},"query-input":"required name=search_term_string"}],"inLanguage":"es"},{"@type":"Organization","@id":"https:\/\/all-car-news.com\/es\/#organization","name":"All cars news","url":"https:\/\/all-car-news.com\/es\/","logo":{"@type":"ImageObject","inLanguage":"es","@id":"https:\/\/all-car-news.com\/es\/#\/schema\/logo\/image\/","url":"https:\/\/all-car-news.com\/wp-content\/uploads\/2022\/02\/CMYK-AllCarNews_LANDSCAPE_300px-1.png","contentUrl":"https:\/\/all-car-news.com\/wp-content\/uploads\/2022\/02\/CMYK-AllCarNews_LANDSCAPE_300px-1.png","width":300,"height":100,"caption":"All cars news"},"image":{"@id":"https:\/\/all-car-news.com\/es\/#\/schema\/logo\/image\/"}}]}},"_links":{"self":[{"href":"https:\/\/all-car-news.com\/es\/wp-json\/wp\/v2\/posts\/141237","targetHints":{"allow":["GET"]}}],"collection":[{"href":"https:\/\/all-car-news.com\/es\/wp-json\/wp\/v2\/posts"}],"about":[{"href":"https:\/\/all-car-news.com\/es\/wp-json\/wp\/v2\/types\/post"}],"replies":[{"embeddable":true,"href":"https:\/\/all-car-news.com\/es\/wp-json\/wp\/v2\/comments?post=141237"}],"version-history":[{"count":0,"href":"https:\/\/all-car-news.com\/es\/wp-json\/wp\/v2\/posts\/141237\/revisions"}],"wp:featuredmedia":[{"embeddable":true,"href":"https:\/\/all-car-news.com\/es\/wp-json\/wp\/v2\/media\/141211"}],"wp:attachment":[{"href":"https:\/\/all-car-news.com\/es\/wp-json\/wp\/v2\/media?parent=141237"}],"wp:term":[{"taxonomy":"category","embeddable":true,"href":"https:\/\/all-car-news.com\/es\/wp-json\/wp\/v2\/categories?post=141237"},{"taxonomy":"post_tag","embeddable":true,"href":"https:\/\/all-car-news.com\/es\/wp-json\/wp\/v2\/tags?post=141237"}],"curies":[{"name":"wp","href":"https:\/\/api.w.org\/{rel}","templated":true}]}}