{"id":141196,"date":"2023-12-11T13:00:00","date_gmt":"2023-12-11T13:00:00","guid":{"rendered":"https:\/\/all-car-news.com\/fin-de-una-era-este-es-el-ultimo-chrysler-300c\/"},"modified":"2023-12-11T13:00:00","modified_gmt":"2023-12-11T13:00:00","slug":"fin-de-una-era-este-es-el-ultimo-chrysler-300c","status":"publish","type":"post","link":"https:\/\/all-car-news.com\/es\/fin-de-una-era-este-es-el-ultimo-chrysler-300c\/","title":{"rendered":"Fin de una era: \u00e9ste es el \u00faltimo Chrysler 300C"},"content":{"rendered":"<h2>Chrysler 300<\/h2>\n<p>La marca estadounidense Chrysler lleva muchos a\u00f1os lanzando coches con el n\u00famero 300 en el nombre del modelo. Inicialmente, lo hicieron en los a\u00f1os 50 con el Chrysler 300. A \u00e9ste le sigui\u00f3 el 300M a principios de la d\u00e9cada de 2000. A este coche le sucedi\u00f3 la primera generaci\u00f3n del 300C, que compart\u00eda gran parte de su tecnolog\u00eda con los coches de Mercedes-Benz.  <\/p>\n<figure class=\"wp-block-image size-content\"><img decoding=\"async\" loading=\"lazy\" width=\"1140\" height=\"843\" src=\"https:\/\/autorai.nl\/wp-content\/uploads\/2022\/09\/chrysler_300c_3-1140x843.jpg\" alt=\"\" class=\"wp-image-131986\"><figcaption> <\/figcaption><\/figure>\n<h2>Europa<\/h2>\n<p>En Estados Unidos, el 300C se convirti\u00f3 en un gran \u00e9xito y tambi\u00e9n se pod\u00eda ver circulando por los Pa\u00edses Bajos de vez en cuando. Entre 2004 y 2010 se vendieron 2.717 unidades en nuestro pa\u00eds. Todos los modelos europeos del 300C fueron construidos por Magna Steyr en Graz, Austria, hasta 2010. La segunda generaci\u00f3n despu\u00e9s de 2010 se entreg\u00f3 en los Pa\u00edses Bajos como Lancia Thema. De ellos, s\u00f3lo 108 pasaron al registro amarillo.  <\/p>\n<figure class=\"wp-block-image size-content\"><img decoding=\"async\" loading=\"lazy\" width=\"1140\" height=\"847\" src=\"https:\/\/autorai.nl\/wp-content\/uploads\/2022\/09\/chrysler_300c_184_04d401fe041b030d-1140x847.jpg\" alt=\"\" class=\"wp-image-131987\"><\/figure>\n<h2><strong>Limitado a 2.200 unidades<\/strong><\/h2>\n<p>En Europa, la fiesta termin\u00f3 hace tiempo para el <a href=\"https:\/\/www.youtube.com\/watch?v=OlDwVnroPjs&amp;ab_channel=StellantisNorthAmerica\" target=\"_blank\" rel=\"noreferrer noopener\">300C<\/a>, pero en Am\u00e9rica el modelo se mantuvo en producci\u00f3n durante mucho tiempo. Pero ahora est\u00e1 realmente listo para la berlina americana. El 31 de diciembre sale el \u00faltimo coche de la cadena de montaje. Con un modelo especial de despedida, <a href=\"https:\/\/autorai.nl\/eigenzinnige-mpv-met-onverwachts-succes\/\" target=\"_blank\" rel=\"noreferrer noopener\">Chrysler<\/a> cierra el cap\u00edtulo del 300C por todo lo alto. En la parte delantera hay un monstruoso Hemi-V8, bueno para 492 CV y 644 Nm. Se trata de una serie especial limitada a 2.200 unidades.  <\/p>\n<figure class=\"wp-block-image size-content\"><img decoding=\"async\" loading=\"lazy\" width=\"1140\" height=\"854\" src=\"https:\/\/autorai.nl\/wp-content\/uploads\/2022\/09\/chrysler-300c-1140x854.jpg\" alt=\"\" class=\"wp-image-171019\"><\/figure>\n<h2>Violencia V8<\/h2>\n<p>Un sprint hasta 100 km\/h lo hace en 4,3 segundos y la violencia del V8 s\u00f3lo se detiene en 257 km\/h. Si los propietarios estadounidenses se cansan del ruido del escape durante un tiempo, pueden utilizar el sistema de amortiguaci\u00f3n incorporado para amortiguar el sonido. Como en versiones anteriores, el 300C es autom\u00e1tico y tiene tracci\u00f3n trasera.  <\/p>\n<h2>Vino viejo en botellas nuevas<\/h2>\n<p>La actual, la segunda generaci\u00f3n, se present\u00f3 en 2011 y sigue conteniendo gran parte de la misma tecnolog\u00eda que la primera generaci\u00f3n de 2005. Se puede ver inmediatamente, si nos fijamos en el interior del actual 300C en la foto de abajo, que parece datar de 2005.  <\/p>\n<figure class=\"wp-block-image size-content\"><img decoding=\"async\" loading=\"lazy\" width=\"1140\" height=\"709\" src=\"https:\/\/autorai.nl\/wp-content\/uploads\/2022\/09\/chrysler_300c_8384-1140x709.jpg\" alt=\"\" class=\"wp-image-131989\"><\/figure><\/p>\n","protected":false},"excerpt":{"rendered":"Chrysler 300 La marca estadounidense Chrysler lleva muchos a\u00f1os lanzando coches con el n\u00famero 300 en el nombre del modelo.&hellip;","protected":false},"author":0,"featured_media":141181,"comment_status":"","ping_status":"open","sticky":false,"template":"","format":"standard","meta":{"footnotes":""},"categories":[126],"tags":[],"class_list":["post-141196","post","type-post","status-publish","format-standard","has-post-thumbnail","hentry","category-noticias-de-autos"],"acf":[],"yoast_head":"<!-- This site is optimized with the Yoast SEO plugin v21.2 - https:\/\/yoast.com\/wordpress\/plugins\/seo\/ -->\n<title>Fin de una era: \u00e9ste es el \u00faltimo Chrysler 300C - All cars news<\/title>\n<meta name=\"robots\" content=\"index, follow, max-snippet:-1, max-image-preview:large, max-video-preview:-1\" \/>\n<link rel=\"canonical\" href=\"https:\/\/all-car-news.com\/es\/fin-de-una-era-este-es-el-ultimo-chrysler-300c\/\" \/>\n<meta property=\"og:locale\" content=\"es_ES\" \/>\n<meta property=\"og:type\" content=\"article\" \/>\n<meta property=\"og:title\" content=\"Fin de una era: \u00e9ste es el \u00faltimo Chrysler 300C - All cars news\" \/>\n<meta property=\"og:description\" content=\"Chrysler 300 La marca estadounidense Chrysler lleva muchos a\u00f1os lanzando coches con el n\u00famero 300 en el nombre del modelo. Inicialmente, lo hicieron en los a\u00f1os 50 con el Chrysler 300. A \u00e9ste le sigui\u00f3 el 300M a principios de la d\u00e9cada de 2000. A este coche le sucedi\u00f3 la primera generaci\u00f3n del 300C, [...]\" \/>\n<meta property=\"og:url\" content=\"https:\/\/all-car-news.com\/es\/fin-de-una-era-este-es-el-ultimo-chrysler-300c\/\" \/>\n<meta property=\"og:site_name\" content=\"All cars news\" \/>\n<meta property=\"article:published_time\" content=\"2023-12-11T13:00:00+00:00\" \/>\n<meta property=\"og:image\" content=\"https:\/\/autorai.nl\/wp-content\/uploads\/2022\/09\/chrysler_300c_3-1140x843.jpg\" \/>\n<meta name=\"twitter:card\" content=\"summary_large_image\" \/>\n<meta name=\"twitter:label1\" content=\"Tiempo de lectura\" \/>\n\t<meta name=\"twitter:data1\" content=\"2 minutos\" \/>\n<script type=\"application\/ld+json\" class=\"yoast-schema-graph\">{\"@context\":\"https:\/\/schema.org\",\"@graph\":[{\"@type\":\"Article\",\"@id\":\"https:\/\/all-car-news.com\/es\/fin-de-una-era-este-es-el-ultimo-chrysler-300c\/#article\",\"isPartOf\":{\"@id\":\"https:\/\/all-car-news.com\/es\/fin-de-una-era-este-es-el-ultimo-chrysler-300c\/\"},\"author\":{\"name\":\"\",\"@id\":\"\"},\"headline\":\"Fin de una era: \u00e9ste es el \u00faltimo Chrysler 300C\",\"datePublished\":\"2023-12-11T13:00:00+00:00\",\"dateModified\":\"2023-12-11T13:00:00+00:00\",\"mainEntityOfPage\":{\"@id\":\"https:\/\/all-car-news.com\/es\/fin-de-una-era-este-es-el-ultimo-chrysler-300c\/\"},\"wordCount\":357,\"publisher\":{\"@id\":\"https:\/\/all-car-news.com\/es\/#organization\"},\"articleSection\":[\"noticias de autos\"],\"inLanguage\":\"es\"},{\"@type\":\"WebPage\",\"@id\":\"https:\/\/all-car-news.com\/es\/fin-de-una-era-este-es-el-ultimo-chrysler-300c\/\",\"url\":\"https:\/\/all-car-news.com\/es\/fin-de-una-era-este-es-el-ultimo-chrysler-300c\/\",\"name\":\"Fin de una era: \u00e9ste es el \u00faltimo Chrysler 300C - All cars news\",\"isPartOf\":{\"@id\":\"https:\/\/all-car-news.com\/es\/#website\"},\"datePublished\":\"2023-12-11T13:00:00+00:00\",\"dateModified\":\"2023-12-11T13:00:00+00:00\",\"breadcrumb\":{\"@id\":\"https:\/\/all-car-news.com\/es\/fin-de-una-era-este-es-el-ultimo-chrysler-300c\/#breadcrumb\"},\"inLanguage\":\"es\",\"potentialAction\":[{\"@type\":\"ReadAction\",\"target\":[\"https:\/\/all-car-news.com\/es\/fin-de-una-era-este-es-el-ultimo-chrysler-300c\/\"]}]},{\"@type\":\"BreadcrumbList\",\"@id\":\"https:\/\/all-car-news.com\/es\/fin-de-una-era-este-es-el-ultimo-chrysler-300c\/#breadcrumb\",\"itemListElement\":[{\"@type\":\"ListItem\",\"position\":1,\"name\":\"Home\",\"item\":\"https:\/\/all-car-news.com\/es\/\"},{\"@type\":\"ListItem\",\"position\":2,\"name\":\"Fin de una era: \u00e9ste es el \u00faltimo Chrysler 300C\"}]},{\"@type\":\"WebSite\",\"@id\":\"https:\/\/all-car-news.com\/es\/#website\",\"url\":\"https:\/\/all-car-news.com\/es\/\",\"name\":\"All cars news\",\"description\":\"\",\"publisher\":{\"@id\":\"https:\/\/all-car-news.com\/es\/#organization\"},\"potentialAction\":[{\"@type\":\"SearchAction\",\"target\":{\"@type\":\"EntryPoint\",\"urlTemplate\":\"https:\/\/all-car-news.com\/es\/?s={search_term_string}\"},\"query-input\":\"required name=search_term_string\"}],\"inLanguage\":\"es\"},{\"@type\":\"Organization\",\"@id\":\"https:\/\/all-car-news.com\/es\/#organization\",\"name\":\"All cars news\",\"url\":\"https:\/\/all-car-news.com\/es\/\",\"logo\":{\"@type\":\"ImageObject\",\"inLanguage\":\"es\",\"@id\":\"https:\/\/all-car-news.com\/es\/#\/schema\/logo\/image\/\",\"url\":\"https:\/\/all-car-news.com\/wp-content\/uploads\/2022\/02\/CMYK-AllCarNews_LANDSCAPE_300px-1.png\",\"contentUrl\":\"https:\/\/all-car-news.com\/wp-content\/uploads\/2022\/02\/CMYK-AllCarNews_LANDSCAPE_300px-1.png\",\"width\":300,\"height\":100,\"caption\":\"All cars news\"},\"image\":{\"@id\":\"https:\/\/all-car-news.com\/es\/#\/schema\/logo\/image\/\"}}]}<\/script>\n<!-- \/ Yoast SEO plugin. -->","yoast_head_json":{"title":"Fin de una era: \u00e9ste es el \u00faltimo Chrysler 300C - All cars news","robots":{"index":"index","follow":"follow","max-snippet":"max-snippet:-1","max-image-preview":"max-image-preview:large","max-video-preview":"max-video-preview:-1"},"canonical":"https:\/\/all-car-news.com\/es\/fin-de-una-era-este-es-el-ultimo-chrysler-300c\/","og_locale":"es_ES","og_type":"article","og_title":"Fin de una era: \u00e9ste es el \u00faltimo Chrysler 300C - All cars news","og_description":"Chrysler 300 La marca estadounidense Chrysler lleva muchos a\u00f1os lanzando coches con el n\u00famero 300 en el nombre del modelo. Inicialmente, lo hicieron en los a\u00f1os 50 con el Chrysler 300. A \u00e9ste le sigui\u00f3 el 300M a principios de la d\u00e9cada de 2000. A este coche le sucedi\u00f3 la primera generaci\u00f3n del 300C, [...]","og_url":"https:\/\/all-car-news.com\/es\/fin-de-una-era-este-es-el-ultimo-chrysler-300c\/","og_site_name":"All cars news","article_published_time":"2023-12-11T13:00:00+00:00","og_image":[{"url":"https:\/\/autorai.nl\/wp-content\/uploads\/2022\/09\/chrysler_300c_3-1140x843.jpg"}],"twitter_card":"summary_large_image","twitter_misc":{"Tiempo de lectura":"2 minutos"},"schema":{"@context":"https:\/\/schema.org","@graph":[{"@type":"Article","@id":"https:\/\/all-car-news.com\/es\/fin-de-una-era-este-es-el-ultimo-chrysler-300c\/#article","isPartOf":{"@id":"https:\/\/all-car-news.com\/es\/fin-de-una-era-este-es-el-ultimo-chrysler-300c\/"},"author":{"name":"","@id":""},"headline":"Fin de una era: \u00e9ste es el \u00faltimo Chrysler 300C","datePublished":"2023-12-11T13:00:00+00:00","dateModified":"2023-12-11T13:00:00+00:00","mainEntityOfPage":{"@id":"https:\/\/all-car-news.com\/es\/fin-de-una-era-este-es-el-ultimo-chrysler-300c\/"},"wordCount":357,"publisher":{"@id":"https:\/\/all-car-news.com\/es\/#organization"},"articleSection":["noticias de autos"],"inLanguage":"es"},{"@type":"WebPage","@id":"https:\/\/all-car-news.com\/es\/fin-de-una-era-este-es-el-ultimo-chrysler-300c\/","url":"https:\/\/all-car-news.com\/es\/fin-de-una-era-este-es-el-ultimo-chrysler-300c\/","name":"Fin de una era: \u00e9ste es el \u00faltimo Chrysler 300C - All cars news","isPartOf":{"@id":"https:\/\/all-car-news.com\/es\/#website"},"datePublished":"2023-12-11T13:00:00+00:00","dateModified":"2023-12-11T13:00:00+00:00","breadcrumb":{"@id":"https:\/\/all-car-news.com\/es\/fin-de-una-era-este-es-el-ultimo-chrysler-300c\/#breadcrumb"},"inLanguage":"es","potentialAction":[{"@type":"ReadAction","target":["https:\/\/all-car-news.com\/es\/fin-de-una-era-este-es-el-ultimo-chrysler-300c\/"]}]},{"@type":"BreadcrumbList","@id":"https:\/\/all-car-news.com\/es\/fin-de-una-era-este-es-el-ultimo-chrysler-300c\/#breadcrumb","itemListElement":[{"@type":"ListItem","position":1,"name":"Home","item":"https:\/\/all-car-news.com\/es\/"},{"@type":"ListItem","position":2,"name":"Fin de una era: \u00e9ste es el \u00faltimo Chrysler 300C"}]},{"@type":"WebSite","@id":"https:\/\/all-car-news.com\/es\/#website","url":"https:\/\/all-car-news.com\/es\/","name":"All cars news","description":"","publisher":{"@id":"https:\/\/all-car-news.com\/es\/#organization"},"potentialAction":[{"@type":"SearchAction","target":{"@type":"EntryPoint","urlTemplate":"https:\/\/all-car-news.com\/es\/?s={search_term_string}"},"query-input":"required name=search_term_string"}],"inLanguage":"es"},{"@type":"Organization","@id":"https:\/\/all-car-news.com\/es\/#organization","name":"All cars news","url":"https:\/\/all-car-news.com\/es\/","logo":{"@type":"ImageObject","inLanguage":"es","@id":"https:\/\/all-car-news.com\/es\/#\/schema\/logo\/image\/","url":"https:\/\/all-car-news.com\/wp-content\/uploads\/2022\/02\/CMYK-AllCarNews_LANDSCAPE_300px-1.png","contentUrl":"https:\/\/all-car-news.com\/wp-content\/uploads\/2022\/02\/CMYK-AllCarNews_LANDSCAPE_300px-1.png","width":300,"height":100,"caption":"All cars news"},"image":{"@id":"https:\/\/all-car-news.com\/es\/#\/schema\/logo\/image\/"}}]}},"_links":{"self":[{"href":"https:\/\/all-car-news.com\/es\/wp-json\/wp\/v2\/posts\/141196","targetHints":{"allow":["GET"]}}],"collection":[{"href":"https:\/\/all-car-news.com\/es\/wp-json\/wp\/v2\/posts"}],"about":[{"href":"https:\/\/all-car-news.com\/es\/wp-json\/wp\/v2\/types\/post"}],"replies":[{"embeddable":true,"href":"https:\/\/all-car-news.com\/es\/wp-json\/wp\/v2\/comments?post=141196"}],"version-history":[{"count":0,"href":"https:\/\/all-car-news.com\/es\/wp-json\/wp\/v2\/posts\/141196\/revisions"}],"wp:featuredmedia":[{"embeddable":true,"href":"https:\/\/all-car-news.com\/es\/wp-json\/wp\/v2\/media\/141181"}],"wp:attachment":[{"href":"https:\/\/all-car-news.com\/es\/wp-json\/wp\/v2\/media?parent=141196"}],"wp:term":[{"taxonomy":"category","embeddable":true,"href":"https:\/\/all-car-news.com\/es\/wp-json\/wp\/v2\/categories?post=141196"},{"taxonomy":"post_tag","embeddable":true,"href":"https:\/\/all-car-news.com\/es\/wp-json\/wp\/v2\/tags?post=141196"}],"curies":[{"name":"wp","href":"https:\/\/api.w.org\/{rel}","templated":true}]}}