{"id":140896,"date":"2023-11-29T11:47:42","date_gmt":"2023-11-29T11:47:42","guid":{"rendered":"https:\/\/all-car-news.com\/el-color-cobre-gana-popularidad\/"},"modified":"2023-11-29T11:47:42","modified_gmt":"2023-11-29T11:47:42","slug":"el-color-cobre-gana-popularidad","status":"publish","type":"post","link":"https:\/\/all-car-news.com\/es\/el-color-cobre-gana-popularidad\/","title":{"rendered":"El color cobre gana popularidad"},"content":{"rendered":"<h2>El cobre como color de la casa<\/h2>\n<p>El color del cobre parece haber sido descubierto por los fabricantes de autom\u00f3viles. En una marca de coches, es el color de la casa, mientras que otro fabricante lo utiliza para dar un toque especial a las versiones especiales. \u00bfPor qu\u00e9 es tan popular el cobre? Es un color de moda, no s\u00f3lo en el mundo del autom\u00f3vil. El color cobre tambi\u00e9n se utiliza en otros productos: ordenadores port\u00e1tiles e incluso secadores de pelo. Mientras tanto, los fabricantes de autom\u00f3viles tambi\u00e9n han descubierto el color cobre.<\/p>\n<figure class=\"wp-block-image size-large\"><img decoding=\"async\" loading=\"lazy\" width=\"1280\" height=\"960\" src=\"https:\/\/zerauto.nl\/wp-content\/uploads\/sites\/2\/2023\/11\/hyundai_ioniq_electric_7-1280x960.jpeg\" alt=\"El Hyundai IONIQ El\u00e9ctrico tiene detalles en cobre\" class=\"wp-image-38414\"><\/figure>\n<h2>Hilos de cobre<\/h2>\n<p>Hyundai fue una de las primeras marcas en aplicar el color cobre a un modelo. En el Hyundai IONIQ Electric, el \u00abcar\u00e1cter el\u00e9ctrico\u00bb se ha acentuado con detalles en cobre, inspirados en el color de los cables de cobre utilizados como soporte de la electricidad en todo el mundo. As\u00ed que en Hyundai hay una verdadera filosof\u00eda detr\u00e1s. Mientras tanto, el IONIQ El\u00e9ctrico ya no existe, pero el color cobre se ha mantenido dentro de la familia Hyundai. Porque un modelo como el IONIQ 5 puede pedirse incluso con una pintura mate de color cobre.<\/p>\n<figure class=\"wp-block-image size-large\"><img decoding=\"async\" loading=\"lazy\" width=\"1280\" height=\"960\" src=\"https:\/\/zerauto.nl\/wp-content\/uploads\/sites\/2\/2023\/11\/dacia-spring-electric-extreme-1280x960.jpg\" alt=\"Dacia Spring con detalles en cobre\" class=\"wp-image-38413\"><\/figure>\n<h2>Detalles en cobre<\/h2>\n<p>Los colores cobre tambi\u00e9n son muy demandados en Dacia. En las versiones Extreme del Spring y el Sandero, entre otros, encontrar\u00e1 detalles en color cobre tanto en el interior como en el exterior de los modelos. En los parachoques, por ejemplo, pero tambi\u00e9n en los ra\u00edles del techo. Dacia no ve ninguna filosof\u00eda detr\u00e1s, excepto que el color cobre proporciona un aspecto elegante.<\/p>\n<figure class=\"wp-block-image size-full\"><img decoding=\"async\" loading=\"lazy\" width=\"1080\" height=\"784\" src=\"https:\/\/zerauto.nl\/wp-content\/uploads\/sites\/2\/2023\/11\/bugatti-chiron-copper.jpeg\" alt=\"Bugatti Chiron con cobre\" class=\"wp-image-38425\"><\/figure>\n<h2>Comprador de hipercoches<\/h2>\n<p>El cobre tambi\u00e9n se est\u00e1 abriendo camino hasta la cima absoluta en el terreno automovil\u00edstico. De hecho, Bugatti ha creado el Bugatti Chiron Pur Sport de cobre para Tristan Tate, bicampe\u00f3n europeo de kickboxing, una celebridad de Internet y m\u00e1s conocido por ser el hermano del pol\u00e9mico influencer y cuatro veces campe\u00f3n del mundo de kickboxing Andrew Tate. Tristan Tate ha elegido un color exterior cobrizo en el que tambi\u00e9n vemos colores cobrizos en el interior. Seg\u00fan Bugatti, el Bugatti Chiron Pur Sport est\u00e1 \u00abtotalmente personalizado\u00bb. El fabricante franc\u00e9s de hipercoches revis\u00f3 minuciosamente el coche en busca de las m\u00e1s m\u00ednimas imperfecciones en la pintura, ya que s\u00f3lo los coches perfectos pueden salir de las puertas de la f\u00e1brica. Este Bugatti es posiblemente el coche con la pintura cobriza m\u00e1s bonita del mundo.<\/p>\n<figure class=\"wp-block-image size-large\"><img decoding=\"async\" loading=\"lazy\" width=\"1280\" height=\"960\" src=\"https:\/\/zerauto.nl\/wp-content\/uploads\/sites\/2\/2023\/11\/cupra-koper-born-1-1280x960.jpg\" alt=\"\" class=\"wp-image-38417\"><\/figure>\n<h2>Cupra: \u00abEl cobre tiene un tacto c\u00e1lido\u00bb<\/h2>\n<p>Sin embargo, hay una marca en la que el color cobre se ha convertido en el color de la casa. Entonces, por supuesto, estamos hablando de Cupra, parte del Grupo Volkswagen. Seg\u00fan CUPRA, el color cobre da un color c\u00e1lido que parece mucho menos fr\u00edo y mucho m\u00e1s humano que el aluminio fr\u00edo. Adem\u00e1s, el color cobre tambi\u00e9n se considera fresco. Cupra utiliza a menudo el color cobre en combinaci\u00f3n con un color exterior azul petr\u00f3leo oscuro, de modo que el color cobre se acent\u00faa adicionalmente.<\/p>\n<figure class=\"wp-block-image size-large\"><img decoding=\"async\" loading=\"lazy\" width=\"1280\" height=\"600\" src=\"https:\/\/zerauto.nl\/wp-content\/uploads\/sites\/2\/2023\/11\/cupra-koper-logo-1280x600.jpeg\" alt=\"El cobre adorna el logotipo de CUPRA\" class=\"wp-image-38416\"><\/figure>\n<h2>Edici\u00f3n de cobre<\/h2>\n<p>Cupra tiene incluso ediciones especiales enteras dedicadas al cobre, como la Born Copper Edition. Este <a href=\"https:\/\/www.cupra.be\/nl\/elektrische-wagens\" target=\"_blank\" rel=\"noreferrer noopener\">coche el\u00e9ctrico<\/a> tiene llantas de 20 pulgadas \u00abBlizzard Copper\u00bb y otros detalles en color cobre. Otros modelos Cupra tambi\u00e9n incorporan los necesarios detalles en cobre. No s\u00f3lo en el exterior del coche, sino sobre todo en el interior.<\/p>\n","protected":false},"excerpt":{"rendered":"El cobre como color de la casa El color del cobre parece haber sido descubierto por los fabricantes de autom\u00f3viles.&hellip;","protected":false},"author":0,"featured_media":140888,"comment_status":"","ping_status":"open","sticky":false,"template":"","format":"standard","meta":{"footnotes":""},"categories":[126],"tags":[],"class_list":["post-140896","post","type-post","status-publish","format-standard","has-post-thumbnail","hentry","category-noticias-de-autos"],"acf":[],"yoast_head":"<!-- This site is optimized with the Yoast SEO plugin v21.2 - https:\/\/yoast.com\/wordpress\/plugins\/seo\/ -->\n<title>El color cobre gana popularidad - All cars news<\/title>\n<meta name=\"robots\" content=\"index, follow, max-snippet:-1, max-image-preview:large, max-video-preview:-1\" \/>\n<link rel=\"canonical\" href=\"https:\/\/all-car-news.com\/es\/el-color-cobre-gana-popularidad\/\" \/>\n<meta property=\"og:locale\" content=\"es_ES\" \/>\n<meta property=\"og:type\" content=\"article\" \/>\n<meta property=\"og:title\" content=\"El color cobre gana popularidad - All cars news\" \/>\n<meta property=\"og:description\" content=\"El cobre como color de la casa El color del cobre parece haber sido descubierto por los fabricantes de autom\u00f3viles. En una marca de coches, es el color de la casa, mientras que otro fabricante lo utiliza para dar un toque especial a las versiones especiales. \u00bfPor qu\u00e9 es tan popular el cobre? Es un color de moda, no s\u00f3lo en el mundo del autom\u00f3vil. Tambi\u00e9n para otros productos - piense [...]\" \/>\n<meta property=\"og:url\" content=\"https:\/\/all-car-news.com\/es\/el-color-cobre-gana-popularidad\/\" \/>\n<meta property=\"og:site_name\" content=\"All cars news\" \/>\n<meta property=\"article:published_time\" content=\"2023-11-29T11:47:42+00:00\" \/>\n<meta property=\"og:image\" content=\"https:\/\/zerauto.nl\/wp-content\/uploads\/sites\/2\/2023\/11\/hyundai_ioniq_electric_7-1280x960.jpeg\" \/>\n<meta name=\"twitter:card\" content=\"summary_large_image\" \/>\n<meta name=\"twitter:label1\" content=\"Tiempo de lectura\" \/>\n\t<meta name=\"twitter:data1\" content=\"3 minutos\" \/>\n<script type=\"application\/ld+json\" class=\"yoast-schema-graph\">{\"@context\":\"https:\/\/schema.org\",\"@graph\":[{\"@type\":\"Article\",\"@id\":\"https:\/\/all-car-news.com\/es\/el-color-cobre-gana-popularidad\/#article\",\"isPartOf\":{\"@id\":\"https:\/\/all-car-news.com\/es\/el-color-cobre-gana-popularidad\/\"},\"author\":{\"name\":\"\",\"@id\":\"\"},\"headline\":\"El color cobre gana popularidad\",\"datePublished\":\"2023-11-29T11:47:42+00:00\",\"dateModified\":\"2023-11-29T11:47:42+00:00\",\"mainEntityOfPage\":{\"@id\":\"https:\/\/all-car-news.com\/es\/el-color-cobre-gana-popularidad\/\"},\"wordCount\":591,\"publisher\":{\"@id\":\"https:\/\/all-car-news.com\/es\/#organization\"},\"articleSection\":[\"noticias de autos\"],\"inLanguage\":\"es\"},{\"@type\":\"WebPage\",\"@id\":\"https:\/\/all-car-news.com\/es\/el-color-cobre-gana-popularidad\/\",\"url\":\"https:\/\/all-car-news.com\/es\/el-color-cobre-gana-popularidad\/\",\"name\":\"El color cobre gana popularidad - All cars news\",\"isPartOf\":{\"@id\":\"https:\/\/all-car-news.com\/es\/#website\"},\"datePublished\":\"2023-11-29T11:47:42+00:00\",\"dateModified\":\"2023-11-29T11:47:42+00:00\",\"breadcrumb\":{\"@id\":\"https:\/\/all-car-news.com\/es\/el-color-cobre-gana-popularidad\/#breadcrumb\"},\"inLanguage\":\"es\",\"potentialAction\":[{\"@type\":\"ReadAction\",\"target\":[\"https:\/\/all-car-news.com\/es\/el-color-cobre-gana-popularidad\/\"]}]},{\"@type\":\"BreadcrumbList\",\"@id\":\"https:\/\/all-car-news.com\/es\/el-color-cobre-gana-popularidad\/#breadcrumb\",\"itemListElement\":[{\"@type\":\"ListItem\",\"position\":1,\"name\":\"Home\",\"item\":\"https:\/\/all-car-news.com\/es\/\"},{\"@type\":\"ListItem\",\"position\":2,\"name\":\"El color cobre gana popularidad\"}]},{\"@type\":\"WebSite\",\"@id\":\"https:\/\/all-car-news.com\/es\/#website\",\"url\":\"https:\/\/all-car-news.com\/es\/\",\"name\":\"All cars news\",\"description\":\"\",\"publisher\":{\"@id\":\"https:\/\/all-car-news.com\/es\/#organization\"},\"potentialAction\":[{\"@type\":\"SearchAction\",\"target\":{\"@type\":\"EntryPoint\",\"urlTemplate\":\"https:\/\/all-car-news.com\/es\/?s={search_term_string}\"},\"query-input\":\"required name=search_term_string\"}],\"inLanguage\":\"es\"},{\"@type\":\"Organization\",\"@id\":\"https:\/\/all-car-news.com\/es\/#organization\",\"name\":\"All cars news\",\"url\":\"https:\/\/all-car-news.com\/es\/\",\"logo\":{\"@type\":\"ImageObject\",\"inLanguage\":\"es\",\"@id\":\"https:\/\/all-car-news.com\/es\/#\/schema\/logo\/image\/\",\"url\":\"https:\/\/all-car-news.com\/wp-content\/uploads\/2022\/02\/CMYK-AllCarNews_LANDSCAPE_300px-1.png\",\"contentUrl\":\"https:\/\/all-car-news.com\/wp-content\/uploads\/2022\/02\/CMYK-AllCarNews_LANDSCAPE_300px-1.png\",\"width\":300,\"height\":100,\"caption\":\"All cars news\"},\"image\":{\"@id\":\"https:\/\/all-car-news.com\/es\/#\/schema\/logo\/image\/\"}}]}<\/script>\n<!-- \/ Yoast SEO plugin. -->","yoast_head_json":{"title":"El color cobre gana popularidad - All cars news","robots":{"index":"index","follow":"follow","max-snippet":"max-snippet:-1","max-image-preview":"max-image-preview:large","max-video-preview":"max-video-preview:-1"},"canonical":"https:\/\/all-car-news.com\/es\/el-color-cobre-gana-popularidad\/","og_locale":"es_ES","og_type":"article","og_title":"El color cobre gana popularidad - All cars news","og_description":"El cobre como color de la casa El color del cobre parece haber sido descubierto por los fabricantes de autom\u00f3viles. En una marca de coches, es el color de la casa, mientras que otro fabricante lo utiliza para dar un toque especial a las versiones especiales. \u00bfPor qu\u00e9 es tan popular el cobre? Es un color de moda, no s\u00f3lo en el mundo del autom\u00f3vil. Tambi\u00e9n para otros productos - piense [...]","og_url":"https:\/\/all-car-news.com\/es\/el-color-cobre-gana-popularidad\/","og_site_name":"All cars news","article_published_time":"2023-11-29T11:47:42+00:00","og_image":[{"url":"https:\/\/zerauto.nl\/wp-content\/uploads\/sites\/2\/2023\/11\/hyundai_ioniq_electric_7-1280x960.jpeg"}],"twitter_card":"summary_large_image","twitter_misc":{"Tiempo de lectura":"3 minutos"},"schema":{"@context":"https:\/\/schema.org","@graph":[{"@type":"Article","@id":"https:\/\/all-car-news.com\/es\/el-color-cobre-gana-popularidad\/#article","isPartOf":{"@id":"https:\/\/all-car-news.com\/es\/el-color-cobre-gana-popularidad\/"},"author":{"name":"","@id":""},"headline":"El color cobre gana popularidad","datePublished":"2023-11-29T11:47:42+00:00","dateModified":"2023-11-29T11:47:42+00:00","mainEntityOfPage":{"@id":"https:\/\/all-car-news.com\/es\/el-color-cobre-gana-popularidad\/"},"wordCount":591,"publisher":{"@id":"https:\/\/all-car-news.com\/es\/#organization"},"articleSection":["noticias de autos"],"inLanguage":"es"},{"@type":"WebPage","@id":"https:\/\/all-car-news.com\/es\/el-color-cobre-gana-popularidad\/","url":"https:\/\/all-car-news.com\/es\/el-color-cobre-gana-popularidad\/","name":"El color cobre gana popularidad - All cars news","isPartOf":{"@id":"https:\/\/all-car-news.com\/es\/#website"},"datePublished":"2023-11-29T11:47:42+00:00","dateModified":"2023-11-29T11:47:42+00:00","breadcrumb":{"@id":"https:\/\/all-car-news.com\/es\/el-color-cobre-gana-popularidad\/#breadcrumb"},"inLanguage":"es","potentialAction":[{"@type":"ReadAction","target":["https:\/\/all-car-news.com\/es\/el-color-cobre-gana-popularidad\/"]}]},{"@type":"BreadcrumbList","@id":"https:\/\/all-car-news.com\/es\/el-color-cobre-gana-popularidad\/#breadcrumb","itemListElement":[{"@type":"ListItem","position":1,"name":"Home","item":"https:\/\/all-car-news.com\/es\/"},{"@type":"ListItem","position":2,"name":"El color cobre gana popularidad"}]},{"@type":"WebSite","@id":"https:\/\/all-car-news.com\/es\/#website","url":"https:\/\/all-car-news.com\/es\/","name":"All cars news","description":"","publisher":{"@id":"https:\/\/all-car-news.com\/es\/#organization"},"potentialAction":[{"@type":"SearchAction","target":{"@type":"EntryPoint","urlTemplate":"https:\/\/all-car-news.com\/es\/?s={search_term_string}"},"query-input":"required name=search_term_string"}],"inLanguage":"es"},{"@type":"Organization","@id":"https:\/\/all-car-news.com\/es\/#organization","name":"All cars news","url":"https:\/\/all-car-news.com\/es\/","logo":{"@type":"ImageObject","inLanguage":"es","@id":"https:\/\/all-car-news.com\/es\/#\/schema\/logo\/image\/","url":"https:\/\/all-car-news.com\/wp-content\/uploads\/2022\/02\/CMYK-AllCarNews_LANDSCAPE_300px-1.png","contentUrl":"https:\/\/all-car-news.com\/wp-content\/uploads\/2022\/02\/CMYK-AllCarNews_LANDSCAPE_300px-1.png","width":300,"height":100,"caption":"All cars news"},"image":{"@id":"https:\/\/all-car-news.com\/es\/#\/schema\/logo\/image\/"}}]}},"_links":{"self":[{"href":"https:\/\/all-car-news.com\/es\/wp-json\/wp\/v2\/posts\/140896","targetHints":{"allow":["GET"]}}],"collection":[{"href":"https:\/\/all-car-news.com\/es\/wp-json\/wp\/v2\/posts"}],"about":[{"href":"https:\/\/all-car-news.com\/es\/wp-json\/wp\/v2\/types\/post"}],"replies":[{"embeddable":true,"href":"https:\/\/all-car-news.com\/es\/wp-json\/wp\/v2\/comments?post=140896"}],"version-history":[{"count":0,"href":"https:\/\/all-car-news.com\/es\/wp-json\/wp\/v2\/posts\/140896\/revisions"}],"wp:featuredmedia":[{"embeddable":true,"href":"https:\/\/all-car-news.com\/es\/wp-json\/wp\/v2\/media\/140888"}],"wp:attachment":[{"href":"https:\/\/all-car-news.com\/es\/wp-json\/wp\/v2\/media?parent=140896"}],"wp:term":[{"taxonomy":"category","embeddable":true,"href":"https:\/\/all-car-news.com\/es\/wp-json\/wp\/v2\/categories?post=140896"},{"taxonomy":"post_tag","embeddable":true,"href":"https:\/\/all-car-news.com\/es\/wp-json\/wp\/v2\/tags?post=140896"}],"curies":[{"name":"wp","href":"https:\/\/api.w.org\/{rel}","templated":true}]}}