{"id":140779,"date":"2023-11-23T14:56:16","date_gmt":"2023-11-23T14:56:16","guid":{"rendered":"https:\/\/all-car-news.com\/retrato-de-coche-el-bmw-m2-de-reneau\/"},"modified":"2023-11-23T14:56:16","modified_gmt":"2023-11-23T14:56:16","slug":"retrato-de-coche-el-bmw-m2-de-reneau","status":"publish","type":"post","link":"https:\/\/all-car-news.com\/es\/retrato-de-coche-el-bmw-m2-de-reneau\/","title":{"rendered":"Retrato de coche: El BMW M2 de R\u00e9neau"},"content":{"rendered":"<h2>\u00bfPor qu\u00e9 elegiste un BMW M2 y qu\u00e9 coches tuviste antes?<\/h2>\n<p>\u00abTuve 15 coches antes de este. El M2 era el sucesor de un E36 325i, que hab\u00eda convertido en coche de circuito. Era autom\u00e1tico, pero sustituimos la caja de cambios por una manual. Antes de eso, tuve un MINI Cooper S R53 como coche de diario y tambi\u00e9n un E92 335i con 480 CV. En ese, hab\u00eda sustituido el turbo. Ese coche ten\u00eda una caja de cambios DCT. No se ve\u00eda muy a menudo. Sin embargo, con el E92 se me empezaron a ir de las manos los coches r\u00e1pidos. El M2 vino porque lo vi en el concesionario en 2016, entonces me enamor\u00e9 inmediatamente. El color de lanzamiento fue el Long Beach Blue, tal y como lo tengo ahora. En marzo de 2022, lo vi en las redes sociales en un concesionario y me vendieron inmediatamente. El coche ni siquiera estaba a\u00fan a la venta, pero enseguida envi\u00e9 un mensaje por si pod\u00eda venir a verlo y, tras una prueba de conducci\u00f3n, tom\u00e9 la decisi\u00f3n de comprarlo.\u00bb<\/p>\n<figure class=\"wp-block-image size-content\"><img decoding=\"async\" loading=\"lazy\" width=\"1140\" height=\"760\" src=\"https:\/\/autorai.nl\/wp-content\/uploads\/2023\/11\/IMG_1142-1140x760.jpg\" alt=\"\" class=\"wp-image-169791\"><\/figure>\n<h2>\u00bfQu\u00e9 le has hecho a tu coche?<\/h2>\n<p>\u00abLo que no, en realidad. Empez\u00f3 con las piezas que suelen romperse. Son piezas de pl\u00e1stico, que sustitu\u00ed por piezas de aluminio. Lamentablemente, en un coche anterior, experiment\u00e9 dolorosamente esta rotura cuando empezamos a utilizar m\u00e1s presi\u00f3n del turbo. Entonces mont\u00e9 inmediatamente un intercooler m\u00e1s grande y un sistema de escape completo de TeamRPM. Pero la cosa no qued\u00f3 ah\u00ed, ya que se elimin\u00f3 el catalizador y se instal\u00f3 una admisi\u00f3n de carbono Eventuri\u00bb.<\/p>\n<\/p>\n<figure class=\"wp-block-image size-content\"><img decoding=\"async\" loading=\"lazy\" width=\"1140\" height=\"760\" src=\"https:\/\/autorai.nl\/wp-content\/uploads\/2023\/11\/IMG_1124-1140x760.jpg\" alt=\"\" class=\"wp-image-169794\"><\/figure>\n<p>\u00abTambi\u00e9n ha habido modificaciones de software y el coche est\u00e1 en la fase 2. Luego empec\u00e9 a trabajar en el exterior del coche, buscando modificaciones sutiles. Preferiblemente originales de BMW. Mont\u00e9 las llantas de un BMW 1M y luego compr\u00e9 el difusor y el aler\u00f3n de carbono originales del M2CS y los mont\u00e9\u00bb.<\/p>\n<figure class=\"wp-block-image size-content\"><img decoding=\"async\" loading=\"lazy\" width=\"1140\" height=\"760\" src=\"https:\/\/autorai.nl\/wp-content\/uploads\/2023\/11\/IMG_1031-1140x760.jpg\" alt=\"\" class=\"wp-image-169793\"><\/figure>\n<figure class=\"wp-block-image size-content\"><img decoding=\"async\" loading=\"lazy\" width=\"1140\" height=\"814\" src=\"https:\/\/autorai.nl\/wp-content\/uploads\/2023\/11\/IMG_1023-1140x814.jpg\" alt=\"\" class=\"wp-image-169802\"><\/figure>\n<h2>Veo un tono diferente de azul bajo el cap\u00f3, \u00bfest\u00e1 su coche envuelto?<\/h2>\n<p>\u00abEl coche ha sido efectivamente envuelto. Originalmente es azul Long Beach, pero decid\u00ed pintarlo en otro tono de azul. La raz\u00f3n es que el primer coche de mi padre, un BMW 1602, estaba pintado aproximadamente del mismo color. La rotulaci\u00f3n es una especie de homenaje a mi padre, que falleci\u00f3 en 2020\u00bb.<\/p>\n<figure class=\"wp-block-image size-content\"><img decoding=\"async\" loading=\"lazy\" width=\"1140\" height=\"760\" src=\"https:\/\/autorai.nl\/wp-content\/uploads\/2023\/11\/IMG_1160-1140x760.jpg\" alt=\"\" class=\"wp-image-169795\"><\/figure>\n<h2>\u00bfCu\u00e1l es el mejor recuerdo que tiene de su coche?<\/h2>\n<p>\u00abTengo muchos buenos recuerdos con el coche. Hice un viaje bastante largo en coche, desde los Pa\u00edses Bajos hasta M\u00fanich, pasando por B\u00e9lgica, Francia y los puertos de monta\u00f1a suizos, donde no pod\u00eda faltar una visita al museo BMW. Luego condujimos de Alemania a la Rep\u00fablica Checa, y despu\u00e9s a trav\u00e9s de Alemania de vuelta a los Pa\u00edses Bajos. Este viaje por carretera totaliz\u00f3 2.855 kil\u00f3metros. Adem\u00e1s, conducir el coche en N\u00fcrburgring por primera vez fue una experiencia muy especial\u00bb.<\/p>\n<figure class=\"wp-block-image size-content\"><img decoding=\"async\" loading=\"lazy\" width=\"1140\" height=\"760\" src=\"https:\/\/autorai.nl\/wp-content\/uploads\/2023\/11\/IMG_1016-1140x760.jpg\" alt=\"\" class=\"wp-image-169796\"><\/figure>\n<figure class=\"wp-block-image size-content\"><img decoding=\"async\" loading=\"lazy\" width=\"1140\" height=\"760\" src=\"https:\/\/autorai.nl\/wp-content\/uploads\/2023\/11\/IMG_1157-1140x760.jpg\" alt=\"\" class=\"wp-image-169801\"><\/figure>\n<h2>\u00bfQu\u00e9 m\u00e1s le vas a hacer (o le has hecho) a tu coche?<\/h2>\n<p>\u00abVoy a bajar el coche en alg\u00fan momento, por supuesto. Creo que ahora est\u00e1 demasiado alto. Tambi\u00e9n voy a hacer algunos cambios en el motor, sustituyendo piezas internas como los \u00e1rboles de levas. Cuando termine con eso, quiero alcanzar los 480-500 CV. Creo que eso es todo. Ah, y todav\u00eda habr\u00e1 una librea en \u00e9l. Ser\u00e1 una librea inspirada en el DTM, en los coches de carreras J\u00e4germeister de BMW para ser exactos\u00bb.<\/p>\n<figure class=\"wp-block-image size-content\"><img decoding=\"async\" loading=\"lazy\" width=\"1140\" height=\"760\" src=\"https:\/\/autorai.nl\/wp-content\/uploads\/2023\/11\/IMG_1040-1140x760.jpg\" alt=\"\" class=\"wp-image-169797\"><\/figure>\n<h2>\u00bfPodr\u00eda haber un sucesor?<\/h2>\n<p>\u00abHabr\u00e1 un sucesor en alg\u00fan momento, por supuesto. Si el presupuesto lo permite, claro. Entonces hay dos posibilidades realistas que se me pasan inmediatamente por la cabeza. Me inclino por un Porsche 718, preferiblemente el GT4 o el GTS. Los he conducido, coches realmente bonitos. En t\u00e9rminos de manejo y experiencia de conducci\u00f3n, el coche es muy similar a mi M2. Tambi\u00e9n miro regularmente el M3 Touring, pero eso es inalcanzable por ahora. Otro sucesor realista ser\u00eda un X3 M\u00bb.<\/p>\n<figure class=\"wp-block-image size-content\"><img decoding=\"async\" loading=\"lazy\" width=\"1140\" height=\"760\" src=\"https:\/\/autorai.nl\/wp-content\/uploads\/2023\/11\/IMG_1178-1140x760.jpg\" alt=\"\" class=\"wp-image-169798\"><\/figure>\n<figure class=\"wp-block-gallery has-nested-images columns-default is-cropped\">\n<figure class=\"wp-block-image size-large\"><img decoding=\"async\" loading=\"lazy\" width=\"1140\" height=\"760\" data-id=\"169800\" src=\"https:\/\/autorai.nl\/wp-content\/uploads\/2023\/11\/IMG_1180-1140x760.jpg\" alt=\"\" class=\"wp-image-169800\"><\/figure>\n<figure class=\"wp-block-image size-large\"><img decoding=\"async\" loading=\"lazy\" width=\"1140\" height=\"760\" data-id=\"169799\" src=\"https:\/\/autorai.nl\/wp-content\/uploads\/2023\/11\/IMG_1165-1140x760.jpg\" alt=\"\" class=\"wp-image-169799\"><\/figure>\n<\/figure>\n<h2>\u00bfDe d\u00f3nde viene su pasi\u00f3n por los coches?<\/h2>\n<p>\u00abUgh, esa es buena. En realidad creo que sobre todo de mi padre. Que tambi\u00e9n era un amante de los coches, especialmente de BMW. Lo tom\u00e9 desde all\u00ed. Tambi\u00e9n fui a muchos eventos automovil\u00edsticos y carreras en el circuito de Zandvoort. En mi juventud tuve <em>Top Gear<\/em>, por supuesto, con Jeremy Clarkson, James May y Richard Hammond. Lo he visto mucho. Tambi\u00e9n hice muchos juegos de carreras como <em>Need for Speed<\/em>\u00ab.<\/p>\n<p><a href=\"https:\/\/autorai.nl\/autoportret-de-fabelachtige-supercar-collectie-van-freerk\/\">Lea tambi\u00e9n:<\/a><\/p>\n<figure class=\"wp-block-embed is-type-wp-embed is-provider-autorai-nl wp-block-embed-autorai-nl\">\n<div class=\"wp-block-embed__wrapper\">\n<blockquote class=\"wp-embedded-content\" data-secret=\"I2RL3qW9K1\"><p><a href=\"https:\/\/autorai.nl\/autoportret-de-fabelachtige-supercar-collectie-van-freerk\/\">Retrato de coche: la fabulosa colecci\u00f3n de supercoches de Freerk<\/a><\/p><\/blockquote>\n<\/div>\n<\/figure>\n","protected":false},"excerpt":{"rendered":"\u00bfPor qu\u00e9 eligi\u00f3 un BMW M2 y qu\u00e9 coches tuvo antes? \"Tuve 15 coches antes de esto. El M2 era&hellip;","protected":false},"author":0,"featured_media":140769,"comment_status":"","ping_status":"open","sticky":false,"template":"","format":"standard","meta":{"footnotes":""},"categories":[129,126],"tags":[],"class_list":["post-140779","post","type-post","status-publish","format-standard","has-post-thumbnail","hentry","category-fondo","category-noticias-de-autos"],"acf":[],"yoast_head":"<!-- This site is optimized with the Yoast SEO plugin v21.2 - https:\/\/yoast.com\/wordpress\/plugins\/seo\/ -->\n<title>Retrato de coche: El BMW M2 de R\u00e9neau - All cars news<\/title>\n<meta name=\"robots\" content=\"index, follow, max-snippet:-1, max-image-preview:large, max-video-preview:-1\" \/>\n<link rel=\"canonical\" href=\"https:\/\/all-car-news.com\/es\/retrato-de-coche-el-bmw-m2-de-reneau\/\" \/>\n<meta property=\"og:locale\" content=\"es_ES\" \/>\n<meta property=\"og:type\" content=\"article\" \/>\n<meta property=\"og:title\" content=\"Retrato de coche: El BMW M2 de R\u00e9neau - All cars news\" \/>\n<meta property=\"og:description\" content=\"\u00bfPor qu\u00e9 eligi\u00f3 un BMW M2 y qu\u00e9 coches tuvo antes? &quot;Tuve 15 coches antes de esto. El M2 era el sucesor de un E36 325i, que yo hab\u00eda convertido en un coche de circuito. Era autom\u00e1tico, pero sustituimos la caja de cambios por una manual. Antes de eso, ten\u00eda un MINI [...]\" \/>\n<meta property=\"og:url\" content=\"https:\/\/all-car-news.com\/es\/retrato-de-coche-el-bmw-m2-de-reneau\/\" \/>\n<meta property=\"og:site_name\" content=\"All cars news\" \/>\n<meta property=\"article:published_time\" content=\"2023-11-23T14:56:16+00:00\" \/>\n<meta property=\"og:image\" content=\"https:\/\/autorai.nl\/wp-content\/uploads\/2023\/11\/IMG_1142-1140x760.jpg\" \/>\n<meta name=\"twitter:card\" content=\"summary_large_image\" \/>\n<meta name=\"twitter:label1\" content=\"Tiempo de lectura\" \/>\n\t<meta name=\"twitter:data1\" content=\"4 minutos\" \/>\n<script type=\"application\/ld+json\" class=\"yoast-schema-graph\">{\"@context\":\"https:\/\/schema.org\",\"@graph\":[{\"@type\":\"Article\",\"@id\":\"https:\/\/all-car-news.com\/es\/retrato-de-coche-el-bmw-m2-de-reneau\/#article\",\"isPartOf\":{\"@id\":\"https:\/\/all-car-news.com\/es\/retrato-de-coche-el-bmw-m2-de-reneau\/\"},\"author\":{\"name\":\"\",\"@id\":\"\"},\"headline\":\"Retrato de coche: El BMW M2 de R\u00e9neau\",\"datePublished\":\"2023-11-23T14:56:16+00:00\",\"dateModified\":\"2023-11-23T14:56:16+00:00\",\"mainEntityOfPage\":{\"@id\":\"https:\/\/all-car-news.com\/es\/retrato-de-coche-el-bmw-m2-de-reneau\/\"},\"wordCount\":782,\"publisher\":{\"@id\":\"https:\/\/all-car-news.com\/es\/#organization\"},\"articleSection\":[\"Fondo\",\"noticias de autos\"],\"inLanguage\":\"es\"},{\"@type\":\"WebPage\",\"@id\":\"https:\/\/all-car-news.com\/es\/retrato-de-coche-el-bmw-m2-de-reneau\/\",\"url\":\"https:\/\/all-car-news.com\/es\/retrato-de-coche-el-bmw-m2-de-reneau\/\",\"name\":\"Retrato de coche: El BMW M2 de R\u00e9neau - All cars news\",\"isPartOf\":{\"@id\":\"https:\/\/all-car-news.com\/es\/#website\"},\"datePublished\":\"2023-11-23T14:56:16+00:00\",\"dateModified\":\"2023-11-23T14:56:16+00:00\",\"breadcrumb\":{\"@id\":\"https:\/\/all-car-news.com\/es\/retrato-de-coche-el-bmw-m2-de-reneau\/#breadcrumb\"},\"inLanguage\":\"es\",\"potentialAction\":[{\"@type\":\"ReadAction\",\"target\":[\"https:\/\/all-car-news.com\/es\/retrato-de-coche-el-bmw-m2-de-reneau\/\"]}]},{\"@type\":\"BreadcrumbList\",\"@id\":\"https:\/\/all-car-news.com\/es\/retrato-de-coche-el-bmw-m2-de-reneau\/#breadcrumb\",\"itemListElement\":[{\"@type\":\"ListItem\",\"position\":1,\"name\":\"Home\",\"item\":\"https:\/\/all-car-news.com\/es\/\"},{\"@type\":\"ListItem\",\"position\":2,\"name\":\"Retrato de coche: El BMW M2 de R\u00e9neau\"}]},{\"@type\":\"WebSite\",\"@id\":\"https:\/\/all-car-news.com\/es\/#website\",\"url\":\"https:\/\/all-car-news.com\/es\/\",\"name\":\"All cars news\",\"description\":\"\",\"publisher\":{\"@id\":\"https:\/\/all-car-news.com\/es\/#organization\"},\"potentialAction\":[{\"@type\":\"SearchAction\",\"target\":{\"@type\":\"EntryPoint\",\"urlTemplate\":\"https:\/\/all-car-news.com\/es\/?s={search_term_string}\"},\"query-input\":\"required name=search_term_string\"}],\"inLanguage\":\"es\"},{\"@type\":\"Organization\",\"@id\":\"https:\/\/all-car-news.com\/es\/#organization\",\"name\":\"All cars news\",\"url\":\"https:\/\/all-car-news.com\/es\/\",\"logo\":{\"@type\":\"ImageObject\",\"inLanguage\":\"es\",\"@id\":\"https:\/\/all-car-news.com\/es\/#\/schema\/logo\/image\/\",\"url\":\"https:\/\/all-car-news.com\/wp-content\/uploads\/2022\/02\/CMYK-AllCarNews_LANDSCAPE_300px-1.png\",\"contentUrl\":\"https:\/\/all-car-news.com\/wp-content\/uploads\/2022\/02\/CMYK-AllCarNews_LANDSCAPE_300px-1.png\",\"width\":300,\"height\":100,\"caption\":\"All cars news\"},\"image\":{\"@id\":\"https:\/\/all-car-news.com\/es\/#\/schema\/logo\/image\/\"}}]}<\/script>\n<!-- \/ Yoast SEO plugin. -->","yoast_head_json":{"title":"Retrato de coche: El BMW M2 de R\u00e9neau - All cars news","robots":{"index":"index","follow":"follow","max-snippet":"max-snippet:-1","max-image-preview":"max-image-preview:large","max-video-preview":"max-video-preview:-1"},"canonical":"https:\/\/all-car-news.com\/es\/retrato-de-coche-el-bmw-m2-de-reneau\/","og_locale":"es_ES","og_type":"article","og_title":"Retrato de coche: El BMW M2 de R\u00e9neau - All cars news","og_description":"\u00bfPor qu\u00e9 eligi\u00f3 un BMW M2 y qu\u00e9 coches tuvo antes? \"Tuve 15 coches antes de esto. El M2 era el sucesor de un E36 325i, que yo hab\u00eda convertido en un coche de circuito. Era autom\u00e1tico, pero sustituimos la caja de cambios por una manual. Antes de eso, ten\u00eda un MINI [...]","og_url":"https:\/\/all-car-news.com\/es\/retrato-de-coche-el-bmw-m2-de-reneau\/","og_site_name":"All cars news","article_published_time":"2023-11-23T14:56:16+00:00","og_image":[{"url":"https:\/\/autorai.nl\/wp-content\/uploads\/2023\/11\/IMG_1142-1140x760.jpg"}],"twitter_card":"summary_large_image","twitter_misc":{"Tiempo de lectura":"4 minutos"},"schema":{"@context":"https:\/\/schema.org","@graph":[{"@type":"Article","@id":"https:\/\/all-car-news.com\/es\/retrato-de-coche-el-bmw-m2-de-reneau\/#article","isPartOf":{"@id":"https:\/\/all-car-news.com\/es\/retrato-de-coche-el-bmw-m2-de-reneau\/"},"author":{"name":"","@id":""},"headline":"Retrato de coche: El BMW M2 de R\u00e9neau","datePublished":"2023-11-23T14:56:16+00:00","dateModified":"2023-11-23T14:56:16+00:00","mainEntityOfPage":{"@id":"https:\/\/all-car-news.com\/es\/retrato-de-coche-el-bmw-m2-de-reneau\/"},"wordCount":782,"publisher":{"@id":"https:\/\/all-car-news.com\/es\/#organization"},"articleSection":["Fondo","noticias de autos"],"inLanguage":"es"},{"@type":"WebPage","@id":"https:\/\/all-car-news.com\/es\/retrato-de-coche-el-bmw-m2-de-reneau\/","url":"https:\/\/all-car-news.com\/es\/retrato-de-coche-el-bmw-m2-de-reneau\/","name":"Retrato de coche: El BMW M2 de R\u00e9neau - All cars news","isPartOf":{"@id":"https:\/\/all-car-news.com\/es\/#website"},"datePublished":"2023-11-23T14:56:16+00:00","dateModified":"2023-11-23T14:56:16+00:00","breadcrumb":{"@id":"https:\/\/all-car-news.com\/es\/retrato-de-coche-el-bmw-m2-de-reneau\/#breadcrumb"},"inLanguage":"es","potentialAction":[{"@type":"ReadAction","target":["https:\/\/all-car-news.com\/es\/retrato-de-coche-el-bmw-m2-de-reneau\/"]}]},{"@type":"BreadcrumbList","@id":"https:\/\/all-car-news.com\/es\/retrato-de-coche-el-bmw-m2-de-reneau\/#breadcrumb","itemListElement":[{"@type":"ListItem","position":1,"name":"Home","item":"https:\/\/all-car-news.com\/es\/"},{"@type":"ListItem","position":2,"name":"Retrato de coche: El BMW M2 de R\u00e9neau"}]},{"@type":"WebSite","@id":"https:\/\/all-car-news.com\/es\/#website","url":"https:\/\/all-car-news.com\/es\/","name":"All cars news","description":"","publisher":{"@id":"https:\/\/all-car-news.com\/es\/#organization"},"potentialAction":[{"@type":"SearchAction","target":{"@type":"EntryPoint","urlTemplate":"https:\/\/all-car-news.com\/es\/?s={search_term_string}"},"query-input":"required name=search_term_string"}],"inLanguage":"es"},{"@type":"Organization","@id":"https:\/\/all-car-news.com\/es\/#organization","name":"All cars news","url":"https:\/\/all-car-news.com\/es\/","logo":{"@type":"ImageObject","inLanguage":"es","@id":"https:\/\/all-car-news.com\/es\/#\/schema\/logo\/image\/","url":"https:\/\/all-car-news.com\/wp-content\/uploads\/2022\/02\/CMYK-AllCarNews_LANDSCAPE_300px-1.png","contentUrl":"https:\/\/all-car-news.com\/wp-content\/uploads\/2022\/02\/CMYK-AllCarNews_LANDSCAPE_300px-1.png","width":300,"height":100,"caption":"All cars news"},"image":{"@id":"https:\/\/all-car-news.com\/es\/#\/schema\/logo\/image\/"}}]}},"_links":{"self":[{"href":"https:\/\/all-car-news.com\/es\/wp-json\/wp\/v2\/posts\/140779","targetHints":{"allow":["GET"]}}],"collection":[{"href":"https:\/\/all-car-news.com\/es\/wp-json\/wp\/v2\/posts"}],"about":[{"href":"https:\/\/all-car-news.com\/es\/wp-json\/wp\/v2\/types\/post"}],"replies":[{"embeddable":true,"href":"https:\/\/all-car-news.com\/es\/wp-json\/wp\/v2\/comments?post=140779"}],"version-history":[{"count":0,"href":"https:\/\/all-car-news.com\/es\/wp-json\/wp\/v2\/posts\/140779\/revisions"}],"wp:featuredmedia":[{"embeddable":true,"href":"https:\/\/all-car-news.com\/es\/wp-json\/wp\/v2\/media\/140769"}],"wp:attachment":[{"href":"https:\/\/all-car-news.com\/es\/wp-json\/wp\/v2\/media?parent=140779"}],"wp:term":[{"taxonomy":"category","embeddable":true,"href":"https:\/\/all-car-news.com\/es\/wp-json\/wp\/v2\/categories?post=140779"},{"taxonomy":"post_tag","embeddable":true,"href":"https:\/\/all-car-news.com\/es\/wp-json\/wp\/v2\/tags?post=140779"}],"curies":[{"name":"wp","href":"https:\/\/api.w.org\/{rel}","templated":true}]}}