{"id":140650,"date":"2023-11-19T08:21:00","date_gmt":"2023-11-19T08:21:00","guid":{"rendered":"https:\/\/all-car-news.com\/das-automotive-entra-en-el-creciente-mercado-de-las-fatbikes-electricas\/"},"modified":"2023-11-19T08:21:00","modified_gmt":"2023-11-19T08:21:00","slug":"das-automotive-entra-en-el-creciente-mercado-de-las-fatbikes-electricas","status":"publish","type":"post","link":"https:\/\/all-car-news.com\/es\/das-automotive-entra-en-el-creciente-mercado-de-las-fatbikes-electricas\/","title":{"rendered":"Das Automotive entra en el creciente mercado de las fatbikes el\u00e9ctricas"},"content":{"rendered":"<p>Das Automotive, conocido por ser uno de los principales importadores de coches de marca premium de Alemania a trav\u00e9s de DasImport.co.uk, ha ampliado sus miras y ahora se adentra con orgullo en el mercado en r\u00e1pido crecimiento de las fatbikes el\u00e9ctricas. Este audaz paso, bajo la ense\u00f1a <a href=\"https:\/\/dasbikes.nl\/\">Das Bikes<\/a>, marca no s\u00f3lo una ampliaci\u00f3n de la gama de productos, sino un cambio de paradigma en la b\u00fasqueda de soluciones integrales de movilidad para sus clientes.<\/p>\n<figure class=\"wp-block-image size-content\"><img decoding=\"async\" loading=\"lazy\" width=\"1140\" height=\"873\" src=\"https:\/\/autorai.nl\/wp-content\/uploads\/2023\/11\/BMW-X5-x-Das-Bike-x-Fold-1140x873.jpg\" alt=\"\" class=\"wp-image-169443\"><\/figure>\n<h2><strong>La fatbike como concepto revolucionario<\/strong><\/h2>\n<p>Das Bikes presenta la fatbike, una robusta bicicleta de dos ruedas deliberadamente dise\u00f1ada para ciclistas de aventura y entusiastas de la conducci\u00f3n todoterreno. Esta incorporaci\u00f3n a la gama no es s\u00f3lo una nueva opci\u00f3n; representa un movimiento estrat\u00e9gico para ofrecer a los clientes una soluci\u00f3n de movilidad hol\u00edstica m\u00e1s all\u00e1 de los coches de lujo por los que Das Automotive es conocida.<\/p>\n<h2><strong>Integraci\u00f3n perfecta con Das Bikes X Fold<\/strong><\/h2>\n<p>Una caracter\u00edstica notable de Das Bikes es su perfecta integraci\u00f3n con la l\u00ednea de productos existente, especialmente con la bicicleta el\u00e9ctrica plegable Das Bikes X Fold. Este ingenioso complemento permite a los clientes completar la \u00faltima parte de su trayecto por sus propios medios, independientemente de si aparcan el coche en las afueras de la ciudad y quieren recorrer el \u00faltimo tramo hasta el centro en bicicleta. Das Bikes X Fold ofrece as\u00ed una soluci\u00f3n de movilidad flexible y respetuosa con el medio ambiente.<\/p>\n<figure class=\"wp-block-image size-content\"><img decoding=\"async\" loading=\"lazy\" width=\"855\" height=\"1140\" src=\"https:\/\/autorai.nl\/wp-content\/uploads\/2023\/11\/PSX_20230612_093350-002-855x1140.jpg\" alt=\"\" class=\"wp-image-169442\"><\/figure>\n<h2><strong>Una expresi\u00f3n personal de estilo<\/strong><\/h2>\n<p>Lo que hace de Das Bikes un producto \u00fanico es la posibilidad de pedir la fatbike exactamente del mismo color que el coche. Esta opci\u00f3n de personalizaci\u00f3n va m\u00e1s all\u00e1 de la simple elecci\u00f3n de un color est\u00e1ndar; permite a los clientes crear una armon\u00eda visual perfecta entre su coche y su fatbike. El resultado no es s\u00f3lo una extensi\u00f3n funcional de la movilidad, sino tambi\u00e9n una expresi\u00f3n personal de estilo.<\/p>\n<h2><strong>Un estilo de vida, no s\u00f3lo movilidad<\/strong><\/h2>\n<p>La idea de ofrecer fatbikes del mismo color que el coche es simple pero genial. Esto convierte a la fatbike no s\u00f3lo en un c\u00f3modo medio de transporte, sino tambi\u00e9n en una extensi\u00f3n de la personalidad y el estilo de vida de su propietario. Ya sea circulando por las calles de la ciudad o explorando senderos todoterreno, la Das Bike en el color de tu coche es toda una declaraci\u00f3n de intenciones.<\/p>\n<h2><strong>De los veh\u00edculos al estilo de vida<\/strong><\/h2>\n<p>Con este enfoque innovador, Das Automotive va m\u00e1s all\u00e1 del suministro de veh\u00edculos: ofrece un estilo de vida completo. Se anima a los clientes no s\u00f3lo a circular con estilo, sino tambi\u00e9n en bicicleta, y la perfecta interacci\u00f3n entre el coche y la fatbike pone de relieve este concepto.<\/p>\n<h2><strong>Comprar una Fatbike el\u00e9ctrica: El futuro en tus manos<\/strong><\/h2>\n<p>Para los esp\u00edritus aventureros dispuestos a abrazar la revoluci\u00f3n de las fatbikes el\u00e9ctricas, Das Automotive ofrece ahora la oportunidad no s\u00f3lo de experimentar la movilidad, sino tambi\u00e9n de darle forma. Comprar una fatbike el\u00e9ctrica de Das Bikes significa invertir no s\u00f3lo en una pieza de tecnolog\u00eda punta, sino tambi\u00e9n en un estilo de vida que se adapta perfectamente a las preferencias personales y al aspecto de cada cliente. Tanto si buscas una compa\u00f1era resistente para aventuras todoterreno como un complemento con estilo para tus desplazamientos diarios, la amplia gama de fatbikes el\u00e9ctricas ofrece opciones que se adaptan a una gran variedad de necesidades y gustos. En Das Automotive no se trata s\u00f3lo de comprar un veh\u00edculo, sino de adquirir un s\u00edmbolo de libertad, estilo y movilidad sostenible que convierta cada trayecto en una aventura inolvidable. Toma el futuro de la movilidad en tus manos y descubre las apasionantes posibilidades de <a href=\"https:\/\/dasbikes.nl\/fatbike-kopen\/\">comprar una fatbike<\/a> el\u00e9ctrica en Das Bikes.<\/p>\n<h2><strong>Un enfoque global de la movilidad<\/strong><\/h2>\n<p>Lo que hace que Das Bikes sea a\u00fan m\u00e1s interesante no es s\u00f3lo la promesa de una nueva era en el ciclismo dentro de Das Automotive, sino tambi\u00e9n una evoluci\u00f3n en la forma en que experimentamos la movilidad. Adem\u00e1s de Das Bikes, Das Automotive tambi\u00e9n ofrece fatbikes de marcas de renombre como Phatfour, SUPER73, Esmaster y, por supuesto, Das Bikes. Ser\u00e1 fascinante ver c\u00f3mo repercutir\u00e1 en el mercado este enfoque integral de la movilidad y c\u00f3mo aprovechar\u00e1n los clientes la oportunidad de ampliar su experiencia automovil\u00edstica al mundo de las dos ruedas con Das Bikes.<\/p>\n<p>Con este salto a la era de las fatbikes el\u00e9ctricas, Das Automotive confirma su compromiso de dar forma al futuro de la movilidad, aunando innovaci\u00f3n, estilo y sostenibilidad en una experiencia fluida y personalizada para cada cliente.<\/p>\n","protected":false},"excerpt":{"rendered":"Das Automotive, conocido por ser uno de los principales importadores de coches de marca premium de Alemania a trav\u00e9s de&hellip;","protected":false},"author":0,"featured_media":140646,"comment_status":"","ping_status":"open","sticky":false,"template":"","format":"standard","meta":{"footnotes":""},"categories":[126],"tags":[],"class_list":["post-140650","post","type-post","status-publish","format-standard","has-post-thumbnail","hentry","category-noticias-de-autos"],"acf":[],"yoast_head":"<!-- This site is optimized with the Yoast SEO plugin v21.2 - https:\/\/yoast.com\/wordpress\/plugins\/seo\/ -->\n<title>Das Automotive entra en el creciente mercado de las fatbikes el\u00e9ctricas - All cars news<\/title>\n<meta name=\"robots\" content=\"index, follow, max-snippet:-1, max-image-preview:large, max-video-preview:-1\" \/>\n<link rel=\"canonical\" href=\"https:\/\/all-car-news.com\/es\/das-automotive-entra-en-el-creciente-mercado-de-las-fatbikes-electricas\/\" \/>\n<meta property=\"og:locale\" content=\"es_ES\" \/>\n<meta property=\"og:type\" content=\"article\" \/>\n<meta property=\"og:title\" content=\"Das Automotive entra en el creciente mercado de las fatbikes el\u00e9ctricas - All cars news\" \/>\n<meta property=\"og:description\" content=\"Das Automotive, conocido por ser uno de los principales importadores de coches de marca premium de Alemania a trav\u00e9s de DasImport.co.uk, ha ampliado sus miras y ahora se adentra con orgullo en el mercado en r\u00e1pido crecimiento de las fatbikes el\u00e9ctricas. Este audaz paso, bajo la ense\u00f1a Das Bikes, marca no s\u00f3lo una ampliaci\u00f3n de la gama de productos, sino un cambio de paradigma en la b\u00fasqueda de soluciones integrales de movilidad para [...].\" \/>\n<meta property=\"og:url\" content=\"https:\/\/all-car-news.com\/es\/das-automotive-entra-en-el-creciente-mercado-de-las-fatbikes-electricas\/\" \/>\n<meta property=\"og:site_name\" content=\"All cars news\" \/>\n<meta property=\"article:published_time\" content=\"2023-11-19T08:21:00+00:00\" \/>\n<meta property=\"og:image\" content=\"https:\/\/autorai.nl\/wp-content\/uploads\/2023\/11\/BMW-X5-x-Das-Bike-x-Fold-1140x873.jpg\" \/>\n<meta name=\"twitter:card\" content=\"summary_large_image\" \/>\n<meta name=\"twitter:label1\" content=\"Tiempo de lectura\" \/>\n\t<meta name=\"twitter:data1\" content=\"4 minutos\" \/>\n<script type=\"application\/ld+json\" class=\"yoast-schema-graph\">{\"@context\":\"https:\/\/schema.org\",\"@graph\":[{\"@type\":\"Article\",\"@id\":\"https:\/\/all-car-news.com\/es\/das-automotive-entra-en-el-creciente-mercado-de-las-fatbikes-electricas\/#article\",\"isPartOf\":{\"@id\":\"https:\/\/all-car-news.com\/es\/das-automotive-entra-en-el-creciente-mercado-de-las-fatbikes-electricas\/\"},\"author\":{\"name\":\"\",\"@id\":\"\"},\"headline\":\"Das Automotive entra en el creciente mercado de las fatbikes el\u00e9ctricas\",\"datePublished\":\"2023-11-19T08:21:00+00:00\",\"dateModified\":\"2023-11-19T08:21:00+00:00\",\"mainEntityOfPage\":{\"@id\":\"https:\/\/all-car-news.com\/es\/das-automotive-entra-en-el-creciente-mercado-de-las-fatbikes-electricas\/\"},\"wordCount\":836,\"publisher\":{\"@id\":\"https:\/\/all-car-news.com\/es\/#organization\"},\"articleSection\":[\"noticias de autos\"],\"inLanguage\":\"es\"},{\"@type\":\"WebPage\",\"@id\":\"https:\/\/all-car-news.com\/es\/das-automotive-entra-en-el-creciente-mercado-de-las-fatbikes-electricas\/\",\"url\":\"https:\/\/all-car-news.com\/es\/das-automotive-entra-en-el-creciente-mercado-de-las-fatbikes-electricas\/\",\"name\":\"Das Automotive entra en el creciente mercado de las fatbikes el\u00e9ctricas - All cars news\",\"isPartOf\":{\"@id\":\"https:\/\/all-car-news.com\/es\/#website\"},\"datePublished\":\"2023-11-19T08:21:00+00:00\",\"dateModified\":\"2023-11-19T08:21:00+00:00\",\"breadcrumb\":{\"@id\":\"https:\/\/all-car-news.com\/es\/das-automotive-entra-en-el-creciente-mercado-de-las-fatbikes-electricas\/#breadcrumb\"},\"inLanguage\":\"es\",\"potentialAction\":[{\"@type\":\"ReadAction\",\"target\":[\"https:\/\/all-car-news.com\/es\/das-automotive-entra-en-el-creciente-mercado-de-las-fatbikes-electricas\/\"]}]},{\"@type\":\"BreadcrumbList\",\"@id\":\"https:\/\/all-car-news.com\/es\/das-automotive-entra-en-el-creciente-mercado-de-las-fatbikes-electricas\/#breadcrumb\",\"itemListElement\":[{\"@type\":\"ListItem\",\"position\":1,\"name\":\"Home\",\"item\":\"https:\/\/all-car-news.com\/es\/\"},{\"@type\":\"ListItem\",\"position\":2,\"name\":\"Das Automotive entra en el creciente mercado de las fatbikes el\u00e9ctricas\"}]},{\"@type\":\"WebSite\",\"@id\":\"https:\/\/all-car-news.com\/es\/#website\",\"url\":\"https:\/\/all-car-news.com\/es\/\",\"name\":\"All cars news\",\"description\":\"\",\"publisher\":{\"@id\":\"https:\/\/all-car-news.com\/es\/#organization\"},\"potentialAction\":[{\"@type\":\"SearchAction\",\"target\":{\"@type\":\"EntryPoint\",\"urlTemplate\":\"https:\/\/all-car-news.com\/es\/?s={search_term_string}\"},\"query-input\":\"required name=search_term_string\"}],\"inLanguage\":\"es\"},{\"@type\":\"Organization\",\"@id\":\"https:\/\/all-car-news.com\/es\/#organization\",\"name\":\"All cars news\",\"url\":\"https:\/\/all-car-news.com\/es\/\",\"logo\":{\"@type\":\"ImageObject\",\"inLanguage\":\"es\",\"@id\":\"https:\/\/all-car-news.com\/es\/#\/schema\/logo\/image\/\",\"url\":\"https:\/\/all-car-news.com\/wp-content\/uploads\/2022\/02\/CMYK-AllCarNews_LANDSCAPE_300px-1.png\",\"contentUrl\":\"https:\/\/all-car-news.com\/wp-content\/uploads\/2022\/02\/CMYK-AllCarNews_LANDSCAPE_300px-1.png\",\"width\":300,\"height\":100,\"caption\":\"All cars news\"},\"image\":{\"@id\":\"https:\/\/all-car-news.com\/es\/#\/schema\/logo\/image\/\"}}]}<\/script>\n<!-- \/ Yoast SEO plugin. -->","yoast_head_json":{"title":"Das Automotive entra en el creciente mercado de las fatbikes el\u00e9ctricas - All cars news","robots":{"index":"index","follow":"follow","max-snippet":"max-snippet:-1","max-image-preview":"max-image-preview:large","max-video-preview":"max-video-preview:-1"},"canonical":"https:\/\/all-car-news.com\/es\/das-automotive-entra-en-el-creciente-mercado-de-las-fatbikes-electricas\/","og_locale":"es_ES","og_type":"article","og_title":"Das Automotive entra en el creciente mercado de las fatbikes el\u00e9ctricas - All cars news","og_description":"Das Automotive, conocido por ser uno de los principales importadores de coches de marca premium de Alemania a trav\u00e9s de DasImport.co.uk, ha ampliado sus miras y ahora se adentra con orgullo en el mercado en r\u00e1pido crecimiento de las fatbikes el\u00e9ctricas. Este audaz paso, bajo la ense\u00f1a Das Bikes, marca no s\u00f3lo una ampliaci\u00f3n de la gama de productos, sino un cambio de paradigma en la b\u00fasqueda de soluciones integrales de movilidad para [...].","og_url":"https:\/\/all-car-news.com\/es\/das-automotive-entra-en-el-creciente-mercado-de-las-fatbikes-electricas\/","og_site_name":"All cars news","article_published_time":"2023-11-19T08:21:00+00:00","og_image":[{"url":"https:\/\/autorai.nl\/wp-content\/uploads\/2023\/11\/BMW-X5-x-Das-Bike-x-Fold-1140x873.jpg"}],"twitter_card":"summary_large_image","twitter_misc":{"Tiempo de lectura":"4 minutos"},"schema":{"@context":"https:\/\/schema.org","@graph":[{"@type":"Article","@id":"https:\/\/all-car-news.com\/es\/das-automotive-entra-en-el-creciente-mercado-de-las-fatbikes-electricas\/#article","isPartOf":{"@id":"https:\/\/all-car-news.com\/es\/das-automotive-entra-en-el-creciente-mercado-de-las-fatbikes-electricas\/"},"author":{"name":"","@id":""},"headline":"Das Automotive entra en el creciente mercado de las fatbikes el\u00e9ctricas","datePublished":"2023-11-19T08:21:00+00:00","dateModified":"2023-11-19T08:21:00+00:00","mainEntityOfPage":{"@id":"https:\/\/all-car-news.com\/es\/das-automotive-entra-en-el-creciente-mercado-de-las-fatbikes-electricas\/"},"wordCount":836,"publisher":{"@id":"https:\/\/all-car-news.com\/es\/#organization"},"articleSection":["noticias de autos"],"inLanguage":"es"},{"@type":"WebPage","@id":"https:\/\/all-car-news.com\/es\/das-automotive-entra-en-el-creciente-mercado-de-las-fatbikes-electricas\/","url":"https:\/\/all-car-news.com\/es\/das-automotive-entra-en-el-creciente-mercado-de-las-fatbikes-electricas\/","name":"Das Automotive entra en el creciente mercado de las fatbikes el\u00e9ctricas - All cars news","isPartOf":{"@id":"https:\/\/all-car-news.com\/es\/#website"},"datePublished":"2023-11-19T08:21:00+00:00","dateModified":"2023-11-19T08:21:00+00:00","breadcrumb":{"@id":"https:\/\/all-car-news.com\/es\/das-automotive-entra-en-el-creciente-mercado-de-las-fatbikes-electricas\/#breadcrumb"},"inLanguage":"es","potentialAction":[{"@type":"ReadAction","target":["https:\/\/all-car-news.com\/es\/das-automotive-entra-en-el-creciente-mercado-de-las-fatbikes-electricas\/"]}]},{"@type":"BreadcrumbList","@id":"https:\/\/all-car-news.com\/es\/das-automotive-entra-en-el-creciente-mercado-de-las-fatbikes-electricas\/#breadcrumb","itemListElement":[{"@type":"ListItem","position":1,"name":"Home","item":"https:\/\/all-car-news.com\/es\/"},{"@type":"ListItem","position":2,"name":"Das Automotive entra en el creciente mercado de las fatbikes el\u00e9ctricas"}]},{"@type":"WebSite","@id":"https:\/\/all-car-news.com\/es\/#website","url":"https:\/\/all-car-news.com\/es\/","name":"All cars news","description":"","publisher":{"@id":"https:\/\/all-car-news.com\/es\/#organization"},"potentialAction":[{"@type":"SearchAction","target":{"@type":"EntryPoint","urlTemplate":"https:\/\/all-car-news.com\/es\/?s={search_term_string}"},"query-input":"required name=search_term_string"}],"inLanguage":"es"},{"@type":"Organization","@id":"https:\/\/all-car-news.com\/es\/#organization","name":"All cars news","url":"https:\/\/all-car-news.com\/es\/","logo":{"@type":"ImageObject","inLanguage":"es","@id":"https:\/\/all-car-news.com\/es\/#\/schema\/logo\/image\/","url":"https:\/\/all-car-news.com\/wp-content\/uploads\/2022\/02\/CMYK-AllCarNews_LANDSCAPE_300px-1.png","contentUrl":"https:\/\/all-car-news.com\/wp-content\/uploads\/2022\/02\/CMYK-AllCarNews_LANDSCAPE_300px-1.png","width":300,"height":100,"caption":"All cars news"},"image":{"@id":"https:\/\/all-car-news.com\/es\/#\/schema\/logo\/image\/"}}]}},"_links":{"self":[{"href":"https:\/\/all-car-news.com\/es\/wp-json\/wp\/v2\/posts\/140650","targetHints":{"allow":["GET"]}}],"collection":[{"href":"https:\/\/all-car-news.com\/es\/wp-json\/wp\/v2\/posts"}],"about":[{"href":"https:\/\/all-car-news.com\/es\/wp-json\/wp\/v2\/types\/post"}],"replies":[{"embeddable":true,"href":"https:\/\/all-car-news.com\/es\/wp-json\/wp\/v2\/comments?post=140650"}],"version-history":[{"count":0,"href":"https:\/\/all-car-news.com\/es\/wp-json\/wp\/v2\/posts\/140650\/revisions"}],"wp:featuredmedia":[{"embeddable":true,"href":"https:\/\/all-car-news.com\/es\/wp-json\/wp\/v2\/media\/140646"}],"wp:attachment":[{"href":"https:\/\/all-car-news.com\/es\/wp-json\/wp\/v2\/media?parent=140650"}],"wp:term":[{"taxonomy":"category","embeddable":true,"href":"https:\/\/all-car-news.com\/es\/wp-json\/wp\/v2\/categories?post=140650"},{"taxonomy":"post_tag","embeddable":true,"href":"https:\/\/all-car-news.com\/es\/wp-json\/wp\/v2\/tags?post=140650"}],"curies":[{"name":"wp","href":"https:\/\/api.w.org\/{rel}","templated":true}]}}