{"id":140548,"date":"2023-11-15T07:26:00","date_gmt":"2023-11-15T07:26:00","guid":{"rendered":"https:\/\/all-car-news.com\/los-holandeses-eligen-en-masa-los-viajes-por-carretera\/"},"modified":"2023-11-15T07:26:00","modified_gmt":"2023-11-15T07:26:00","slug":"los-holandeses-eligen-en-masa-los-viajes-por-carretera","status":"publish","type":"post","link":"https:\/\/all-car-news.com\/es\/los-holandeses-eligen-en-masa-los-viajes-por-carretera\/","title":{"rendered":"Los holandeses eligen en masa los viajes por carretera"},"content":{"rendered":"<h2>El avi\u00f3n pierde contra el coche<\/h2>\n<p>En 2022, 4,2 millones de veraneantes (el 35%) cogieron el avi\u00f3n, lo que supone un descenso de un mill\u00f3n de vuelos respecto a 2019, cuando fue, por tanto, del 44%. \u00bfPor qu\u00e9 es tan popular? Un coche ofrece la m\u00e1xima sensaci\u00f3n de libertad. Adem\u00e1s, no hace falta cruzar medio mundo en avi\u00f3n para ver primero cosas bonitas. Simplemente entras y las vacaciones ya han empezado.<\/p>\n<h2>Viaje por carretera<\/h2>\n<p>Tambi\u00e9n hay mucho que explorar en coche en Europa, e incluso s\u00f3lo en los Pa\u00edses Bajos. El viaje por carretera es especialmente popular por este motivo. Recorrer una bonita ruta en grupo, en solitario o a solas es, por supuesto, muy divertido. Pero un viaje por carretera no s\u00f3lo es posible en el extranjero. Tambi\u00e9n hay rutas m\u00e1s que divertidas en Holanda: piense en un viaje de ida y vuelta por Frisia, un recorrido por el Utrechtse Heuvelrug o un agradable viaje por Overijssel y Drenthe.<\/p>\n<h2>Buena compa\u00f1\u00eda<\/h2>\n<p>La duraci\u00f3n de un viaje por carretera no importa. Se trata de la idea de no tener que hacer nada durante un tiempo, sino simplemente hacer turismo mientras se disfruta de buena compa\u00f1\u00eda o de m\u00fasica agradable. Pausas ocasionales para un sabroso tentempi\u00e9 antes de continuar de nuevo el camino, hacia lo desconocido. Si le falta inspiraci\u00f3n para un viaje por carretera, puede considerar la posibilidad de unirse a los <a href=\"https:\/\/www.fancycartours.com\/\" target=\"_blank\" rel=\"noreferrer noopener\">eventos automovil\u00edsticos<\/a> de FancyCarTours, en los que saldr\u00e1 a la carretera con un grupo m\u00e1s numeroso de entusiastas de los coches. En este sentido, todos los a\u00f1os se organizan diversos actos, como un recorrido por todos los diques de Zelanda, una cabalgata de A\u00f1o Nuevo o un viaje al Benelux.<\/p>\n<h2>Autom\u00e1ticamente<\/h2>\n<p>\u00bfPuede ser un poco m\u00e1s lejos de casa? Peri\u00f3dicamente se celebra un rally automovil\u00edstico en Escocia, Francia, Austria, Alemania o en la a\u00fan relativamente desconocida Eslovenia, por ejemplo. En todos estos pa\u00edses encontrar\u00e1 hermosas carreteras y pintorescas rutas que podr\u00e1 explorar solo, con un grupo de amigos o con una compa\u00f1\u00eda m\u00e1s grande. Si sales solo o con un grupo de amigos, t\u00fa decides el ritmo y el lugar de tu estancia. Si opta por un viaje organizado, s\u00f3lo tendr\u00e1 que seguir el itinerario y ponerse en marcha. B\u00e1sicamente, hay mucho donde elegir cuando se trata de vacaciones en coche.<\/p>\n","protected":false},"excerpt":{"rendered":"El avi\u00f3n pierde frente al coche En 2022, 4,2 millones de veraneantes (el 35%) cogieron el avi\u00f3n, un mill\u00f3n de&hellip;","protected":false},"author":0,"featured_media":140541,"comment_status":"","ping_status":"open","sticky":false,"template":"","format":"standard","meta":{"footnotes":""},"categories":[126],"tags":[],"class_list":["post-140548","post","type-post","status-publish","format-standard","has-post-thumbnail","hentry","category-noticias-de-autos"],"acf":[],"yoast_head":"<!-- This site is optimized with the Yoast SEO plugin v21.2 - https:\/\/yoast.com\/wordpress\/plugins\/seo\/ -->\n<title>Los holandeses eligen en masa los viajes por carretera - All cars news<\/title>\n<meta name=\"robots\" content=\"index, follow, max-snippet:-1, max-image-preview:large, max-video-preview:-1\" \/>\n<link rel=\"canonical\" href=\"https:\/\/all-car-news.com\/es\/los-holandeses-eligen-en-masa-los-viajes-por-carretera\/\" \/>\n<meta property=\"og:locale\" content=\"es_ES\" \/>\n<meta property=\"og:type\" content=\"article\" \/>\n<meta property=\"og:title\" content=\"Los holandeses eligen en masa los viajes por carretera - All cars news\" \/>\n<meta property=\"og:description\" content=\"El avi\u00f3n pierde frente al coche En 2022, 4,2 millones de veraneantes (el 35%) cogieron el avi\u00f3n, un mill\u00f3n de vuelos menos que en 2019, cuando fue as\u00ed el 44%. \u00bfPor qu\u00e9 es tan popular? Un coche ofrece la m\u00e1xima sensaci\u00f3n de libertad. Adem\u00e1s, no hace falta recorrer medio mundo primero [...].\" \/>\n<meta property=\"og:url\" content=\"https:\/\/all-car-news.com\/es\/los-holandeses-eligen-en-masa-los-viajes-por-carretera\/\" \/>\n<meta property=\"og:site_name\" content=\"All cars news\" \/>\n<meta property=\"article:published_time\" content=\"2023-11-15T07:26:00+00:00\" \/>\n<meta name=\"twitter:card\" content=\"summary_large_image\" \/>\n<meta name=\"twitter:label1\" content=\"Tiempo de lectura\" \/>\n\t<meta name=\"twitter:data1\" content=\"2 minutos\" \/>\n<script type=\"application\/ld+json\" class=\"yoast-schema-graph\">{\"@context\":\"https:\/\/schema.org\",\"@graph\":[{\"@type\":\"Article\",\"@id\":\"https:\/\/all-car-news.com\/es\/los-holandeses-eligen-en-masa-los-viajes-por-carretera\/#article\",\"isPartOf\":{\"@id\":\"https:\/\/all-car-news.com\/es\/los-holandeses-eligen-en-masa-los-viajes-por-carretera\/\"},\"author\":{\"name\":\"\",\"@id\":\"\"},\"headline\":\"Los holandeses eligen en masa los viajes por carretera\",\"datePublished\":\"2023-11-15T07:26:00+00:00\",\"dateModified\":\"2023-11-15T07:26:00+00:00\",\"mainEntityOfPage\":{\"@id\":\"https:\/\/all-car-news.com\/es\/los-holandeses-eligen-en-masa-los-viajes-por-carretera\/\"},\"wordCount\":419,\"publisher\":{\"@id\":\"https:\/\/all-car-news.com\/es\/#organization\"},\"articleSection\":[\"noticias de autos\"],\"inLanguage\":\"es\"},{\"@type\":\"WebPage\",\"@id\":\"https:\/\/all-car-news.com\/es\/los-holandeses-eligen-en-masa-los-viajes-por-carretera\/\",\"url\":\"https:\/\/all-car-news.com\/es\/los-holandeses-eligen-en-masa-los-viajes-por-carretera\/\",\"name\":\"Los holandeses eligen en masa los viajes por carretera - All cars news\",\"isPartOf\":{\"@id\":\"https:\/\/all-car-news.com\/es\/#website\"},\"datePublished\":\"2023-11-15T07:26:00+00:00\",\"dateModified\":\"2023-11-15T07:26:00+00:00\",\"breadcrumb\":{\"@id\":\"https:\/\/all-car-news.com\/es\/los-holandeses-eligen-en-masa-los-viajes-por-carretera\/#breadcrumb\"},\"inLanguage\":\"es\",\"potentialAction\":[{\"@type\":\"ReadAction\",\"target\":[\"https:\/\/all-car-news.com\/es\/los-holandeses-eligen-en-masa-los-viajes-por-carretera\/\"]}]},{\"@type\":\"BreadcrumbList\",\"@id\":\"https:\/\/all-car-news.com\/es\/los-holandeses-eligen-en-masa-los-viajes-por-carretera\/#breadcrumb\",\"itemListElement\":[{\"@type\":\"ListItem\",\"position\":1,\"name\":\"Home\",\"item\":\"https:\/\/all-car-news.com\/es\/\"},{\"@type\":\"ListItem\",\"position\":2,\"name\":\"Los holandeses eligen en masa los viajes por carretera\"}]},{\"@type\":\"WebSite\",\"@id\":\"https:\/\/all-car-news.com\/es\/#website\",\"url\":\"https:\/\/all-car-news.com\/es\/\",\"name\":\"All cars news\",\"description\":\"\",\"publisher\":{\"@id\":\"https:\/\/all-car-news.com\/es\/#organization\"},\"potentialAction\":[{\"@type\":\"SearchAction\",\"target\":{\"@type\":\"EntryPoint\",\"urlTemplate\":\"https:\/\/all-car-news.com\/es\/?s={search_term_string}\"},\"query-input\":\"required name=search_term_string\"}],\"inLanguage\":\"es\"},{\"@type\":\"Organization\",\"@id\":\"https:\/\/all-car-news.com\/es\/#organization\",\"name\":\"All cars news\",\"url\":\"https:\/\/all-car-news.com\/es\/\",\"logo\":{\"@type\":\"ImageObject\",\"inLanguage\":\"es\",\"@id\":\"https:\/\/all-car-news.com\/es\/#\/schema\/logo\/image\/\",\"url\":\"https:\/\/all-car-news.com\/wp-content\/uploads\/2022\/02\/CMYK-AllCarNews_LANDSCAPE_300px-1.png\",\"contentUrl\":\"https:\/\/all-car-news.com\/wp-content\/uploads\/2022\/02\/CMYK-AllCarNews_LANDSCAPE_300px-1.png\",\"width\":300,\"height\":100,\"caption\":\"All cars news\"},\"image\":{\"@id\":\"https:\/\/all-car-news.com\/es\/#\/schema\/logo\/image\/\"}}]}<\/script>\n<!-- \/ Yoast SEO plugin. -->","yoast_head_json":{"title":"Los holandeses eligen en masa los viajes por carretera - All cars news","robots":{"index":"index","follow":"follow","max-snippet":"max-snippet:-1","max-image-preview":"max-image-preview:large","max-video-preview":"max-video-preview:-1"},"canonical":"https:\/\/all-car-news.com\/es\/los-holandeses-eligen-en-masa-los-viajes-por-carretera\/","og_locale":"es_ES","og_type":"article","og_title":"Los holandeses eligen en masa los viajes por carretera - All cars news","og_description":"El avi\u00f3n pierde frente al coche En 2022, 4,2 millones de veraneantes (el 35%) cogieron el avi\u00f3n, un mill\u00f3n de vuelos menos que en 2019, cuando fue as\u00ed el 44%. \u00bfPor qu\u00e9 es tan popular? Un coche ofrece la m\u00e1xima sensaci\u00f3n de libertad. Adem\u00e1s, no hace falta recorrer medio mundo primero [...].","og_url":"https:\/\/all-car-news.com\/es\/los-holandeses-eligen-en-masa-los-viajes-por-carretera\/","og_site_name":"All cars news","article_published_time":"2023-11-15T07:26:00+00:00","twitter_card":"summary_large_image","twitter_misc":{"Tiempo de lectura":"2 minutos"},"schema":{"@context":"https:\/\/schema.org","@graph":[{"@type":"Article","@id":"https:\/\/all-car-news.com\/es\/los-holandeses-eligen-en-masa-los-viajes-por-carretera\/#article","isPartOf":{"@id":"https:\/\/all-car-news.com\/es\/los-holandeses-eligen-en-masa-los-viajes-por-carretera\/"},"author":{"name":"","@id":""},"headline":"Los holandeses eligen en masa los viajes por carretera","datePublished":"2023-11-15T07:26:00+00:00","dateModified":"2023-11-15T07:26:00+00:00","mainEntityOfPage":{"@id":"https:\/\/all-car-news.com\/es\/los-holandeses-eligen-en-masa-los-viajes-por-carretera\/"},"wordCount":419,"publisher":{"@id":"https:\/\/all-car-news.com\/es\/#organization"},"articleSection":["noticias de autos"],"inLanguage":"es"},{"@type":"WebPage","@id":"https:\/\/all-car-news.com\/es\/los-holandeses-eligen-en-masa-los-viajes-por-carretera\/","url":"https:\/\/all-car-news.com\/es\/los-holandeses-eligen-en-masa-los-viajes-por-carretera\/","name":"Los holandeses eligen en masa los viajes por carretera - All cars news","isPartOf":{"@id":"https:\/\/all-car-news.com\/es\/#website"},"datePublished":"2023-11-15T07:26:00+00:00","dateModified":"2023-11-15T07:26:00+00:00","breadcrumb":{"@id":"https:\/\/all-car-news.com\/es\/los-holandeses-eligen-en-masa-los-viajes-por-carretera\/#breadcrumb"},"inLanguage":"es","potentialAction":[{"@type":"ReadAction","target":["https:\/\/all-car-news.com\/es\/los-holandeses-eligen-en-masa-los-viajes-por-carretera\/"]}]},{"@type":"BreadcrumbList","@id":"https:\/\/all-car-news.com\/es\/los-holandeses-eligen-en-masa-los-viajes-por-carretera\/#breadcrumb","itemListElement":[{"@type":"ListItem","position":1,"name":"Home","item":"https:\/\/all-car-news.com\/es\/"},{"@type":"ListItem","position":2,"name":"Los holandeses eligen en masa los viajes por carretera"}]},{"@type":"WebSite","@id":"https:\/\/all-car-news.com\/es\/#website","url":"https:\/\/all-car-news.com\/es\/","name":"All cars news","description":"","publisher":{"@id":"https:\/\/all-car-news.com\/es\/#organization"},"potentialAction":[{"@type":"SearchAction","target":{"@type":"EntryPoint","urlTemplate":"https:\/\/all-car-news.com\/es\/?s={search_term_string}"},"query-input":"required name=search_term_string"}],"inLanguage":"es"},{"@type":"Organization","@id":"https:\/\/all-car-news.com\/es\/#organization","name":"All cars news","url":"https:\/\/all-car-news.com\/es\/","logo":{"@type":"ImageObject","inLanguage":"es","@id":"https:\/\/all-car-news.com\/es\/#\/schema\/logo\/image\/","url":"https:\/\/all-car-news.com\/wp-content\/uploads\/2022\/02\/CMYK-AllCarNews_LANDSCAPE_300px-1.png","contentUrl":"https:\/\/all-car-news.com\/wp-content\/uploads\/2022\/02\/CMYK-AllCarNews_LANDSCAPE_300px-1.png","width":300,"height":100,"caption":"All cars news"},"image":{"@id":"https:\/\/all-car-news.com\/es\/#\/schema\/logo\/image\/"}}]}},"_links":{"self":[{"href":"https:\/\/all-car-news.com\/es\/wp-json\/wp\/v2\/posts\/140548","targetHints":{"allow":["GET"]}}],"collection":[{"href":"https:\/\/all-car-news.com\/es\/wp-json\/wp\/v2\/posts"}],"about":[{"href":"https:\/\/all-car-news.com\/es\/wp-json\/wp\/v2\/types\/post"}],"replies":[{"embeddable":true,"href":"https:\/\/all-car-news.com\/es\/wp-json\/wp\/v2\/comments?post=140548"}],"version-history":[{"count":0,"href":"https:\/\/all-car-news.com\/es\/wp-json\/wp\/v2\/posts\/140548\/revisions"}],"wp:featuredmedia":[{"embeddable":true,"href":"https:\/\/all-car-news.com\/es\/wp-json\/wp\/v2\/media\/140541"}],"wp:attachment":[{"href":"https:\/\/all-car-news.com\/es\/wp-json\/wp\/v2\/media?parent=140548"}],"wp:term":[{"taxonomy":"category","embeddable":true,"href":"https:\/\/all-car-news.com\/es\/wp-json\/wp\/v2\/categories?post=140548"},{"taxonomy":"post_tag","embeddable":true,"href":"https:\/\/all-car-news.com\/es\/wp-json\/wp\/v2\/tags?post=140548"}],"curies":[{"name":"wp","href":"https:\/\/api.w.org\/{rel}","templated":true}]}}