{"id":140308,"date":"2023-11-03T15:46:27","date_gmt":"2023-11-03T15:46:27","guid":{"rendered":"https:\/\/all-car-news.com\/las-ventas-de-motos-por-las-nubes\/"},"modified":"2023-11-03T15:46:27","modified_gmt":"2023-11-03T15:46:27","slug":"las-ventas-de-motos-por-las-nubes","status":"publish","type":"post","link":"https:\/\/all-car-news.com\/es\/las-ventas-de-motos-por-las-nubes\/","title":{"rendered":"Las ventas de motos, por las nubes"},"content":{"rendered":"<p>El mes pasado se matricularon un 25,3% m\u00e1s de motos nuevas (990 unidades) que en octubre de 2022 (790 unidades). Con ese importante plus, la tendencia al alza de las matriculaciones de motocicletas continuar\u00e1 en 2023. En lo que va de a\u00f1o se han matriculado un total de 16.533 motocicletas, mientras que en octubre de 2022 la cifra se manten\u00eda en 14.341 (+15,3%). Esto informa la Asociaci\u00f3n RAI y BOVAG.<\/p>\n<h2>Los viajeros descubren la moto<\/h2>\n<p>\u00abHay varias explicaciones para la creciente popularidad de las motos. Por ejemplo, parece que cada vez m\u00e1s viajeros descubren la moto como alternativa al coche o al transporte p\u00fablico. Tambi\u00e9n aumenta el n\u00famero de j\u00f3venes que se sacan el carn\u00e9 de moto. Y adem\u00e1s, para cada vez m\u00e1s holandeses, la moto es tambi\u00e9n pura relajaci\u00f3n\u00bb, afirma Martijn van Eikenhorst, responsable de la secci\u00f3n de motos de la Asociaci\u00f3n RAI.<\/p>\n<p><strong>Las 3 primeras marcas de octubre de 2023<\/strong><\/p>\n<ol>\n<li>Yamaha (163 matriculaciones, 16,5% de cuota de mercado)<\/li>\n<li>BMW (135 matriculaciones, 13,6% de cuota de mercado)<\/li>\n<li>Kawasaki (128 matriculaciones, 12,9% de cuota de mercado)<\/li>\n<\/ol>\n<p><strong>Los 3 mejores modelos de octubre de 2023<\/strong><\/p>\n<ol>\n<li>BMW R1250 GS (47 matriculaciones, 4,7% de cuota de mercado)<\/li>\n<li>Yamaha MT-07 ( 36 matriculaciones, 3,6% de cuota de mercado)<\/li>\n<li>Kawasaki Ninja ZX-4RR (33 matriculaciones, 3,3% de cuota de mercado)<\/li>\n<\/ol>\n<p>&nbsp;<\/p>\n","protected":false},"excerpt":{"rendered":"El mes pasado se matricularon un 25,3% m\u00e1s de motos nuevas (990 unidades) que en octubre de 2022 (790 unidades).&hellip;","protected":false},"author":0,"featured_media":140306,"comment_status":"","ping_status":"open","sticky":false,"template":"","format":"standard","meta":{"footnotes":""},"categories":[126],"tags":[],"class_list":["post-140308","post","type-post","status-publish","format-standard","has-post-thumbnail","hentry","category-noticias-de-autos"],"acf":[],"yoast_head":"<!-- This site is optimized with the Yoast SEO plugin v21.2 - https:\/\/yoast.com\/wordpress\/plugins\/seo\/ -->\n<title>Las ventas de motos, por las nubes - All cars news<\/title>\n<meta name=\"robots\" content=\"index, follow, max-snippet:-1, max-image-preview:large, max-video-preview:-1\" \/>\n<link rel=\"canonical\" href=\"https:\/\/all-car-news.com\/es\/las-ventas-de-motos-por-las-nubes\/\" \/>\n<meta property=\"og:locale\" content=\"es_ES\" \/>\n<meta property=\"og:type\" content=\"article\" \/>\n<meta property=\"og:title\" content=\"Las ventas de motos, por las nubes - All cars news\" \/>\n<meta property=\"og:description\" content=\"El mes pasado se matricularon un 25,3% m\u00e1s de motos nuevas (990 unidades) que en octubre de 2022 (790 unidades). Con ese importante plus, la tendencia al alza de las matriculaciones de motocicletas continuar\u00e1 en 2023. En lo que va de a\u00f1o se han matriculado un total de 16.533 motocicletas, cifra que aumentar\u00e1 hasta [...] en 2022.\" \/>\n<meta property=\"og:url\" content=\"https:\/\/all-car-news.com\/es\/las-ventas-de-motos-por-las-nubes\/\" \/>\n<meta property=\"og:site_name\" content=\"All cars news\" \/>\n<meta property=\"article:published_time\" content=\"2023-11-03T15:46:27+00:00\" \/>\n<meta name=\"twitter:card\" content=\"summary_large_image\" \/>\n<meta name=\"twitter:label1\" content=\"Tiempo de lectura\" \/>\n\t<meta name=\"twitter:data1\" content=\"1 minuto\" \/>\n<script type=\"application\/ld+json\" class=\"yoast-schema-graph\">{\"@context\":\"https:\/\/schema.org\",\"@graph\":[{\"@type\":\"Article\",\"@id\":\"https:\/\/all-car-news.com\/es\/las-ventas-de-motos-por-las-nubes\/#article\",\"isPartOf\":{\"@id\":\"https:\/\/all-car-news.com\/es\/las-ventas-de-motos-por-las-nubes\/\"},\"author\":{\"name\":\"\",\"@id\":\"\"},\"headline\":\"Las ventas de motos, por las nubes\",\"datePublished\":\"2023-11-03T15:46:27+00:00\",\"dateModified\":\"2023-11-03T15:46:27+00:00\",\"mainEntityOfPage\":{\"@id\":\"https:\/\/all-car-news.com\/es\/las-ventas-de-motos-por-las-nubes\/\"},\"wordCount\":212,\"publisher\":{\"@id\":\"https:\/\/all-car-news.com\/es\/#organization\"},\"articleSection\":[\"noticias de autos\"],\"inLanguage\":\"es\"},{\"@type\":\"WebPage\",\"@id\":\"https:\/\/all-car-news.com\/es\/las-ventas-de-motos-por-las-nubes\/\",\"url\":\"https:\/\/all-car-news.com\/es\/las-ventas-de-motos-por-las-nubes\/\",\"name\":\"Las ventas de motos, por las nubes - All cars news\",\"isPartOf\":{\"@id\":\"https:\/\/all-car-news.com\/es\/#website\"},\"datePublished\":\"2023-11-03T15:46:27+00:00\",\"dateModified\":\"2023-11-03T15:46:27+00:00\",\"breadcrumb\":{\"@id\":\"https:\/\/all-car-news.com\/es\/las-ventas-de-motos-por-las-nubes\/#breadcrumb\"},\"inLanguage\":\"es\",\"potentialAction\":[{\"@type\":\"ReadAction\",\"target\":[\"https:\/\/all-car-news.com\/es\/las-ventas-de-motos-por-las-nubes\/\"]}]},{\"@type\":\"BreadcrumbList\",\"@id\":\"https:\/\/all-car-news.com\/es\/las-ventas-de-motos-por-las-nubes\/#breadcrumb\",\"itemListElement\":[{\"@type\":\"ListItem\",\"position\":1,\"name\":\"Home\",\"item\":\"https:\/\/all-car-news.com\/es\/\"},{\"@type\":\"ListItem\",\"position\":2,\"name\":\"Las ventas de motos, por las nubes\"}]},{\"@type\":\"WebSite\",\"@id\":\"https:\/\/all-car-news.com\/es\/#website\",\"url\":\"https:\/\/all-car-news.com\/es\/\",\"name\":\"All cars news\",\"description\":\"\",\"publisher\":{\"@id\":\"https:\/\/all-car-news.com\/es\/#organization\"},\"potentialAction\":[{\"@type\":\"SearchAction\",\"target\":{\"@type\":\"EntryPoint\",\"urlTemplate\":\"https:\/\/all-car-news.com\/es\/?s={search_term_string}\"},\"query-input\":\"required name=search_term_string\"}],\"inLanguage\":\"es\"},{\"@type\":\"Organization\",\"@id\":\"https:\/\/all-car-news.com\/es\/#organization\",\"name\":\"All cars news\",\"url\":\"https:\/\/all-car-news.com\/es\/\",\"logo\":{\"@type\":\"ImageObject\",\"inLanguage\":\"es\",\"@id\":\"https:\/\/all-car-news.com\/es\/#\/schema\/logo\/image\/\",\"url\":\"https:\/\/all-car-news.com\/wp-content\/uploads\/2022\/02\/CMYK-AllCarNews_LANDSCAPE_300px-1.png\",\"contentUrl\":\"https:\/\/all-car-news.com\/wp-content\/uploads\/2022\/02\/CMYK-AllCarNews_LANDSCAPE_300px-1.png\",\"width\":300,\"height\":100,\"caption\":\"All cars news\"},\"image\":{\"@id\":\"https:\/\/all-car-news.com\/es\/#\/schema\/logo\/image\/\"}}]}<\/script>\n<!-- \/ Yoast SEO plugin. -->","yoast_head_json":{"title":"Las ventas de motos, por las nubes - All cars news","robots":{"index":"index","follow":"follow","max-snippet":"max-snippet:-1","max-image-preview":"max-image-preview:large","max-video-preview":"max-video-preview:-1"},"canonical":"https:\/\/all-car-news.com\/es\/las-ventas-de-motos-por-las-nubes\/","og_locale":"es_ES","og_type":"article","og_title":"Las ventas de motos, por las nubes - All cars news","og_description":"El mes pasado se matricularon un 25,3% m\u00e1s de motos nuevas (990 unidades) que en octubre de 2022 (790 unidades). Con ese importante plus, la tendencia al alza de las matriculaciones de motocicletas continuar\u00e1 en 2023. En lo que va de a\u00f1o se han matriculado un total de 16.533 motocicletas, cifra que aumentar\u00e1 hasta [...] en 2022.","og_url":"https:\/\/all-car-news.com\/es\/las-ventas-de-motos-por-las-nubes\/","og_site_name":"All cars news","article_published_time":"2023-11-03T15:46:27+00:00","twitter_card":"summary_large_image","twitter_misc":{"Tiempo de lectura":"1 minuto"},"schema":{"@context":"https:\/\/schema.org","@graph":[{"@type":"Article","@id":"https:\/\/all-car-news.com\/es\/las-ventas-de-motos-por-las-nubes\/#article","isPartOf":{"@id":"https:\/\/all-car-news.com\/es\/las-ventas-de-motos-por-las-nubes\/"},"author":{"name":"","@id":""},"headline":"Las ventas de motos, por las nubes","datePublished":"2023-11-03T15:46:27+00:00","dateModified":"2023-11-03T15:46:27+00:00","mainEntityOfPage":{"@id":"https:\/\/all-car-news.com\/es\/las-ventas-de-motos-por-las-nubes\/"},"wordCount":212,"publisher":{"@id":"https:\/\/all-car-news.com\/es\/#organization"},"articleSection":["noticias de autos"],"inLanguage":"es"},{"@type":"WebPage","@id":"https:\/\/all-car-news.com\/es\/las-ventas-de-motos-por-las-nubes\/","url":"https:\/\/all-car-news.com\/es\/las-ventas-de-motos-por-las-nubes\/","name":"Las ventas de motos, por las nubes - All cars news","isPartOf":{"@id":"https:\/\/all-car-news.com\/es\/#website"},"datePublished":"2023-11-03T15:46:27+00:00","dateModified":"2023-11-03T15:46:27+00:00","breadcrumb":{"@id":"https:\/\/all-car-news.com\/es\/las-ventas-de-motos-por-las-nubes\/#breadcrumb"},"inLanguage":"es","potentialAction":[{"@type":"ReadAction","target":["https:\/\/all-car-news.com\/es\/las-ventas-de-motos-por-las-nubes\/"]}]},{"@type":"BreadcrumbList","@id":"https:\/\/all-car-news.com\/es\/las-ventas-de-motos-por-las-nubes\/#breadcrumb","itemListElement":[{"@type":"ListItem","position":1,"name":"Home","item":"https:\/\/all-car-news.com\/es\/"},{"@type":"ListItem","position":2,"name":"Las ventas de motos, por las nubes"}]},{"@type":"WebSite","@id":"https:\/\/all-car-news.com\/es\/#website","url":"https:\/\/all-car-news.com\/es\/","name":"All cars news","description":"","publisher":{"@id":"https:\/\/all-car-news.com\/es\/#organization"},"potentialAction":[{"@type":"SearchAction","target":{"@type":"EntryPoint","urlTemplate":"https:\/\/all-car-news.com\/es\/?s={search_term_string}"},"query-input":"required name=search_term_string"}],"inLanguage":"es"},{"@type":"Organization","@id":"https:\/\/all-car-news.com\/es\/#organization","name":"All cars news","url":"https:\/\/all-car-news.com\/es\/","logo":{"@type":"ImageObject","inLanguage":"es","@id":"https:\/\/all-car-news.com\/es\/#\/schema\/logo\/image\/","url":"https:\/\/all-car-news.com\/wp-content\/uploads\/2022\/02\/CMYK-AllCarNews_LANDSCAPE_300px-1.png","contentUrl":"https:\/\/all-car-news.com\/wp-content\/uploads\/2022\/02\/CMYK-AllCarNews_LANDSCAPE_300px-1.png","width":300,"height":100,"caption":"All cars news"},"image":{"@id":"https:\/\/all-car-news.com\/es\/#\/schema\/logo\/image\/"}}]}},"_links":{"self":[{"href":"https:\/\/all-car-news.com\/es\/wp-json\/wp\/v2\/posts\/140308","targetHints":{"allow":["GET"]}}],"collection":[{"href":"https:\/\/all-car-news.com\/es\/wp-json\/wp\/v2\/posts"}],"about":[{"href":"https:\/\/all-car-news.com\/es\/wp-json\/wp\/v2\/types\/post"}],"replies":[{"embeddable":true,"href":"https:\/\/all-car-news.com\/es\/wp-json\/wp\/v2\/comments?post=140308"}],"version-history":[{"count":0,"href":"https:\/\/all-car-news.com\/es\/wp-json\/wp\/v2\/posts\/140308\/revisions"}],"wp:featuredmedia":[{"embeddable":true,"href":"https:\/\/all-car-news.com\/es\/wp-json\/wp\/v2\/media\/140306"}],"wp:attachment":[{"href":"https:\/\/all-car-news.com\/es\/wp-json\/wp\/v2\/media?parent=140308"}],"wp:term":[{"taxonomy":"category","embeddable":true,"href":"https:\/\/all-car-news.com\/es\/wp-json\/wp\/v2\/categories?post=140308"},{"taxonomy":"post_tag","embeddable":true,"href":"https:\/\/all-car-news.com\/es\/wp-json\/wp\/v2\/tags?post=140308"}],"curies":[{"name":"wp","href":"https:\/\/api.w.org\/{rel}","templated":true}]}}