{"id":140255,"date":"2023-11-01T16:16:36","date_gmt":"2023-11-01T16:16:36","guid":{"rendered":"https:\/\/all-car-news.com\/prueba-bmw-ix1-2023-el-bmw-electrico-mas-barato\/"},"modified":"2023-11-01T16:16:36","modified_gmt":"2023-11-01T16:16:36","slug":"prueba-bmw-ix1-2023-el-bmw-electrico-mas-barato","status":"publish","type":"post","link":"https:\/\/all-car-news.com\/es\/prueba-bmw-ix1-2023-el-bmw-electrico-mas-barato\/","title":{"rendered":"Prueba &#8211; BMW iX1 (2023) &#8211; El BMW el\u00e9ctrico m\u00e1s barato"},"content":{"rendered":"<h2>BMW iX1<\/h2>\n<p>El iX1 deja claro que los coches el\u00e9ctricos se est\u00e1n abaratando r\u00e1pidamente, incluso en una marca premium como BMW. Con un precio de entrada a partir de 48.316 euros, el iX1 no es barato, pero se obtiene mucho m\u00e1s coche por su dinero que con el i3. El compacto urbano se adelant\u00f3 a su tiempo, pero con un precio de partida de 40.000 euros -y con algunas opciones llegaba a los 50.000- no era ninguna ganga. Por m\u00e1s de 48.000 euros, BMW te ofrece ahora un robusto SUV con una autonom\u00eda de hasta 475 kil\u00f3metros y una capacidad de carga de 130 kW. El i3 s\u00f3lo pod\u00eda so\u00f1ar con eso.<\/p>\n<figure class=\"wp-block-embed is-type-video is-provider-youtube wp-block-embed-youtube wp-embed-aspect-16-9 wp-has-aspect-ratio\">\n<div class=\"wp-block-embed__wrapper\">\n<\/div>\n<\/figure>\n<h2>variantes<\/h2>\n<p>Hay dos especificaciones disponibles en el momento de redactar este documento. La lista de precios comienza con el xDrive 20 a 48.300 euros. Produce 204 CV y tiene una autonom\u00eda WLTP reci\u00e9n mencionada de 475 kil\u00f3metros. Probamos el m\u00e1s potente xDrive 30, con un precio de partida de 57.850 euros, 313 CV y una autonom\u00eda WLTP de 438 kil\u00f3metros.<\/p>\n<figure class=\"wp-block-image size-content\"><img decoding=\"async\" loading=\"lazy\" width=\"1140\" height=\"760\" src=\"https:\/\/autorai.nl\/wp-content\/uploads\/2023\/11\/MW-iX1-2-1140x760.jpg\" alt=\"\" class=\"wp-image-168837\"><\/figure>\n<h2>dos motores<\/h2>\n<p>Gracias a dos motores el\u00e9ctricos, el xDrive30 tiene mucho agarre y es agradable y suave. Alcanza los 100 km\/h en 5,6 segundos y alcanza una velocidad m\u00e1xima de 180 km\/h, por lo que es m\u00e1s r\u00e1pido que sus competidores, como el Audi Q4 e-Tron y el Mercedes-Benz EQA, que alcanzan un m\u00e1ximo de 160 km\/h.<\/p>\n<figure class=\"wp-block-image size-content\"><img decoding=\"async\" loading=\"lazy\" width=\"1140\" height=\"760\" src=\"https:\/\/autorai.nl\/wp-content\/uploads\/2023\/11\/MW-iX1-6-1140x760.jpg\" alt=\"\" class=\"wp-image-168838\"><\/figure>\n<p>Como el xDrive30 tiene un motor el\u00e9ctrico m\u00e1s que la versi\u00f3n b\u00e1sica, consume algo m\u00e1s de potencia. Sobre el papel, recorre 438 kil\u00f3metros. Durante nuestra semana de pruebas alcanzamos un m\u00e1ximo de 380 kil\u00f3metros con una carga completa de la bater\u00eda. Una buena puntuaci\u00f3n. Obtiene su energ\u00eda de un paquete de bater\u00edas de 65 kWh. Un paquete m\u00e1s grande que BMW no ofrece en el SUV relativamente compacto.<\/p>\n<figure class=\"wp-block-image size-content\"><img decoding=\"async\" loading=\"lazy\" width=\"1140\" height=\"760\" src=\"https:\/\/autorai.nl\/wp-content\/uploads\/2023\/11\/MW-iX1-3-1140x760.jpg\" alt=\"\" class=\"wp-image-168839\"><\/figure>\n<h2>\u00bfCompacto?<\/h2>\n<p>No se puede decir que la iX1 sea compacta. Siendo el SUV m\u00e1s peque\u00f1o de la gama BMW, es de todo menos peque\u00f1o, tanto en longitud como en apariencia. La caracter\u00edstica parrilla BMW es casi cuadrada e imponente, con \u00e1ngulos y contornos agresivos que llaman la atenci\u00f3n. El iX1 totalmente el\u00e9ctrico tiene sutiles detalles azules alrededor del logotipo de BMW y la parrilla de pl\u00e1stico cerrada. Los faros ofrecen iluminaci\u00f3n LED de serie, pero opcionalmente se puede elegir la iluminaci\u00f3n matrix LED, que parece iluminar el mundo entero en cuanto se pone el sol. Pueden construir un par de faros en Alemania.<\/p>\n<figure class=\"wp-block-image size-content\"><img decoding=\"async\" loading=\"lazy\" width=\"1140\" height=\"760\" src=\"https:\/\/autorai.nl\/wp-content\/uploads\/2023\/11\/MW-iX1-14-1140x760.jpg\" alt=\"\" class=\"wp-image-168840\"><\/figure>\n<h2>Racionalizado  <\/h2>\n<p>Los tiradores de las puertas empotrados crean un perfil lateral aerodin\u00e1mico y puedes elegir entre llantas de 17, 18 o incluso 20 pulgadas. La zaga se caracteriza por un gran aler\u00f3n y unos faros traseros estrechos y elegantes en forma de L, junto con unos agresivos paragolpes que forman parte del paquete M opcional. Nos preguntamos si la pintura negra piano del parachoques trasero seguir\u00e1 sin ara\u00f1azos y brillante dentro de unos a\u00f1os. Por ahora, al menos, parece imponente.  <\/p>\n<figure class=\"wp-block-image size-content\"><img decoding=\"async\" loading=\"lazy\" width=\"1140\" height=\"760\" src=\"https:\/\/autorai.nl\/wp-content\/uploads\/2023\/11\/MW-iX1-4-1140x760.jpg\" alt=\"\" class=\"wp-image-168841\"><\/figure>\n<h2>i-Drive<\/h2>\n<p>En el interior, encontramos la conocida pantalla curva de BMW, familiar de los iX e i4. Esta pantalla alargada integra el cuadro de instrumentos digital y la pantalla de infoentretenimiento detr\u00e1s de un \u00fanico cristal, creando un aspecto elegante. El sistema de infoentretenimiento, BMW Operating System 9, responde bien y ofrece un dise\u00f1o f\u00e1cil de usar, aunque hay muchos iconos y men\u00fas.<\/p>\n<p>A diferencia del iX y el i4, el interior carece del bot\u00f3n iDrive. Se ha sustituido por un panel de control en la consola central flotante. Puede que cueste un poco acostumbrarse, pero afortunadamente hay control por voz para manejar muchas funciones mientras se conduce. El interior es a\u00fan m\u00e1s espacioso, con pr\u00e1cticos compartimentos portaobjetos, puntos de carga USB y portavasos, lo que convierte al iX1 en un SUV ideal para la familia.<\/p>\n<figure class=\"wp-block-image size-content\"><img decoding=\"async\" loading=\"lazy\" width=\"1140\" height=\"760\" src=\"https:\/\/autorai.nl\/wp-content\/uploads\/2023\/11\/MW-iX1-15-1140x760.jpg\" alt=\"\" class=\"wp-image-168843\"><\/figure>\n<figure class=\"wp-block-image size-content\"><img decoding=\"async\" loading=\"lazy\" width=\"1140\" height=\"760\" src=\"https:\/\/autorai.nl\/wp-content\/uploads\/2023\/11\/MW-iX1-8-1140x760.jpg\" alt=\"\" class=\"wp-image-168842\"><\/figure>\n<h2>Conclusi\u00f3n<\/h2>\n<p>El nuevo <a href=\"https:\/\/youtu.be\/zC_QLf9yqbk?si=uiyrVf6RBbY3HSRn\" target=\"_blank\" rel=\"noreferrer noopener\">BM iX1 <\/a>es una excelente incorporaci\u00f3n a la creciente flota de veh\u00edculos el\u00e9ctricos de BMW. Ofrece una excelente autonom\u00eda, una potente cadena cinem\u00e1tica y un aspecto elegante y robusto. El interior es moderno y espacioso, y el sistema de infoentretenimiento, a pesar de la ausencia del bot\u00f3n iDrive, es f\u00e1cil de usar. Aunque el precio no es precisamente barato, se obtiene una buena relaci\u00f3n calidad-precio. Si buscas un SUV el\u00e9ctrico elegante y de alta calidad, el BMW iX1 es una opci\u00f3n que merece la pena tener en cuenta. Te contamos m\u00e1s sobre sus caracter\u00edsticas de conducci\u00f3n en el siguiente v\u00eddeo:<\/p>\n<figure class=\"wp-block-embed is-type-video is-provider-youtube wp-block-embed-youtube wp-embed-aspect-16-9 wp-has-aspect-ratio\">\n<div class=\"wp-block-embed__wrapper\">\n<\/div>\n<\/figure>\n","protected":false},"excerpt":{"rendered":"BMW iX1 El iX1 deja claro que los coches el\u00e9ctricos se est\u00e1n abaratando r\u00e1pidamente, incluso para una marca premium como&hellip;","protected":false},"author":0,"featured_media":140245,"comment_status":"","ping_status":"open","sticky":false,"template":"","format":"standard","meta":{"footnotes":""},"categories":[145],"tags":[],"class_list":["post-140255","post","type-post","status-publish","format-standard","has-post-thumbnail","hentry","category-pruebas-de-autos"],"acf":[],"yoast_head":"<!-- This site is optimized with the Yoast SEO plugin v21.2 - https:\/\/yoast.com\/wordpress\/plugins\/seo\/ -->\n<title>Prueba - BMW iX1 (2023) - El BMW el\u00e9ctrico m\u00e1s barato - All cars news<\/title>\n<meta name=\"robots\" content=\"index, follow, max-snippet:-1, max-image-preview:large, max-video-preview:-1\" \/>\n<link rel=\"canonical\" href=\"https:\/\/all-car-news.com\/es\/prueba-bmw-ix1-2023-el-bmw-electrico-mas-barato\/\" \/>\n<meta property=\"og:locale\" content=\"es_ES\" \/>\n<meta property=\"og:type\" content=\"article\" \/>\n<meta property=\"og:title\" content=\"Prueba - BMW iX1 (2023) - El BMW el\u00e9ctrico m\u00e1s barato - All cars news\" \/>\n<meta property=\"og:description\" content=\"BMW iX1 El iX1 deja claro que los coches el\u00e9ctricos se est\u00e1n abaratando r\u00e1pidamente, incluso para una marca premium como BMW. Con un precio de entrada a partir de 48.316 euros, el iX1 no es barato, pero se obtiene mucho m\u00e1s coche por su dinero que con el i3. El coche urbano compacto se adelant\u00f3 a su tiempo [...]\" \/>\n<meta property=\"og:url\" content=\"https:\/\/all-car-news.com\/es\/prueba-bmw-ix1-2023-el-bmw-electrico-mas-barato\/\" \/>\n<meta property=\"og:site_name\" content=\"All cars news\" \/>\n<meta property=\"article:published_time\" content=\"2023-11-01T16:16:36+00:00\" \/>\n<meta property=\"og:image\" content=\"https:\/\/autorai.nl\/wp-content\/uploads\/2023\/11\/MW-iX1-2-1140x760.jpg\" \/>\n<meta name=\"twitter:card\" content=\"summary_large_image\" \/>\n<meta name=\"twitter:label1\" content=\"Tiempo de lectura\" \/>\n\t<meta name=\"twitter:data1\" content=\"4 minutos\" \/>\n<script type=\"application\/ld+json\" class=\"yoast-schema-graph\">{\"@context\":\"https:\/\/schema.org\",\"@graph\":[{\"@type\":\"Article\",\"@id\":\"https:\/\/all-car-news.com\/es\/prueba-bmw-ix1-2023-el-bmw-electrico-mas-barato\/#article\",\"isPartOf\":{\"@id\":\"https:\/\/all-car-news.com\/es\/prueba-bmw-ix1-2023-el-bmw-electrico-mas-barato\/\"},\"author\":{\"name\":\"\",\"@id\":\"\"},\"headline\":\"Prueba &#8211; BMW iX1 (2023) &#8211; El BMW el\u00e9ctrico m\u00e1s barato\",\"datePublished\":\"2023-11-01T16:16:36+00:00\",\"dateModified\":\"2023-11-01T16:16:36+00:00\",\"mainEntityOfPage\":{\"@id\":\"https:\/\/all-car-news.com\/es\/prueba-bmw-ix1-2023-el-bmw-electrico-mas-barato\/\"},\"wordCount\":780,\"publisher\":{\"@id\":\"https:\/\/all-car-news.com\/es\/#organization\"},\"articleSection\":[\"pruebas de autos\"],\"inLanguage\":\"es\"},{\"@type\":\"WebPage\",\"@id\":\"https:\/\/all-car-news.com\/es\/prueba-bmw-ix1-2023-el-bmw-electrico-mas-barato\/\",\"url\":\"https:\/\/all-car-news.com\/es\/prueba-bmw-ix1-2023-el-bmw-electrico-mas-barato\/\",\"name\":\"Prueba - BMW iX1 (2023) - El BMW el\u00e9ctrico m\u00e1s barato - All cars news\",\"isPartOf\":{\"@id\":\"https:\/\/all-car-news.com\/es\/#website\"},\"datePublished\":\"2023-11-01T16:16:36+00:00\",\"dateModified\":\"2023-11-01T16:16:36+00:00\",\"breadcrumb\":{\"@id\":\"https:\/\/all-car-news.com\/es\/prueba-bmw-ix1-2023-el-bmw-electrico-mas-barato\/#breadcrumb\"},\"inLanguage\":\"es\",\"potentialAction\":[{\"@type\":\"ReadAction\",\"target\":[\"https:\/\/all-car-news.com\/es\/prueba-bmw-ix1-2023-el-bmw-electrico-mas-barato\/\"]}]},{\"@type\":\"BreadcrumbList\",\"@id\":\"https:\/\/all-car-news.com\/es\/prueba-bmw-ix1-2023-el-bmw-electrico-mas-barato\/#breadcrumb\",\"itemListElement\":[{\"@type\":\"ListItem\",\"position\":1,\"name\":\"Home\",\"item\":\"https:\/\/all-car-news.com\/es\/\"},{\"@type\":\"ListItem\",\"position\":2,\"name\":\"Prueba &#8211; BMW iX1 (2023) &#8211; El BMW el\u00e9ctrico m\u00e1s barato\"}]},{\"@type\":\"WebSite\",\"@id\":\"https:\/\/all-car-news.com\/es\/#website\",\"url\":\"https:\/\/all-car-news.com\/es\/\",\"name\":\"All cars news\",\"description\":\"\",\"publisher\":{\"@id\":\"https:\/\/all-car-news.com\/es\/#organization\"},\"potentialAction\":[{\"@type\":\"SearchAction\",\"target\":{\"@type\":\"EntryPoint\",\"urlTemplate\":\"https:\/\/all-car-news.com\/es\/?s={search_term_string}\"},\"query-input\":\"required name=search_term_string\"}],\"inLanguage\":\"es\"},{\"@type\":\"Organization\",\"@id\":\"https:\/\/all-car-news.com\/es\/#organization\",\"name\":\"All cars news\",\"url\":\"https:\/\/all-car-news.com\/es\/\",\"logo\":{\"@type\":\"ImageObject\",\"inLanguage\":\"es\",\"@id\":\"https:\/\/all-car-news.com\/es\/#\/schema\/logo\/image\/\",\"url\":\"https:\/\/all-car-news.com\/wp-content\/uploads\/2022\/02\/CMYK-AllCarNews_LANDSCAPE_300px-1.png\",\"contentUrl\":\"https:\/\/all-car-news.com\/wp-content\/uploads\/2022\/02\/CMYK-AllCarNews_LANDSCAPE_300px-1.png\",\"width\":300,\"height\":100,\"caption\":\"All cars news\"},\"image\":{\"@id\":\"https:\/\/all-car-news.com\/es\/#\/schema\/logo\/image\/\"}}]}<\/script>\n<!-- \/ Yoast SEO plugin. -->","yoast_head_json":{"title":"Prueba - BMW iX1 (2023) - El BMW el\u00e9ctrico m\u00e1s barato - All cars news","robots":{"index":"index","follow":"follow","max-snippet":"max-snippet:-1","max-image-preview":"max-image-preview:large","max-video-preview":"max-video-preview:-1"},"canonical":"https:\/\/all-car-news.com\/es\/prueba-bmw-ix1-2023-el-bmw-electrico-mas-barato\/","og_locale":"es_ES","og_type":"article","og_title":"Prueba - BMW iX1 (2023) - El BMW el\u00e9ctrico m\u00e1s barato - All cars news","og_description":"BMW iX1 El iX1 deja claro que los coches el\u00e9ctricos se est\u00e1n abaratando r\u00e1pidamente, incluso para una marca premium como BMW. Con un precio de entrada a partir de 48.316 euros, el iX1 no es barato, pero se obtiene mucho m\u00e1s coche por su dinero que con el i3. El coche urbano compacto se adelant\u00f3 a su tiempo [...]","og_url":"https:\/\/all-car-news.com\/es\/prueba-bmw-ix1-2023-el-bmw-electrico-mas-barato\/","og_site_name":"All cars news","article_published_time":"2023-11-01T16:16:36+00:00","og_image":[{"url":"https:\/\/autorai.nl\/wp-content\/uploads\/2023\/11\/MW-iX1-2-1140x760.jpg"}],"twitter_card":"summary_large_image","twitter_misc":{"Tiempo de lectura":"4 minutos"},"schema":{"@context":"https:\/\/schema.org","@graph":[{"@type":"Article","@id":"https:\/\/all-car-news.com\/es\/prueba-bmw-ix1-2023-el-bmw-electrico-mas-barato\/#article","isPartOf":{"@id":"https:\/\/all-car-news.com\/es\/prueba-bmw-ix1-2023-el-bmw-electrico-mas-barato\/"},"author":{"name":"","@id":""},"headline":"Prueba &#8211; BMW iX1 (2023) &#8211; El BMW el\u00e9ctrico m\u00e1s barato","datePublished":"2023-11-01T16:16:36+00:00","dateModified":"2023-11-01T16:16:36+00:00","mainEntityOfPage":{"@id":"https:\/\/all-car-news.com\/es\/prueba-bmw-ix1-2023-el-bmw-electrico-mas-barato\/"},"wordCount":780,"publisher":{"@id":"https:\/\/all-car-news.com\/es\/#organization"},"articleSection":["pruebas de autos"],"inLanguage":"es"},{"@type":"WebPage","@id":"https:\/\/all-car-news.com\/es\/prueba-bmw-ix1-2023-el-bmw-electrico-mas-barato\/","url":"https:\/\/all-car-news.com\/es\/prueba-bmw-ix1-2023-el-bmw-electrico-mas-barato\/","name":"Prueba - BMW iX1 (2023) - El BMW el\u00e9ctrico m\u00e1s barato - All cars news","isPartOf":{"@id":"https:\/\/all-car-news.com\/es\/#website"},"datePublished":"2023-11-01T16:16:36+00:00","dateModified":"2023-11-01T16:16:36+00:00","breadcrumb":{"@id":"https:\/\/all-car-news.com\/es\/prueba-bmw-ix1-2023-el-bmw-electrico-mas-barato\/#breadcrumb"},"inLanguage":"es","potentialAction":[{"@type":"ReadAction","target":["https:\/\/all-car-news.com\/es\/prueba-bmw-ix1-2023-el-bmw-electrico-mas-barato\/"]}]},{"@type":"BreadcrumbList","@id":"https:\/\/all-car-news.com\/es\/prueba-bmw-ix1-2023-el-bmw-electrico-mas-barato\/#breadcrumb","itemListElement":[{"@type":"ListItem","position":1,"name":"Home","item":"https:\/\/all-car-news.com\/es\/"},{"@type":"ListItem","position":2,"name":"Prueba &#8211; BMW iX1 (2023) &#8211; El BMW el\u00e9ctrico m\u00e1s barato"}]},{"@type":"WebSite","@id":"https:\/\/all-car-news.com\/es\/#website","url":"https:\/\/all-car-news.com\/es\/","name":"All cars news","description":"","publisher":{"@id":"https:\/\/all-car-news.com\/es\/#organization"},"potentialAction":[{"@type":"SearchAction","target":{"@type":"EntryPoint","urlTemplate":"https:\/\/all-car-news.com\/es\/?s={search_term_string}"},"query-input":"required name=search_term_string"}],"inLanguage":"es"},{"@type":"Organization","@id":"https:\/\/all-car-news.com\/es\/#organization","name":"All cars news","url":"https:\/\/all-car-news.com\/es\/","logo":{"@type":"ImageObject","inLanguage":"es","@id":"https:\/\/all-car-news.com\/es\/#\/schema\/logo\/image\/","url":"https:\/\/all-car-news.com\/wp-content\/uploads\/2022\/02\/CMYK-AllCarNews_LANDSCAPE_300px-1.png","contentUrl":"https:\/\/all-car-news.com\/wp-content\/uploads\/2022\/02\/CMYK-AllCarNews_LANDSCAPE_300px-1.png","width":300,"height":100,"caption":"All cars news"},"image":{"@id":"https:\/\/all-car-news.com\/es\/#\/schema\/logo\/image\/"}}]}},"_links":{"self":[{"href":"https:\/\/all-car-news.com\/es\/wp-json\/wp\/v2\/posts\/140255","targetHints":{"allow":["GET"]}}],"collection":[{"href":"https:\/\/all-car-news.com\/es\/wp-json\/wp\/v2\/posts"}],"about":[{"href":"https:\/\/all-car-news.com\/es\/wp-json\/wp\/v2\/types\/post"}],"replies":[{"embeddable":true,"href":"https:\/\/all-car-news.com\/es\/wp-json\/wp\/v2\/comments?post=140255"}],"version-history":[{"count":0,"href":"https:\/\/all-car-news.com\/es\/wp-json\/wp\/v2\/posts\/140255\/revisions"}],"wp:featuredmedia":[{"embeddable":true,"href":"https:\/\/all-car-news.com\/es\/wp-json\/wp\/v2\/media\/140245"}],"wp:attachment":[{"href":"https:\/\/all-car-news.com\/es\/wp-json\/wp\/v2\/media?parent=140255"}],"wp:term":[{"taxonomy":"category","embeddable":true,"href":"https:\/\/all-car-news.com\/es\/wp-json\/wp\/v2\/categories?post=140255"},{"taxonomy":"post_tag","embeddable":true,"href":"https:\/\/all-car-news.com\/es\/wp-json\/wp\/v2\/tags?post=140255"}],"curies":[{"name":"wp","href":"https:\/\/api.w.org\/{rel}","templated":true}]}}