{"id":140029,"date":"2023-10-23T13:27:22","date_gmt":"2023-10-23T13:27:22","guid":{"rendered":"https:\/\/all-car-news.com\/cada-vez-mas-ve-pero-la-red-esta-llena-y-ahora-que\/"},"modified":"2023-10-23T13:27:22","modified_gmt":"2023-10-23T13:27:22","slug":"cada-vez-mas-ve-pero-la-red-esta-llena-y-ahora-que","status":"publish","type":"post","link":"https:\/\/all-car-news.com\/es\/cada-vez-mas-ve-pero-la-red-esta-llena-y-ahora-que\/","title":{"rendered":"Cada vez m\u00e1s VE, pero la red est\u00e1 llena, \u00bfy ahora qu\u00e9?"},"content":{"rendered":"<h2>Graves consecuencias<\/h2>\n<p>El Ministro Jetten afirma: \u00abLos hogares y las empresas se est\u00e1n volviendo m\u00e1s sostenibles a una velocidad r\u00e9cord. Es una buena noticia, pero tambi\u00e9n ejerce una enorme presi\u00f3n sobre nuestra red el\u00e9ctrica. A pesar de las importantes inversiones de los operadores de la red y de las medidas anteriores, la red el\u00e9ctrica est\u00e1 llegando a sus l\u00edmites en cada vez m\u00e1s lugares. Sin medidas, esto tiene graves consecuencias para nuestras ambiciones sostenibles y nuestra econom\u00eda. Por eso tomamos ahora nuevas medidas que se salen de los caminos trillados para acelerar la expansi\u00f3n de la red el\u00e9ctrica y crear m\u00e1s espacio\u00bb.&nbsp;&nbsp;<\/p>\n<h2>Nuevas medidas<\/h2>\n<p>El Gobierno y los operadores de la red est\u00e1n obligados a tomar medidas para garantizar que quede espacio suficiente para la vivienda, el desarrollo econ\u00f3mico y la sostenibilidad de los hogares, la movilidad y las empresas en el futuro. Las medidas pretenden ampliar m\u00e1s r\u00e1pidamente la red el\u00e9ctrica, aprovechar mejor el espacio actual de la red y desplazar la demanda de electricidad fuera de las horas punta.<\/p>\n<blockquote class=\"wp-block-quote\">\n<p><strong><em>\u00abSin intervenci\u00f3n, la red el\u00e9ctrica de Utrecht, Gelderland y Flevoland estar\u00e1 sobrecargada en horas punta a partir de 2026\u00bb<\/em><\/strong><\/p>\n<\/blockquote>\n<h2>Construcci\u00f3n m\u00e1s r\u00e1pida<\/h2>\n<p>\u00abLos operadores de la red est\u00e1n haciendo todo lo posible para ampliar la red el\u00e9ctrica lo antes posible. Est\u00e1 previsto que las inversiones anuales se dupliquen de 4.000 a 8.000 millones de euros a partir de 2025. Pero a pesar de las cuantiosas inversiones, la demanda de espacio crece m\u00e1s deprisa que la ampliaci\u00f3n de la red. Por eso el Gobierno quiere acelerar las ampliaciones. En parte, garantizando de forma proactiva la disponibilidad de suelo para la construcci\u00f3n de redes y acortando los tr\u00e1mites legales y la concesi\u00f3n de licencias. Por ejemplo, designando determinadas ampliaciones de red como de \u00abinter\u00e9s social sustancial\u00bb para acortar potencialmente el procedimiento en 1,5 a\u00f1os\u00bb.  puede leerse <a href=\"https:\/\/www.rijksoverheid.nl\/actueel\/nieuws\/2023\/10\/18\/overheid-en-netbeheerders-nemen-maatregelen-tegen-vol-stroomnet\" target=\"_blank\" rel=\"noreferrer noopener\">en Rijksoverheid<\/a>.<\/p>\n<figure class=\"wp-block-image size-content\"><img decoding=\"async\" loading=\"lazy\" width=\"1140\" height=\"767\" src=\"https:\/\/autorai.nl\/wp-content\/uploads\/2023\/10\/Honda-e.Ny1-2025-1600-17-1140x767.jpg\" alt=\"Honda e.Ny1\" class=\"wp-image-168326\"><\/figure>\n<h2>Mejor uso de la red el\u00e9ctrica<\/h2>\n<p>\u00abLa red el\u00e9ctrica s\u00f3lo est\u00e1 llena en las horas punta, cuando muchas empresas y hogares consumen mucha electricidad al mismo tiempo. Por ejemplo, entre las 4 y las 8 de la tarde. Todav\u00eda queda mucho potencial por explotar para reducir los picos con la gesti\u00f3n de la congesti\u00f3n. Esto implica que los operadores de la red firmen contratos con los grandes consumidores para que utilicen temporalmente menos electricidad en las horas punta cuando sea necesario. Esto permite conectar a m\u00e1s empresas. Los operadores de red y el regulador ACM est\u00e1n mejorando este planteamiento y haci\u00e9ndolo m\u00e1s atractivo para las empresas. Adem\u00e1s, se est\u00e1 desarrollando una obligaci\u00f3n de participaci\u00f3n. Esto significa que los grandes consumidores que utilizan mucha electricidad hacen una oferta al operador de la red a qu\u00e9 precio comprar\u00e1n una determinada cantidad de electricidad menos durante las horas punta\u00bb.<\/p>\n<p>El Gobierno y los operadores de la red tambi\u00e9n quieren lanzar de forma proactiva subastas (concursos de flexibilidad) a partir de 2024 que permitan a empresas como un operador de bater\u00edas, ofrecer espacio en la red durante un periodo m\u00e1s largo en ubicaciones estrat\u00e9gicas durante los momentos punta.<\/p>\n<h2>Centros de energ\u00eda<\/h2>\n<p>El Gobierno pone a disposici\u00f3n 166 millones de euros para impulsar los polos energ\u00e9ticos. De este modo, las empresas coordinan localmente su demanda y suministro de electricidad, reduciendo el espacio necesario en la red. Adem\u00e1s, en 2024 ser\u00e1 posible que las empresas compartan entre s\u00ed el espacio disponible en la red mediante contratos de grupo. Esto permite a una empresa utilizar un espacio de la red que otra empresa no necesita en ese momento.<\/p>\n<h2>Bombas de calor y estaciones de carga inteligentes y controlables<\/h2>\n<p>En los hogares, las bombas de calor inteligentes y controlables y las estaciones de recarga se convertir\u00e1n en la norma en el futuro. Esto reducir\u00e1 la carga de la red el\u00e9ctrica en las horas punta y dejar\u00e1 espacio suficiente para hacer los hogares m\u00e1s sostenibles. Para ello, el Gobierno se ha comprometido a desarrollar nuevas normas y certificaciones. En el caso de las estaciones de recarga p\u00fablicas, la recarga flexible se convertir\u00e1 en una parte est\u00e1ndar de los contratos con los municipios.  <\/p>\n<h2>Smart EV tambi\u00e9n desempe\u00f1a un papel<\/h2>\n<p>El VE \u00abinteligente\u00bb tambi\u00e9n desempe\u00f1a un papel importante en todos los planes futuros. En ocasiones, un coche el\u00e9ctrico de bater\u00eda puede actuar como un gran banco de energ\u00eda para un hogar. La energ\u00eda utilizada en un hogar procede entonces de la bater\u00eda de un coche. De este modo, tambi\u00e9n se puede aliviar la red el\u00e9ctrica.<\/p>\n","protected":false},"excerpt":{"rendered":"El Ministro de Graves Consecuencias, Jetten, afirma: \"Los hogares y las empresas se est\u00e1n haciendo m\u00e1s sostenibles a una velocidad&hellip;","protected":false},"author":0,"featured_media":140005,"comment_status":"","ping_status":"open","sticky":false,"template":"","format":"standard","meta":{"footnotes":""},"categories":[126],"tags":[],"class_list":["post-140029","post","type-post","status-publish","format-standard","has-post-thumbnail","hentry","category-noticias-de-autos"],"acf":[],"yoast_head":"<!-- This site is optimized with the Yoast SEO plugin v21.2 - https:\/\/yoast.com\/wordpress\/plugins\/seo\/ -->\n<title>Cada vez m\u00e1s VE, pero la red est\u00e1 llena, \u00bfy ahora qu\u00e9? - All cars news<\/title>\n<meta name=\"robots\" content=\"index, follow, max-snippet:-1, max-image-preview:large, max-video-preview:-1\" \/>\n<link rel=\"canonical\" href=\"https:\/\/all-car-news.com\/es\/cada-vez-mas-ve-pero-la-red-esta-llena-y-ahora-que\/\" \/>\n<meta property=\"og:locale\" content=\"es_ES\" \/>\n<meta property=\"og:type\" content=\"article\" \/>\n<meta property=\"og:title\" content=\"Cada vez m\u00e1s VE, pero la red est\u00e1 llena, \u00bfy ahora qu\u00e9? - All cars news\" \/>\n<meta property=\"og:description\" content=\"El Ministro de Graves Consecuencias, Jetten, afirma: &quot;Los hogares y las empresas se est\u00e1n haciendo m\u00e1s sostenibles a una velocidad r\u00e9cord. Es una buena noticia, pero tambi\u00e9n supone una enorme carga para nuestra red el\u00e9ctrica. A pesar de las cuantiosas inversiones de los operadores de la red y de las medidas anteriores, la red el\u00e9ctrica se encuentra con l\u00edmites cada vez en m\u00e1s lugares. Sin intervenci\u00f3n, esto tiene graves implicaciones para [...]\" \/>\n<meta property=\"og:url\" content=\"https:\/\/all-car-news.com\/es\/cada-vez-mas-ve-pero-la-red-esta-llena-y-ahora-que\/\" \/>\n<meta property=\"og:site_name\" content=\"All cars news\" \/>\n<meta property=\"article:published_time\" content=\"2023-10-23T13:27:22+00:00\" \/>\n<meta property=\"og:image\" content=\"https:\/\/autorai.nl\/wp-content\/uploads\/2023\/10\/Honda-e.Ny1-2025-1600-17-1140x767.jpg\" \/>\n<meta name=\"twitter:card\" content=\"summary_large_image\" \/>\n<meta name=\"twitter:label1\" content=\"Tiempo de lectura\" \/>\n\t<meta name=\"twitter:data1\" content=\"4 minutos\" \/>\n<script type=\"application\/ld+json\" class=\"yoast-schema-graph\">{\"@context\":\"https:\/\/schema.org\",\"@graph\":[{\"@type\":\"Article\",\"@id\":\"https:\/\/all-car-news.com\/es\/cada-vez-mas-ve-pero-la-red-esta-llena-y-ahora-que\/#article\",\"isPartOf\":{\"@id\":\"https:\/\/all-car-news.com\/es\/cada-vez-mas-ve-pero-la-red-esta-llena-y-ahora-que\/\"},\"author\":{\"name\":\"\",\"@id\":\"\"},\"headline\":\"Cada vez m\u00e1s VE, pero la red est\u00e1 llena, \u00bfy ahora qu\u00e9?\",\"datePublished\":\"2023-10-23T13:27:22+00:00\",\"dateModified\":\"2023-10-23T13:27:22+00:00\",\"mainEntityOfPage\":{\"@id\":\"https:\/\/all-car-news.com\/es\/cada-vez-mas-ve-pero-la-red-esta-llena-y-ahora-que\/\"},\"wordCount\":806,\"publisher\":{\"@id\":\"https:\/\/all-car-news.com\/es\/#organization\"},\"articleSection\":[\"noticias de autos\"],\"inLanguage\":\"es\"},{\"@type\":\"WebPage\",\"@id\":\"https:\/\/all-car-news.com\/es\/cada-vez-mas-ve-pero-la-red-esta-llena-y-ahora-que\/\",\"url\":\"https:\/\/all-car-news.com\/es\/cada-vez-mas-ve-pero-la-red-esta-llena-y-ahora-que\/\",\"name\":\"Cada vez m\u00e1s VE, pero la red est\u00e1 llena, \u00bfy ahora qu\u00e9? - All cars news\",\"isPartOf\":{\"@id\":\"https:\/\/all-car-news.com\/es\/#website\"},\"datePublished\":\"2023-10-23T13:27:22+00:00\",\"dateModified\":\"2023-10-23T13:27:22+00:00\",\"breadcrumb\":{\"@id\":\"https:\/\/all-car-news.com\/es\/cada-vez-mas-ve-pero-la-red-esta-llena-y-ahora-que\/#breadcrumb\"},\"inLanguage\":\"es\",\"potentialAction\":[{\"@type\":\"ReadAction\",\"target\":[\"https:\/\/all-car-news.com\/es\/cada-vez-mas-ve-pero-la-red-esta-llena-y-ahora-que\/\"]}]},{\"@type\":\"BreadcrumbList\",\"@id\":\"https:\/\/all-car-news.com\/es\/cada-vez-mas-ve-pero-la-red-esta-llena-y-ahora-que\/#breadcrumb\",\"itemListElement\":[{\"@type\":\"ListItem\",\"position\":1,\"name\":\"Home\",\"item\":\"https:\/\/all-car-news.com\/es\/\"},{\"@type\":\"ListItem\",\"position\":2,\"name\":\"Cada vez m\u00e1s VE, pero la red est\u00e1 llena, \u00bfy ahora qu\u00e9?\"}]},{\"@type\":\"WebSite\",\"@id\":\"https:\/\/all-car-news.com\/es\/#website\",\"url\":\"https:\/\/all-car-news.com\/es\/\",\"name\":\"All cars news\",\"description\":\"\",\"publisher\":{\"@id\":\"https:\/\/all-car-news.com\/es\/#organization\"},\"potentialAction\":[{\"@type\":\"SearchAction\",\"target\":{\"@type\":\"EntryPoint\",\"urlTemplate\":\"https:\/\/all-car-news.com\/es\/?s={search_term_string}\"},\"query-input\":\"required name=search_term_string\"}],\"inLanguage\":\"es\"},{\"@type\":\"Organization\",\"@id\":\"https:\/\/all-car-news.com\/es\/#organization\",\"name\":\"All cars news\",\"url\":\"https:\/\/all-car-news.com\/es\/\",\"logo\":{\"@type\":\"ImageObject\",\"inLanguage\":\"es\",\"@id\":\"https:\/\/all-car-news.com\/es\/#\/schema\/logo\/image\/\",\"url\":\"https:\/\/all-car-news.com\/wp-content\/uploads\/2022\/02\/CMYK-AllCarNews_LANDSCAPE_300px-1.png\",\"contentUrl\":\"https:\/\/all-car-news.com\/wp-content\/uploads\/2022\/02\/CMYK-AllCarNews_LANDSCAPE_300px-1.png\",\"width\":300,\"height\":100,\"caption\":\"All cars news\"},\"image\":{\"@id\":\"https:\/\/all-car-news.com\/es\/#\/schema\/logo\/image\/\"}}]}<\/script>\n<!-- \/ Yoast SEO plugin. -->","yoast_head_json":{"title":"Cada vez m\u00e1s VE, pero la red est\u00e1 llena, \u00bfy ahora qu\u00e9? - All cars news","robots":{"index":"index","follow":"follow","max-snippet":"max-snippet:-1","max-image-preview":"max-image-preview:large","max-video-preview":"max-video-preview:-1"},"canonical":"https:\/\/all-car-news.com\/es\/cada-vez-mas-ve-pero-la-red-esta-llena-y-ahora-que\/","og_locale":"es_ES","og_type":"article","og_title":"Cada vez m\u00e1s VE, pero la red est\u00e1 llena, \u00bfy ahora qu\u00e9? - All cars news","og_description":"El Ministro de Graves Consecuencias, Jetten, afirma: \"Los hogares y las empresas se est\u00e1n haciendo m\u00e1s sostenibles a una velocidad r\u00e9cord. Es una buena noticia, pero tambi\u00e9n supone una enorme carga para nuestra red el\u00e9ctrica. A pesar de las cuantiosas inversiones de los operadores de la red y de las medidas anteriores, la red el\u00e9ctrica se encuentra con l\u00edmites cada vez en m\u00e1s lugares. Sin intervenci\u00f3n, esto tiene graves implicaciones para [...]","og_url":"https:\/\/all-car-news.com\/es\/cada-vez-mas-ve-pero-la-red-esta-llena-y-ahora-que\/","og_site_name":"All cars news","article_published_time":"2023-10-23T13:27:22+00:00","og_image":[{"url":"https:\/\/autorai.nl\/wp-content\/uploads\/2023\/10\/Honda-e.Ny1-2025-1600-17-1140x767.jpg"}],"twitter_card":"summary_large_image","twitter_misc":{"Tiempo de lectura":"4 minutos"},"schema":{"@context":"https:\/\/schema.org","@graph":[{"@type":"Article","@id":"https:\/\/all-car-news.com\/es\/cada-vez-mas-ve-pero-la-red-esta-llena-y-ahora-que\/#article","isPartOf":{"@id":"https:\/\/all-car-news.com\/es\/cada-vez-mas-ve-pero-la-red-esta-llena-y-ahora-que\/"},"author":{"name":"","@id":""},"headline":"Cada vez m\u00e1s VE, pero la red est\u00e1 llena, \u00bfy ahora qu\u00e9?","datePublished":"2023-10-23T13:27:22+00:00","dateModified":"2023-10-23T13:27:22+00:00","mainEntityOfPage":{"@id":"https:\/\/all-car-news.com\/es\/cada-vez-mas-ve-pero-la-red-esta-llena-y-ahora-que\/"},"wordCount":806,"publisher":{"@id":"https:\/\/all-car-news.com\/es\/#organization"},"articleSection":["noticias de autos"],"inLanguage":"es"},{"@type":"WebPage","@id":"https:\/\/all-car-news.com\/es\/cada-vez-mas-ve-pero-la-red-esta-llena-y-ahora-que\/","url":"https:\/\/all-car-news.com\/es\/cada-vez-mas-ve-pero-la-red-esta-llena-y-ahora-que\/","name":"Cada vez m\u00e1s VE, pero la red est\u00e1 llena, \u00bfy ahora qu\u00e9? - All cars news","isPartOf":{"@id":"https:\/\/all-car-news.com\/es\/#website"},"datePublished":"2023-10-23T13:27:22+00:00","dateModified":"2023-10-23T13:27:22+00:00","breadcrumb":{"@id":"https:\/\/all-car-news.com\/es\/cada-vez-mas-ve-pero-la-red-esta-llena-y-ahora-que\/#breadcrumb"},"inLanguage":"es","potentialAction":[{"@type":"ReadAction","target":["https:\/\/all-car-news.com\/es\/cada-vez-mas-ve-pero-la-red-esta-llena-y-ahora-que\/"]}]},{"@type":"BreadcrumbList","@id":"https:\/\/all-car-news.com\/es\/cada-vez-mas-ve-pero-la-red-esta-llena-y-ahora-que\/#breadcrumb","itemListElement":[{"@type":"ListItem","position":1,"name":"Home","item":"https:\/\/all-car-news.com\/es\/"},{"@type":"ListItem","position":2,"name":"Cada vez m\u00e1s VE, pero la red est\u00e1 llena, \u00bfy ahora qu\u00e9?"}]},{"@type":"WebSite","@id":"https:\/\/all-car-news.com\/es\/#website","url":"https:\/\/all-car-news.com\/es\/","name":"All cars news","description":"","publisher":{"@id":"https:\/\/all-car-news.com\/es\/#organization"},"potentialAction":[{"@type":"SearchAction","target":{"@type":"EntryPoint","urlTemplate":"https:\/\/all-car-news.com\/es\/?s={search_term_string}"},"query-input":"required name=search_term_string"}],"inLanguage":"es"},{"@type":"Organization","@id":"https:\/\/all-car-news.com\/es\/#organization","name":"All cars news","url":"https:\/\/all-car-news.com\/es\/","logo":{"@type":"ImageObject","inLanguage":"es","@id":"https:\/\/all-car-news.com\/es\/#\/schema\/logo\/image\/","url":"https:\/\/all-car-news.com\/wp-content\/uploads\/2022\/02\/CMYK-AllCarNews_LANDSCAPE_300px-1.png","contentUrl":"https:\/\/all-car-news.com\/wp-content\/uploads\/2022\/02\/CMYK-AllCarNews_LANDSCAPE_300px-1.png","width":300,"height":100,"caption":"All cars news"},"image":{"@id":"https:\/\/all-car-news.com\/es\/#\/schema\/logo\/image\/"}}]}},"_links":{"self":[{"href":"https:\/\/all-car-news.com\/es\/wp-json\/wp\/v2\/posts\/140029","targetHints":{"allow":["GET"]}}],"collection":[{"href":"https:\/\/all-car-news.com\/es\/wp-json\/wp\/v2\/posts"}],"about":[{"href":"https:\/\/all-car-news.com\/es\/wp-json\/wp\/v2\/types\/post"}],"replies":[{"embeddable":true,"href":"https:\/\/all-car-news.com\/es\/wp-json\/wp\/v2\/comments?post=140029"}],"version-history":[{"count":0,"href":"https:\/\/all-car-news.com\/es\/wp-json\/wp\/v2\/posts\/140029\/revisions"}],"wp:featuredmedia":[{"embeddable":true,"href":"https:\/\/all-car-news.com\/es\/wp-json\/wp\/v2\/media\/140005"}],"wp:attachment":[{"href":"https:\/\/all-car-news.com\/es\/wp-json\/wp\/v2\/media?parent=140029"}],"wp:term":[{"taxonomy":"category","embeddable":true,"href":"https:\/\/all-car-news.com\/es\/wp-json\/wp\/v2\/categories?post=140029"},{"taxonomy":"post_tag","embeddable":true,"href":"https:\/\/all-car-news.com\/es\/wp-json\/wp\/v2\/tags?post=140029"}],"curies":[{"name":"wp","href":"https:\/\/api.w.org\/{rel}","templated":true}]}}